{"id":9993,"date":"2023-10-27T17:28:03","date_gmt":"2023-10-27T17:28:03","guid":{"rendered":"https:\/\/macite.tg\/?p=9993"},"modified":"2023-10-27T17:33:45","modified_gmt":"2023-10-27T17:33:45","slug":"cooperation-une-delegation-du-parti-communiste-chinois-pcc-echange-avec-des-cadres-du-parti-unir-a-lome","status":"publish","type":"post","link":"https:\/\/macite.tg\/?p=9993","title":{"rendered":"COOP\u00c9RATION\u00a0: Une d\u00e9l\u00e9gation du Parti communiste chinois (Pcc) \u00e9change avec des cadres du Parti Unir \u00e0 Lom\u00e9"},"content":{"rendered":"\n<p class=\"wp-block-paragraph\"><\/p>\n\n\n\n<p class=\"wp-block-paragraph\"><strong><em>Une d\u00e9l\u00e9gation du Parti communiste chinois (Pcc) s\u00e9journe, depuis mercredi 25 octobre dernier, dans la capitale togolaise. Conduite par le Vice-ministre, Directeur de l\u2019institut de recherche sur l\u2019histoire du parti et les documents relevant du comit\u00e9 central du PCC, Wang Junwei, la d\u00e9l\u00e9gation a eu des \u00e9changes avec des cadres du parti pr\u00e9sidentiel togolais, Union pour la R\u00e9publique (Unir), qui avaient \u00e0 leur t\u00eate le Secr\u00e9taire ex\u00e9cutif, le militant Atcholi Aklesso.<\/em><\/strong><\/p>\n\n\n\n<p class=\"wp-block-paragraph\">Fruit de la coop\u00e9ration entre les deux grands partis, le Parti Unir et le Pcc veulent nouer davantage des relations bilat\u00e9rales, et partant, renforcer les liens de coop\u00e9ration entre le Togo et la Chine.<\/p>\n\n\n\n<p class=\"wp-block-paragraph\">Arriv\u00e9e mercredi 25 octobre \u00e0 Lom\u00e9, la d\u00e9l\u00e9gation a eu, le lendemain jeudi 26 octobre, une session avec les premiers responsables et cadres du parti Unir sur la construction, l\u2019organisation, le fonctionnement et les r\u00e8gles de discipline du parti.<\/p>\n\n\n<div class=\"wp-block-image\">\n<figure class=\"aligncenter size-large is-resized\"><img loading=\"lazy\" decoding=\"async\" src=\"https:\/\/macite.tg\/wp-content\/uploads\/2023\/10\/IMG-20231027-WA00491-1024x1024.jpg\" alt=\"\" class=\"wp-image-9973\" width=\"609\" height=\"609\" srcset=\"https:\/\/macite.tg\/wp-content\/uploads\/2023\/10\/IMG-20231027-WA00491-1024x1024.jpg 1024w, https:\/\/macite.tg\/wp-content\/uploads\/2023\/10\/IMG-20231027-WA00491-300x300.jpg 300w, https:\/\/macite.tg\/wp-content\/uploads\/2023\/10\/IMG-20231027-WA00491-150x150.jpg 150w, https:\/\/macite.tg\/wp-content\/uploads\/2023\/10\/IMG-20231027-WA00491-768x768.jpg 768w, https:\/\/macite.tg\/wp-content\/uploads\/2023\/10\/IMG-20231027-WA00491-122x122.jpg 122w, https:\/\/macite.tg\/wp-content\/uploads\/2023\/10\/IMG-20231027-WA00491.jpg 1181w\" sizes=\"auto, (max-width: 609px) 100vw, 609px\" \/><\/figure>\n<\/div>\n\n\n<p class=\"wp-block-paragraph\">Signe de l\u2019excellence des liens d\u2019amiti\u00e9 et de coop\u00e9ration qui existent entre les deux partis, d\u2019une part, et entre les Pr\u00e9sidents Faure Essozimna Gnassingb\u00e9 et Xi Jinping, d\u2019autre part, visite de travail a \u00e9t\u00e9 une occasion pour les deux parties de \u00ab&nbsp;<em>discuter des moyens d\u2019approfondir ces excellentes relations bilat\u00e9rales, d\u2019explorer de nouveaux domaines de coop\u00e9ration et de consolider nos engagements communs en faveur de la paix, de la stabilit\u00e9 et du d\u00e9veloppement durable \u00bb,<\/em> a soulign\u00e9 le Secr\u00e9taire ex\u00e9cutif du parti Unir, le militant Atcholi Aklesso.<\/p>\n\n\n\n<p class=\"wp-block-paragraph\">Le chef de la D\u00e9l\u00e9gation du Pcc, Wand Junwei, a d\u2019abord salu\u00e9 les responsables du parti Unir pour l\u2019accueil chaleureux, avant de rassurer, la partie togolaise, de la volont\u00e9 du Pr\u00e9sident chinois, Xi Jinping, \u00e0 \u0153uvrer pour le renforcement et l\u2019am\u00e9lioration des relations qui existent entre les deux pays.<\/p>\n\n\n<div class=\"wp-block-image\">\n<figure class=\"aligncenter size-large is-resized\"><img loading=\"lazy\" decoding=\"async\" src=\"https:\/\/macite.tg\/wp-content\/uploads\/2023\/10\/IMG-20231027-WA00501-1024x1024.jpg\" alt=\"\" class=\"wp-image-9974\" width=\"591\" height=\"591\" srcset=\"https:\/\/macite.tg\/wp-content\/uploads\/2023\/10\/IMG-20231027-WA00501-1024x1024.jpg 1024w, https:\/\/macite.tg\/wp-content\/uploads\/2023\/10\/IMG-20231027-WA00501-300x300.jpg 300w, https:\/\/macite.tg\/wp-content\/uploads\/2023\/10\/IMG-20231027-WA00501-150x150.jpg 150w, https:\/\/macite.tg\/wp-content\/uploads\/2023\/10\/IMG-20231027-WA00501-768x768.jpg 768w, https:\/\/macite.tg\/wp-content\/uploads\/2023\/10\/IMG-20231027-WA00501-122x122.jpg 122w, https:\/\/macite.tg\/wp-content\/uploads\/2023\/10\/IMG-20231027-WA00501.jpg 1181w\" sizes=\"auto, (max-width: 591px) 100vw, 591px\" \/><\/figure>\n<\/div>\n\n\n<p class=\"wp-block-paragraph\">Notons que t\u00f4t dans la matin\u00e9e d\u2019hier jeudi, les deux hauts responsables des deux partis respectifs, ont eu une entrevue en t\u00eate-\u00e0-t\u00eate, sur des sujets d\u2019int\u00e9r\u00eat commun. Les d\u00e9l\u00e9gations, apr\u00e8s les travaux, ont effectu\u00e9 une visite guid\u00e9e de certains sites strat\u00e9giques, notamment le Port autonome de Lom\u00e9 (Pal) et l\u2019ancien Palais des gouverneurs rebaptis\u00e9 Palais de Lom\u00e9.<\/p>\n\n\n\n<p class=\"wp-block-paragraph\"><strong>M.C.<\/strong><\/p>\n\n\n\n<p class=\"wp-block-paragraph\"><strong><em>@macite.tg&nbsp;&nbsp;&nbsp;&nbsp;&nbsp;&nbsp;&nbsp;&nbsp;<\/em><\/strong><\/p>\n\n\n\n<p class=\"wp-block-paragraph\"><strong><em>E-mail&nbsp;: <\/em><\/strong><a href=\"mailto:maciteinfo@gmail.com\"><strong><em>maciteinfo@gmail.com<\/em><\/strong><\/a><strong><em>; <\/em><\/strong><a href=\"mailto:bawela1@gmail.com\"><strong><em>bawela1@gmail.com<\/em><\/strong><\/a><strong><em><\/em><\/strong><\/p>\n\n\n\n<p class=\"wp-block-paragraph\"><strong><em>Pour vos annonces, (publi)reportages, etc., joignez nous au (00228)91515309\/<strong>79872224 <\/strong>www.macite.tg, L\u2019information, la bonne&nbsp;!<\/em><\/strong><\/p>\n","protected":false},"excerpt":{"rendered":"<p class=\"text-justify mb-2\" >Une d\u00e9l\u00e9gation du Parti communiste chinois (Pcc) s\u00e9journe, depuis mercredi 25 octobre dernier, dans la capitale togolaise. Conduite par le Vice-ministre, Directeur de l\u2019institut de recherche sur l\u2019histoire du parti et les documents relevant du comit\u00e9 central du PCC, Wang Junwei, la d\u00e9l\u00e9gation a eu [&hellip;]<\/p>\n","protected":false},"author":2,"featured_media":9996,"comment_status":"open","ping_status":"open","sticky":false,"template":"","format":"standard","meta":{"footnotes":""},"categories":[20,1],"tags":[],"class_list":["post-9993","post","type-post","status-publish","format-standard","has-post-thumbnail","hentry","category-actualite","category-politique"],"yoast_head":"<!-- This site is optimized with the Yoast SEO plugin v28.4 - https:\/\/yoast.com\/product\/yoast-seo-wordpress\/ -->\n<title>COOP\u00c9RATION\u00a0: Une d\u00e9l\u00e9gation du Parti communiste chinois (Pcc) \u00e9change avec des cadres du Parti Unir \u00e0 Lom\u00e9 -<\/title>\n<meta name=\"robots\" content=\"index, follow, max-snippet:-1, max-image-preview:large, max-video-preview:-1\" \/>\n<link rel=\"canonical\" href=\"https:\/\/macite.tg\/?p=9993\" \/>\n<meta property=\"og:locale\" content=\"fr_FR\" \/>\n<meta property=\"og:type\" content=\"article\" \/>\n<meta property=\"og:title\" content=\"COOP\u00c9RATION\u00a0: Une d\u00e9l\u00e9gation du Parti communiste chinois (Pcc) \u00e9change avec des cadres du Parti Unir \u00e0 Lom\u00e9 -\" \/>\n<meta property=\"og:description\" content=\"Une d\u00e9l\u00e9gation du Parti communiste chinois (Pcc) s\u00e9journe, depuis mercredi 25 octobre dernier, dans la capitale togolaise. Conduite par le Vice-ministre, Directeur de l\u2019institut de recherche sur l\u2019histoire du parti et les documents relevant du comit\u00e9 central du PCC, Wang Junwei, la d\u00e9l\u00e9gation a eu [&hellip;]\" \/>\n<meta property=\"og:url\" content=\"https:\/\/macite.tg\/?p=9993\" \/>\n<meta property=\"article:published_time\" content=\"2023-10-27T17:28:03+00:00\" \/>\n<meta property=\"article:modified_time\" content=\"2023-10-27T17:33:45+00:00\" \/>\n<meta property=\"og:image\" content=\"https:\/\/macite.tg\/wp-content\/uploads\/2023\/10\/Unir.jpg\" \/>\n\t<meta property=\"og:image:width\" content=\"455\" \/>\n\t<meta property=\"og:image:height\" content=\"388\" \/>\n\t<meta property=\"og:image:type\" content=\"image\/jpeg\" \/>\n<meta name=\"author\" content=\"Jean Pierre BAWELA\" \/>\n<meta name=\"twitter:card\" content=\"summary_large_image\" \/>\n<meta name=\"twitter:label1\" content=\"\u00c9crit par\" \/>\n\t<meta name=\"twitter:data1\" content=\"Jean Pierre BAWELA\" \/>\n\t<meta name=\"twitter:label2\" content=\"Dur\u00e9e de lecture estim\u00e9e\" \/>\n\t<meta name=\"twitter:data2\" content=\"2 minutes\" \/>\n<script type=\"application\/ld+json\" class=\"yoast-schema-graph\">{\"@context\":\"https:\\\/\\\/schema.org\",\"@graph\":[{\"@type\":\"Article\",\"@id\":\"https:\\\/\\\/macite.tg\\\/?p=9993#article\",\"isPartOf\":{\"@id\":\"https:\\\/\\\/macite.tg\\\/?p=9993\"},\"author\":{\"name\":\"Jean Pierre BAWELA\",\"@id\":\"https:\\\/\\\/macite.tg\\\/#\\\/schema\\\/person\\\/e9f2de7e5dbbe7770a9402c7ce82f5c2\"},\"headline\":\"COOP\u00c9RATION\u00a0: Une d\u00e9l\u00e9gation du Parti communiste chinois (Pcc) \u00e9change avec des cadres du Parti Unir \u00e0 Lom\u00e9\",\"datePublished\":\"2023-10-27T17:28:03+00:00\",\"dateModified\":\"2023-10-27T17:33:45+00:00\",\"mainEntityOfPage\":{\"@id\":\"https:\\\/\\\/macite.tg\\\/?p=9993\"},\"wordCount\":441,\"commentCount\":0,\"image\":{\"@id\":\"https:\\\/\\\/macite.tg\\\/?p=9993#primaryimage\"},\"thumbnailUrl\":\"https:\\\/\\\/macite.tg\\\/wp-content\\\/uploads\\\/2023\\\/10\\\/Unir.jpg\",\"articleSection\":[\"ACTUALITE\",\"POLITIQUE\"],\"inLanguage\":\"fr-FR\",\"potentialAction\":[{\"@type\":\"CommentAction\",\"name\":\"Comment\",\"target\":[\"https:\\\/\\\/macite.tg\\\/?p=9993#respond\"]}]},{\"@type\":\"WebPage\",\"@id\":\"https:\\\/\\\/macite.tg\\\/?p=9993\",\"url\":\"https:\\\/\\\/macite.tg\\\/?p=9993\",\"name\":\"COOP\u00c9RATION\u00a0: Une d\u00e9l\u00e9gation du Parti communiste chinois (Pcc) \u00e9change avec des cadres du Parti Unir \u00e0 Lom\u00e9 -\",\"isPartOf\":{\"@id\":\"https:\\\/\\\/macite.tg\\\/#website\"},\"primaryImageOfPage\":{\"@id\":\"https:\\\/\\\/macite.tg\\\/?p=9993#primaryimage\"},\"image\":{\"@id\":\"https:\\\/\\\/macite.tg\\\/?p=9993#primaryimage\"},\"thumbnailUrl\":\"https:\\\/\\\/macite.tg\\\/wp-content\\\/uploads\\\/2023\\\/10\\\/Unir.jpg\",\"datePublished\":\"2023-10-27T17:28:03+00:00\",\"dateModified\":\"2023-10-27T17:33:45+00:00\",\"author\":{\"@id\":\"https:\\\/\\\/macite.tg\\\/#\\\/schema\\\/person\\\/e9f2de7e5dbbe7770a9402c7ce82f5c2\"},\"breadcrumb\":{\"@id\":\"https:\\\/\\\/macite.tg\\\/?p=9993#breadcrumb\"},\"inLanguage\":\"fr-FR\",\"potentialAction\":[{\"@type\":\"ReadAction\",\"target\":[\"https:\\\/\\\/macite.tg\\\/?p=9993\"]}]},{\"@type\":\"ImageObject\",\"inLanguage\":\"fr-FR\",\"@id\":\"https:\\\/\\\/macite.tg\\\/?p=9993#primaryimage\",\"url\":\"https:\\\/\\\/macite.tg\\\/wp-content\\\/uploads\\\/2023\\\/10\\\/Unir.jpg\",\"contentUrl\":\"https:\\\/\\\/macite.tg\\\/wp-content\\\/uploads\\\/2023\\\/10\\\/Unir.jpg\",\"width\":455,\"height\":388},{\"@type\":\"BreadcrumbList\",\"@id\":\"https:\\\/\\\/macite.tg\\\/?p=9993#breadcrumb\",\"itemListElement\":[{\"@type\":\"ListItem\",\"position\":1,\"name\":\"Accueil\",\"item\":\"https:\\\/\\\/macite.tg\\\/\"},{\"@type\":\"ListItem\",\"position\":2,\"name\":\"COOP\u00c9RATION\u00a0: Une d\u00e9l\u00e9gation du Parti communiste chinois (Pcc) \u00e9change avec des cadres du Parti Unir \u00e0 Lom\u00e9\"}]},{\"@type\":\"WebSite\",\"@id\":\"https:\\\/\\\/macite.tg\\\/#website\",\"url\":\"https:\\\/\\\/macite.tg\\\/\",\"name\":\"\",\"description\":\"L&#039;information, la bonne!!!\",\"potentialAction\":[{\"@type\":\"SearchAction\",\"target\":{\"@type\":\"EntryPoint\",\"urlTemplate\":\"https:\\\/\\\/macite.tg\\\/?s={search_term_string}\"},\"query-input\":{\"@type\":\"PropertyValueSpecification\",\"valueRequired\":true,\"valueName\":\"search_term_string\"}}],\"inLanguage\":\"fr-FR\"},{\"@type\":\"Person\",\"@id\":\"https:\\\/\\\/macite.tg\\\/#\\\/schema\\\/person\\\/e9f2de7e5dbbe7770a9402c7ce82f5c2\",\"name\":\"Jean Pierre BAWELA\",\"image\":{\"@type\":\"ImageObject\",\"inLanguage\":\"fr-FR\",\"@id\":\"https:\\\/\\\/macite.tg\\\/wp-content\\\/uploads\\\/2023\\\/09\\\/WhatsApp-Image-2023-09-19-at-14.44.41-122x122.jpeg\",\"url\":\"https:\\\/\\\/macite.tg\\\/wp-content\\\/uploads\\\/2023\\\/09\\\/WhatsApp-Image-2023-09-19-at-14.44.41-122x122.jpeg\",\"contentUrl\":\"https:\\\/\\\/macite.tg\\\/wp-content\\\/uploads\\\/2023\\\/09\\\/WhatsApp-Image-2023-09-19-at-14.44.41-122x122.jpeg\",\"caption\":\"Jean Pierre BAWELA\"},\"url\":\"https:\\\/\\\/macite.tg\\\/?author=2\"}]}<\/script>\n<!-- \/ Yoast SEO plugin. -->","yoast_head_json":{"title":"COOP\u00c9RATION\u00a0: Une d\u00e9l\u00e9gation du Parti communiste chinois (Pcc) \u00e9change avec des cadres du Parti Unir \u00e0 Lom\u00e9 -","robots":{"index":"index","follow":"follow","max-snippet":"max-snippet:-1","max-image-preview":"max-image-preview:large","max-video-preview":"max-video-preview:-1"},"canonical":"https:\/\/macite.tg\/?p=9993","og_locale":"fr_FR","og_type":"article","og_title":"COOP\u00c9RATION\u00a0: Une d\u00e9l\u00e9gation du Parti communiste chinois (Pcc) \u00e9change avec des cadres du Parti Unir \u00e0 Lom\u00e9 -","og_description":"Une d\u00e9l\u00e9gation du Parti communiste chinois (Pcc) s\u00e9journe, depuis mercredi 25 octobre dernier, dans la capitale togolaise. Conduite par le Vice-ministre, Directeur de l\u2019institut de recherche sur l\u2019histoire du parti et les documents relevant du comit\u00e9 central du PCC, Wang Junwei, la d\u00e9l\u00e9gation a eu [&hellip;]","og_url":"https:\/\/macite.tg\/?p=9993","article_published_time":"2023-10-27T17:28:03+00:00","article_modified_time":"2023-10-27T17:33:45+00:00","og_image":[{"width":455,"height":388,"url":"https:\/\/macite.tg\/wp-content\/uploads\/2023\/10\/Unir.jpg","type":"image\/jpeg"}],"author":"Jean Pierre BAWELA","twitter_card":"summary_large_image","twitter_misc":{"\u00c9crit par":"Jean Pierre BAWELA","Dur\u00e9e de lecture estim\u00e9e":"2 minutes"},"schema":{"@context":"https:\/\/schema.org","@graph":[{"@type":"Article","@id":"https:\/\/macite.tg\/?p=9993#article","isPartOf":{"@id":"https:\/\/macite.tg\/?p=9993"},"author":{"name":"Jean Pierre BAWELA","@id":"https:\/\/macite.tg\/#\/schema\/person\/e9f2de7e5dbbe7770a9402c7ce82f5c2"},"headline":"COOP\u00c9RATION\u00a0: Une d\u00e9l\u00e9gation du Parti communiste chinois (Pcc) \u00e9change avec des cadres du Parti Unir \u00e0 Lom\u00e9","datePublished":"2023-10-27T17:28:03+00:00","dateModified":"2023-10-27T17:33:45+00:00","mainEntityOfPage":{"@id":"https:\/\/macite.tg\/?p=9993"},"wordCount":441,"commentCount":0,"image":{"@id":"https:\/\/macite.tg\/?p=9993#primaryimage"},"thumbnailUrl":"https:\/\/macite.tg\/wp-content\/uploads\/2023\/10\/Unir.jpg","articleSection":["ACTUALITE","POLITIQUE"],"inLanguage":"fr-FR","potentialAction":[{"@type":"CommentAction","name":"Comment","target":["https:\/\/macite.tg\/?p=9993#respond"]}]},{"@type":"WebPage","@id":"https:\/\/macite.tg\/?p=9993","url":"https:\/\/macite.tg\/?p=9993","name":"COOP\u00c9RATION\u00a0: Une d\u00e9l\u00e9gation du Parti communiste chinois (Pcc) \u00e9change avec des cadres du Parti Unir \u00e0 Lom\u00e9 -","isPartOf":{"@id":"https:\/\/macite.tg\/#website"},"primaryImageOfPage":{"@id":"https:\/\/macite.tg\/?p=9993#primaryimage"},"image":{"@id":"https:\/\/macite.tg\/?p=9993#primaryimage"},"thumbnailUrl":"https:\/\/macite.tg\/wp-content\/uploads\/2023\/10\/Unir.jpg","datePublished":"2023-10-27T17:28:03+00:00","dateModified":"2023-10-27T17:33:45+00:00","author":{"@id":"https:\/\/macite.tg\/#\/schema\/person\/e9f2de7e5dbbe7770a9402c7ce82f5c2"},"breadcrumb":{"@id":"https:\/\/macite.tg\/?p=9993#breadcrumb"},"inLanguage":"fr-FR","potentialAction":[{"@type":"ReadAction","target":["https:\/\/macite.tg\/?p=9993"]}]},{"@type":"ImageObject","inLanguage":"fr-FR","@id":"https:\/\/macite.tg\/?p=9993#primaryimage","url":"https:\/\/macite.tg\/wp-content\/uploads\/2023\/10\/Unir.jpg","contentUrl":"https:\/\/macite.tg\/wp-content\/uploads\/2023\/10\/Unir.jpg","width":455,"height":388},{"@type":"BreadcrumbList","@id":"https:\/\/macite.tg\/?p=9993#breadcrumb","itemListElement":[{"@type":"ListItem","position":1,"name":"Accueil","item":"https:\/\/macite.tg\/"},{"@type":"ListItem","position":2,"name":"COOP\u00c9RATION\u00a0: Une d\u00e9l\u00e9gation du Parti communiste chinois (Pcc) \u00e9change avec des cadres du Parti Unir \u00e0 Lom\u00e9"}]},{"@type":"WebSite","@id":"https:\/\/macite.tg\/#website","url":"https:\/\/macite.tg\/","name":"","description":"L&#039;information, la bonne!!!","potentialAction":[{"@type":"SearchAction","target":{"@type":"EntryPoint","urlTemplate":"https:\/\/macite.tg\/?s={search_term_string}"},"query-input":{"@type":"PropertyValueSpecification","valueRequired":true,"valueName":"search_term_string"}}],"inLanguage":"fr-FR"},{"@type":"Person","@id":"https:\/\/macite.tg\/#\/schema\/person\/e9f2de7e5dbbe7770a9402c7ce82f5c2","name":"Jean Pierre BAWELA","image":{"@type":"ImageObject","inLanguage":"fr-FR","@id":"https:\/\/macite.tg\/wp-content\/uploads\/2023\/09\/WhatsApp-Image-2023-09-19-at-14.44.41-122x122.jpeg","url":"https:\/\/macite.tg\/wp-content\/uploads\/2023\/09\/WhatsApp-Image-2023-09-19-at-14.44.41-122x122.jpeg","contentUrl":"https:\/\/macite.tg\/wp-content\/uploads\/2023\/09\/WhatsApp-Image-2023-09-19-at-14.44.41-122x122.jpeg","caption":"Jean Pierre BAWELA"},"url":"https:\/\/macite.tg\/?author=2"}]}},"_links":{"self":[{"href":"https:\/\/macite.tg\/index.php?rest_route=\/wp\/v2\/posts\/9993","targetHints":{"allow":["GET"]}}],"collection":[{"href":"https:\/\/macite.tg\/index.php?rest_route=\/wp\/v2\/posts"}],"about":[{"href":"https:\/\/macite.tg\/index.php?rest_route=\/wp\/v2\/types\/post"}],"author":[{"embeddable":true,"href":"https:\/\/macite.tg\/index.php?rest_route=\/wp\/v2\/users\/2"}],"replies":[{"embeddable":true,"href":"https:\/\/macite.tg\/index.php?rest_route=%2Fwp%2Fv2%2Fcomments&post=9993"}],"version-history":[{"count":0,"href":"https:\/\/macite.tg\/index.php?rest_route=\/wp\/v2\/posts\/9993\/revisions"}],"wp:featuredmedia":[{"embeddable":true,"href":"https:\/\/macite.tg\/index.php?rest_route=\/wp\/v2\/media\/9996"}],"wp:attachment":[{"href":"https:\/\/macite.tg\/index.php?rest_route=%2Fwp%2Fv2%2Fmedia&parent=9993"}],"wp:term":[{"taxonomy":"category","embeddable":true,"href":"https:\/\/macite.tg\/index.php?rest_route=%2Fwp%2Fv2%2Fcategories&post=9993"},{"taxonomy":"post_tag","embeddable":true,"href":"https:\/\/macite.tg\/index.php?rest_route=%2Fwp%2Fv2%2Ftags&post=9993"}],"curies":[{"name":"wp","href":"https:\/\/api.w.org\/{rel}","templated":true}]}}