{"id":9978,"date":"2023-10-27T11:59:10","date_gmt":"2023-10-27T11:59:10","guid":{"rendered":"https:\/\/macite.tg\/?p=9978"},"modified":"2023-10-27T11:59:12","modified_gmt":"2023-10-27T11:59:12","slug":"preparatifs-de-la-cop-28-les-femmes-francophones-a-lecole-des-negociations-climatiques-a-lome","status":"publish","type":"post","link":"https:\/\/macite.tg\/?p=9978","title":{"rendered":"PR\u00c9PARATIFS DE LA COP 28\u00a0: Les femmes francophones \u00e0 l\u2019\u00e9cole des \u00a0n\u00e9gociations climatiques \u00e0 Lom\u00e9"},"content":{"rendered":"\n<p class=\"wp-block-paragraph\"><strong><em>Les pr\u00e9paratifs de la Cop 28 pr\u00e9vue du 30 novembre au 12 d\u00e9cembre prochains \u00e0 Duba\u00ef, sont en cours. A Lom\u00e9, une session de formation a r\u00e9uni, du 24 au 27 octobre 2023, des femmes francophones de plusieurs pays sur les n\u00e9gociations climatiques.<\/em><\/strong><\/p>\n\n\n\n<p class=\"wp-block-paragraph\">Organis\u00e9e par l\u2019Institut de la francophonie pour le d\u00e9veloppement durable (Ifdd), cette session, quatri\u00e8me du genre, s\u2019inscrit dans le cadre des pr\u00e9paratifs pour la Cop28 \u00e0 Duba\u00ef. Cette rencontre se veut de renforcer les capacit\u00e9s de 350 femmes francophones, pour qu\u2019elles participent efficacement et pleinement aux n\u00e9gociations internationales sur les changements climatiques, dans le cadre du processus de la Convention Cadre des Nations Unies sur les changements climatiques (Ccnucc).<\/p>\n\n\n<div class=\"wp-block-image\">\n<figure class=\"aligncenter size-large is-resized\"><img loading=\"lazy\" decoding=\"async\" src=\"https:\/\/macite.tg\/wp-content\/uploads\/2023\/10\/IMG-20231027-WA00491-1024x1024.jpg\" alt=\"\" class=\"wp-image-9973\" width=\"602\" height=\"602\" srcset=\"https:\/\/macite.tg\/wp-content\/uploads\/2023\/10\/IMG-20231027-WA00491-1024x1024.jpg 1024w, https:\/\/macite.tg\/wp-content\/uploads\/2023\/10\/IMG-20231027-WA00491-300x300.jpg 300w, https:\/\/macite.tg\/wp-content\/uploads\/2023\/10\/IMG-20231027-WA00491-150x150.jpg 150w, https:\/\/macite.tg\/wp-content\/uploads\/2023\/10\/IMG-20231027-WA00491-768x768.jpg 768w, https:\/\/macite.tg\/wp-content\/uploads\/2023\/10\/IMG-20231027-WA00491-122x122.jpg 122w, https:\/\/macite.tg\/wp-content\/uploads\/2023\/10\/IMG-20231027-WA00491.jpg 1181w\" sizes=\"auto, (max-width: 602px) 100vw, 602px\" \/><\/figure>\n<\/div>\n\n\n<p class=\"wp-block-paragraph\">Ouverts par le ministre togolais en charge de l\u2019environnement, Foli-Bazi Katari, cette session de formation a \u00e9t\u00e9 une opportunit\u00e9 pour ces femmes d\u2019acqu\u00e9rir des connaissances de base sur les processus et acteurs des n\u00e9gociations climat, de ma\u00eetriser les outils, et les bonnes pratiques sur la th\u00e9matique.<\/p>\n\n\n\n<p class=\"wp-block-paragraph\">Pour Issa Bado de l\u2019Ifdd, <em>\u00ab&nbsp;les femmes font parties du grand d\u00e9fi des changements climatiques qu\u2019on doit relever, et les former c\u2019est de faire d\u2019elles des actrices de solutions&nbsp;\u00bb<\/em>.<\/p>\n\n\n\n<p class=\"wp-block-paragraph\">Le ministre Foli-Bazi Katari a, pour sa part, justifi\u00e9 la pertinence du fait d\u2019avoir plus de femmes aux prochains Cop afin de d\u00e9fendre leurs int\u00e9r\u00eats et ceux de leur pays. &nbsp;<em>\u00ab&nbsp;A l\u2019\u00e9chelle mondiale, les femmes sont d\u00e9pendantes vis-\u00e0-vis des ressources naturelles, en raison du fardeau des responsabilit\u00e9s familiales comme l\u2019approvisionnement en eau, la collecte des combustibles ou la s\u00e9curit\u00e9 alimentaire. On note aussi que les pauvres sont plus vuln\u00e9rables aux changements climatiques&nbsp;; or 70&nbsp;% des pauvres sont des femmes&nbsp;\u00bb<\/em>, a-t-il indiqu\u00e9.<\/p>\n\n\n<div class=\"wp-block-image\">\n<figure class=\"aligncenter size-large is-resized\"><img loading=\"lazy\" decoding=\"async\" src=\"https:\/\/macite.tg\/wp-content\/uploads\/2023\/10\/IMG-20231027-WA00501-1024x1024.jpg\" alt=\"\" class=\"wp-image-9974\" width=\"621\" height=\"621\" srcset=\"https:\/\/macite.tg\/wp-content\/uploads\/2023\/10\/IMG-20231027-WA00501-1024x1024.jpg 1024w, https:\/\/macite.tg\/wp-content\/uploads\/2023\/10\/IMG-20231027-WA00501-300x300.jpg 300w, https:\/\/macite.tg\/wp-content\/uploads\/2023\/10\/IMG-20231027-WA00501-150x150.jpg 150w, https:\/\/macite.tg\/wp-content\/uploads\/2023\/10\/IMG-20231027-WA00501-768x768.jpg 768w, https:\/\/macite.tg\/wp-content\/uploads\/2023\/10\/IMG-20231027-WA00501-122x122.jpg 122w, https:\/\/macite.tg\/wp-content\/uploads\/2023\/10\/IMG-20231027-WA00501.jpg 1181w\" sizes=\"auto, (max-width: 621px) 100vw, 621px\" \/><\/figure>\n<\/div>\n\n\n<p class=\"wp-block-paragraph\">Notons \u00e0 Duba\u00ef, il sera question de n\u00e9gocier <em>\u00ab&nbsp;pour d\u00e9fendre les positions des pays, de toute l\u2019Afrique, des r\u00e9gions qui sont les plus impact\u00e9es par le changement climatique pour qu\u2019on puisse avoir plus de financements en tenant compte des besoins des populations<\/em>&nbsp;\u00bb.<\/p>\n\n\n\n<p class=\"wp-block-paragraph\"><strong>Mab\u00e9 B.<\/strong><\/p>\n\n\n\n<p class=\"wp-block-paragraph\"><strong><em>@macite.tg&nbsp;&nbsp;&nbsp;&nbsp;&nbsp;&nbsp;&nbsp;&nbsp;<\/em><\/strong><\/p>\n\n\n\n<p class=\"wp-block-paragraph\"><strong><em>E-mail&nbsp;: <\/em><\/strong><a href=\"mailto:maciteinfo@gmail.com\"><strong><em>maciteinfo@gmail.com<\/em><\/strong><\/a><strong><em>; <\/em><\/strong><a href=\"mailto:bawela1@gmail.com\"><strong><em>bawela1@gmail.com<\/em><\/strong><\/a><\/p>\n\n\n\n<p class=\"wp-block-paragraph\"><strong><em>Pour vos annonces, (publi)reportages, etc., joignez nous au (00228)91515309\/<strong>79872224 <\/strong>www.macite.tg, L\u2019information, la bonne&nbsp;!<\/em><\/strong><\/p>\n","protected":false},"excerpt":{"rendered":"<p class=\"text-justify mb-2\" >Les pr\u00e9paratifs de la Cop 28 pr\u00e9vue du 30 novembre au 12 d\u00e9cembre prochains \u00e0 Duba\u00ef, sont en cours. A Lom\u00e9, une session de formation a r\u00e9uni, du 24 au 27 octobre 2023, des femmes francophones de plusieurs pays sur les n\u00e9gociations climatiques. Organis\u00e9e par [&hellip;]<\/p>\n","protected":false},"author":2,"featured_media":9980,"comment_status":"open","ping_status":"open","sticky":false,"template":"","format":"standard","meta":{"footnotes":""},"categories":[20,19],"tags":[],"class_list":["post-9978","post","type-post","status-publish","format-standard","has-post-thumbnail","hentry","category-actualite","category-environnement"],"yoast_head":"<!-- This site is optimized with the Yoast SEO plugin v28.4 - https:\/\/yoast.com\/product\/yoast-seo-wordpress\/ -->\n<title>PR\u00c9PARATIFS DE LA COP 28\u00a0: Les femmes francophones \u00e0 l\u2019\u00e9cole des \u00a0n\u00e9gociations climatiques \u00e0 Lom\u00e9 -<\/title>\n<meta name=\"robots\" content=\"index, follow, max-snippet:-1, max-image-preview:large, max-video-preview:-1\" \/>\n<link rel=\"canonical\" href=\"https:\/\/macite.tg\/?p=9978\" \/>\n<meta property=\"og:locale\" content=\"fr_FR\" \/>\n<meta property=\"og:type\" content=\"article\" \/>\n<meta property=\"og:title\" content=\"PR\u00c9PARATIFS DE LA COP 28\u00a0: Les femmes francophones \u00e0 l\u2019\u00e9cole des \u00a0n\u00e9gociations climatiques \u00e0 Lom\u00e9 -\" \/>\n<meta property=\"og:description\" content=\"Les pr\u00e9paratifs de la Cop 28 pr\u00e9vue du 30 novembre au 12 d\u00e9cembre prochains \u00e0 Duba\u00ef, sont en cours. A Lom\u00e9, une session de formation a r\u00e9uni, du 24 au 27 octobre 2023, des femmes francophones de plusieurs pays sur les n\u00e9gociations climatiques. Organis\u00e9e par [&hellip;]\" \/>\n<meta property=\"og:url\" content=\"https:\/\/macite.tg\/?p=9978\" \/>\n<meta property=\"article:published_time\" content=\"2023-10-27T11:59:10+00:00\" \/>\n<meta property=\"article:modified_time\" content=\"2023-10-27T11:59:12+00:00\" \/>\n<meta property=\"og:image\" content=\"https:\/\/macite.tg\/wp-content\/uploads\/2023\/10\/DSC_0588-768x512-1.jpg\" \/>\n\t<meta property=\"og:image:width\" content=\"768\" \/>\n\t<meta property=\"og:image:height\" content=\"512\" \/>\n\t<meta property=\"og:image:type\" content=\"image\/jpeg\" \/>\n<meta name=\"author\" content=\"Jean Pierre BAWELA\" \/>\n<meta name=\"twitter:card\" content=\"summary_large_image\" \/>\n<meta name=\"twitter:label1\" content=\"\u00c9crit par\" \/>\n\t<meta name=\"twitter:data1\" content=\"Jean Pierre BAWELA\" \/>\n\t<meta name=\"twitter:label2\" content=\"Dur\u00e9e de lecture estim\u00e9e\" \/>\n\t<meta name=\"twitter:data2\" content=\"2 minutes\" \/>\n<script type=\"application\/ld+json\" class=\"yoast-schema-graph\">{\"@context\":\"https:\\\/\\\/schema.org\",\"@graph\":[{\"@type\":\"Article\",\"@id\":\"https:\\\/\\\/macite.tg\\\/?p=9978#article\",\"isPartOf\":{\"@id\":\"https:\\\/\\\/macite.tg\\\/?p=9978\"},\"author\":{\"name\":\"Jean Pierre BAWELA\",\"@id\":\"https:\\\/\\\/macite.tg\\\/#\\\/schema\\\/person\\\/e9f2de7e5dbbe7770a9402c7ce82f5c2\"},\"headline\":\"PR\u00c9PARATIFS DE LA COP 28\u00a0: Les femmes francophones \u00e0 l\u2019\u00e9cole des \u00a0n\u00e9gociations climatiques \u00e0 Lom\u00e9\",\"datePublished\":\"2023-10-27T11:59:10+00:00\",\"dateModified\":\"2023-10-27T11:59:12+00:00\",\"mainEntityOfPage\":{\"@id\":\"https:\\\/\\\/macite.tg\\\/?p=9978\"},\"wordCount\":402,\"commentCount\":0,\"image\":{\"@id\":\"https:\\\/\\\/macite.tg\\\/?p=9978#primaryimage\"},\"thumbnailUrl\":\"https:\\\/\\\/macite.tg\\\/wp-content\\\/uploads\\\/2023\\\/10\\\/DSC_0588-768x512-1.jpg\",\"articleSection\":[\"ACTUALITE\",\"ENVIRONNEMENT\"],\"inLanguage\":\"fr-FR\",\"potentialAction\":[{\"@type\":\"CommentAction\",\"name\":\"Comment\",\"target\":[\"https:\\\/\\\/macite.tg\\\/?p=9978#respond\"]}]},{\"@type\":\"WebPage\",\"@id\":\"https:\\\/\\\/macite.tg\\\/?p=9978\",\"url\":\"https:\\\/\\\/macite.tg\\\/?p=9978\",\"name\":\"PR\u00c9PARATIFS DE LA COP 28\u00a0: Les femmes francophones \u00e0 l\u2019\u00e9cole des \u00a0n\u00e9gociations climatiques \u00e0 Lom\u00e9 -\",\"isPartOf\":{\"@id\":\"https:\\\/\\\/macite.tg\\\/#website\"},\"primaryImageOfPage\":{\"@id\":\"https:\\\/\\\/macite.tg\\\/?p=9978#primaryimage\"},\"image\":{\"@id\":\"https:\\\/\\\/macite.tg\\\/?p=9978#primaryimage\"},\"thumbnailUrl\":\"https:\\\/\\\/macite.tg\\\/wp-content\\\/uploads\\\/2023\\\/10\\\/DSC_0588-768x512-1.jpg\",\"datePublished\":\"2023-10-27T11:59:10+00:00\",\"dateModified\":\"2023-10-27T11:59:12+00:00\",\"author\":{\"@id\":\"https:\\\/\\\/macite.tg\\\/#\\\/schema\\\/person\\\/e9f2de7e5dbbe7770a9402c7ce82f5c2\"},\"breadcrumb\":{\"@id\":\"https:\\\/\\\/macite.tg\\\/?p=9978#breadcrumb\"},\"inLanguage\":\"fr-FR\",\"potentialAction\":[{\"@type\":\"ReadAction\",\"target\":[\"https:\\\/\\\/macite.tg\\\/?p=9978\"]}]},{\"@type\":\"ImageObject\",\"inLanguage\":\"fr-FR\",\"@id\":\"https:\\\/\\\/macite.tg\\\/?p=9978#primaryimage\",\"url\":\"https:\\\/\\\/macite.tg\\\/wp-content\\\/uploads\\\/2023\\\/10\\\/DSC_0588-768x512-1.jpg\",\"contentUrl\":\"https:\\\/\\\/macite.tg\\\/wp-content\\\/uploads\\\/2023\\\/10\\\/DSC_0588-768x512-1.jpg\",\"width\":768,\"height\":512},{\"@type\":\"BreadcrumbList\",\"@id\":\"https:\\\/\\\/macite.tg\\\/?p=9978#breadcrumb\",\"itemListElement\":[{\"@type\":\"ListItem\",\"position\":1,\"name\":\"Accueil\",\"item\":\"https:\\\/\\\/macite.tg\\\/\"},{\"@type\":\"ListItem\",\"position\":2,\"name\":\"PR\u00c9PARATIFS DE LA COP 28\u00a0: Les femmes francophones \u00e0 l\u2019\u00e9cole des \u00a0n\u00e9gociations climatiques \u00e0 Lom\u00e9\"}]},{\"@type\":\"WebSite\",\"@id\":\"https:\\\/\\\/macite.tg\\\/#website\",\"url\":\"https:\\\/\\\/macite.tg\\\/\",\"name\":\"\",\"description\":\"L&#039;information, la bonne!!!\",\"potentialAction\":[{\"@type\":\"SearchAction\",\"target\":{\"@type\":\"EntryPoint\",\"urlTemplate\":\"https:\\\/\\\/macite.tg\\\/?s={search_term_string}\"},\"query-input\":{\"@type\":\"PropertyValueSpecification\",\"valueRequired\":true,\"valueName\":\"search_term_string\"}}],\"inLanguage\":\"fr-FR\"},{\"@type\":\"Person\",\"@id\":\"https:\\\/\\\/macite.tg\\\/#\\\/schema\\\/person\\\/e9f2de7e5dbbe7770a9402c7ce82f5c2\",\"name\":\"Jean Pierre BAWELA\",\"image\":{\"@type\":\"ImageObject\",\"inLanguage\":\"fr-FR\",\"@id\":\"https:\\\/\\\/macite.tg\\\/wp-content\\\/uploads\\\/2023\\\/09\\\/WhatsApp-Image-2023-09-19-at-14.44.41-122x122.jpeg\",\"url\":\"https:\\\/\\\/macite.tg\\\/wp-content\\\/uploads\\\/2023\\\/09\\\/WhatsApp-Image-2023-09-19-at-14.44.41-122x122.jpeg\",\"contentUrl\":\"https:\\\/\\\/macite.tg\\\/wp-content\\\/uploads\\\/2023\\\/09\\\/WhatsApp-Image-2023-09-19-at-14.44.41-122x122.jpeg\",\"caption\":\"Jean Pierre BAWELA\"},\"url\":\"https:\\\/\\\/macite.tg\\\/?author=2\"}]}<\/script>\n<!-- \/ Yoast SEO plugin. -->","yoast_head_json":{"title":"PR\u00c9PARATIFS DE LA COP 28\u00a0: Les femmes francophones \u00e0 l\u2019\u00e9cole des \u00a0n\u00e9gociations climatiques \u00e0 Lom\u00e9 -","robots":{"index":"index","follow":"follow","max-snippet":"max-snippet:-1","max-image-preview":"max-image-preview:large","max-video-preview":"max-video-preview:-1"},"canonical":"https:\/\/macite.tg\/?p=9978","og_locale":"fr_FR","og_type":"article","og_title":"PR\u00c9PARATIFS DE LA COP 28\u00a0: Les femmes francophones \u00e0 l\u2019\u00e9cole des \u00a0n\u00e9gociations climatiques \u00e0 Lom\u00e9 -","og_description":"Les pr\u00e9paratifs de la Cop 28 pr\u00e9vue du 30 novembre au 12 d\u00e9cembre prochains \u00e0 Duba\u00ef, sont en cours. A Lom\u00e9, une session de formation a r\u00e9uni, du 24 au 27 octobre 2023, des femmes francophones de plusieurs pays sur les n\u00e9gociations climatiques. Organis\u00e9e par [&hellip;]","og_url":"https:\/\/macite.tg\/?p=9978","article_published_time":"2023-10-27T11:59:10+00:00","article_modified_time":"2023-10-27T11:59:12+00:00","og_image":[{"width":768,"height":512,"url":"https:\/\/macite.tg\/wp-content\/uploads\/2023\/10\/DSC_0588-768x512-1.jpg","type":"image\/jpeg"}],"author":"Jean Pierre BAWELA","twitter_card":"summary_large_image","twitter_misc":{"\u00c9crit par":"Jean Pierre BAWELA","Dur\u00e9e de lecture estim\u00e9e":"2 minutes"},"schema":{"@context":"https:\/\/schema.org","@graph":[{"@type":"Article","@id":"https:\/\/macite.tg\/?p=9978#article","isPartOf":{"@id":"https:\/\/macite.tg\/?p=9978"},"author":{"name":"Jean Pierre BAWELA","@id":"https:\/\/macite.tg\/#\/schema\/person\/e9f2de7e5dbbe7770a9402c7ce82f5c2"},"headline":"PR\u00c9PARATIFS DE LA COP 28\u00a0: Les femmes francophones \u00e0 l\u2019\u00e9cole des \u00a0n\u00e9gociations climatiques \u00e0 Lom\u00e9","datePublished":"2023-10-27T11:59:10+00:00","dateModified":"2023-10-27T11:59:12+00:00","mainEntityOfPage":{"@id":"https:\/\/macite.tg\/?p=9978"},"wordCount":402,"commentCount":0,"image":{"@id":"https:\/\/macite.tg\/?p=9978#primaryimage"},"thumbnailUrl":"https:\/\/macite.tg\/wp-content\/uploads\/2023\/10\/DSC_0588-768x512-1.jpg","articleSection":["ACTUALITE","ENVIRONNEMENT"],"inLanguage":"fr-FR","potentialAction":[{"@type":"CommentAction","name":"Comment","target":["https:\/\/macite.tg\/?p=9978#respond"]}]},{"@type":"WebPage","@id":"https:\/\/macite.tg\/?p=9978","url":"https:\/\/macite.tg\/?p=9978","name":"PR\u00c9PARATIFS DE LA COP 28\u00a0: Les femmes francophones \u00e0 l\u2019\u00e9cole des \u00a0n\u00e9gociations climatiques \u00e0 Lom\u00e9 -","isPartOf":{"@id":"https:\/\/macite.tg\/#website"},"primaryImageOfPage":{"@id":"https:\/\/macite.tg\/?p=9978#primaryimage"},"image":{"@id":"https:\/\/macite.tg\/?p=9978#primaryimage"},"thumbnailUrl":"https:\/\/macite.tg\/wp-content\/uploads\/2023\/10\/DSC_0588-768x512-1.jpg","datePublished":"2023-10-27T11:59:10+00:00","dateModified":"2023-10-27T11:59:12+00:00","author":{"@id":"https:\/\/macite.tg\/#\/schema\/person\/e9f2de7e5dbbe7770a9402c7ce82f5c2"},"breadcrumb":{"@id":"https:\/\/macite.tg\/?p=9978#breadcrumb"},"inLanguage":"fr-FR","potentialAction":[{"@type":"ReadAction","target":["https:\/\/macite.tg\/?p=9978"]}]},{"@type":"ImageObject","inLanguage":"fr-FR","@id":"https:\/\/macite.tg\/?p=9978#primaryimage","url":"https:\/\/macite.tg\/wp-content\/uploads\/2023\/10\/DSC_0588-768x512-1.jpg","contentUrl":"https:\/\/macite.tg\/wp-content\/uploads\/2023\/10\/DSC_0588-768x512-1.jpg","width":768,"height":512},{"@type":"BreadcrumbList","@id":"https:\/\/macite.tg\/?p=9978#breadcrumb","itemListElement":[{"@type":"ListItem","position":1,"name":"Accueil","item":"https:\/\/macite.tg\/"},{"@type":"ListItem","position":2,"name":"PR\u00c9PARATIFS DE LA COP 28\u00a0: Les femmes francophones \u00e0 l\u2019\u00e9cole des \u00a0n\u00e9gociations climatiques \u00e0 Lom\u00e9"}]},{"@type":"WebSite","@id":"https:\/\/macite.tg\/#website","url":"https:\/\/macite.tg\/","name":"","description":"L&#039;information, la bonne!!!","potentialAction":[{"@type":"SearchAction","target":{"@type":"EntryPoint","urlTemplate":"https:\/\/macite.tg\/?s={search_term_string}"},"query-input":{"@type":"PropertyValueSpecification","valueRequired":true,"valueName":"search_term_string"}}],"inLanguage":"fr-FR"},{"@type":"Person","@id":"https:\/\/macite.tg\/#\/schema\/person\/e9f2de7e5dbbe7770a9402c7ce82f5c2","name":"Jean Pierre BAWELA","image":{"@type":"ImageObject","inLanguage":"fr-FR","@id":"https:\/\/macite.tg\/wp-content\/uploads\/2023\/09\/WhatsApp-Image-2023-09-19-at-14.44.41-122x122.jpeg","url":"https:\/\/macite.tg\/wp-content\/uploads\/2023\/09\/WhatsApp-Image-2023-09-19-at-14.44.41-122x122.jpeg","contentUrl":"https:\/\/macite.tg\/wp-content\/uploads\/2023\/09\/WhatsApp-Image-2023-09-19-at-14.44.41-122x122.jpeg","caption":"Jean Pierre BAWELA"},"url":"https:\/\/macite.tg\/?author=2"}]}},"_links":{"self":[{"href":"https:\/\/macite.tg\/index.php?rest_route=\/wp\/v2\/posts\/9978","targetHints":{"allow":["GET"]}}],"collection":[{"href":"https:\/\/macite.tg\/index.php?rest_route=\/wp\/v2\/posts"}],"about":[{"href":"https:\/\/macite.tg\/index.php?rest_route=\/wp\/v2\/types\/post"}],"author":[{"embeddable":true,"href":"https:\/\/macite.tg\/index.php?rest_route=\/wp\/v2\/users\/2"}],"replies":[{"embeddable":true,"href":"https:\/\/macite.tg\/index.php?rest_route=%2Fwp%2Fv2%2Fcomments&post=9978"}],"version-history":[{"count":0,"href":"https:\/\/macite.tg\/index.php?rest_route=\/wp\/v2\/posts\/9978\/revisions"}],"wp:featuredmedia":[{"embeddable":true,"href":"https:\/\/macite.tg\/index.php?rest_route=\/wp\/v2\/media\/9980"}],"wp:attachment":[{"href":"https:\/\/macite.tg\/index.php?rest_route=%2Fwp%2Fv2%2Fmedia&parent=9978"}],"wp:term":[{"taxonomy":"category","embeddable":true,"href":"https:\/\/macite.tg\/index.php?rest_route=%2Fwp%2Fv2%2Fcategories&post=9978"},{"taxonomy":"post_tag","embeddable":true,"href":"https:\/\/macite.tg\/index.php?rest_route=%2Fwp%2Fv2%2Ftags&post=9978"}],"curies":[{"name":"wp","href":"https:\/\/api.w.org\/{rel}","templated":true}]}}