{"id":9970,"date":"2023-10-27T11:10:05","date_gmt":"2023-10-27T11:10:05","guid":{"rendered":"https:\/\/macite.tg\/?p=9970"},"modified":"2023-10-27T11:18:41","modified_gmt":"2023-10-27T11:18:41","slug":"transport-public-taxi-taxi-motos-tricycles-encore-deux-ans-pour-se-conformer","status":"publish","type":"post","link":"https:\/\/macite.tg\/?p=9970","title":{"rendered":"TRANSPORT PUBLIC (TAXI, TAXI-MOTO, TRICYCLE)\u00a0: Encore deux ans pour se conformer"},"content":{"rendered":"\n<p class=\"wp-block-paragraph\"><strong><em>L\u2019ex\u00e9cutif togolais poursuit les r\u00e9formes dans le secteur des transports. Plusieurs mois apr\u00e8s l\u2019adoption d\u2019une nouvelle loi d\u2019orientations des transports, le gouvernement togolais vient de passer un nouveau cap dans la r\u00e8glementation du secteur des transports. Un d\u00e9cret r\u00e9glementant l\u2019exploitation des v\u00e9hicules de transport public, notamment taxi, taxi-moto et tricycle a \u00e9t\u00e9 pris le 20 octobre dernier par l\u2019ex\u00e9cutif.<\/em><\/strong><\/p>\n\n\n\n<p class=\"wp-block-paragraph\">En prenant le 20 octobre dernier ce d\u00e9cret r\u00e9glementant l\u2019exploitation des v\u00e9hicules \u00e0 moteur de type taxi, taxi-moto et tricycle, l\u2019objectif pour les autorit\u00e9s togolaises est de parvenir \u00e0 r\u00e9glementer les activit\u00e9s de corps de m\u00e9tier.<\/p>\n\n\n<div class=\"wp-block-image\">\n<figure class=\"aligncenter size-large is-resized\"><img loading=\"lazy\" decoding=\"async\" src=\"https:\/\/macite.tg\/wp-content\/uploads\/2023\/10\/IMG-20231027-WA00491-1024x1024.jpg\" alt=\"\" class=\"wp-image-9973\" width=\"616\" height=\"616\" srcset=\"https:\/\/macite.tg\/wp-content\/uploads\/2023\/10\/IMG-20231027-WA00491-1024x1024.jpg 1024w, https:\/\/macite.tg\/wp-content\/uploads\/2023\/10\/IMG-20231027-WA00491-300x300.jpg 300w, https:\/\/macite.tg\/wp-content\/uploads\/2023\/10\/IMG-20231027-WA00491-150x150.jpg 150w, https:\/\/macite.tg\/wp-content\/uploads\/2023\/10\/IMG-20231027-WA00491-768x768.jpg 768w, https:\/\/macite.tg\/wp-content\/uploads\/2023\/10\/IMG-20231027-WA00491-122x122.jpg 122w, https:\/\/macite.tg\/wp-content\/uploads\/2023\/10\/IMG-20231027-WA00491.jpg 1181w\" sizes=\"auto, (max-width: 616px) 100vw, 616px\" \/><\/figure>\n<\/div>\n\n\n<p class=\"wp-block-paragraph\">En concertation avec les organisations professionnelles de ce secteur, l\u2019\u00c9tat a instaur\u00e9 une double obligation pour les exploitants de ces engins utilis\u00e9s pour le transport public. Il s\u2019agit de l\u2019obtention d\u2019une licence d\u00e9livr\u00e9e par le minist\u00e8re en charge des Transports routiers, et d\u2019une autorisation de transport que d\u00e9livreront les collectivit\u00e9s locales.<\/p>\n\n\n\n<p class=\"wp-block-paragraph\">Selon l\u2019ex\u00e9cutif, ces mesures visent \u00e0 permettre non seulement <em>\u00ab&nbsp;une meilleure organisation du transport public, la professionnalisation des acteurs du secteur, une meilleure identification des taxis et de leur p\u00e9rim\u00e8tre d\u2019activit\u00e9s\u00bb, <\/em><em>mais aussi, et surtout<\/em><em>, <\/em><em>assurer<\/em><em> \u00ab une am\u00e9lioration de la s\u00e9curit\u00e9 routi\u00e8re et un meilleur confort pour les passagers&nbsp;\u00bb<\/em>.<\/p>\n\n\n\n<p class=\"wp-block-paragraph\">Un moratoire est d\u2019ailleurs accord\u00e9 aux acteurs de ce secteur. Ils ont encore deux ans (24 mois) pour se conformer \u00e0 la nouvelle r\u00e9glementation.<\/p>\n\n\n\n<p class=\"wp-block-paragraph\">Notons que selon les autorit\u00e9s en charge de la s\u00e9curit\u00e9, <strong>3.262 accidents routiers, 282 morts et 4.611 bless\u00e9s (soit 2 morts, 26 bless\u00e9s et 18 accidents par jour), ont \u00e9t\u00e9 enregistr\u00e9 sur l\u2019ensemble du territoire national togolais au premier semestre de l\u2019ann\u00e9e en cours.<\/strong><\/p>\n\n\n<div class=\"wp-block-image\">\n<figure class=\"aligncenter size-large is-resized\"><img loading=\"lazy\" decoding=\"async\" src=\"https:\/\/macite.tg\/wp-content\/uploads\/2023\/10\/IMG-20231027-WA00501-1024x1024.jpg\" alt=\"\" class=\"wp-image-9974\" width=\"626\" height=\"626\" srcset=\"https:\/\/macite.tg\/wp-content\/uploads\/2023\/10\/IMG-20231027-WA00501-1024x1024.jpg 1024w, https:\/\/macite.tg\/wp-content\/uploads\/2023\/10\/IMG-20231027-WA00501-300x300.jpg 300w, https:\/\/macite.tg\/wp-content\/uploads\/2023\/10\/IMG-20231027-WA00501-150x150.jpg 150w, https:\/\/macite.tg\/wp-content\/uploads\/2023\/10\/IMG-20231027-WA00501-768x768.jpg 768w, https:\/\/macite.tg\/wp-content\/uploads\/2023\/10\/IMG-20231027-WA00501-122x122.jpg 122w, https:\/\/macite.tg\/wp-content\/uploads\/2023\/10\/IMG-20231027-WA00501.jpg 1181w\" sizes=\"auto, (max-width: 626px) 100vw, 626px\" \/><\/figure>\n<\/div>\n\n\n<p class=\"wp-block-paragraph\">Pour couronner le tout, les<strong> <\/strong>engins \u00e0 deux roues (motos) sont les plus touch\u00e9s, car <strong>sur 4.828 engins impliqu\u00e9s dans ces accidents, les motos ont occasionn\u00e9 3.306, soit un taux de 68,48% d\u2019accidents avec 195 morts soit 69,15% de morts.<\/strong><\/p>\n\n\n\n<p class=\"wp-block-paragraph\"><strong>La R\u00e9daction<\/strong><\/p>\n\n\n\n<p class=\"wp-block-paragraph\"><strong><em>@macite.tg&nbsp;&nbsp;&nbsp;&nbsp;&nbsp;&nbsp;&nbsp;&nbsp;<\/em><\/strong><\/p>\n\n\n\n<p class=\"wp-block-paragraph\"><strong><em>E-mail&nbsp;: <\/em><\/strong><a href=\"mailto:maciteinfo@gmail.com\"><strong>maciteinfo@gmail.com<\/strong><\/a><strong><em>; <\/em><\/strong><a href=\"mailto:bawela1@gmail.com\"><strong>bawela1@gmail.com<\/strong><\/a><\/p>\n\n\n\n<p class=\"wp-block-paragraph\"><strong><em>Pour vos annonces, (publi)reportages, etc., joignez nous au (00228)91515309\/<strong>79872224 <\/strong>www.macite.tg, L\u2019information, la bonne&nbsp;!<\/em><\/strong><\/p>\n","protected":false},"excerpt":{"rendered":"<p class=\"text-justify mb-2\" >L\u2019ex\u00e9cutif togolais poursuit les r\u00e9formes dans le secteur des transports. Plusieurs mois apr\u00e8s l\u2019adoption d\u2019une nouvelle loi d\u2019orientations des transports, le gouvernement togolais vient de passer un nouveau cap dans la r\u00e8glementation du secteur des transports. Un d\u00e9cret r\u00e9glementant l\u2019exploitation des v\u00e9hicules de transport public, [&hellip;]<\/p>\n","protected":false},"author":2,"featured_media":9971,"comment_status":"open","ping_status":"open","sticky":false,"template":"","format":"standard","meta":{"footnotes":""},"categories":[20,41],"tags":[],"class_list":["post-9970","post","type-post","status-publish","format-standard","has-post-thumbnail","hentry","category-actualite","category-transports"],"yoast_head":"<!-- This site is optimized with the Yoast SEO plugin v28.4 - https:\/\/yoast.com\/product\/yoast-seo-wordpress\/ -->\n<title>TRANSPORT PUBLIC (TAXI, TAXI-MOTO, TRICYCLE)\u00a0: Encore deux ans pour se conformer -<\/title>\n<meta name=\"robots\" content=\"index, follow, max-snippet:-1, max-image-preview:large, max-video-preview:-1\" \/>\n<link rel=\"canonical\" href=\"https:\/\/macite.tg\/?p=9970\" \/>\n<meta property=\"og:locale\" content=\"fr_FR\" \/>\n<meta property=\"og:type\" content=\"article\" \/>\n<meta property=\"og:title\" content=\"TRANSPORT PUBLIC (TAXI, TAXI-MOTO, TRICYCLE)\u00a0: Encore deux ans pour se conformer -\" \/>\n<meta property=\"og:description\" content=\"L\u2019ex\u00e9cutif togolais poursuit les r\u00e9formes dans le secteur des transports. Plusieurs mois apr\u00e8s l\u2019adoption d\u2019une nouvelle loi d\u2019orientations des transports, le gouvernement togolais vient de passer un nouveau cap dans la r\u00e8glementation du secteur des transports. Un d\u00e9cret r\u00e9glementant l\u2019exploitation des v\u00e9hicules de transport public, [&hellip;]\" \/>\n<meta property=\"og:url\" content=\"https:\/\/macite.tg\/?p=9970\" \/>\n<meta property=\"article:published_time\" content=\"2023-10-27T11:10:05+00:00\" \/>\n<meta property=\"article:modified_time\" content=\"2023-10-27T11:18:41+00:00\" \/>\n<meta property=\"og:image\" content=\"https:\/\/macite.tg\/wp-content\/uploads\/2023\/10\/Transport-public.jpg\" \/>\n\t<meta property=\"og:image:width\" content=\"300\" \/>\n\t<meta property=\"og:image:height\" content=\"168\" \/>\n\t<meta property=\"og:image:type\" content=\"image\/jpeg\" \/>\n<meta name=\"author\" content=\"Jean Pierre BAWELA\" \/>\n<meta name=\"twitter:card\" content=\"summary_large_image\" \/>\n<meta name=\"twitter:label1\" content=\"\u00c9crit par\" \/>\n\t<meta name=\"twitter:data1\" content=\"Jean Pierre BAWELA\" \/>\n\t<meta name=\"twitter:label2\" content=\"Dur\u00e9e de lecture estim\u00e9e\" \/>\n\t<meta name=\"twitter:data2\" content=\"2 minutes\" \/>\n<script type=\"application\/ld+json\" class=\"yoast-schema-graph\">{\"@context\":\"https:\\\/\\\/schema.org\",\"@graph\":[{\"@type\":\"Article\",\"@id\":\"https:\\\/\\\/macite.tg\\\/?p=9970#article\",\"isPartOf\":{\"@id\":\"https:\\\/\\\/macite.tg\\\/?p=9970\"},\"author\":{\"name\":\"Jean Pierre BAWELA\",\"@id\":\"https:\\\/\\\/macite.tg\\\/#\\\/schema\\\/person\\\/e9f2de7e5dbbe7770a9402c7ce82f5c2\"},\"headline\":\"TRANSPORT PUBLIC (TAXI, TAXI-MOTO, TRICYCLE)\u00a0: Encore deux ans pour se conformer\",\"datePublished\":\"2023-10-27T11:10:05+00:00\",\"dateModified\":\"2023-10-27T11:18:41+00:00\",\"mainEntityOfPage\":{\"@id\":\"https:\\\/\\\/macite.tg\\\/?p=9970\"},\"wordCount\":390,\"commentCount\":0,\"image\":{\"@id\":\"https:\\\/\\\/macite.tg\\\/?p=9970#primaryimage\"},\"thumbnailUrl\":\"https:\\\/\\\/macite.tg\\\/wp-content\\\/uploads\\\/2023\\\/10\\\/Transport-public.jpg\",\"articleSection\":[\"ACTUALITE\",\"TRANSPORTS\"],\"inLanguage\":\"fr-FR\",\"potentialAction\":[{\"@type\":\"CommentAction\",\"name\":\"Comment\",\"target\":[\"https:\\\/\\\/macite.tg\\\/?p=9970#respond\"]}]},{\"@type\":\"WebPage\",\"@id\":\"https:\\\/\\\/macite.tg\\\/?p=9970\",\"url\":\"https:\\\/\\\/macite.tg\\\/?p=9970\",\"name\":\"TRANSPORT PUBLIC (TAXI, TAXI-MOTO, TRICYCLE)\u00a0: Encore deux ans pour se conformer -\",\"isPartOf\":{\"@id\":\"https:\\\/\\\/macite.tg\\\/#website\"},\"primaryImageOfPage\":{\"@id\":\"https:\\\/\\\/macite.tg\\\/?p=9970#primaryimage\"},\"image\":{\"@id\":\"https:\\\/\\\/macite.tg\\\/?p=9970#primaryimage\"},\"thumbnailUrl\":\"https:\\\/\\\/macite.tg\\\/wp-content\\\/uploads\\\/2023\\\/10\\\/Transport-public.jpg\",\"datePublished\":\"2023-10-27T11:10:05+00:00\",\"dateModified\":\"2023-10-27T11:18:41+00:00\",\"author\":{\"@id\":\"https:\\\/\\\/macite.tg\\\/#\\\/schema\\\/person\\\/e9f2de7e5dbbe7770a9402c7ce82f5c2\"},\"breadcrumb\":{\"@id\":\"https:\\\/\\\/macite.tg\\\/?p=9970#breadcrumb\"},\"inLanguage\":\"fr-FR\",\"potentialAction\":[{\"@type\":\"ReadAction\",\"target\":[\"https:\\\/\\\/macite.tg\\\/?p=9970\"]}]},{\"@type\":\"ImageObject\",\"inLanguage\":\"fr-FR\",\"@id\":\"https:\\\/\\\/macite.tg\\\/?p=9970#primaryimage\",\"url\":\"https:\\\/\\\/macite.tg\\\/wp-content\\\/uploads\\\/2023\\\/10\\\/Transport-public.jpg\",\"contentUrl\":\"https:\\\/\\\/macite.tg\\\/wp-content\\\/uploads\\\/2023\\\/10\\\/Transport-public.jpg\",\"width\":300,\"height\":168},{\"@type\":\"BreadcrumbList\",\"@id\":\"https:\\\/\\\/macite.tg\\\/?p=9970#breadcrumb\",\"itemListElement\":[{\"@type\":\"ListItem\",\"position\":1,\"name\":\"Accueil\",\"item\":\"https:\\\/\\\/macite.tg\\\/\"},{\"@type\":\"ListItem\",\"position\":2,\"name\":\"TRANSPORT PUBLIC (TAXI, TAXI-MOTO, TRICYCLE)\u00a0: Encore deux ans pour se conformer\"}]},{\"@type\":\"WebSite\",\"@id\":\"https:\\\/\\\/macite.tg\\\/#website\",\"url\":\"https:\\\/\\\/macite.tg\\\/\",\"name\":\"\",\"description\":\"L&#039;information, la bonne!!!\",\"potentialAction\":[{\"@type\":\"SearchAction\",\"target\":{\"@type\":\"EntryPoint\",\"urlTemplate\":\"https:\\\/\\\/macite.tg\\\/?s={search_term_string}\"},\"query-input\":{\"@type\":\"PropertyValueSpecification\",\"valueRequired\":true,\"valueName\":\"search_term_string\"}}],\"inLanguage\":\"fr-FR\"},{\"@type\":\"Person\",\"@id\":\"https:\\\/\\\/macite.tg\\\/#\\\/schema\\\/person\\\/e9f2de7e5dbbe7770a9402c7ce82f5c2\",\"name\":\"Jean Pierre BAWELA\",\"image\":{\"@type\":\"ImageObject\",\"inLanguage\":\"fr-FR\",\"@id\":\"https:\\\/\\\/macite.tg\\\/wp-content\\\/uploads\\\/2023\\\/09\\\/WhatsApp-Image-2023-09-19-at-14.44.41-122x122.jpeg\",\"url\":\"https:\\\/\\\/macite.tg\\\/wp-content\\\/uploads\\\/2023\\\/09\\\/WhatsApp-Image-2023-09-19-at-14.44.41-122x122.jpeg\",\"contentUrl\":\"https:\\\/\\\/macite.tg\\\/wp-content\\\/uploads\\\/2023\\\/09\\\/WhatsApp-Image-2023-09-19-at-14.44.41-122x122.jpeg\",\"caption\":\"Jean Pierre BAWELA\"},\"url\":\"https:\\\/\\\/macite.tg\\\/?author=2\"}]}<\/script>\n<!-- \/ Yoast SEO plugin. -->","yoast_head_json":{"title":"TRANSPORT PUBLIC (TAXI, TAXI-MOTO, TRICYCLE)\u00a0: Encore deux ans pour se conformer -","robots":{"index":"index","follow":"follow","max-snippet":"max-snippet:-1","max-image-preview":"max-image-preview:large","max-video-preview":"max-video-preview:-1"},"canonical":"https:\/\/macite.tg\/?p=9970","og_locale":"fr_FR","og_type":"article","og_title":"TRANSPORT PUBLIC (TAXI, TAXI-MOTO, TRICYCLE)\u00a0: Encore deux ans pour se conformer -","og_description":"L\u2019ex\u00e9cutif togolais poursuit les r\u00e9formes dans le secteur des transports. Plusieurs mois apr\u00e8s l\u2019adoption d\u2019une nouvelle loi d\u2019orientations des transports, le gouvernement togolais vient de passer un nouveau cap dans la r\u00e8glementation du secteur des transports. Un d\u00e9cret r\u00e9glementant l\u2019exploitation des v\u00e9hicules de transport public, [&hellip;]","og_url":"https:\/\/macite.tg\/?p=9970","article_published_time":"2023-10-27T11:10:05+00:00","article_modified_time":"2023-10-27T11:18:41+00:00","og_image":[{"width":300,"height":168,"url":"https:\/\/macite.tg\/wp-content\/uploads\/2023\/10\/Transport-public.jpg","type":"image\/jpeg"}],"author":"Jean Pierre BAWELA","twitter_card":"summary_large_image","twitter_misc":{"\u00c9crit par":"Jean Pierre BAWELA","Dur\u00e9e de lecture estim\u00e9e":"2 minutes"},"schema":{"@context":"https:\/\/schema.org","@graph":[{"@type":"Article","@id":"https:\/\/macite.tg\/?p=9970#article","isPartOf":{"@id":"https:\/\/macite.tg\/?p=9970"},"author":{"name":"Jean Pierre BAWELA","@id":"https:\/\/macite.tg\/#\/schema\/person\/e9f2de7e5dbbe7770a9402c7ce82f5c2"},"headline":"TRANSPORT PUBLIC (TAXI, TAXI-MOTO, TRICYCLE)\u00a0: Encore deux ans pour se conformer","datePublished":"2023-10-27T11:10:05+00:00","dateModified":"2023-10-27T11:18:41+00:00","mainEntityOfPage":{"@id":"https:\/\/macite.tg\/?p=9970"},"wordCount":390,"commentCount":0,"image":{"@id":"https:\/\/macite.tg\/?p=9970#primaryimage"},"thumbnailUrl":"https:\/\/macite.tg\/wp-content\/uploads\/2023\/10\/Transport-public.jpg","articleSection":["ACTUALITE","TRANSPORTS"],"inLanguage":"fr-FR","potentialAction":[{"@type":"CommentAction","name":"Comment","target":["https:\/\/macite.tg\/?p=9970#respond"]}]},{"@type":"WebPage","@id":"https:\/\/macite.tg\/?p=9970","url":"https:\/\/macite.tg\/?p=9970","name":"TRANSPORT PUBLIC (TAXI, TAXI-MOTO, TRICYCLE)\u00a0: Encore deux ans pour se conformer -","isPartOf":{"@id":"https:\/\/macite.tg\/#website"},"primaryImageOfPage":{"@id":"https:\/\/macite.tg\/?p=9970#primaryimage"},"image":{"@id":"https:\/\/macite.tg\/?p=9970#primaryimage"},"thumbnailUrl":"https:\/\/macite.tg\/wp-content\/uploads\/2023\/10\/Transport-public.jpg","datePublished":"2023-10-27T11:10:05+00:00","dateModified":"2023-10-27T11:18:41+00:00","author":{"@id":"https:\/\/macite.tg\/#\/schema\/person\/e9f2de7e5dbbe7770a9402c7ce82f5c2"},"breadcrumb":{"@id":"https:\/\/macite.tg\/?p=9970#breadcrumb"},"inLanguage":"fr-FR","potentialAction":[{"@type":"ReadAction","target":["https:\/\/macite.tg\/?p=9970"]}]},{"@type":"ImageObject","inLanguage":"fr-FR","@id":"https:\/\/macite.tg\/?p=9970#primaryimage","url":"https:\/\/macite.tg\/wp-content\/uploads\/2023\/10\/Transport-public.jpg","contentUrl":"https:\/\/macite.tg\/wp-content\/uploads\/2023\/10\/Transport-public.jpg","width":300,"height":168},{"@type":"BreadcrumbList","@id":"https:\/\/macite.tg\/?p=9970#breadcrumb","itemListElement":[{"@type":"ListItem","position":1,"name":"Accueil","item":"https:\/\/macite.tg\/"},{"@type":"ListItem","position":2,"name":"TRANSPORT PUBLIC (TAXI, TAXI-MOTO, TRICYCLE)\u00a0: Encore deux ans pour se conformer"}]},{"@type":"WebSite","@id":"https:\/\/macite.tg\/#website","url":"https:\/\/macite.tg\/","name":"","description":"L&#039;information, la bonne!!!","potentialAction":[{"@type":"SearchAction","target":{"@type":"EntryPoint","urlTemplate":"https:\/\/macite.tg\/?s={search_term_string}"},"query-input":{"@type":"PropertyValueSpecification","valueRequired":true,"valueName":"search_term_string"}}],"inLanguage":"fr-FR"},{"@type":"Person","@id":"https:\/\/macite.tg\/#\/schema\/person\/e9f2de7e5dbbe7770a9402c7ce82f5c2","name":"Jean Pierre BAWELA","image":{"@type":"ImageObject","inLanguage":"fr-FR","@id":"https:\/\/macite.tg\/wp-content\/uploads\/2023\/09\/WhatsApp-Image-2023-09-19-at-14.44.41-122x122.jpeg","url":"https:\/\/macite.tg\/wp-content\/uploads\/2023\/09\/WhatsApp-Image-2023-09-19-at-14.44.41-122x122.jpeg","contentUrl":"https:\/\/macite.tg\/wp-content\/uploads\/2023\/09\/WhatsApp-Image-2023-09-19-at-14.44.41-122x122.jpeg","caption":"Jean Pierre BAWELA"},"url":"https:\/\/macite.tg\/?author=2"}]}},"_links":{"self":[{"href":"https:\/\/macite.tg\/index.php?rest_route=\/wp\/v2\/posts\/9970","targetHints":{"allow":["GET"]}}],"collection":[{"href":"https:\/\/macite.tg\/index.php?rest_route=\/wp\/v2\/posts"}],"about":[{"href":"https:\/\/macite.tg\/index.php?rest_route=\/wp\/v2\/types\/post"}],"author":[{"embeddable":true,"href":"https:\/\/macite.tg\/index.php?rest_route=\/wp\/v2\/users\/2"}],"replies":[{"embeddable":true,"href":"https:\/\/macite.tg\/index.php?rest_route=%2Fwp%2Fv2%2Fcomments&post=9970"}],"version-history":[{"count":0,"href":"https:\/\/macite.tg\/index.php?rest_route=\/wp\/v2\/posts\/9970\/revisions"}],"wp:featuredmedia":[{"embeddable":true,"href":"https:\/\/macite.tg\/index.php?rest_route=\/wp\/v2\/media\/9971"}],"wp:attachment":[{"href":"https:\/\/macite.tg\/index.php?rest_route=%2Fwp%2Fv2%2Fmedia&parent=9970"}],"wp:term":[{"taxonomy":"category","embeddable":true,"href":"https:\/\/macite.tg\/index.php?rest_route=%2Fwp%2Fv2%2Fcategories&post=9970"},{"taxonomy":"post_tag","embeddable":true,"href":"https:\/\/macite.tg\/index.php?rest_route=%2Fwp%2Fv2%2Ftags&post=9970"}],"curies":[{"name":"wp","href":"https:\/\/api.w.org\/{rel}","templated":true}]}}