{"id":9965,"date":"2023-10-27T09:39:59","date_gmt":"2023-10-27T09:39:59","guid":{"rendered":"https:\/\/macite.tg\/?p=9965"},"modified":"2023-10-27T09:40:18","modified_gmt":"2023-10-27T09:40:18","slug":"gouvernement-communique-du-conseil-des-ministres-du-26-octobre-2023","status":"publish","type":"post","link":"https:\/\/macite.tg\/?p=9965","title":{"rendered":"GOUVERNEMENT\u00a0: Communiqu\u00e9 du Conseil des ministres du 26 octobre 2023"},"content":{"rendered":"\n<p class=\"wp-block-paragraph\"><\/p>\n\n\n\n<p class=\"wp-block-paragraph\"><strong><em>1. Le Conseil des ministres s\u2019est r\u00e9uni ce jeudi 26 octobre 2023, sous la pr\u00e9sidence de Son Excellence Monsieur Faure Essozimna Gnassingb\u00e9, Pr\u00e9sident de la R\u00e9publique.<\/em><\/strong><\/p>\n\n\n\n<p class=\"wp-block-paragraph\"><strong><em>2. Le Conseil des ministres a examin\u00e9 un (01) projet de loi, un (01) projet de d\u00e9cret et \u00e9cout\u00e9 quatre (04) communications.<\/em><\/strong><\/p>\n\n\n\n<p class=\"wp-block-paragraph\"><strong>I. Au titre des projets de loi,<\/strong><\/p>\n\n\n\n<p class=\"wp-block-paragraph\">3. Le Conseil des ministres a examin\u00e9 et adopt\u00e9 un projet de loi portant protection du droit d\u2019auteur, des droits voisins et des expressions du folklore.<\/p>\n\n\n\n<p class=\"wp-block-paragraph\">4. La protection de la propri\u00e9t\u00e9 litt\u00e9raire et artistique dans notre pays est r\u00e9gie par la loi n\u00b0 91-12 du 10 juin 1991 portant protection du droit d\u2019auteur, du folklore et des droits voisins. Depuis son adoption, d\u2019importantes \u00e9volutions sont survenues au plan communautaire et international.<\/p>\n\n\n\n<p class=\"wp-block-paragraph\">5. Dans l\u2019espace Uemoa, deux directives sont prises, portant respectivement harmonisation des dispositions relatives aux droits d\u2019auteurs et aux droits voisins et harmonisation des dispositions relatives au droit \u00e0 r\u00e9mun\u00e9ration pour copie priv\u00e9e au sein des \u00c9tats membres.<\/p>\n\n\n<div class=\"wp-block-image\">\n<figure class=\"aligncenter size-full is-resized\"><img loading=\"lazy\" decoding=\"async\" src=\"https:\/\/macite.tg\/wp-content\/uploads\/2023\/10\/Vente-30-Octobre.jpg\" alt=\"\" class=\"wp-image-9962\" width=\"594\" height=\"594\" srcset=\"https:\/\/macite.tg\/wp-content\/uploads\/2023\/10\/Vente-30-Octobre.jpg 680w, https:\/\/macite.tg\/wp-content\/uploads\/2023\/10\/Vente-30-Octobre-300x300.jpg 300w, https:\/\/macite.tg\/wp-content\/uploads\/2023\/10\/Vente-30-Octobre-150x150.jpg 150w, https:\/\/macite.tg\/wp-content\/uploads\/2023\/10\/Vente-30-Octobre-122x122.jpg 122w\" sizes=\"auto, (max-width: 594px) 100vw, 594px\" \/><\/figure>\n<\/div>\n\n\n<p class=\"wp-block-paragraph\">6. Au plan international, le trait\u00e9 de l\u2019organisation mondiale de la propri\u00e9t\u00e9 intellectuelle sur la protection des \u0153uvres dans l\u2019environnement num\u00e9rique int\u00e8gre aux dispositifs de protection du droit d\u2019auteur les cr\u00e9ations num\u00e9riques et les nouveaux modes d\u2019exploitation en mati\u00e8re digitale.<\/p>\n\n\n\n<p class=\"wp-block-paragraph\">7. La l\u00e9gislation nationale pr\u00e9sentait, apr\u00e8s trois d\u00e9cennies de mise en \u0153uvre, des insuffisances et des inad\u00e9quations auxquelles il importait de r\u00e9pondre en vue de consolider les droits existants et de tenir compte des exigences des accords internationaux ratifi\u00e9s par le Togo.<\/p>\n\n\n\n<p class=\"wp-block-paragraph\">8. Le projet de loi int\u00e8gre les nouveaux droits reconnus aux cr\u00e9ateurs d\u2019\u0153uvres et aux artistes par les instruments internationaux et communautaires, tels que le rallongement de la dur\u00e9e de protection des \u0153uvres de l\u2019esprit de 50 \u00e0 70 ans, la r\u00e9mun\u00e9ration pour copie priv\u00e9e et la perception des droits de reproduction par reprographie, qui permettra de r\u00e9mun\u00e9rer les auteurs \u00e9crivains et les \u00e9diteurs des \u0153uvres litt\u00e9raires.<\/p>\n\n\n\n<p class=\"wp-block-paragraph\">9. L\u2019adoption de la loi portant protection du droit d\u2019auteur, des droits voisins et des expressions du folklore permettra de mieux prot\u00e9ger les droits patrimoniaux des cr\u00e9ateurs et artistes togolais et de contribuer ainsi au d\u00e9veloppement des industries culturelles et cr\u00e9atives.<\/p>\n\n\n<div class=\"wp-block-image\">\n<figure class=\"aligncenter size-large is-resized\"><img loading=\"lazy\" decoding=\"async\" src=\"https:\/\/macite.tg\/wp-content\/uploads\/2023\/10\/WhatsApp-Image-2023-10-09-at-17.28.15-1-2-1024x1024.jpeg\" alt=\"\" class=\"wp-image-9759\" width=\"577\" height=\"577\" srcset=\"https:\/\/macite.tg\/wp-content\/uploads\/2023\/10\/WhatsApp-Image-2023-10-09-at-17.28.15-1-2-1024x1024.jpeg 1024w, https:\/\/macite.tg\/wp-content\/uploads\/2023\/10\/WhatsApp-Image-2023-10-09-at-17.28.15-1-2-300x300.jpeg 300w, https:\/\/macite.tg\/wp-content\/uploads\/2023\/10\/WhatsApp-Image-2023-10-09-at-17.28.15-1-2-150x150.jpeg 150w, https:\/\/macite.tg\/wp-content\/uploads\/2023\/10\/WhatsApp-Image-2023-10-09-at-17.28.15-1-2-768x768.jpeg 768w, https:\/\/macite.tg\/wp-content\/uploads\/2023\/10\/WhatsApp-Image-2023-10-09-at-17.28.15-1-2-122x122.jpeg 122w, https:\/\/macite.tg\/wp-content\/uploads\/2023\/10\/WhatsApp-Image-2023-10-09-at-17.28.15-1-2.jpeg 1280w\" sizes=\"auto, (max-width: 577px) 100vw, 577px\" \/><\/figure>\n<\/div>\n\n\n<p class=\"wp-block-paragraph\"><strong>II. Au titre des projets de d\u00e9cret,<\/strong><\/p>\n\n\n\n<p class=\"wp-block-paragraph\">10. Le Conseil des ministres a examin\u00e9 et adopt\u00e9 un d\u00e9cret portant cr\u00e9ation, attributions, organisation et fonctionnement de l\u2019office national des aires prot\u00e9g\u00e9es (Onap).<\/p>\n\n\n\n<p class=\"wp-block-paragraph\">11. L\u2019audit institutionnel de la gestion des ressources naturelles dans notre pays a relev\u00e9 la n\u00e9cessit\u00e9 de confier la gestion des aires prot\u00e9g\u00e9es nationales \u00e0 une structure autonome pour une meilleure efficacit\u00e9 des interventions.<\/p>\n\n\n\n<p class=\"wp-block-paragraph\">12. Dans cette optique, ce d\u00e9cret met en place et organise l\u2019office national des aires prot\u00e9g\u00e9es, \u00e9tablissement public \u00e0 caract\u00e8re administratif, dot\u00e9 de l\u2019autonomie de gestion administrative et financi\u00e8re.<\/p>\n\n\n\n<p class=\"wp-block-paragraph\">13. Plac\u00e9 sous la tutelle technique du minist\u00e8re charg\u00e9 des aires prot\u00e9g\u00e9es et la tutelle financi\u00e8re du minist\u00e8re charg\u00e9 des finances, l\u2019office national des aires prot\u00e9g\u00e9es travaillera \u00e0 la d\u00e9finition d\u2019une vision strat\u00e9gique et financi\u00e8re sur le long terme, dans un cadre budg\u00e9taire coh\u00e9rent.<\/p>\n\n\n\n<p class=\"wp-block-paragraph\">14. L\u2019office national des aires prot\u00e9g\u00e9es aura notamment pour mission de mettre en \u0153uvre la politique foresti\u00e8re nationale en mati\u00e8re de gestion durable des parcs nationaux, des r\u00e9serves de faune, des r\u00e9serves de gestion des habitats et des esp\u00e8ces, des zones de gestion des ressources naturelles, des zones d\u2019int\u00e9r\u00eat cyn\u00e9g\u00e9tique et des jardins zoo-botaniques.<\/p>\n\n\n\n<p class=\"wp-block-paragraph\">15. Il permettra un meilleur portage des projets et programmes d\u2019appui au d\u00e9veloppement des populations riveraines des aires prot\u00e9g\u00e9es, et l\u2019animation d\u2019un cadre d\u2019\u00e9changes favorable \u00e0 une gestion participative des aires prot\u00e9g\u00e9es par les populations et le gouvernement.<\/p>\n\n\n\n<p class=\"wp-block-paragraph\">16. L\u2019office national des aires prot\u00e9g\u00e9es va, d\u2019une part, assurer une meilleure coordination des interventions, garantir la durabilit\u00e9 des diff\u00e9rentes r\u00e9alisations, et d\u2019autre part, faciliter la mobilisation des ressources humaines, mat\u00e9rielles et financi\u00e8res appropri\u00e9es pour remplir les missions essentielles de gestion des aires prot\u00e9g\u00e9es.<\/p>\n\n\n\n<p class=\"wp-block-paragraph\"><strong>III. Au titre des communications,<\/strong><\/p>\n\n\n\n<p class=\"wp-block-paragraph\">17. Le Conseil des ministres a \u00e9cout\u00e9 une premi\u00e8re communication relative \u00e0 l\u2019organisation, les 15 et les 16 novembre 2023, de la 3\u00e8me \u00e9dition de l\u2019Africa Financial Industry Summit (Afis 2023) \/ Sommet de l\u2019Industrie financi\u00e8re africaine \u00e0 Lom\u00e9, pr\u00e9sent\u00e9e par Madame le Premier ministre.<\/p>\n\n\n\n<p class=\"wp-block-paragraph\">18. Environ 1000 personnalit\u00e9s du monde de la finance sont attendues \u00e0 Lom\u00e9 pour ce sommet qui offre un cadre d\u2019\u00e9changes de tr\u00e8s haut niveau pour \u00e9laborer des solutions aux d\u00e9fis du secteur financier, afin de construire une industrie panafricaine des services financiers plus inclusive, plus robuste, plus durable.<\/p>\n\n\n\n<p class=\"wp-block-paragraph\">19. Le Pr\u00e9sident de la R\u00e9publique a requis l\u2019implication de tous les membres du gouvernement pour assurer le plein succ\u00e8s de l\u2019\u00e9v\u00e8nement.<\/p>\n\n\n\n<p class=\"wp-block-paragraph\">20. Le Conseil des ministres a \u00e9cout\u00e9 une deuxi\u00e8me communication relative au sch\u00e9ma directeur d\u2019am\u00e9nagement et d\u2019urbanisme du grand Lom\u00e9, pr\u00e9sent\u00e9e par le ministre d\u2019\u00c9tat, ministre de l\u2019urbanisme, de l\u2019habitat et de la r\u00e9forme fonci\u00e8re.<\/p>\n\n\n\n<p class=\"wp-block-paragraph\">21. La ville de Lom\u00e9 conna\u00eet depuis plusieurs ann\u00e9es une forte expansion et une importante dynamique d\u00e9mographique qui rendent n\u00e9cessaire l\u2019actualisation de son sch\u00e9ma directeur d\u2019am\u00e9nagement et d\u2019urbanisme.<\/p>\n\n\n\n<p class=\"wp-block-paragraph\">22. Le nouveau sch\u00e9ma directeur d\u2019am\u00e9nagement et d\u2019urbanisme du Grand Lom\u00e9 sera finalis\u00e9 et examin\u00e9 pour r\u00e9glementer l\u2019occupation spatiale, rem\u00e9dier aux d\u00e9s\u00e9quilibres structurels et permettre un d\u00e9veloppement harmonieux du territoire.<\/p>\n\n\n\n<p class=\"wp-block-paragraph\">23. Le Conseil des ministres a \u00e9cout\u00e9 une troisi\u00e8me communication relative au sch\u00e9ma directeur d\u2019am\u00e9nagement du littoral (Sdal), pr\u00e9sent\u00e9e par le ministre de l\u2019\u00e9conomie maritime, de la p\u00eache et de la protection c\u00f4ti\u00e8re.<\/p>\n\n\n\n<p class=\"wp-block-paragraph\">24. Pr\u00e9vu par la loi n\u00b02021-011 du 25 mai 2021 relative \u00e0 l\u2019am\u00e9nagement, \u00e0 la protection et \u00e0 la mise en valeur du littoral, le sch\u00e9ma directeur d\u2019am\u00e9nagement du littoral (Sdal) doit \u00eatre fond\u00e9 sur des donn\u00e9es scientifiques et adopter une approche de gestion int\u00e9gr\u00e9e de l\u2019\u00e9cosyst\u00e8me.<\/p>\n\n\n\n<p class=\"wp-block-paragraph\">25. L\u2019adoption prochaine du sch\u00e9ma directeur d\u2019am\u00e9nagement du littoral permettra une meilleure rationalisation de l\u2019espace et une bonne ex\u00e9cution des projets de d\u00e9veloppement, afin de r\u00e9pondre aux d\u00e9fis de la mont\u00e9e des eaux li\u00e9e aux changements climatiques.<\/p>\n\n\n\n<p class=\"wp-block-paragraph\">26. Le Conseil des ministres a \u00e9cout\u00e9 une quatri\u00e8me communication relative aux dispositions prises pour la campagne de commercialisation 2023-2024 du soja graine et de ses produits d\u00e9riv\u00e9s, pr\u00e9sent\u00e9e conjointement par le ministre du commerce, de l\u2019artisanat et de la consommation locale et le ministre de l\u2019agriculture, de l\u2019\u00e9levage et du d\u00e9veloppement rural.<\/p>\n\n\n<div class=\"wp-block-image\">\n<figure class=\"aligncenter size-large\"><img loading=\"lazy\" decoding=\"async\" width=\"706\" height=\"1024\" src=\"https:\/\/macite.tg\/wp-content\/uploads\/2023\/10\/status_me_status_IMG-20231019-WA0057-706x1024.jpg\" alt=\"\" class=\"wp-image-9758\" srcset=\"https:\/\/macite.tg\/wp-content\/uploads\/2023\/10\/status_me_status_IMG-20231019-WA0057-706x1024.jpg 706w, https:\/\/macite.tg\/wp-content\/uploads\/2023\/10\/status_me_status_IMG-20231019-WA0057-207x300.jpg 207w, https:\/\/macite.tg\/wp-content\/uploads\/2023\/10\/status_me_status_IMG-20231019-WA0057.jpg 720w\" sizes=\"auto, (max-width: 706px) 100vw, 706px\" \/><\/figure>\n<\/div>\n\n\n<p class=\"wp-block-paragraph\">27. La fili\u00e8re soja est l\u2019une des fili\u00e8res porteuses identifi\u00e9es dans le cadre de la mise en \u0153uvre de la feuille de route gouvernementale, compte tenu de son potentiel pour le d\u00e9veloppement de l\u2019agro-industrie et l\u2019am\u00e9lioration des revenus des producteurs. Le Togo consolide depuis plusieurs ann\u00e9es sa position de premier pays exportateur de soja biologique vers l\u2019Union europ\u00e9enne.<\/p>\n\n\n\n<p class=\"wp-block-paragraph\">28. Au d\u00e9marrage de la campagne de commercialisation 2023-2024, un communiqu\u00e9 conjoint des ministres charg\u00e9s du commerce et de l\u2019agriculture a donn\u00e9 les orientations g\u00e9n\u00e9rales du gouvernement visant \u00e0 assurer aux acteurs de la fili\u00e8re une campagne favorable.<\/p>\n\n\n\n<p class=\"wp-block-paragraph\">29. Le Pr\u00e9sident de la R\u00e9publique a instruit le gouvernement de mettre un accent particulier sur les mesures visant le renforcement de la tra\u00e7abilit\u00e9 et la facilitation de l\u2019acc\u00e8s \u00e0 la certification du soja biologique et de ses produits d\u00e9riv\u00e9s.<\/p>\n\n\n\n<p class=\"wp-block-paragraph\"><strong><em>Fait \u00e0 Lom\u00e9, le 26 octobre 2023<\/em><\/strong><\/p>\n\n\n\n<p class=\"wp-block-paragraph\"><strong><em>Le Conseil des ministres<\/em><\/strong><\/p>\n\n\n\n<p class=\"wp-block-paragraph\"><strong><em>@macite.tg&nbsp;&nbsp;&nbsp;&nbsp;&nbsp;&nbsp;&nbsp;&nbsp;<\/em><\/strong><\/p>\n\n\n\n<p class=\"wp-block-paragraph\"><strong><em>E-mail&nbsp;: <\/em><\/strong><a href=\"mailto:maciteinfo@gmail.com\"><strong><em>maciteinfo@gmail.com<\/em><\/strong><\/a><strong><em>; <\/em><\/strong><a href=\"mailto:bawela1@gmail.com\"><strong><em>bawela1@gmail.com<\/em><\/strong><\/a><strong><em><\/em><\/strong><\/p>\n\n\n\n<p class=\"wp-block-paragraph\"><strong><em>Pour vos annonces, (publi)reportages, etc., joignez nous au (00228)91515309\/<strong>79872224 <\/strong>www.macite.tg, L\u2019information, la bonne&nbsp;!<\/em><\/strong><\/p>\n","protected":false},"excerpt":{"rendered":"<p class=\"text-justify mb-2\" >1. Le Conseil des ministres s\u2019est r\u00e9uni ce jeudi 26 octobre 2023, sous la pr\u00e9sidence de Son Excellence Monsieur Faure Essozimna Gnassingb\u00e9, Pr\u00e9sident de la R\u00e9publique. 2. Le Conseil des ministres a examin\u00e9 un (01) projet de loi, un (01) projet de d\u00e9cret et \u00e9cout\u00e9 [&hellip;]<\/p>\n","protected":false},"author":2,"featured_media":9968,"comment_status":"open","ping_status":"open","sticky":false,"template":"","format":"standard","meta":{"footnotes":""},"categories":[20,1],"tags":[],"class_list":["post-9965","post","type-post","status-publish","format-standard","has-post-thumbnail","hentry","category-actualite","category-politique"],"yoast_head":"<!-- This site is optimized with the Yoast SEO plugin v28.4 - https:\/\/yoast.com\/product\/yoast-seo-wordpress\/ -->\n<title>GOUVERNEMENT\u00a0: Communiqu\u00e9 du Conseil des ministres du 26 octobre 2023 -<\/title>\n<meta name=\"robots\" content=\"index, follow, max-snippet:-1, max-image-preview:large, max-video-preview:-1\" \/>\n<link rel=\"canonical\" href=\"https:\/\/macite.tg\/?p=9965\" \/>\n<meta property=\"og:locale\" content=\"fr_FR\" \/>\n<meta property=\"og:type\" content=\"article\" \/>\n<meta property=\"og:title\" content=\"GOUVERNEMENT\u00a0: Communiqu\u00e9 du Conseil des ministres du 26 octobre 2023 -\" \/>\n<meta property=\"og:description\" content=\"1. Le Conseil des ministres s\u2019est r\u00e9uni ce jeudi 26 octobre 2023, sous la pr\u00e9sidence de Son Excellence Monsieur Faure Essozimna Gnassingb\u00e9, Pr\u00e9sident de la R\u00e9publique. 2. Le Conseil des ministres a examin\u00e9 un (01) projet de loi, un (01) projet de d\u00e9cret et \u00e9cout\u00e9 [&hellip;]\" \/>\n<meta property=\"og:url\" content=\"https:\/\/macite.tg\/?p=9965\" \/>\n<meta property=\"article:published_time\" content=\"2023-10-27T09:39:59+00:00\" \/>\n<meta property=\"article:modified_time\" content=\"2023-10-27T09:40:18+00:00\" \/>\n<meta property=\"og:image\" content=\"https:\/\/macite.tg\/wp-content\/uploads\/2023\/10\/71bbeaed40c8fb51512ac1a4fc09992e_S.jpg\" \/>\n\t<meta property=\"og:image:width\" content=\"290\" \/>\n\t<meta property=\"og:image:height\" content=\"218\" \/>\n\t<meta property=\"og:image:type\" content=\"image\/jpeg\" \/>\n<meta name=\"author\" content=\"Jean Pierre BAWELA\" \/>\n<meta name=\"twitter:card\" content=\"summary_large_image\" \/>\n<meta name=\"twitter:label1\" content=\"\u00c9crit par\" \/>\n\t<meta name=\"twitter:data1\" content=\"Jean Pierre BAWELA\" \/>\n\t<meta name=\"twitter:label2\" content=\"Dur\u00e9e de lecture estim\u00e9e\" \/>\n\t<meta name=\"twitter:data2\" content=\"7 minutes\" \/>\n<script type=\"application\/ld+json\" class=\"yoast-schema-graph\">{\"@context\":\"https:\\\/\\\/schema.org\",\"@graph\":[{\"@type\":\"Article\",\"@id\":\"https:\\\/\\\/macite.tg\\\/?p=9965#article\",\"isPartOf\":{\"@id\":\"https:\\\/\\\/macite.tg\\\/?p=9965\"},\"author\":{\"name\":\"Jean Pierre BAWELA\",\"@id\":\"https:\\\/\\\/macite.tg\\\/#\\\/schema\\\/person\\\/e9f2de7e5dbbe7770a9402c7ce82f5c2\"},\"headline\":\"GOUVERNEMENT\u00a0: Communiqu\u00e9 du Conseil des ministres du 26 octobre 2023\",\"datePublished\":\"2023-10-27T09:39:59+00:00\",\"dateModified\":\"2023-10-27T09:40:18+00:00\",\"mainEntityOfPage\":{\"@id\":\"https:\\\/\\\/macite.tg\\\/?p=9965\"},\"wordCount\":1370,\"commentCount\":0,\"image\":{\"@id\":\"https:\\\/\\\/macite.tg\\\/?p=9965#primaryimage\"},\"thumbnailUrl\":\"https:\\\/\\\/macite.tg\\\/wp-content\\\/uploads\\\/2023\\\/10\\\/71bbeaed40c8fb51512ac1a4fc09992e_S.jpg\",\"articleSection\":[\"ACTUALITE\",\"POLITIQUE\"],\"inLanguage\":\"fr-FR\",\"potentialAction\":[{\"@type\":\"CommentAction\",\"name\":\"Comment\",\"target\":[\"https:\\\/\\\/macite.tg\\\/?p=9965#respond\"]}]},{\"@type\":\"WebPage\",\"@id\":\"https:\\\/\\\/macite.tg\\\/?p=9965\",\"url\":\"https:\\\/\\\/macite.tg\\\/?p=9965\",\"name\":\"GOUVERNEMENT\u00a0: Communiqu\u00e9 du Conseil des ministres du 26 octobre 2023 -\",\"isPartOf\":{\"@id\":\"https:\\\/\\\/macite.tg\\\/#website\"},\"primaryImageOfPage\":{\"@id\":\"https:\\\/\\\/macite.tg\\\/?p=9965#primaryimage\"},\"image\":{\"@id\":\"https:\\\/\\\/macite.tg\\\/?p=9965#primaryimage\"},\"thumbnailUrl\":\"https:\\\/\\\/macite.tg\\\/wp-content\\\/uploads\\\/2023\\\/10\\\/71bbeaed40c8fb51512ac1a4fc09992e_S.jpg\",\"datePublished\":\"2023-10-27T09:39:59+00:00\",\"dateModified\":\"2023-10-27T09:40:18+00:00\",\"author\":{\"@id\":\"https:\\\/\\\/macite.tg\\\/#\\\/schema\\\/person\\\/e9f2de7e5dbbe7770a9402c7ce82f5c2\"},\"breadcrumb\":{\"@id\":\"https:\\\/\\\/macite.tg\\\/?p=9965#breadcrumb\"},\"inLanguage\":\"fr-FR\",\"potentialAction\":[{\"@type\":\"ReadAction\",\"target\":[\"https:\\\/\\\/macite.tg\\\/?p=9965\"]}]},{\"@type\":\"ImageObject\",\"inLanguage\":\"fr-FR\",\"@id\":\"https:\\\/\\\/macite.tg\\\/?p=9965#primaryimage\",\"url\":\"https:\\\/\\\/macite.tg\\\/wp-content\\\/uploads\\\/2023\\\/10\\\/71bbeaed40c8fb51512ac1a4fc09992e_S.jpg\",\"contentUrl\":\"https:\\\/\\\/macite.tg\\\/wp-content\\\/uploads\\\/2023\\\/10\\\/71bbeaed40c8fb51512ac1a4fc09992e_S.jpg\",\"width\":290,\"height\":218},{\"@type\":\"BreadcrumbList\",\"@id\":\"https:\\\/\\\/macite.tg\\\/?p=9965#breadcrumb\",\"itemListElement\":[{\"@type\":\"ListItem\",\"position\":1,\"name\":\"Accueil\",\"item\":\"https:\\\/\\\/macite.tg\\\/\"},{\"@type\":\"ListItem\",\"position\":2,\"name\":\"GOUVERNEMENT\u00a0: Communiqu\u00e9 du Conseil des ministres du 26 octobre 2023\"}]},{\"@type\":\"WebSite\",\"@id\":\"https:\\\/\\\/macite.tg\\\/#website\",\"url\":\"https:\\\/\\\/macite.tg\\\/\",\"name\":\"\",\"description\":\"L&#039;information, la bonne!!!\",\"potentialAction\":[{\"@type\":\"SearchAction\",\"target\":{\"@type\":\"EntryPoint\",\"urlTemplate\":\"https:\\\/\\\/macite.tg\\\/?s={search_term_string}\"},\"query-input\":{\"@type\":\"PropertyValueSpecification\",\"valueRequired\":true,\"valueName\":\"search_term_string\"}}],\"inLanguage\":\"fr-FR\"},{\"@type\":\"Person\",\"@id\":\"https:\\\/\\\/macite.tg\\\/#\\\/schema\\\/person\\\/e9f2de7e5dbbe7770a9402c7ce82f5c2\",\"name\":\"Jean Pierre BAWELA\",\"image\":{\"@type\":\"ImageObject\",\"inLanguage\":\"fr-FR\",\"@id\":\"https:\\\/\\\/macite.tg\\\/wp-content\\\/uploads\\\/2023\\\/09\\\/WhatsApp-Image-2023-09-19-at-14.44.41-122x122.jpeg\",\"url\":\"https:\\\/\\\/macite.tg\\\/wp-content\\\/uploads\\\/2023\\\/09\\\/WhatsApp-Image-2023-09-19-at-14.44.41-122x122.jpeg\",\"contentUrl\":\"https:\\\/\\\/macite.tg\\\/wp-content\\\/uploads\\\/2023\\\/09\\\/WhatsApp-Image-2023-09-19-at-14.44.41-122x122.jpeg\",\"caption\":\"Jean Pierre BAWELA\"},\"url\":\"https:\\\/\\\/macite.tg\\\/?author=2\"}]}<\/script>\n<!-- \/ Yoast SEO plugin. -->","yoast_head_json":{"title":"GOUVERNEMENT\u00a0: Communiqu\u00e9 du Conseil des ministres du 26 octobre 2023 -","robots":{"index":"index","follow":"follow","max-snippet":"max-snippet:-1","max-image-preview":"max-image-preview:large","max-video-preview":"max-video-preview:-1"},"canonical":"https:\/\/macite.tg\/?p=9965","og_locale":"fr_FR","og_type":"article","og_title":"GOUVERNEMENT\u00a0: Communiqu\u00e9 du Conseil des ministres du 26 octobre 2023 -","og_description":"1. Le Conseil des ministres s\u2019est r\u00e9uni ce jeudi 26 octobre 2023, sous la pr\u00e9sidence de Son Excellence Monsieur Faure Essozimna Gnassingb\u00e9, Pr\u00e9sident de la R\u00e9publique. 2. Le Conseil des ministres a examin\u00e9 un (01) projet de loi, un (01) projet de d\u00e9cret et \u00e9cout\u00e9 [&hellip;]","og_url":"https:\/\/macite.tg\/?p=9965","article_published_time":"2023-10-27T09:39:59+00:00","article_modified_time":"2023-10-27T09:40:18+00:00","og_image":[{"width":290,"height":218,"url":"https:\/\/macite.tg\/wp-content\/uploads\/2023\/10\/71bbeaed40c8fb51512ac1a4fc09992e_S.jpg","type":"image\/jpeg"}],"author":"Jean Pierre BAWELA","twitter_card":"summary_large_image","twitter_misc":{"\u00c9crit par":"Jean Pierre BAWELA","Dur\u00e9e de lecture estim\u00e9e":"7 minutes"},"schema":{"@context":"https:\/\/schema.org","@graph":[{"@type":"Article","@id":"https:\/\/macite.tg\/?p=9965#article","isPartOf":{"@id":"https:\/\/macite.tg\/?p=9965"},"author":{"name":"Jean Pierre BAWELA","@id":"https:\/\/macite.tg\/#\/schema\/person\/e9f2de7e5dbbe7770a9402c7ce82f5c2"},"headline":"GOUVERNEMENT\u00a0: Communiqu\u00e9 du Conseil des ministres du 26 octobre 2023","datePublished":"2023-10-27T09:39:59+00:00","dateModified":"2023-10-27T09:40:18+00:00","mainEntityOfPage":{"@id":"https:\/\/macite.tg\/?p=9965"},"wordCount":1370,"commentCount":0,"image":{"@id":"https:\/\/macite.tg\/?p=9965#primaryimage"},"thumbnailUrl":"https:\/\/macite.tg\/wp-content\/uploads\/2023\/10\/71bbeaed40c8fb51512ac1a4fc09992e_S.jpg","articleSection":["ACTUALITE","POLITIQUE"],"inLanguage":"fr-FR","potentialAction":[{"@type":"CommentAction","name":"Comment","target":["https:\/\/macite.tg\/?p=9965#respond"]}]},{"@type":"WebPage","@id":"https:\/\/macite.tg\/?p=9965","url":"https:\/\/macite.tg\/?p=9965","name":"GOUVERNEMENT\u00a0: Communiqu\u00e9 du Conseil des ministres du 26 octobre 2023 -","isPartOf":{"@id":"https:\/\/macite.tg\/#website"},"primaryImageOfPage":{"@id":"https:\/\/macite.tg\/?p=9965#primaryimage"},"image":{"@id":"https:\/\/macite.tg\/?p=9965#primaryimage"},"thumbnailUrl":"https:\/\/macite.tg\/wp-content\/uploads\/2023\/10\/71bbeaed40c8fb51512ac1a4fc09992e_S.jpg","datePublished":"2023-10-27T09:39:59+00:00","dateModified":"2023-10-27T09:40:18+00:00","author":{"@id":"https:\/\/macite.tg\/#\/schema\/person\/e9f2de7e5dbbe7770a9402c7ce82f5c2"},"breadcrumb":{"@id":"https:\/\/macite.tg\/?p=9965#breadcrumb"},"inLanguage":"fr-FR","potentialAction":[{"@type":"ReadAction","target":["https:\/\/macite.tg\/?p=9965"]}]},{"@type":"ImageObject","inLanguage":"fr-FR","@id":"https:\/\/macite.tg\/?p=9965#primaryimage","url":"https:\/\/macite.tg\/wp-content\/uploads\/2023\/10\/71bbeaed40c8fb51512ac1a4fc09992e_S.jpg","contentUrl":"https:\/\/macite.tg\/wp-content\/uploads\/2023\/10\/71bbeaed40c8fb51512ac1a4fc09992e_S.jpg","width":290,"height":218},{"@type":"BreadcrumbList","@id":"https:\/\/macite.tg\/?p=9965#breadcrumb","itemListElement":[{"@type":"ListItem","position":1,"name":"Accueil","item":"https:\/\/macite.tg\/"},{"@type":"ListItem","position":2,"name":"GOUVERNEMENT\u00a0: Communiqu\u00e9 du Conseil des ministres du 26 octobre 2023"}]},{"@type":"WebSite","@id":"https:\/\/macite.tg\/#website","url":"https:\/\/macite.tg\/","name":"","description":"L&#039;information, la bonne!!!","potentialAction":[{"@type":"SearchAction","target":{"@type":"EntryPoint","urlTemplate":"https:\/\/macite.tg\/?s={search_term_string}"},"query-input":{"@type":"PropertyValueSpecification","valueRequired":true,"valueName":"search_term_string"}}],"inLanguage":"fr-FR"},{"@type":"Person","@id":"https:\/\/macite.tg\/#\/schema\/person\/e9f2de7e5dbbe7770a9402c7ce82f5c2","name":"Jean Pierre BAWELA","image":{"@type":"ImageObject","inLanguage":"fr-FR","@id":"https:\/\/macite.tg\/wp-content\/uploads\/2023\/09\/WhatsApp-Image-2023-09-19-at-14.44.41-122x122.jpeg","url":"https:\/\/macite.tg\/wp-content\/uploads\/2023\/09\/WhatsApp-Image-2023-09-19-at-14.44.41-122x122.jpeg","contentUrl":"https:\/\/macite.tg\/wp-content\/uploads\/2023\/09\/WhatsApp-Image-2023-09-19-at-14.44.41-122x122.jpeg","caption":"Jean Pierre BAWELA"},"url":"https:\/\/macite.tg\/?author=2"}]}},"_links":{"self":[{"href":"https:\/\/macite.tg\/index.php?rest_route=\/wp\/v2\/posts\/9965","targetHints":{"allow":["GET"]}}],"collection":[{"href":"https:\/\/macite.tg\/index.php?rest_route=\/wp\/v2\/posts"}],"about":[{"href":"https:\/\/macite.tg\/index.php?rest_route=\/wp\/v2\/types\/post"}],"author":[{"embeddable":true,"href":"https:\/\/macite.tg\/index.php?rest_route=\/wp\/v2\/users\/2"}],"replies":[{"embeddable":true,"href":"https:\/\/macite.tg\/index.php?rest_route=%2Fwp%2Fv2%2Fcomments&post=9965"}],"version-history":[{"count":0,"href":"https:\/\/macite.tg\/index.php?rest_route=\/wp\/v2\/posts\/9965\/revisions"}],"wp:featuredmedia":[{"embeddable":true,"href":"https:\/\/macite.tg\/index.php?rest_route=\/wp\/v2\/media\/9968"}],"wp:attachment":[{"href":"https:\/\/macite.tg\/index.php?rest_route=%2Fwp%2Fv2%2Fmedia&parent=9965"}],"wp:term":[{"taxonomy":"category","embeddable":true,"href":"https:\/\/macite.tg\/index.php?rest_route=%2Fwp%2Fv2%2Fcategories&post=9965"},{"taxonomy":"post_tag","embeddable":true,"href":"https:\/\/macite.tg\/index.php?rest_route=%2Fwp%2Fv2%2Ftags&post=9965"}],"curies":[{"name":"wp","href":"https:\/\/api.w.org\/{rel}","templated":true}]}}