{"id":9964,"date":"2023-10-27T09:35:07","date_gmt":"2023-10-27T09:35:07","guid":{"rendered":"https:\/\/macite.tg\/?p=9964"},"modified":"2023-10-27T09:35:10","modified_gmt":"2023-10-27T09:35:10","slug":"conseil-des-ministres-du-26-octobre-protection-des-droits-patrimoniaux-meilleure-gestion-des-ressources-naturelles","status":"publish","type":"post","link":"https:\/\/macite.tg\/?p=9964","title":{"rendered":"CONSEIL DES MINISTRES DU 26 OCTOBRE\u00a0: Protection des droits patrimoniaux, meilleure gestion des ressources naturelles, \u2026"},"content":{"rendered":"\n<p class=\"wp-block-paragraph\"><\/p>\n\n\n\n<p class=\"wp-block-paragraph\"><em><strong>Le Pr\u00e9sident de la R\u00e9publique, Faure Essozimna Gnassingb\u00e9 a pr\u00e9sid\u00e9, hier jeudi 26 octobre, le Conseil des ministres. Au menu des travaux, un projet de loi, un projet de d\u00e9cret, et quatre communications \u00e9cout\u00e9es.<\/strong><\/em><\/p>\n\n\n\n<p class=\"wp-block-paragraph\"><em>Le projet de loi relatif \u00e0 la protection du droit d\u2019auteur, des droits voisins et des expressions du folklore. Il s\u2019agit, pour l\u2019ex\u00e9cutif, d\u2019int\u00e9grer \u00ab&nbsp;<\/em><em>les nouveaux droits reconnus aux cr\u00e9ateurs d\u2019\u0153uvres et aux artistes par les instruments internationaux et communautaires, tels que le rallongement de la dur\u00e9e de protection des \u0153uvres de l\u2019esprit de 50 \u00e0 70 ans, la r\u00e9mun\u00e9ration pour copie priv\u00e9e et la perception des droits de reproduction par reprographie, qui permettra de r\u00e9mun\u00e9rer les auteurs \u00e9crivains et les \u00e9diteurs des \u0153uvres litt\u00e9raires&nbsp;\u00bb.<\/em><\/p>\n\n\n<div class=\"wp-block-image\">\n<figure class=\"aligncenter size-full is-resized\"><img loading=\"lazy\" decoding=\"async\" src=\"https:\/\/macite.tg\/wp-content\/uploads\/2023\/10\/Vente-30-Octobre.jpg\" alt=\"\" class=\"wp-image-9962\" width=\"560\" height=\"560\" srcset=\"https:\/\/macite.tg\/wp-content\/uploads\/2023\/10\/Vente-30-Octobre.jpg 680w, https:\/\/macite.tg\/wp-content\/uploads\/2023\/10\/Vente-30-Octobre-300x300.jpg 300w, https:\/\/macite.tg\/wp-content\/uploads\/2023\/10\/Vente-30-Octobre-150x150.jpg 150w, https:\/\/macite.tg\/wp-content\/uploads\/2023\/10\/Vente-30-Octobre-122x122.jpg 122w\" sizes=\"auto, (max-width: 560px) 100vw, 560px\" \/><\/figure>\n<\/div>\n\n\n<p class=\"wp-block-paragraph\">Ce nouveau projet de loi permettra ainsi de <em>\u00ab mieux prot\u00e9ger les droits patrimoniaux des cr\u00e9ateurs et artistes togolais et de contribuer ainsi au d\u00e9veloppement des industries culturelles et cr\u00e9atives&nbsp;\u00bb.<\/em><\/p>\n\n\n\n<p class=\"wp-block-paragraph\">Le <em>projet de d\u00e9cret, quant \u00e0 lui, porte cr\u00e9ation, attributions, organisation et fonctionnement de l\u2019Office national des aires prot\u00e9g\u00e9es (Onap). Preuve que la <\/em>gestion des ressources naturelles dans notre pays est prise au s\u00e9rieux par les plus hautes autorit\u00e9s. Ainsi, dans l\u2019optique d\u2019une <em>\u00ab&nbsp;meilleure efficacit\u00e9 des interventions&nbsp;\u00bb,<\/em> la mise en place d\u2019un tel organe va favoriser <em>\u00ab&nbsp;un meilleur portage des projets et programmes d\u2019appui au d\u00e9veloppement des populations riveraines des aires prot\u00e9g\u00e9es, et l\u2019animation d\u2019un cadre d\u2019\u00e9changes favorable \u00e0 une gestion participative des aires prot\u00e9g\u00e9es par les populations et le gouvernement&nbsp;\u00bb<\/em>.<\/p>\n\n\n\n<p class=\"wp-block-paragraph\">L\u2019Onap aura, entre missions, <em>\u00ab\u00a0de mettre en \u0153uvre la politique foresti\u00e8re nationale en mati\u00e8re de gestion durable des parcs nationaux, des r\u00e9serves de faune, des r\u00e9serves de gestion des habitats et des esp\u00e8ces, des zones de gestion des ressources naturelles, des zones d\u2019int\u00e9r\u00eat cyn\u00e9g\u00e9tique et des jardins zoo-botaniques\u00a0\u00bb.<\/em><\/p>\n\n\n<div class=\"wp-block-image\">\n<figure class=\"aligncenter size-large is-resized\"><img loading=\"lazy\" decoding=\"async\" src=\"https:\/\/macite.tg\/wp-content\/uploads\/2023\/10\/status_me_status_IMG-20231019-WA0057-706x1024.jpg\" alt=\"\" class=\"wp-image-9758\" width=\"653\" height=\"947\" srcset=\"https:\/\/macite.tg\/wp-content\/uploads\/2023\/10\/status_me_status_IMG-20231019-WA0057-706x1024.jpg 706w, https:\/\/macite.tg\/wp-content\/uploads\/2023\/10\/status_me_status_IMG-20231019-WA0057-207x300.jpg 207w, https:\/\/macite.tg\/wp-content\/uploads\/2023\/10\/status_me_status_IMG-20231019-WA0057.jpg 720w\" sizes=\"auto, (max-width: 653px) 100vw, 653px\" \/><\/figure>\n<\/div>\n\n\n<p class=\"wp-block-paragraph\"><em>S\u2019agissant des communications, elles sont quatre et sont relatives respectivement \u00e0 l\u2019organisation, les 15 et les 16 novembre 2023, de la 3\u00e8me \u00e9dition de l\u2019Africa Financial Industry Summit (Afis 2023), au sch\u00e9ma directeur d\u2019am\u00e9nagement et d\u2019urbanisme du grand Lom\u00e9, au sch\u00e9ma directeur d\u2019am\u00e9nagement du littoral (Sdal) et aux dispositions prises.<\/em><\/p>\n\n\n\n<p class=\"wp-block-paragraph\"><em><strong>JPB<\/strong><\/em><\/p>\n\n\n\n<p class=\"wp-block-paragraph\"><strong><em>@macite.tg&nbsp;&nbsp;&nbsp;&nbsp;&nbsp;&nbsp;&nbsp;&nbsp;<\/em><\/strong><\/p>\n\n\n\n<p class=\"wp-block-paragraph\"><strong><em>E-mail&nbsp;: <\/em><\/strong><a href=\"mailto:maciteinfo@gmail.com\"><strong>maciteinfo@gmail.com<\/strong><\/a><strong><em>; <\/em><\/strong><a href=\"mailto:bawela1@gmail.com\"><strong>bawela1@gmail.com<\/strong><\/a><strong><\/strong><\/p>\n\n\n\n<p class=\"wp-block-paragraph\"><strong><em>Pour vos annonces, (publi)reportages, etc., joignez nous au (00228)91515309\/<strong>79872224 <\/strong>www.macite.tg, L\u2019information, la bonne&nbsp;!<\/em><\/strong><\/p>\n","protected":false},"excerpt":{"rendered":"<p class=\"text-justify mb-2\" >Le Pr\u00e9sident de la R\u00e9publique, Faure Essozimna Gnassingb\u00e9 a pr\u00e9sid\u00e9, hier jeudi 26 octobre, le Conseil des ministres. Au menu des travaux, un projet de loi, un projet de d\u00e9cret, et quatre communications \u00e9cout\u00e9es. Le projet de loi relatif \u00e0 la protection du droit d\u2019auteur, [&hellip;]<\/p>\n","protected":false},"author":2,"featured_media":9966,"comment_status":"open","ping_status":"open","sticky":false,"template":"","format":"standard","meta":{"footnotes":""},"categories":[20,1],"tags":[],"class_list":["post-9964","post","type-post","status-publish","format-standard","has-post-thumbnail","hentry","category-actualite","category-politique"],"yoast_head":"<!-- This site is optimized with the Yoast SEO plugin v28.4 - https:\/\/yoast.com\/product\/yoast-seo-wordpress\/ -->\n<title>CONSEIL DES MINISTRES DU 26 OCTOBRE\u00a0: Protection des droits patrimoniaux, meilleure gestion des ressources naturelles, \u2026 -<\/title>\n<meta name=\"robots\" content=\"index, follow, max-snippet:-1, max-image-preview:large, max-video-preview:-1\" \/>\n<link rel=\"canonical\" href=\"https:\/\/macite.tg\/?p=9964\" \/>\n<meta property=\"og:locale\" content=\"fr_FR\" \/>\n<meta property=\"og:type\" content=\"article\" \/>\n<meta property=\"og:title\" content=\"CONSEIL DES MINISTRES DU 26 OCTOBRE\u00a0: Protection des droits patrimoniaux, meilleure gestion des ressources naturelles, \u2026 -\" \/>\n<meta property=\"og:description\" content=\"Le Pr\u00e9sident de la R\u00e9publique, Faure Essozimna Gnassingb\u00e9 a pr\u00e9sid\u00e9, hier jeudi 26 octobre, le Conseil des ministres. Au menu des travaux, un projet de loi, un projet de d\u00e9cret, et quatre communications \u00e9cout\u00e9es. Le projet de loi relatif \u00e0 la protection du droit d\u2019auteur, [&hellip;]\" \/>\n<meta property=\"og:url\" content=\"https:\/\/macite.tg\/?p=9964\" \/>\n<meta property=\"article:published_time\" content=\"2023-10-27T09:35:07+00:00\" \/>\n<meta property=\"article:modified_time\" content=\"2023-10-27T09:35:10+00:00\" \/>\n<meta property=\"og:image\" content=\"https:\/\/macite.tg\/wp-content\/uploads\/2023\/10\/Conseil-des-ministres-du-26-octobre-2023photo-archives.jpg\" \/>\n\t<meta property=\"og:image:width\" content=\"800\" \/>\n\t<meta property=\"og:image:height\" content=\"640\" \/>\n\t<meta property=\"og:image:type\" content=\"image\/jpeg\" \/>\n<meta name=\"author\" content=\"Jean Pierre BAWELA\" \/>\n<meta name=\"twitter:card\" content=\"summary_large_image\" \/>\n<meta name=\"twitter:label1\" content=\"\u00c9crit par\" \/>\n\t<meta name=\"twitter:data1\" content=\"Jean Pierre BAWELA\" \/>\n\t<meta name=\"twitter:label2\" content=\"Dur\u00e9e de lecture estim\u00e9e\" \/>\n\t<meta name=\"twitter:data2\" content=\"2 minutes\" \/>\n<script type=\"application\/ld+json\" class=\"yoast-schema-graph\">{\"@context\":\"https:\\\/\\\/schema.org\",\"@graph\":[{\"@type\":\"Article\",\"@id\":\"https:\\\/\\\/macite.tg\\\/?p=9964#article\",\"isPartOf\":{\"@id\":\"https:\\\/\\\/macite.tg\\\/?p=9964\"},\"author\":{\"name\":\"Jean Pierre BAWELA\",\"@id\":\"https:\\\/\\\/macite.tg\\\/#\\\/schema\\\/person\\\/e9f2de7e5dbbe7770a9402c7ce82f5c2\"},\"headline\":\"CONSEIL DES MINISTRES DU 26 OCTOBRE\u00a0: Protection des droits patrimoniaux, meilleure gestion des ressources naturelles, \u2026\",\"datePublished\":\"2023-10-27T09:35:07+00:00\",\"dateModified\":\"2023-10-27T09:35:10+00:00\",\"mainEntityOfPage\":{\"@id\":\"https:\\\/\\\/macite.tg\\\/?p=9964\"},\"wordCount\":447,\"commentCount\":0,\"image\":{\"@id\":\"https:\\\/\\\/macite.tg\\\/?p=9964#primaryimage\"},\"thumbnailUrl\":\"https:\\\/\\\/macite.tg\\\/wp-content\\\/uploads\\\/2023\\\/10\\\/Conseil-des-ministres-du-26-octobre-2023photo-archives.jpg\",\"articleSection\":[\"ACTUALITE\",\"POLITIQUE\"],\"inLanguage\":\"fr-FR\",\"potentialAction\":[{\"@type\":\"CommentAction\",\"name\":\"Comment\",\"target\":[\"https:\\\/\\\/macite.tg\\\/?p=9964#respond\"]}]},{\"@type\":\"WebPage\",\"@id\":\"https:\\\/\\\/macite.tg\\\/?p=9964\",\"url\":\"https:\\\/\\\/macite.tg\\\/?p=9964\",\"name\":\"CONSEIL DES MINISTRES DU 26 OCTOBRE\u00a0: Protection des droits patrimoniaux, meilleure gestion des ressources naturelles, \u2026 -\",\"isPartOf\":{\"@id\":\"https:\\\/\\\/macite.tg\\\/#website\"},\"primaryImageOfPage\":{\"@id\":\"https:\\\/\\\/macite.tg\\\/?p=9964#primaryimage\"},\"image\":{\"@id\":\"https:\\\/\\\/macite.tg\\\/?p=9964#primaryimage\"},\"thumbnailUrl\":\"https:\\\/\\\/macite.tg\\\/wp-content\\\/uploads\\\/2023\\\/10\\\/Conseil-des-ministres-du-26-octobre-2023photo-archives.jpg\",\"datePublished\":\"2023-10-27T09:35:07+00:00\",\"dateModified\":\"2023-10-27T09:35:10+00:00\",\"author\":{\"@id\":\"https:\\\/\\\/macite.tg\\\/#\\\/schema\\\/person\\\/e9f2de7e5dbbe7770a9402c7ce82f5c2\"},\"breadcrumb\":{\"@id\":\"https:\\\/\\\/macite.tg\\\/?p=9964#breadcrumb\"},\"inLanguage\":\"fr-FR\",\"potentialAction\":[{\"@type\":\"ReadAction\",\"target\":[\"https:\\\/\\\/macite.tg\\\/?p=9964\"]}]},{\"@type\":\"ImageObject\",\"inLanguage\":\"fr-FR\",\"@id\":\"https:\\\/\\\/macite.tg\\\/?p=9964#primaryimage\",\"url\":\"https:\\\/\\\/macite.tg\\\/wp-content\\\/uploads\\\/2023\\\/10\\\/Conseil-des-ministres-du-26-octobre-2023photo-archives.jpg\",\"contentUrl\":\"https:\\\/\\\/macite.tg\\\/wp-content\\\/uploads\\\/2023\\\/10\\\/Conseil-des-ministres-du-26-octobre-2023photo-archives.jpg\",\"width\":800,\"height\":640},{\"@type\":\"BreadcrumbList\",\"@id\":\"https:\\\/\\\/macite.tg\\\/?p=9964#breadcrumb\",\"itemListElement\":[{\"@type\":\"ListItem\",\"position\":1,\"name\":\"Accueil\",\"item\":\"https:\\\/\\\/macite.tg\\\/\"},{\"@type\":\"ListItem\",\"position\":2,\"name\":\"CONSEIL DES MINISTRES DU 26 OCTOBRE\u00a0: Protection des droits patrimoniaux, meilleure gestion des ressources naturelles, \u2026\"}]},{\"@type\":\"WebSite\",\"@id\":\"https:\\\/\\\/macite.tg\\\/#website\",\"url\":\"https:\\\/\\\/macite.tg\\\/\",\"name\":\"\",\"description\":\"L&#039;information, la bonne!!!\",\"potentialAction\":[{\"@type\":\"SearchAction\",\"target\":{\"@type\":\"EntryPoint\",\"urlTemplate\":\"https:\\\/\\\/macite.tg\\\/?s={search_term_string}\"},\"query-input\":{\"@type\":\"PropertyValueSpecification\",\"valueRequired\":true,\"valueName\":\"search_term_string\"}}],\"inLanguage\":\"fr-FR\"},{\"@type\":\"Person\",\"@id\":\"https:\\\/\\\/macite.tg\\\/#\\\/schema\\\/person\\\/e9f2de7e5dbbe7770a9402c7ce82f5c2\",\"name\":\"Jean Pierre BAWELA\",\"image\":{\"@type\":\"ImageObject\",\"inLanguage\":\"fr-FR\",\"@id\":\"https:\\\/\\\/macite.tg\\\/wp-content\\\/uploads\\\/2023\\\/09\\\/WhatsApp-Image-2023-09-19-at-14.44.41-122x122.jpeg\",\"url\":\"https:\\\/\\\/macite.tg\\\/wp-content\\\/uploads\\\/2023\\\/09\\\/WhatsApp-Image-2023-09-19-at-14.44.41-122x122.jpeg\",\"contentUrl\":\"https:\\\/\\\/macite.tg\\\/wp-content\\\/uploads\\\/2023\\\/09\\\/WhatsApp-Image-2023-09-19-at-14.44.41-122x122.jpeg\",\"caption\":\"Jean Pierre BAWELA\"},\"url\":\"https:\\\/\\\/macite.tg\\\/?author=2\"}]}<\/script>\n<!-- \/ Yoast SEO plugin. -->","yoast_head_json":{"title":"CONSEIL DES MINISTRES DU 26 OCTOBRE\u00a0: Protection des droits patrimoniaux, meilleure gestion des ressources naturelles, \u2026 -","robots":{"index":"index","follow":"follow","max-snippet":"max-snippet:-1","max-image-preview":"max-image-preview:large","max-video-preview":"max-video-preview:-1"},"canonical":"https:\/\/macite.tg\/?p=9964","og_locale":"fr_FR","og_type":"article","og_title":"CONSEIL DES MINISTRES DU 26 OCTOBRE\u00a0: Protection des droits patrimoniaux, meilleure gestion des ressources naturelles, \u2026 -","og_description":"Le Pr\u00e9sident de la R\u00e9publique, Faure Essozimna Gnassingb\u00e9 a pr\u00e9sid\u00e9, hier jeudi 26 octobre, le Conseil des ministres. Au menu des travaux, un projet de loi, un projet de d\u00e9cret, et quatre communications \u00e9cout\u00e9es. Le projet de loi relatif \u00e0 la protection du droit d\u2019auteur, [&hellip;]","og_url":"https:\/\/macite.tg\/?p=9964","article_published_time":"2023-10-27T09:35:07+00:00","article_modified_time":"2023-10-27T09:35:10+00:00","og_image":[{"width":800,"height":640,"url":"https:\/\/macite.tg\/wp-content\/uploads\/2023\/10\/Conseil-des-ministres-du-26-octobre-2023photo-archives.jpg","type":"image\/jpeg"}],"author":"Jean Pierre BAWELA","twitter_card":"summary_large_image","twitter_misc":{"\u00c9crit par":"Jean Pierre BAWELA","Dur\u00e9e de lecture estim\u00e9e":"2 minutes"},"schema":{"@context":"https:\/\/schema.org","@graph":[{"@type":"Article","@id":"https:\/\/macite.tg\/?p=9964#article","isPartOf":{"@id":"https:\/\/macite.tg\/?p=9964"},"author":{"name":"Jean Pierre BAWELA","@id":"https:\/\/macite.tg\/#\/schema\/person\/e9f2de7e5dbbe7770a9402c7ce82f5c2"},"headline":"CONSEIL DES MINISTRES DU 26 OCTOBRE\u00a0: Protection des droits patrimoniaux, meilleure gestion des ressources naturelles, \u2026","datePublished":"2023-10-27T09:35:07+00:00","dateModified":"2023-10-27T09:35:10+00:00","mainEntityOfPage":{"@id":"https:\/\/macite.tg\/?p=9964"},"wordCount":447,"commentCount":0,"image":{"@id":"https:\/\/macite.tg\/?p=9964#primaryimage"},"thumbnailUrl":"https:\/\/macite.tg\/wp-content\/uploads\/2023\/10\/Conseil-des-ministres-du-26-octobre-2023photo-archives.jpg","articleSection":["ACTUALITE","POLITIQUE"],"inLanguage":"fr-FR","potentialAction":[{"@type":"CommentAction","name":"Comment","target":["https:\/\/macite.tg\/?p=9964#respond"]}]},{"@type":"WebPage","@id":"https:\/\/macite.tg\/?p=9964","url":"https:\/\/macite.tg\/?p=9964","name":"CONSEIL DES MINISTRES DU 26 OCTOBRE\u00a0: Protection des droits patrimoniaux, meilleure gestion des ressources naturelles, \u2026 -","isPartOf":{"@id":"https:\/\/macite.tg\/#website"},"primaryImageOfPage":{"@id":"https:\/\/macite.tg\/?p=9964#primaryimage"},"image":{"@id":"https:\/\/macite.tg\/?p=9964#primaryimage"},"thumbnailUrl":"https:\/\/macite.tg\/wp-content\/uploads\/2023\/10\/Conseil-des-ministres-du-26-octobre-2023photo-archives.jpg","datePublished":"2023-10-27T09:35:07+00:00","dateModified":"2023-10-27T09:35:10+00:00","author":{"@id":"https:\/\/macite.tg\/#\/schema\/person\/e9f2de7e5dbbe7770a9402c7ce82f5c2"},"breadcrumb":{"@id":"https:\/\/macite.tg\/?p=9964#breadcrumb"},"inLanguage":"fr-FR","potentialAction":[{"@type":"ReadAction","target":["https:\/\/macite.tg\/?p=9964"]}]},{"@type":"ImageObject","inLanguage":"fr-FR","@id":"https:\/\/macite.tg\/?p=9964#primaryimage","url":"https:\/\/macite.tg\/wp-content\/uploads\/2023\/10\/Conseil-des-ministres-du-26-octobre-2023photo-archives.jpg","contentUrl":"https:\/\/macite.tg\/wp-content\/uploads\/2023\/10\/Conseil-des-ministres-du-26-octobre-2023photo-archives.jpg","width":800,"height":640},{"@type":"BreadcrumbList","@id":"https:\/\/macite.tg\/?p=9964#breadcrumb","itemListElement":[{"@type":"ListItem","position":1,"name":"Accueil","item":"https:\/\/macite.tg\/"},{"@type":"ListItem","position":2,"name":"CONSEIL DES MINISTRES DU 26 OCTOBRE\u00a0: Protection des droits patrimoniaux, meilleure gestion des ressources naturelles, \u2026"}]},{"@type":"WebSite","@id":"https:\/\/macite.tg\/#website","url":"https:\/\/macite.tg\/","name":"","description":"L&#039;information, la bonne!!!","potentialAction":[{"@type":"SearchAction","target":{"@type":"EntryPoint","urlTemplate":"https:\/\/macite.tg\/?s={search_term_string}"},"query-input":{"@type":"PropertyValueSpecification","valueRequired":true,"valueName":"search_term_string"}}],"inLanguage":"fr-FR"},{"@type":"Person","@id":"https:\/\/macite.tg\/#\/schema\/person\/e9f2de7e5dbbe7770a9402c7ce82f5c2","name":"Jean Pierre BAWELA","image":{"@type":"ImageObject","inLanguage":"fr-FR","@id":"https:\/\/macite.tg\/wp-content\/uploads\/2023\/09\/WhatsApp-Image-2023-09-19-at-14.44.41-122x122.jpeg","url":"https:\/\/macite.tg\/wp-content\/uploads\/2023\/09\/WhatsApp-Image-2023-09-19-at-14.44.41-122x122.jpeg","contentUrl":"https:\/\/macite.tg\/wp-content\/uploads\/2023\/09\/WhatsApp-Image-2023-09-19-at-14.44.41-122x122.jpeg","caption":"Jean Pierre BAWELA"},"url":"https:\/\/macite.tg\/?author=2"}]}},"_links":{"self":[{"href":"https:\/\/macite.tg\/index.php?rest_route=\/wp\/v2\/posts\/9964","targetHints":{"allow":["GET"]}}],"collection":[{"href":"https:\/\/macite.tg\/index.php?rest_route=\/wp\/v2\/posts"}],"about":[{"href":"https:\/\/macite.tg\/index.php?rest_route=\/wp\/v2\/types\/post"}],"author":[{"embeddable":true,"href":"https:\/\/macite.tg\/index.php?rest_route=\/wp\/v2\/users\/2"}],"replies":[{"embeddable":true,"href":"https:\/\/macite.tg\/index.php?rest_route=%2Fwp%2Fv2%2Fcomments&post=9964"}],"version-history":[{"count":0,"href":"https:\/\/macite.tg\/index.php?rest_route=\/wp\/v2\/posts\/9964\/revisions"}],"wp:featuredmedia":[{"embeddable":true,"href":"https:\/\/macite.tg\/index.php?rest_route=\/wp\/v2\/media\/9966"}],"wp:attachment":[{"href":"https:\/\/macite.tg\/index.php?rest_route=%2Fwp%2Fv2%2Fmedia&parent=9964"}],"wp:term":[{"taxonomy":"category","embeddable":true,"href":"https:\/\/macite.tg\/index.php?rest_route=%2Fwp%2Fv2%2Fcategories&post=9964"},{"taxonomy":"post_tag","embeddable":true,"href":"https:\/\/macite.tg\/index.php?rest_route=%2Fwp%2Fv2%2Ftags&post=9964"}],"curies":[{"name":"wp","href":"https:\/\/api.w.org\/{rel}","templated":true}]}}