{"id":9311,"date":"2023-10-02T15:51:48","date_gmt":"2023-10-02T15:51:48","guid":{"rendered":"https:\/\/macite.tg\/?p=9311"},"modified":"2023-10-02T15:51:49","modified_gmt":"2023-10-02T15:51:49","slug":"can-2025-ce-sera-au-maroc-ce-qui-a-fait-la-difference","status":"publish","type":"post","link":"https:\/\/macite.tg\/?p=9311","title":{"rendered":"CAN 2025, CE SERA\u00a0AU MAROC : Ce qui a fait la diff\u00e9rence\u2026"},"content":{"rendered":"\n<p class=\"wp-block-paragraph\"><strong><em>Le<\/em> <em>mercredi 27 septembre dernier, le Royaume du Maroc a \u00e9t\u00e9 d\u00e9sign\u00e9, \u00e0 l\u2019unanimit\u00e9 des membres du Comit\u00e9 ex\u00e9cutif de la Caf, pays devant abriter la 35\u00e8 \u00e9dition de la Can 2025, ceci devant plusieurs candidatures, notamment de l\u2019Alg\u00e9rie, de la Zambie et du duo Nigeria-B\u00e9nin.<\/em><\/strong><\/p>\n\n\n\n<p class=\"wp-block-paragraph\">A la question de savoir ce qui a bien pu peser pour le choix de la candidature marocaine, la fiche technique des diff\u00e9rents dossiers de candidature livre les diff\u00e9rentes recettes qui sont entr\u00e9es en jeu. Cette fiche prend en compte neuf crit\u00e8res cl\u00e9s, qui rel\u00e8vent les ambitions du Royaume pour le rayonnement des sports.<\/p>\n\n\n\n<p class=\"wp-block-paragraph\"><strong>Crit\u00e8re I&nbsp;: Vision, concept et h\u00e9ritage<\/strong><\/p>\n\n\n\n<p class=\"wp-block-paragraph\">Ce premier crit\u00e8re compte pour 3% dans le poids du dossier. Le Maroc est loin devant avec 98 sur 100, devant l\u2019Alg\u00e9rie (65%), la Zambie (38%), le duo Nigeria-B\u00e9nin (28%).<\/p>\n\n\n<div class=\"wp-block-image\">\n<figure class=\"aligncenter size-large is-resized\"><img loading=\"lazy\" decoding=\"async\" src=\"https:\/\/macite.tg\/wp-content\/uploads\/2023\/09\/IMG-20230731-WA0145-2-1024x1024.jpg\" alt=\"\" class=\"wp-image-9302\" width=\"483\" height=\"483\" srcset=\"https:\/\/macite.tg\/wp-content\/uploads\/2023\/09\/IMG-20230731-WA0145-2-1024x1024.jpg 1024w, https:\/\/macite.tg\/wp-content\/uploads\/2023\/09\/IMG-20230731-WA0145-2-300x300.jpg 300w, https:\/\/macite.tg\/wp-content\/uploads\/2023\/09\/IMG-20230731-WA0145-2-150x150.jpg 150w, https:\/\/macite.tg\/wp-content\/uploads\/2023\/09\/IMG-20230731-WA0145-2-768x768.jpg 768w, https:\/\/macite.tg\/wp-content\/uploads\/2023\/09\/IMG-20230731-WA0145-2-122x122.jpg 122w, https:\/\/macite.tg\/wp-content\/uploads\/2023\/09\/IMG-20230731-WA0145-2.jpg 1080w\" sizes=\"auto, (max-width: 483px) 100vw, 483px\" \/><\/figure>\n<\/div>\n\n\n<p class=\"wp-block-paragraph\"><strong>Crit\u00e8re II&nbsp;: Aspects politiques, \u00e9conomiques, sociaux et environnementaux<\/strong><\/p>\n\n\n\n<p class=\"wp-block-paragraph\">Ce second crit\u00e8re ne p\u00e8se que 3% dans la balance. Le Royaume vient en t\u00eate avec 73 sur 100, devant ses concurrents. L\u2019Alg\u00e9rie r\u00e9colte 63%, la Zambie 61% et le duo Nigeria-B\u00e9nin 55%.<\/p>\n\n\n\n<p class=\"wp-block-paragraph\"><strong>Crit\u00e8re&nbsp;III: Aspects juridiques<\/strong><\/p>\n\n\n\n<p class=\"wp-block-paragraph\">Il p\u00e8se 4% dans la balance. Alors que le Maroc a 99 sur 100, l\u2019Alg\u00e9rie obtient 95%, la Zambie 98% et le duo Nigeria-B\u00e9nin 58%.<\/p>\n\n\n\n<p class=\"wp-block-paragraph\"><strong>Crit\u00e8re&nbsp;IV: S\u00fbret\u00e9, s\u00e9curit\u00e9 et service<\/strong><\/p>\n\n\n\n<p class=\"wp-block-paragraph\">Le Royaume obtient 83 sur 100, devant l\u2019Alg\u00e9rie 71%, la Zambie 72%, Nigeria-B\u00e9nin 36%, pour un crit\u00e8re qui p\u00e8se 6% dans la balance<\/p>\n\n\n<div class=\"wp-block-image\">\n<figure class=\"aligncenter size-large is-resized\"><img loading=\"lazy\" decoding=\"async\" src=\"https:\/\/macite.tg\/wp-content\/uploads\/2023\/09\/ANNONCES-1-1-1024x426.jpg\" alt=\"\" class=\"wp-image-9145\" width=\"678\" height=\"282\" srcset=\"https:\/\/macite.tg\/wp-content\/uploads\/2023\/09\/ANNONCES-1-1-1024x426.jpg 1024w, https:\/\/macite.tg\/wp-content\/uploads\/2023\/09\/ANNONCES-1-1-300x125.jpg 300w, https:\/\/macite.tg\/wp-content\/uploads\/2023\/09\/ANNONCES-1-1-768x319.jpg 768w, https:\/\/macite.tg\/wp-content\/uploads\/2023\/09\/ANNONCES-1-1.jpg 1080w\" sizes=\"auto, (max-width: 678px) 100vw, 678px\" \/><\/figure>\n<\/div>\n\n\n<p class=\"wp-block-paragraph\"><strong>Crit\u00e8re&nbsp;V : Stades<\/strong><\/p>\n\n\n\n<p class=\"wp-block-paragraph\">Ce crit\u00e8re est le plus important car, pesant 30% dans la balance de choix. Le Maroc s\u2019en tire avec 88% devant l\u2019Alg\u00e9rie 78%, la Zambie 42%, Nigeria-B\u00e9nin 62%.<\/p>\n\n\n\n<p class=\"wp-block-paragraph\"><strong>Crit\u00e8re VI&nbsp;: Infrastructures d\u2019h\u00e9bergement et d\u2019entrainement<\/strong><\/p>\n\n\n\n<p class=\"wp-block-paragraph\">Ce crit\u00e8re p\u00e8se 17%. Le Maroc s\u2019en tire avec 94 sur 100, devant l\u2019Alg\u00e9rie 75%, la Zambie 76%, le duo Nigeria-B\u00e9nin 51%.<\/p>\n\n\n\n<p class=\"wp-block-paragraph\"><strong>Crit\u00e8re VII&nbsp;: Infrastructures nationales<\/strong><\/p>\n\n\n\n<p class=\"wp-block-paragraph\">Il p\u00e8se 24% dans la balance de choix. Le Maroc obtient 75%, l\u2019Alg\u00e9rie 66%, la Zambie 42% et Nigeria-B\u00e9nin 45%.<\/p>\n\n\n\n<p class=\"wp-block-paragraph\"><strong>Crit\u00e8re VIII&nbsp;: Promotion d\u2019\u00e9v\u00e9nements<\/strong><\/p>\n\n\n\n<p class=\"wp-block-paragraph\">Il p\u00e8se 10%. Et le Maroc a eu un score de 92% devant l\u2019Alg\u00e9rie 67%, la Zambie 10% et Nigeria-B\u00e9nin 6%.<\/p>\n\n\n\n<p class=\"wp-block-paragraph\"><strong>Crit\u00e8re VIII&nbsp;: Aspects Organisationnels et financiers<\/strong><\/p>\n\n\n\n<p class=\"wp-block-paragraph\">Ce crit\u00e8re p\u00e8se 3% dans la balance de choix. Le Maroc obtient 63% devant l\u2019Alg\u00e9rie 50%, la Zambie 44%, Nigeria-B\u00e9nin 25%.<\/p>\n\n\n\n<p class=\"wp-block-paragraph\">Ainsi, le Royaume du Maroc totalise 85 points, loin devant l\u2019Alg\u00e9rie 72 points, la Zambie 49 points et le duo Nigeria-B\u00e9nin s\u2019en sort avec 46 points.<\/p>\n\n\n\n<p class=\"wp-block-paragraph\">Notons qu\u2019au lendemain de la d\u00e9signation du Maroc pour organiser une seconde fois, la messe continentale du ballon rond, le pr\u00e9sident de la F\u00e9d\u00e9ration royale marocaine de football (Frmf), Fouzi Lekjaa, avait promis de faire de ce tournoi un \u00e9v\u00e9nement <em>\u00ab&nbsp;s\u00fbr, paisible, r\u00e9pondant aux normes internationales et dans les meilleures conditions, garantissant une exp\u00e9rience unique \u00e0 la fois pour les joueurs, les supporters, les visiteurs et pour les t\u00e9l\u00e9spectateurs \u00e0 travers le monde&nbsp;\u00bb<\/em>.<\/p>\n\n\n\n<p class=\"wp-block-paragraph\">Fort de ses exp\u00e9riences r\u00e9ussies accumul\u00e9es dans l\u2019organisation de grandes comp\u00e9titions sportives ces derni\u00e8res ann\u00e9es, l\u2019on ne pas une seconde que la 35<sup>e<\/sup> Can sera un \u00e9v\u00e9nement r\u00e9ussi.<\/p>\n\n\n<div class=\"wp-block-image\">\n<figure class=\"aligncenter size-full is-resized\"><img loading=\"lazy\" decoding=\"async\" src=\"https:\/\/macite.tg\/wp-content\/uploads\/2023\/10\/IMG-20230929-WA0064.jpg\" alt=\"\" class=\"wp-image-9312\" width=\"651\" height=\"438\" srcset=\"https:\/\/macite.tg\/wp-content\/uploads\/2023\/10\/IMG-20230929-WA0064.jpg 1024w, https:\/\/macite.tg\/wp-content\/uploads\/2023\/10\/IMG-20230929-WA0064-300x202.jpg 300w, https:\/\/macite.tg\/wp-content\/uploads\/2023\/10\/IMG-20230929-WA0064-768x517.jpg 768w, https:\/\/macite.tg\/wp-content\/uploads\/2023\/10\/IMG-20230929-WA0064-112x75.jpg 112w\" sizes=\"auto, (max-width: 651px) 100vw, 651px\" \/><\/figure>\n<\/div>\n\n\n<p class=\"wp-block-paragraph\"><strong>La R\u00e9daction<\/strong><\/p>\n\n\n\n<p class=\"wp-block-paragraph\"><strong><em>@macite.tg&nbsp;&nbsp;&nbsp;&nbsp;&nbsp;&nbsp;&nbsp;&nbsp;<\/em><\/strong><\/p>\n\n\n\n<p class=\"wp-block-paragraph\"><strong><em>E-mail&nbsp;: <\/em><\/strong><a href=\"mailto:maciteinfo@gmail.com\"><strong><em>maciteinfo@gmail.com<\/em><\/strong><\/a><strong><em>; <\/em><\/strong><a href=\"mailto:bawela1@gmail.com\"><strong><em>bawela1@gmail.com<\/em><\/strong><\/a><strong><em><\/em><\/strong><\/p>\n\n\n\n<p class=\"wp-block-paragraph\"><strong><em>Pour vos annonces, (publi)reportages, etc., joignez nous au (00228)91515309\/<strong>79872224 <\/strong>www.macite.tg, L\u2019information, la bonne&nbsp;!<\/em><\/strong><\/p>\n","protected":false},"excerpt":{"rendered":"<p class=\"text-justify mb-2\" >Le mercredi 27 septembre dernier, le Royaume du Maroc a \u00e9t\u00e9 d\u00e9sign\u00e9, \u00e0 l\u2019unanimit\u00e9 des membres du Comit\u00e9 ex\u00e9cutif de la Caf, pays devant abriter la 35\u00e8 \u00e9dition de la Can 2025, ceci devant plusieurs candidatures, notamment de l\u2019Alg\u00e9rie, de la Zambie et du duo [&hellip;]<\/p>\n","protected":false},"author":2,"featured_media":9248,"comment_status":"open","ping_status":"open","sticky":false,"template":"","format":"standard","meta":{"footnotes":""},"categories":[7],"tags":[],"class_list":["post-9311","post","type-post","status-publish","format-standard","has-post-thumbnail","hentry","category-sports"],"yoast_head":"<!-- This site is optimized with the Yoast SEO plugin v28.4 - https:\/\/yoast.com\/product\/yoast-seo-wordpress\/ -->\n<title>CAN 2025, CE SERA\u00a0AU MAROC : Ce qui a fait la diff\u00e9rence\u2026 -<\/title>\n<meta name=\"robots\" content=\"index, follow, max-snippet:-1, max-image-preview:large, max-video-preview:-1\" \/>\n<link rel=\"canonical\" href=\"https:\/\/macite.tg\/?p=9311\" \/>\n<meta property=\"og:locale\" content=\"fr_FR\" \/>\n<meta property=\"og:type\" content=\"article\" \/>\n<meta property=\"og:title\" content=\"CAN 2025, CE SERA\u00a0AU MAROC : Ce qui a fait la diff\u00e9rence\u2026 -\" \/>\n<meta property=\"og:description\" content=\"Le mercredi 27 septembre dernier, le Royaume du Maroc a \u00e9t\u00e9 d\u00e9sign\u00e9, \u00e0 l\u2019unanimit\u00e9 des membres du Comit\u00e9 ex\u00e9cutif de la Caf, pays devant abriter la 35\u00e8 \u00e9dition de la Can 2025, ceci devant plusieurs candidatures, notamment de l\u2019Alg\u00e9rie, de la Zambie et du duo [&hellip;]\" \/>\n<meta property=\"og:url\" content=\"https:\/\/macite.tg\/?p=9311\" \/>\n<meta property=\"article:published_time\" content=\"2023-10-02T15:51:48+00:00\" \/>\n<meta property=\"article:modified_time\" content=\"2023-10-02T15:51:49+00:00\" \/>\n<meta property=\"og:image\" content=\"https:\/\/macite.tg\/wp-content\/uploads\/2023\/09\/IMG-20230927-WA0136.jpg\" \/>\n\t<meta property=\"og:image:width\" content=\"277\" \/>\n\t<meta property=\"og:image:height\" content=\"182\" \/>\n\t<meta property=\"og:image:type\" content=\"image\/jpeg\" \/>\n<meta name=\"author\" content=\"Jean Pierre BAWELA\" \/>\n<meta name=\"twitter:card\" content=\"summary_large_image\" \/>\n<meta name=\"twitter:label1\" content=\"\u00c9crit par\" \/>\n\t<meta name=\"twitter:data1\" content=\"Jean Pierre BAWELA\" \/>\n\t<meta name=\"twitter:label2\" content=\"Dur\u00e9e de lecture estim\u00e9e\" \/>\n\t<meta name=\"twitter:data2\" content=\"3 minutes\" \/>\n<script type=\"application\/ld+json\" class=\"yoast-schema-graph\">{\"@context\":\"https:\\\/\\\/schema.org\",\"@graph\":[{\"@type\":\"Article\",\"@id\":\"https:\\\/\\\/macite.tg\\\/?p=9311#article\",\"isPartOf\":{\"@id\":\"https:\\\/\\\/macite.tg\\\/?p=9311\"},\"author\":{\"name\":\"Jean Pierre BAWELA\",\"@id\":\"https:\\\/\\\/macite.tg\\\/#\\\/schema\\\/person\\\/e9f2de7e5dbbe7770a9402c7ce82f5c2\"},\"headline\":\"CAN 2025, CE SERA\u00a0AU MAROC : Ce qui a fait la diff\u00e9rence\u2026\",\"datePublished\":\"2023-10-02T15:51:48+00:00\",\"dateModified\":\"2023-10-02T15:51:49+00:00\",\"mainEntityOfPage\":{\"@id\":\"https:\\\/\\\/macite.tg\\\/?p=9311\"},\"wordCount\":596,\"commentCount\":0,\"image\":{\"@id\":\"https:\\\/\\\/macite.tg\\\/?p=9311#primaryimage\"},\"thumbnailUrl\":\"https:\\\/\\\/macite.tg\\\/wp-content\\\/uploads\\\/2023\\\/09\\\/IMG-20230927-WA0136.jpg\",\"articleSection\":[\"SPORTS\"],\"inLanguage\":\"fr-FR\",\"potentialAction\":[{\"@type\":\"CommentAction\",\"name\":\"Comment\",\"target\":[\"https:\\\/\\\/macite.tg\\\/?p=9311#respond\"]}]},{\"@type\":\"WebPage\",\"@id\":\"https:\\\/\\\/macite.tg\\\/?p=9311\",\"url\":\"https:\\\/\\\/macite.tg\\\/?p=9311\",\"name\":\"CAN 2025, CE SERA\u00a0AU MAROC : Ce qui a fait la diff\u00e9rence\u2026 -\",\"isPartOf\":{\"@id\":\"https:\\\/\\\/macite.tg\\\/#website\"},\"primaryImageOfPage\":{\"@id\":\"https:\\\/\\\/macite.tg\\\/?p=9311#primaryimage\"},\"image\":{\"@id\":\"https:\\\/\\\/macite.tg\\\/?p=9311#primaryimage\"},\"thumbnailUrl\":\"https:\\\/\\\/macite.tg\\\/wp-content\\\/uploads\\\/2023\\\/09\\\/IMG-20230927-WA0136.jpg\",\"datePublished\":\"2023-10-02T15:51:48+00:00\",\"dateModified\":\"2023-10-02T15:51:49+00:00\",\"author\":{\"@id\":\"https:\\\/\\\/macite.tg\\\/#\\\/schema\\\/person\\\/e9f2de7e5dbbe7770a9402c7ce82f5c2\"},\"breadcrumb\":{\"@id\":\"https:\\\/\\\/macite.tg\\\/?p=9311#breadcrumb\"},\"inLanguage\":\"fr-FR\",\"potentialAction\":[{\"@type\":\"ReadAction\",\"target\":[\"https:\\\/\\\/macite.tg\\\/?p=9311\"]}]},{\"@type\":\"ImageObject\",\"inLanguage\":\"fr-FR\",\"@id\":\"https:\\\/\\\/macite.tg\\\/?p=9311#primaryimage\",\"url\":\"https:\\\/\\\/macite.tg\\\/wp-content\\\/uploads\\\/2023\\\/09\\\/IMG-20230927-WA0136.jpg\",\"contentUrl\":\"https:\\\/\\\/macite.tg\\\/wp-content\\\/uploads\\\/2023\\\/09\\\/IMG-20230927-WA0136.jpg\",\"width\":277,\"height\":182},{\"@type\":\"BreadcrumbList\",\"@id\":\"https:\\\/\\\/macite.tg\\\/?p=9311#breadcrumb\",\"itemListElement\":[{\"@type\":\"ListItem\",\"position\":1,\"name\":\"Accueil\",\"item\":\"https:\\\/\\\/macite.tg\\\/\"},{\"@type\":\"ListItem\",\"position\":2,\"name\":\"CAN 2025, CE SERA\u00a0AU MAROC : Ce qui a fait la diff\u00e9rence\u2026\"}]},{\"@type\":\"WebSite\",\"@id\":\"https:\\\/\\\/macite.tg\\\/#website\",\"url\":\"https:\\\/\\\/macite.tg\\\/\",\"name\":\"\",\"description\":\"L&#039;information, la bonne!!!\",\"potentialAction\":[{\"@type\":\"SearchAction\",\"target\":{\"@type\":\"EntryPoint\",\"urlTemplate\":\"https:\\\/\\\/macite.tg\\\/?s={search_term_string}\"},\"query-input\":{\"@type\":\"PropertyValueSpecification\",\"valueRequired\":true,\"valueName\":\"search_term_string\"}}],\"inLanguage\":\"fr-FR\"},{\"@type\":\"Person\",\"@id\":\"https:\\\/\\\/macite.tg\\\/#\\\/schema\\\/person\\\/e9f2de7e5dbbe7770a9402c7ce82f5c2\",\"name\":\"Jean Pierre BAWELA\",\"image\":{\"@type\":\"ImageObject\",\"inLanguage\":\"fr-FR\",\"@id\":\"https:\\\/\\\/macite.tg\\\/wp-content\\\/uploads\\\/2023\\\/09\\\/WhatsApp-Image-2023-09-19-at-14.44.41-122x122.jpeg\",\"url\":\"https:\\\/\\\/macite.tg\\\/wp-content\\\/uploads\\\/2023\\\/09\\\/WhatsApp-Image-2023-09-19-at-14.44.41-122x122.jpeg\",\"contentUrl\":\"https:\\\/\\\/macite.tg\\\/wp-content\\\/uploads\\\/2023\\\/09\\\/WhatsApp-Image-2023-09-19-at-14.44.41-122x122.jpeg\",\"caption\":\"Jean Pierre BAWELA\"},\"url\":\"https:\\\/\\\/macite.tg\\\/?author=2\"}]}<\/script>\n<!-- \/ Yoast SEO plugin. -->","yoast_head_json":{"title":"CAN 2025, CE SERA\u00a0AU MAROC : Ce qui a fait la diff\u00e9rence\u2026 -","robots":{"index":"index","follow":"follow","max-snippet":"max-snippet:-1","max-image-preview":"max-image-preview:large","max-video-preview":"max-video-preview:-1"},"canonical":"https:\/\/macite.tg\/?p=9311","og_locale":"fr_FR","og_type":"article","og_title":"CAN 2025, CE SERA\u00a0AU MAROC : Ce qui a fait la diff\u00e9rence\u2026 -","og_description":"Le mercredi 27 septembre dernier, le Royaume du Maroc a \u00e9t\u00e9 d\u00e9sign\u00e9, \u00e0 l\u2019unanimit\u00e9 des membres du Comit\u00e9 ex\u00e9cutif de la Caf, pays devant abriter la 35\u00e8 \u00e9dition de la Can 2025, ceci devant plusieurs candidatures, notamment de l\u2019Alg\u00e9rie, de la Zambie et du duo [&hellip;]","og_url":"https:\/\/macite.tg\/?p=9311","article_published_time":"2023-10-02T15:51:48+00:00","article_modified_time":"2023-10-02T15:51:49+00:00","og_image":[{"width":277,"height":182,"url":"https:\/\/macite.tg\/wp-content\/uploads\/2023\/09\/IMG-20230927-WA0136.jpg","type":"image\/jpeg"}],"author":"Jean Pierre BAWELA","twitter_card":"summary_large_image","twitter_misc":{"\u00c9crit par":"Jean Pierre BAWELA","Dur\u00e9e de lecture estim\u00e9e":"3 minutes"},"schema":{"@context":"https:\/\/schema.org","@graph":[{"@type":"Article","@id":"https:\/\/macite.tg\/?p=9311#article","isPartOf":{"@id":"https:\/\/macite.tg\/?p=9311"},"author":{"name":"Jean Pierre BAWELA","@id":"https:\/\/macite.tg\/#\/schema\/person\/e9f2de7e5dbbe7770a9402c7ce82f5c2"},"headline":"CAN 2025, CE SERA\u00a0AU MAROC : Ce qui a fait la diff\u00e9rence\u2026","datePublished":"2023-10-02T15:51:48+00:00","dateModified":"2023-10-02T15:51:49+00:00","mainEntityOfPage":{"@id":"https:\/\/macite.tg\/?p=9311"},"wordCount":596,"commentCount":0,"image":{"@id":"https:\/\/macite.tg\/?p=9311#primaryimage"},"thumbnailUrl":"https:\/\/macite.tg\/wp-content\/uploads\/2023\/09\/IMG-20230927-WA0136.jpg","articleSection":["SPORTS"],"inLanguage":"fr-FR","potentialAction":[{"@type":"CommentAction","name":"Comment","target":["https:\/\/macite.tg\/?p=9311#respond"]}]},{"@type":"WebPage","@id":"https:\/\/macite.tg\/?p=9311","url":"https:\/\/macite.tg\/?p=9311","name":"CAN 2025, CE SERA\u00a0AU MAROC : Ce qui a fait la diff\u00e9rence\u2026 -","isPartOf":{"@id":"https:\/\/macite.tg\/#website"},"primaryImageOfPage":{"@id":"https:\/\/macite.tg\/?p=9311#primaryimage"},"image":{"@id":"https:\/\/macite.tg\/?p=9311#primaryimage"},"thumbnailUrl":"https:\/\/macite.tg\/wp-content\/uploads\/2023\/09\/IMG-20230927-WA0136.jpg","datePublished":"2023-10-02T15:51:48+00:00","dateModified":"2023-10-02T15:51:49+00:00","author":{"@id":"https:\/\/macite.tg\/#\/schema\/person\/e9f2de7e5dbbe7770a9402c7ce82f5c2"},"breadcrumb":{"@id":"https:\/\/macite.tg\/?p=9311#breadcrumb"},"inLanguage":"fr-FR","potentialAction":[{"@type":"ReadAction","target":["https:\/\/macite.tg\/?p=9311"]}]},{"@type":"ImageObject","inLanguage":"fr-FR","@id":"https:\/\/macite.tg\/?p=9311#primaryimage","url":"https:\/\/macite.tg\/wp-content\/uploads\/2023\/09\/IMG-20230927-WA0136.jpg","contentUrl":"https:\/\/macite.tg\/wp-content\/uploads\/2023\/09\/IMG-20230927-WA0136.jpg","width":277,"height":182},{"@type":"BreadcrumbList","@id":"https:\/\/macite.tg\/?p=9311#breadcrumb","itemListElement":[{"@type":"ListItem","position":1,"name":"Accueil","item":"https:\/\/macite.tg\/"},{"@type":"ListItem","position":2,"name":"CAN 2025, CE SERA\u00a0AU MAROC : Ce qui a fait la diff\u00e9rence\u2026"}]},{"@type":"WebSite","@id":"https:\/\/macite.tg\/#website","url":"https:\/\/macite.tg\/","name":"","description":"L&#039;information, la bonne!!!","potentialAction":[{"@type":"SearchAction","target":{"@type":"EntryPoint","urlTemplate":"https:\/\/macite.tg\/?s={search_term_string}"},"query-input":{"@type":"PropertyValueSpecification","valueRequired":true,"valueName":"search_term_string"}}],"inLanguage":"fr-FR"},{"@type":"Person","@id":"https:\/\/macite.tg\/#\/schema\/person\/e9f2de7e5dbbe7770a9402c7ce82f5c2","name":"Jean Pierre BAWELA","image":{"@type":"ImageObject","inLanguage":"fr-FR","@id":"https:\/\/macite.tg\/wp-content\/uploads\/2023\/09\/WhatsApp-Image-2023-09-19-at-14.44.41-122x122.jpeg","url":"https:\/\/macite.tg\/wp-content\/uploads\/2023\/09\/WhatsApp-Image-2023-09-19-at-14.44.41-122x122.jpeg","contentUrl":"https:\/\/macite.tg\/wp-content\/uploads\/2023\/09\/WhatsApp-Image-2023-09-19-at-14.44.41-122x122.jpeg","caption":"Jean Pierre BAWELA"},"url":"https:\/\/macite.tg\/?author=2"}]}},"_links":{"self":[{"href":"https:\/\/macite.tg\/index.php?rest_route=\/wp\/v2\/posts\/9311","targetHints":{"allow":["GET"]}}],"collection":[{"href":"https:\/\/macite.tg\/index.php?rest_route=\/wp\/v2\/posts"}],"about":[{"href":"https:\/\/macite.tg\/index.php?rest_route=\/wp\/v2\/types\/post"}],"author":[{"embeddable":true,"href":"https:\/\/macite.tg\/index.php?rest_route=\/wp\/v2\/users\/2"}],"replies":[{"embeddable":true,"href":"https:\/\/macite.tg\/index.php?rest_route=%2Fwp%2Fv2%2Fcomments&post=9311"}],"version-history":[{"count":0,"href":"https:\/\/macite.tg\/index.php?rest_route=\/wp\/v2\/posts\/9311\/revisions"}],"wp:featuredmedia":[{"embeddable":true,"href":"https:\/\/macite.tg\/index.php?rest_route=\/wp\/v2\/media\/9248"}],"wp:attachment":[{"href":"https:\/\/macite.tg\/index.php?rest_route=%2Fwp%2Fv2%2Fmedia&parent=9311"}],"wp:term":[{"taxonomy":"category","embeddable":true,"href":"https:\/\/macite.tg\/index.php?rest_route=%2Fwp%2Fv2%2Fcategories&post=9311"},{"taxonomy":"post_tag","embeddable":true,"href":"https:\/\/macite.tg\/index.php?rest_route=%2Fwp%2Fv2%2Ftags&post=9311"}],"curies":[{"name":"wp","href":"https:\/\/api.w.org\/{rel}","templated":true}]}}