{"id":9300,"date":"2023-09-29T13:34:58","date_gmt":"2023-09-29T13:34:58","guid":{"rendered":"https:\/\/macite.tg\/?p=9300"},"modified":"2023-09-29T13:34:59","modified_gmt":"2023-09-29T13:34:59","slug":"foot-professionnel-le-barca-risque-gros-dans-laffaire-negreira","status":"publish","type":"post","link":"https:\/\/macite.tg\/?p=9300","title":{"rendered":"FOOT PROFESSIONNEL\u00a0: Le Bar\u00e7a risque gros\u2026.dans l&rsquo;affaire Negreira"},"content":{"rendered":"\n<p class=\"wp-block-paragraph\"><\/p>\n\n\n\n<p class=\"wp-block-paragraph\"><strong><em>Le Bar\u00e7a, actuellement troisi\u00e8me de la Liga, est confront\u00e9 \u00e0 des probl\u00e8mes juridiques s\u00e9rieux li\u00e9s \u00e0 l\u2019affaire Negreira. Cette affaire implique des paiements pr\u00e9sum\u00e9s de plusieurs millions d\u2019euros \u00e0 l\u2019ancien arbitre et vice-pr\u00e9sident du Comit\u00e9 technique des arbitres (CTA) de la F\u00e9d\u00e9ration espagnole de football, Jos\u00e9 Maria Enriquez Negreira, par le club catalan entre 2001 et 2018 pour des \u00ab&nbsp;rapports techniques&nbsp;\u00bb sur les arbitres.<\/em><\/strong><\/p>\n\n\n\n<p class=\"wp-block-paragraph\">La Garde civile espagnole a perquisitionn\u00e9 le si\u00e8ge du CTA, et le juge en charge du dossier a d\u00e9cid\u00e9 de poursuivre l\u2019enqu\u00eate sur ces paiements. Le pr\u00e9sident du Bar\u00e7a, Joan Laporta, a ni\u00e9 avoir achet\u00e9 des arbitres.<\/p>\n\n\n<div class=\"wp-block-image\">\n<figure class=\"aligncenter size-large is-resized\"><img loading=\"lazy\" decoding=\"async\" src=\"https:\/\/macite.tg\/wp-content\/uploads\/2023\/09\/IMG-20230925-WA00751-1024x1024.jpg\" alt=\"\" class=\"wp-image-9128\" width=\"506\" height=\"506\" srcset=\"https:\/\/macite.tg\/wp-content\/uploads\/2023\/09\/IMG-20230925-WA00751-1024x1024.jpg 1024w, https:\/\/macite.tg\/wp-content\/uploads\/2023\/09\/IMG-20230925-WA00751-300x300.jpg 300w, https:\/\/macite.tg\/wp-content\/uploads\/2023\/09\/IMG-20230925-WA00751-150x150.jpg 150w, https:\/\/macite.tg\/wp-content\/uploads\/2023\/09\/IMG-20230925-WA00751-768x768.jpg 768w, https:\/\/macite.tg\/wp-content\/uploads\/2023\/09\/IMG-20230925-WA00751-122x122.jpg 122w, https:\/\/macite.tg\/wp-content\/uploads\/2023\/09\/IMG-20230925-WA00751.jpg 1181w\" sizes=\"auto, (max-width: 506px) 100vw, 506px\" \/><\/figure>\n<\/div>\n\n\n<p class=\"wp-block-paragraph\">Cependant, la situation s\u2019aggrave pour le club catalan, car il risque la sanction supr\u00eame : \u00eatre banni du football professionnel.<\/p>\n\n\n\n<p class=\"wp-block-paragraph\">Le juge consid\u00e8re que Negreira \u00e9tait un fonctionnaire public au moment des paiements pr\u00e9sum\u00e9s, ce qui aggraverait l\u2019accusation de corruption. Les personnes impliqu\u00e9es, dont d\u2019anciens pr\u00e9sidents du club, pourraient \u00e9galement faire face \u00e0 des peines de trois \u00e0 six ans de prison.<\/p>\n\n\n<div class=\"wp-block-image\">\n<figure class=\"aligncenter size-large is-resized\"><img loading=\"lazy\" decoding=\"async\" src=\"https:\/\/macite.tg\/wp-content\/uploads\/2023\/09\/IMG-20230731-WA0145-2-1024x1024.jpg\" alt=\"\" class=\"wp-image-9302\" width=\"492\" height=\"492\" srcset=\"https:\/\/macite.tg\/wp-content\/uploads\/2023\/09\/IMG-20230731-WA0145-2-1024x1024.jpg 1024w, https:\/\/macite.tg\/wp-content\/uploads\/2023\/09\/IMG-20230731-WA0145-2-300x300.jpg 300w, https:\/\/macite.tg\/wp-content\/uploads\/2023\/09\/IMG-20230731-WA0145-2-150x150.jpg 150w, https:\/\/macite.tg\/wp-content\/uploads\/2023\/09\/IMG-20230731-WA0145-2-768x768.jpg 768w, https:\/\/macite.tg\/wp-content\/uploads\/2023\/09\/IMG-20230731-WA0145-2-122x122.jpg 122w, https:\/\/macite.tg\/wp-content\/uploads\/2023\/09\/IMG-20230731-WA0145-2.jpg 1080w\" sizes=\"auto, (max-width: 492px) 100vw, 492px\" \/><\/figure>\n<\/div>\n\n\n<p class=\"wp-block-paragraph\">Si le Bar\u00e7a&nbsp; \u00e9tait suspendu en tant que club de football professionnel, cela pourrait entra\u00eener des cons\u00e9quences d\u00e9sastreuses pour le club, y compris la faillite. Le club conna\u00eet d\u00e9j\u00e0 des difficult\u00e9s financi\u00e8res, aggrav\u00e9es par les co\u00fbts de r\u00e9novation du Camp Nou. Cette affaire reste un sujet br\u00fblant en Espagne et au-del\u00e0, et l\u2019avenir du FC Barcelone est incertain.<\/p>\n\n\n\n<p class=\"wp-block-paragraph\"><strong>SeneNews<\/strong><\/p>\n\n\n\n<p class=\"wp-block-paragraph\"><strong><em>@macite.tg&nbsp;&nbsp;&nbsp;&nbsp;&nbsp;&nbsp;&nbsp;&nbsp;<\/em><\/strong><\/p>\n\n\n\n<p class=\"wp-block-paragraph\"><strong><em>E-mail&nbsp;: <\/em><\/strong><a href=\"mailto:maciteinfo@gmail.com\"><strong><em>maciteinfo@gmail.com<\/em><\/strong><\/a><strong><em>; <\/em><\/strong><a href=\"mailto:bawela1@gmail.com\"><strong><em>bawela1@gmail.com<\/em><\/strong><\/a><strong><em><\/em><\/strong><\/p>\n\n\n\n<p class=\"wp-block-paragraph\"><strong><em>Pour vos annonces, (publi)reportages, etc., joignez nous au (00228)91515309\/<strong>79872224 <\/strong>www.macite.tg, L\u2019information, la bonne\u00a0!<\/em><\/strong> <\/p>\n","protected":false},"excerpt":{"rendered":"<p class=\"text-justify mb-2\" >Le Bar\u00e7a, actuellement troisi\u00e8me de la Liga, est confront\u00e9 \u00e0 des probl\u00e8mes juridiques s\u00e9rieux li\u00e9s \u00e0 l\u2019affaire Negreira. Cette affaire implique des paiements pr\u00e9sum\u00e9s de plusieurs millions d\u2019euros \u00e0 l\u2019ancien arbitre et vice-pr\u00e9sident du Comit\u00e9 technique des arbitres (CTA) de la F\u00e9d\u00e9ration espagnole de football, [&hellip;]<\/p>\n","protected":false},"author":2,"featured_media":9306,"comment_status":"open","ping_status":"open","sticky":false,"template":"","format":"standard","meta":{"footnotes":""},"categories":[7],"tags":[],"class_list":["post-9300","post","type-post","status-publish","format-standard","has-post-thumbnail","hentry","category-sports"],"yoast_head":"<!-- This site is optimized with the Yoast SEO plugin v28.4 - https:\/\/yoast.com\/product\/yoast-seo-wordpress\/ -->\n<title>FOOT PROFESSIONNEL\u00a0: Le Bar\u00e7a risque gros\u2026.dans l&#039;affaire Negreira -<\/title>\n<meta name=\"robots\" content=\"index, follow, max-snippet:-1, max-image-preview:large, max-video-preview:-1\" \/>\n<link rel=\"canonical\" href=\"https:\/\/macite.tg\/?p=9300\" \/>\n<meta property=\"og:locale\" content=\"fr_FR\" \/>\n<meta property=\"og:type\" content=\"article\" \/>\n<meta property=\"og:title\" content=\"FOOT PROFESSIONNEL\u00a0: Le Bar\u00e7a risque gros\u2026.dans l&#039;affaire Negreira -\" \/>\n<meta property=\"og:description\" content=\"Le Bar\u00e7a, actuellement troisi\u00e8me de la Liga, est confront\u00e9 \u00e0 des probl\u00e8mes juridiques s\u00e9rieux li\u00e9s \u00e0 l\u2019affaire Negreira. Cette affaire implique des paiements pr\u00e9sum\u00e9s de plusieurs millions d\u2019euros \u00e0 l\u2019ancien arbitre et vice-pr\u00e9sident du Comit\u00e9 technique des arbitres (CTA) de la F\u00e9d\u00e9ration espagnole de football, [&hellip;]\" \/>\n<meta property=\"og:url\" content=\"https:\/\/macite.tg\/?p=9300\" \/>\n<meta property=\"article:published_time\" content=\"2023-09-29T13:34:58+00:00\" \/>\n<meta property=\"article:modified_time\" content=\"2023-09-29T13:34:59+00:00\" \/>\n<meta property=\"og:image\" content=\"https:\/\/macite.tg\/wp-content\/uploads\/2023\/09\/barca-equipe-696x387-1.jpg\" \/>\n\t<meta property=\"og:image:width\" content=\"696\" \/>\n\t<meta property=\"og:image:height\" content=\"387\" \/>\n\t<meta property=\"og:image:type\" content=\"image\/jpeg\" \/>\n<meta name=\"author\" content=\"Jean Pierre BAWELA\" \/>\n<meta name=\"twitter:card\" content=\"summary_large_image\" \/>\n<meta name=\"twitter:label1\" content=\"\u00c9crit par\" \/>\n\t<meta name=\"twitter:data1\" content=\"Jean Pierre BAWELA\" \/>\n\t<meta name=\"twitter:label2\" content=\"Dur\u00e9e de lecture estim\u00e9e\" \/>\n\t<meta name=\"twitter:data2\" content=\"1 minute\" \/>\n<script type=\"application\/ld+json\" class=\"yoast-schema-graph\">{\"@context\":\"https:\\\/\\\/schema.org\",\"@graph\":[{\"@type\":\"Article\",\"@id\":\"https:\\\/\\\/macite.tg\\\/?p=9300#article\",\"isPartOf\":{\"@id\":\"https:\\\/\\\/macite.tg\\\/?p=9300\"},\"author\":{\"name\":\"Jean Pierre BAWELA\",\"@id\":\"https:\\\/\\\/macite.tg\\\/#\\\/schema\\\/person\\\/e9f2de7e5dbbe7770a9402c7ce82f5c2\"},\"headline\":\"FOOT PROFESSIONNEL\u00a0: Le Bar\u00e7a risque gros\u2026.dans l&rsquo;affaire Negreira\",\"datePublished\":\"2023-09-29T13:34:58+00:00\",\"dateModified\":\"2023-09-29T13:34:59+00:00\",\"mainEntityOfPage\":{\"@id\":\"https:\\\/\\\/macite.tg\\\/?p=9300\"},\"wordCount\":303,\"commentCount\":0,\"image\":{\"@id\":\"https:\\\/\\\/macite.tg\\\/?p=9300#primaryimage\"},\"thumbnailUrl\":\"https:\\\/\\\/macite.tg\\\/wp-content\\\/uploads\\\/2023\\\/09\\\/barca-equipe-696x387-1.jpg\",\"articleSection\":[\"SPORTS\"],\"inLanguage\":\"fr-FR\",\"potentialAction\":[{\"@type\":\"CommentAction\",\"name\":\"Comment\",\"target\":[\"https:\\\/\\\/macite.tg\\\/?p=9300#respond\"]}]},{\"@type\":\"WebPage\",\"@id\":\"https:\\\/\\\/macite.tg\\\/?p=9300\",\"url\":\"https:\\\/\\\/macite.tg\\\/?p=9300\",\"name\":\"FOOT PROFESSIONNEL\u00a0: Le Bar\u00e7a risque gros\u2026.dans l'affaire Negreira -\",\"isPartOf\":{\"@id\":\"https:\\\/\\\/macite.tg\\\/#website\"},\"primaryImageOfPage\":{\"@id\":\"https:\\\/\\\/macite.tg\\\/?p=9300#primaryimage\"},\"image\":{\"@id\":\"https:\\\/\\\/macite.tg\\\/?p=9300#primaryimage\"},\"thumbnailUrl\":\"https:\\\/\\\/macite.tg\\\/wp-content\\\/uploads\\\/2023\\\/09\\\/barca-equipe-696x387-1.jpg\",\"datePublished\":\"2023-09-29T13:34:58+00:00\",\"dateModified\":\"2023-09-29T13:34:59+00:00\",\"author\":{\"@id\":\"https:\\\/\\\/macite.tg\\\/#\\\/schema\\\/person\\\/e9f2de7e5dbbe7770a9402c7ce82f5c2\"},\"breadcrumb\":{\"@id\":\"https:\\\/\\\/macite.tg\\\/?p=9300#breadcrumb\"},\"inLanguage\":\"fr-FR\",\"potentialAction\":[{\"@type\":\"ReadAction\",\"target\":[\"https:\\\/\\\/macite.tg\\\/?p=9300\"]}]},{\"@type\":\"ImageObject\",\"inLanguage\":\"fr-FR\",\"@id\":\"https:\\\/\\\/macite.tg\\\/?p=9300#primaryimage\",\"url\":\"https:\\\/\\\/macite.tg\\\/wp-content\\\/uploads\\\/2023\\\/09\\\/barca-equipe-696x387-1.jpg\",\"contentUrl\":\"https:\\\/\\\/macite.tg\\\/wp-content\\\/uploads\\\/2023\\\/09\\\/barca-equipe-696x387-1.jpg\",\"width\":696,\"height\":387,\"caption\":\"Barcelona team group line-up (Barcelona), AUGUST 20, 2023 - Football \\\/ Soccer : Spanish \\\"LaLiga EA Sports\\\" match between FC Barcelona 2-0 Cadiz CF at the Estadi Olimpic Lluis Companys in Barcelona, Spain. (Photo by Mutsu Kawamori\\\/AFLO) || 274759_0086 football la liga\"},{\"@type\":\"BreadcrumbList\",\"@id\":\"https:\\\/\\\/macite.tg\\\/?p=9300#breadcrumb\",\"itemListElement\":[{\"@type\":\"ListItem\",\"position\":1,\"name\":\"Accueil\",\"item\":\"https:\\\/\\\/macite.tg\\\/\"},{\"@type\":\"ListItem\",\"position\":2,\"name\":\"FOOT PROFESSIONNEL\u00a0: Le Bar\u00e7a risque gros\u2026.dans l&rsquo;affaire Negreira\"}]},{\"@type\":\"WebSite\",\"@id\":\"https:\\\/\\\/macite.tg\\\/#website\",\"url\":\"https:\\\/\\\/macite.tg\\\/\",\"name\":\"\",\"description\":\"L&#039;information, la bonne!!!\",\"potentialAction\":[{\"@type\":\"SearchAction\",\"target\":{\"@type\":\"EntryPoint\",\"urlTemplate\":\"https:\\\/\\\/macite.tg\\\/?s={search_term_string}\"},\"query-input\":{\"@type\":\"PropertyValueSpecification\",\"valueRequired\":true,\"valueName\":\"search_term_string\"}}],\"inLanguage\":\"fr-FR\"},{\"@type\":\"Person\",\"@id\":\"https:\\\/\\\/macite.tg\\\/#\\\/schema\\\/person\\\/e9f2de7e5dbbe7770a9402c7ce82f5c2\",\"name\":\"Jean Pierre BAWELA\",\"image\":{\"@type\":\"ImageObject\",\"inLanguage\":\"fr-FR\",\"@id\":\"https:\\\/\\\/macite.tg\\\/wp-content\\\/uploads\\\/2023\\\/09\\\/WhatsApp-Image-2023-09-19-at-14.44.41-122x122.jpeg\",\"url\":\"https:\\\/\\\/macite.tg\\\/wp-content\\\/uploads\\\/2023\\\/09\\\/WhatsApp-Image-2023-09-19-at-14.44.41-122x122.jpeg\",\"contentUrl\":\"https:\\\/\\\/macite.tg\\\/wp-content\\\/uploads\\\/2023\\\/09\\\/WhatsApp-Image-2023-09-19-at-14.44.41-122x122.jpeg\",\"caption\":\"Jean Pierre BAWELA\"},\"url\":\"https:\\\/\\\/macite.tg\\\/?author=2\"}]}<\/script>\n<!-- \/ Yoast SEO plugin. -->","yoast_head_json":{"title":"FOOT PROFESSIONNEL\u00a0: Le Bar\u00e7a risque gros\u2026.dans l'affaire Negreira -","robots":{"index":"index","follow":"follow","max-snippet":"max-snippet:-1","max-image-preview":"max-image-preview:large","max-video-preview":"max-video-preview:-1"},"canonical":"https:\/\/macite.tg\/?p=9300","og_locale":"fr_FR","og_type":"article","og_title":"FOOT PROFESSIONNEL\u00a0: Le Bar\u00e7a risque gros\u2026.dans l'affaire Negreira -","og_description":"Le Bar\u00e7a, actuellement troisi\u00e8me de la Liga, est confront\u00e9 \u00e0 des probl\u00e8mes juridiques s\u00e9rieux li\u00e9s \u00e0 l\u2019affaire Negreira. Cette affaire implique des paiements pr\u00e9sum\u00e9s de plusieurs millions d\u2019euros \u00e0 l\u2019ancien arbitre et vice-pr\u00e9sident du Comit\u00e9 technique des arbitres (CTA) de la F\u00e9d\u00e9ration espagnole de football, [&hellip;]","og_url":"https:\/\/macite.tg\/?p=9300","article_published_time":"2023-09-29T13:34:58+00:00","article_modified_time":"2023-09-29T13:34:59+00:00","og_image":[{"width":696,"height":387,"url":"https:\/\/macite.tg\/wp-content\/uploads\/2023\/09\/barca-equipe-696x387-1.jpg","type":"image\/jpeg"}],"author":"Jean Pierre BAWELA","twitter_card":"summary_large_image","twitter_misc":{"\u00c9crit par":"Jean Pierre BAWELA","Dur\u00e9e de lecture estim\u00e9e":"1 minute"},"schema":{"@context":"https:\/\/schema.org","@graph":[{"@type":"Article","@id":"https:\/\/macite.tg\/?p=9300#article","isPartOf":{"@id":"https:\/\/macite.tg\/?p=9300"},"author":{"name":"Jean Pierre BAWELA","@id":"https:\/\/macite.tg\/#\/schema\/person\/e9f2de7e5dbbe7770a9402c7ce82f5c2"},"headline":"FOOT PROFESSIONNEL\u00a0: Le Bar\u00e7a risque gros\u2026.dans l&rsquo;affaire Negreira","datePublished":"2023-09-29T13:34:58+00:00","dateModified":"2023-09-29T13:34:59+00:00","mainEntityOfPage":{"@id":"https:\/\/macite.tg\/?p=9300"},"wordCount":303,"commentCount":0,"image":{"@id":"https:\/\/macite.tg\/?p=9300#primaryimage"},"thumbnailUrl":"https:\/\/macite.tg\/wp-content\/uploads\/2023\/09\/barca-equipe-696x387-1.jpg","articleSection":["SPORTS"],"inLanguage":"fr-FR","potentialAction":[{"@type":"CommentAction","name":"Comment","target":["https:\/\/macite.tg\/?p=9300#respond"]}]},{"@type":"WebPage","@id":"https:\/\/macite.tg\/?p=9300","url":"https:\/\/macite.tg\/?p=9300","name":"FOOT PROFESSIONNEL\u00a0: Le Bar\u00e7a risque gros\u2026.dans l'affaire Negreira -","isPartOf":{"@id":"https:\/\/macite.tg\/#website"},"primaryImageOfPage":{"@id":"https:\/\/macite.tg\/?p=9300#primaryimage"},"image":{"@id":"https:\/\/macite.tg\/?p=9300#primaryimage"},"thumbnailUrl":"https:\/\/macite.tg\/wp-content\/uploads\/2023\/09\/barca-equipe-696x387-1.jpg","datePublished":"2023-09-29T13:34:58+00:00","dateModified":"2023-09-29T13:34:59+00:00","author":{"@id":"https:\/\/macite.tg\/#\/schema\/person\/e9f2de7e5dbbe7770a9402c7ce82f5c2"},"breadcrumb":{"@id":"https:\/\/macite.tg\/?p=9300#breadcrumb"},"inLanguage":"fr-FR","potentialAction":[{"@type":"ReadAction","target":["https:\/\/macite.tg\/?p=9300"]}]},{"@type":"ImageObject","inLanguage":"fr-FR","@id":"https:\/\/macite.tg\/?p=9300#primaryimage","url":"https:\/\/macite.tg\/wp-content\/uploads\/2023\/09\/barca-equipe-696x387-1.jpg","contentUrl":"https:\/\/macite.tg\/wp-content\/uploads\/2023\/09\/barca-equipe-696x387-1.jpg","width":696,"height":387,"caption":"Barcelona team group line-up (Barcelona), AUGUST 20, 2023 - Football \/ Soccer : Spanish \"LaLiga EA Sports\" match between FC Barcelona 2-0 Cadiz CF at the Estadi Olimpic Lluis Companys in Barcelona, Spain. (Photo by Mutsu Kawamori\/AFLO) || 274759_0086 football la liga"},{"@type":"BreadcrumbList","@id":"https:\/\/macite.tg\/?p=9300#breadcrumb","itemListElement":[{"@type":"ListItem","position":1,"name":"Accueil","item":"https:\/\/macite.tg\/"},{"@type":"ListItem","position":2,"name":"FOOT PROFESSIONNEL\u00a0: Le Bar\u00e7a risque gros\u2026.dans l&rsquo;affaire Negreira"}]},{"@type":"WebSite","@id":"https:\/\/macite.tg\/#website","url":"https:\/\/macite.tg\/","name":"","description":"L&#039;information, la bonne!!!","potentialAction":[{"@type":"SearchAction","target":{"@type":"EntryPoint","urlTemplate":"https:\/\/macite.tg\/?s={search_term_string}"},"query-input":{"@type":"PropertyValueSpecification","valueRequired":true,"valueName":"search_term_string"}}],"inLanguage":"fr-FR"},{"@type":"Person","@id":"https:\/\/macite.tg\/#\/schema\/person\/e9f2de7e5dbbe7770a9402c7ce82f5c2","name":"Jean Pierre BAWELA","image":{"@type":"ImageObject","inLanguage":"fr-FR","@id":"https:\/\/macite.tg\/wp-content\/uploads\/2023\/09\/WhatsApp-Image-2023-09-19-at-14.44.41-122x122.jpeg","url":"https:\/\/macite.tg\/wp-content\/uploads\/2023\/09\/WhatsApp-Image-2023-09-19-at-14.44.41-122x122.jpeg","contentUrl":"https:\/\/macite.tg\/wp-content\/uploads\/2023\/09\/WhatsApp-Image-2023-09-19-at-14.44.41-122x122.jpeg","caption":"Jean Pierre BAWELA"},"url":"https:\/\/macite.tg\/?author=2"}]}},"_links":{"self":[{"href":"https:\/\/macite.tg\/index.php?rest_route=\/wp\/v2\/posts\/9300","targetHints":{"allow":["GET"]}}],"collection":[{"href":"https:\/\/macite.tg\/index.php?rest_route=\/wp\/v2\/posts"}],"about":[{"href":"https:\/\/macite.tg\/index.php?rest_route=\/wp\/v2\/types\/post"}],"author":[{"embeddable":true,"href":"https:\/\/macite.tg\/index.php?rest_route=\/wp\/v2\/users\/2"}],"replies":[{"embeddable":true,"href":"https:\/\/macite.tg\/index.php?rest_route=%2Fwp%2Fv2%2Fcomments&post=9300"}],"version-history":[{"count":0,"href":"https:\/\/macite.tg\/index.php?rest_route=\/wp\/v2\/posts\/9300\/revisions"}],"wp:featuredmedia":[{"embeddable":true,"href":"https:\/\/macite.tg\/index.php?rest_route=\/wp\/v2\/media\/9306"}],"wp:attachment":[{"href":"https:\/\/macite.tg\/index.php?rest_route=%2Fwp%2Fv2%2Fmedia&parent=9300"}],"wp:term":[{"taxonomy":"category","embeddable":true,"href":"https:\/\/macite.tg\/index.php?rest_route=%2Fwp%2Fv2%2Fcategories&post=9300"},{"taxonomy":"post_tag","embeddable":true,"href":"https:\/\/macite.tg\/index.php?rest_route=%2Fwp%2Fv2%2Ftags&post=9300"}],"curies":[{"name":"wp","href":"https:\/\/api.w.org\/{rel}","templated":true}]}}