{"id":9299,"date":"2023-09-29T13:26:02","date_gmt":"2023-09-29T13:26:02","guid":{"rendered":"https:\/\/macite.tg\/?p=9299"},"modified":"2023-09-29T13:26:24","modified_gmt":"2023-09-29T13:26:24","slug":"cooperation-le-togo-et-lue-font-la-revue-du-portefeuille-de-leur-programme-conjoint","status":"publish","type":"post","link":"https:\/\/macite.tg\/?p=9299","title":{"rendered":"COOP\u00c9RATION\u00a0: Le Togo et l\u2019Ue font la revue du portefeuille de leur programme conjoint"},"content":{"rendered":"\n<p class=\"wp-block-paragraph\"><strong><em>Dans le cadre de la programmation conjointe 2021-2023 de la coop\u00e9ration entre le Togo et l\u2019Union europ\u00e9enne (Ue), une rencontre pr\u00e9sid\u00e9e par la Ministre et Secr\u00e9taire g\u00e9n\u00e9rale de la Pr\u00e9sidence de la R\u00e9publique, Mme Sandra Ablamba Johnson, s\u2019est tenue le mercredi 27 septembre dernier \u00e0 Lom\u00e9.<\/em><\/strong><\/p>\n\n\n\n<p class=\"wp-block-paragraph\">Cette rencontre qui intervient deux ans apr\u00e8s avoir mis au point le nouveau cadre de partenariat entre le Togo et l\u2019Ue, l\u2019heure est \u00e0 l\u2019\u00e9valuation des r\u00e9sultats des interventions de l\u2019Ue sur la p\u00e9riode d\u00e9di\u00e9e, ceci conform\u00e9ment aux priorit\u00e9s du pays.<\/p>\n\n\n<div class=\"wp-block-image\">\n<figure class=\"aligncenter size-large is-resized\"><img loading=\"lazy\" decoding=\"async\" src=\"https:\/\/macite.tg\/wp-content\/uploads\/2023\/09\/IMG-20230925-WA00751-1024x1024.jpg\" alt=\"\" class=\"wp-image-9128\" width=\"545\" height=\"545\" srcset=\"https:\/\/macite.tg\/wp-content\/uploads\/2023\/09\/IMG-20230925-WA00751-1024x1024.jpg 1024w, https:\/\/macite.tg\/wp-content\/uploads\/2023\/09\/IMG-20230925-WA00751-300x300.jpg 300w, https:\/\/macite.tg\/wp-content\/uploads\/2023\/09\/IMG-20230925-WA00751-150x150.jpg 150w, https:\/\/macite.tg\/wp-content\/uploads\/2023\/09\/IMG-20230925-WA00751-768x768.jpg 768w, https:\/\/macite.tg\/wp-content\/uploads\/2023\/09\/IMG-20230925-WA00751-122x122.jpg 122w, https:\/\/macite.tg\/wp-content\/uploads\/2023\/09\/IMG-20230925-WA00751.jpg 1181w\" sizes=\"auto, (max-width: 545px) 100vw, 545px\" \/><\/figure>\n<\/div>\n\n\n<p class=\"wp-block-paragraph\">Ce cadre de r\u00e9flexion devrait faire le point des interventions de l\u2019Ue en appui aux efforts du gouvernement dans trois domaines essentiellement, \u00e0 savoir le d\u00e9veloppement humain et l\u2019inclusion socio-\u00e9conomique, les agro-industries durables, la gestion des ressources naturelles, et la consolidation d\u2019une soci\u00e9t\u00e9 togolaise apais\u00e9e&nbsp;et&nbsp;r\u00e9siliente.<\/p>\n\n\n\n<p class=\"wp-block-paragraph\">Ainsi, \u00e0 l\u2019issue des travaux qui ont r\u00e9unis les membres de l\u2019ex\u00e9cutif et les repr\u00e9sentations diplomatiques europ\u00e9ennes, l\u2019on retient qu\u2019au cours de la p\u00e9riode conjointement d\u00e9finie par les deux parties, les priorit\u00e9s pr\u00e9d\u00e9finies ont connu \u00ab&nbsp;des progr\u00e8s remarquables&nbsp;\u00bb.<\/p>\n\n\n<div class=\"wp-block-image\">\n<figure class=\"aligncenter size-large is-resized\"><img loading=\"lazy\" decoding=\"async\" src=\"https:\/\/macite.tg\/wp-content\/uploads\/2023\/09\/ANNONCES-1-1-1024x426.jpg\" alt=\"\" class=\"wp-image-9145\" width=\"646\" height=\"268\" srcset=\"https:\/\/macite.tg\/wp-content\/uploads\/2023\/09\/ANNONCES-1-1-1024x426.jpg 1024w, https:\/\/macite.tg\/wp-content\/uploads\/2023\/09\/ANNONCES-1-1-300x125.jpg 300w, https:\/\/macite.tg\/wp-content\/uploads\/2023\/09\/ANNONCES-1-1-768x319.jpg 768w, https:\/\/macite.tg\/wp-content\/uploads\/2023\/09\/ANNONCES-1-1.jpg 1080w\" sizes=\"auto, (max-width: 646px) 100vw, 646px\" \/><\/figure>\n<\/div>\n\n\n<p class=\"wp-block-paragraph\"><em>\u00ab&nbsp;Le taux d\u2019absorption des engagements financiers par le Togo est remarquable. Ceci balise la voie \u00e0 une nouvelle allocation pour la prochaine p\u00e9riode. La satisfaction est des deux c\u00f4t\u00e9s. C\u2019est le fruit de la coop\u00e9ration tr\u00e8s \u00e9troite entre le Togo et l\u2019Union europ\u00e9enne&nbsp;\u00bb<\/em>, a soulign\u00e9 l\u2019ambassadeur Joaquin Tasso Vilallonga.&nbsp;<\/p>\n\n\n\n<p class=\"wp-block-paragraph\">Au nom du Chef de l\u2019Etat, Mme Sandra Ablamba Johnson a <em>exprim\u00e9 sa<\/em><em> \u00ab&nbsp;profonde gratitude \u00e0 l\u2019Union europ\u00e9enne et \u00e0 ses \u00c9tats membres, pour la qualit\u00e9 de la coop\u00e9ration qui ne cesse de se renforcer de jour en jour et surtout pour l\u2019accompagnement de la mise en \u0153uvre des projets et programmes de d\u00e9veloppement en faveur du bien-\u00eatre des populations<\/em>&nbsp;\u00bb.<\/p>\n\n\n\n<p class=\"wp-block-paragraph\">Tout en invitant les diff\u00e9rentes parties \u00e0 acc\u00e9l\u00e9rer le rythme d\u2019ex\u00e9cution des projets, Mme Sandra Johnson a soulign\u00e9 que <em>\u00ab&nbsp;cette revue vient \u00e0 point nomm\u00e9 dans ce sens que, pour la premi\u00e8re phase de la programmation pluriannuelle 2021-2024, il est pr\u00e9vu une \u00e9valuation \u00e0 mi-parcours l\u2019ann\u00e9e prochaine, dont la performance d\u00e9terminera l\u2019enveloppe \u00e0 mobiliser pour la deuxi\u00e8me phase 2025-2027&nbsp;\u00bb.<\/em><\/p>\n\n\n\n<p class=\"wp-block-paragraph\">Notons que le partenariat entre le Togo et l\u2019Ue est orient\u00e9 essentiellement <em>\u00ab&nbsp;sur les grands programmes de la Feuille de route gouvernementale&nbsp;\u00bb.<\/em> Et dans ce sens, chacune des parties s\u2019est <em>\u00ab&nbsp;engag\u00e9e \u00e0 jouer au mieux sa partition pour l\u2019atteinte des objectifs communs&nbsp;\u00bb.&nbsp;<\/em><\/p>\n\n\n<div class=\"wp-block-image\">\n<figure class=\"aligncenter size-large is-resized\"><img loading=\"lazy\" decoding=\"async\" src=\"https:\/\/macite.tg\/wp-content\/uploads\/2023\/09\/IMG-20230731-WA0145-2-1024x1024.jpg\" alt=\"\" class=\"wp-image-9302\" width=\"539\" height=\"539\" srcset=\"https:\/\/macite.tg\/wp-content\/uploads\/2023\/09\/IMG-20230731-WA0145-2-1024x1024.jpg 1024w, https:\/\/macite.tg\/wp-content\/uploads\/2023\/09\/IMG-20230731-WA0145-2-300x300.jpg 300w, https:\/\/macite.tg\/wp-content\/uploads\/2023\/09\/IMG-20230731-WA0145-2-150x150.jpg 150w, https:\/\/macite.tg\/wp-content\/uploads\/2023\/09\/IMG-20230731-WA0145-2-768x768.jpg 768w, https:\/\/macite.tg\/wp-content\/uploads\/2023\/09\/IMG-20230731-WA0145-2-122x122.jpg 122w, https:\/\/macite.tg\/wp-content\/uploads\/2023\/09\/IMG-20230731-WA0145-2.jpg 1080w\" sizes=\"auto, (max-width: 539px) 100vw, 539px\" \/><\/figure>\n<\/div>\n\n\n<p class=\"wp-block-paragraph\">Pour rappel, pour le compte de l\u2019ann\u00e9e 2021, dans le cadre du partenariat, le Togo a b\u00e9n\u00e9fici\u00e9 d\u2019un financement de 30 millions d\u2019euros, pour le compte du programme d\u2019appui \u00e0 la lutte contre le changement climatique, et 25 millions d\u2019euros pour le compte du programme de renforcement des services publics locaux. Pour l\u2019ann\u00e9e suivante, 2022, deux conventions ont \u00e9t\u00e9 sign\u00e9e, respectivement pour un co\u00fbt de 82 millions d\u2019euros (pour le programme de soutien au d\u00e9veloppement des agro-industries), et 45 millions d\u2019euros d\u00e9di\u00e9 \u00e0 l\u2019appui \u00e0 la construction de l\u2019\u00c9tat et \u00e0 la r\u00e9silience au Togo.<\/p>\n\n\n\n<p class=\"wp-block-paragraph\"><strong>JPB<\/strong><\/p>\n\n\n\n<p class=\"wp-block-paragraph\"><strong><em>@macite.tg&nbsp;&nbsp;&nbsp;&nbsp;&nbsp;&nbsp;&nbsp;&nbsp;<\/em><\/strong><\/p>\n\n\n\n<p class=\"wp-block-paragraph\"><strong><em>E-mail&nbsp;: <\/em><\/strong><a href=\"mailto:maciteinfo@gmail.com\"><strong>maciteinfo@gmail.com<\/strong><\/a><strong><em>; <\/em><\/strong><a href=\"mailto:bawela1@gmail.com\"><strong>bawela1@gmail.com<\/strong><\/a><\/p>\n\n\n\n<p class=\"wp-block-paragraph\"><strong><em>Pour vos annonces, (publi)reportages, etc., joignez nous au (00228)91515309\/<strong>79872224 <\/strong>www.macite.tg, L\u2019information, la bonne&nbsp;!<\/em><\/strong><\/p>\n","protected":false},"excerpt":{"rendered":"<p class=\"text-justify mb-2\" >Dans le cadre de la programmation conjointe 2021-2023 de la coop\u00e9ration entre le Togo et l\u2019Union europ\u00e9enne (Ue), une rencontre pr\u00e9sid\u00e9e par la Ministre et Secr\u00e9taire g\u00e9n\u00e9rale de la Pr\u00e9sidence de la R\u00e9publique, Mme Sandra Ablamba Johnson, s\u2019est tenue le mercredi 27 septembre dernier \u00e0 [&hellip;]<\/p>\n","protected":false},"author":2,"featured_media":9301,"comment_status":"open","ping_status":"open","sticky":false,"template":"","format":"standard","meta":{"footnotes":""},"categories":[20],"tags":[],"class_list":["post-9299","post","type-post","status-publish","format-standard","has-post-thumbnail","hentry","category-actualite"],"yoast_head":"<!-- This site is optimized with the Yoast SEO plugin v28.4 - https:\/\/yoast.com\/product\/yoast-seo-wordpress\/ -->\n<title>COOP\u00c9RATION\u00a0: Le Togo et l\u2019Ue font la revue du portefeuille de leur programme conjoint -<\/title>\n<meta name=\"robots\" content=\"index, follow, max-snippet:-1, max-image-preview:large, max-video-preview:-1\" \/>\n<link rel=\"canonical\" href=\"https:\/\/macite.tg\/?p=9299\" \/>\n<meta property=\"og:locale\" content=\"fr_FR\" \/>\n<meta property=\"og:type\" content=\"article\" \/>\n<meta property=\"og:title\" content=\"COOP\u00c9RATION\u00a0: Le Togo et l\u2019Ue font la revue du portefeuille de leur programme conjoint -\" \/>\n<meta property=\"og:description\" content=\"Dans le cadre de la programmation conjointe 2021-2023 de la coop\u00e9ration entre le Togo et l\u2019Union europ\u00e9enne (Ue), une rencontre pr\u00e9sid\u00e9e par la Ministre et Secr\u00e9taire g\u00e9n\u00e9rale de la Pr\u00e9sidence de la R\u00e9publique, Mme Sandra Ablamba Johnson, s\u2019est tenue le mercredi 27 septembre dernier \u00e0 [&hellip;]\" \/>\n<meta property=\"og:url\" content=\"https:\/\/macite.tg\/?p=9299\" \/>\n<meta property=\"article:published_time\" content=\"2023-09-29T13:26:02+00:00\" \/>\n<meta property=\"article:modified_time\" content=\"2023-09-29T13:26:24+00:00\" \/>\n<meta property=\"og:image\" content=\"https:\/\/macite.tg\/wp-content\/uploads\/2023\/09\/Le-Togo-et-lUnion-europeenne-passent-en-revue-le-portefeuille-.jpg\" \/>\n\t<meta property=\"og:image:width\" content=\"800\" \/>\n\t<meta property=\"og:image:height\" content=\"533\" \/>\n\t<meta property=\"og:image:type\" content=\"image\/jpeg\" \/>\n<meta name=\"author\" content=\"Jean Pierre BAWELA\" \/>\n<meta name=\"twitter:card\" content=\"summary_large_image\" \/>\n<meta name=\"twitter:label1\" content=\"\u00c9crit par\" \/>\n\t<meta name=\"twitter:data1\" content=\"Jean Pierre BAWELA\" \/>\n\t<meta name=\"twitter:label2\" content=\"Dur\u00e9e de lecture estim\u00e9e\" \/>\n\t<meta name=\"twitter:data2\" content=\"3 minutes\" \/>\n<script type=\"application\/ld+json\" class=\"yoast-schema-graph\">{\"@context\":\"https:\\\/\\\/schema.org\",\"@graph\":[{\"@type\":\"Article\",\"@id\":\"https:\\\/\\\/macite.tg\\\/?p=9299#article\",\"isPartOf\":{\"@id\":\"https:\\\/\\\/macite.tg\\\/?p=9299\"},\"author\":{\"name\":\"Jean Pierre BAWELA\",\"@id\":\"https:\\\/\\\/macite.tg\\\/#\\\/schema\\\/person\\\/e9f2de7e5dbbe7770a9402c7ce82f5c2\"},\"headline\":\"COOP\u00c9RATION\u00a0: Le Togo et l\u2019Ue font la revue du portefeuille de leur programme conjoint\",\"datePublished\":\"2023-09-29T13:26:02+00:00\",\"dateModified\":\"2023-09-29T13:26:24+00:00\",\"mainEntityOfPage\":{\"@id\":\"https:\\\/\\\/macite.tg\\\/?p=9299\"},\"wordCount\":619,\"commentCount\":0,\"image\":{\"@id\":\"https:\\\/\\\/macite.tg\\\/?p=9299#primaryimage\"},\"thumbnailUrl\":\"https:\\\/\\\/macite.tg\\\/wp-content\\\/uploads\\\/2023\\\/09\\\/Le-Togo-et-lUnion-europeenne-passent-en-revue-le-portefeuille-.jpg\",\"articleSection\":[\"ACTUALITE\"],\"inLanguage\":\"fr-FR\",\"potentialAction\":[{\"@type\":\"CommentAction\",\"name\":\"Comment\",\"target\":[\"https:\\\/\\\/macite.tg\\\/?p=9299#respond\"]}]},{\"@type\":\"WebPage\",\"@id\":\"https:\\\/\\\/macite.tg\\\/?p=9299\",\"url\":\"https:\\\/\\\/macite.tg\\\/?p=9299\",\"name\":\"COOP\u00c9RATION\u00a0: Le Togo et l\u2019Ue font la revue du portefeuille de leur programme conjoint -\",\"isPartOf\":{\"@id\":\"https:\\\/\\\/macite.tg\\\/#website\"},\"primaryImageOfPage\":{\"@id\":\"https:\\\/\\\/macite.tg\\\/?p=9299#primaryimage\"},\"image\":{\"@id\":\"https:\\\/\\\/macite.tg\\\/?p=9299#primaryimage\"},\"thumbnailUrl\":\"https:\\\/\\\/macite.tg\\\/wp-content\\\/uploads\\\/2023\\\/09\\\/Le-Togo-et-lUnion-europeenne-passent-en-revue-le-portefeuille-.jpg\",\"datePublished\":\"2023-09-29T13:26:02+00:00\",\"dateModified\":\"2023-09-29T13:26:24+00:00\",\"author\":{\"@id\":\"https:\\\/\\\/macite.tg\\\/#\\\/schema\\\/person\\\/e9f2de7e5dbbe7770a9402c7ce82f5c2\"},\"breadcrumb\":{\"@id\":\"https:\\\/\\\/macite.tg\\\/?p=9299#breadcrumb\"},\"inLanguage\":\"fr-FR\",\"potentialAction\":[{\"@type\":\"ReadAction\",\"target\":[\"https:\\\/\\\/macite.tg\\\/?p=9299\"]}]},{\"@type\":\"ImageObject\",\"inLanguage\":\"fr-FR\",\"@id\":\"https:\\\/\\\/macite.tg\\\/?p=9299#primaryimage\",\"url\":\"https:\\\/\\\/macite.tg\\\/wp-content\\\/uploads\\\/2023\\\/09\\\/Le-Togo-et-lUnion-europeenne-passent-en-revue-le-portefeuille-.jpg\",\"contentUrl\":\"https:\\\/\\\/macite.tg\\\/wp-content\\\/uploads\\\/2023\\\/09\\\/Le-Togo-et-lUnion-europeenne-passent-en-revue-le-portefeuille-.jpg\",\"width\":800,\"height\":533},{\"@type\":\"BreadcrumbList\",\"@id\":\"https:\\\/\\\/macite.tg\\\/?p=9299#breadcrumb\",\"itemListElement\":[{\"@type\":\"ListItem\",\"position\":1,\"name\":\"Accueil\",\"item\":\"https:\\\/\\\/macite.tg\\\/\"},{\"@type\":\"ListItem\",\"position\":2,\"name\":\"COOP\u00c9RATION\u00a0: Le Togo et l\u2019Ue font la revue du portefeuille de leur programme conjoint\"}]},{\"@type\":\"WebSite\",\"@id\":\"https:\\\/\\\/macite.tg\\\/#website\",\"url\":\"https:\\\/\\\/macite.tg\\\/\",\"name\":\"\",\"description\":\"L&#039;information, la bonne!!!\",\"potentialAction\":[{\"@type\":\"SearchAction\",\"target\":{\"@type\":\"EntryPoint\",\"urlTemplate\":\"https:\\\/\\\/macite.tg\\\/?s={search_term_string}\"},\"query-input\":{\"@type\":\"PropertyValueSpecification\",\"valueRequired\":true,\"valueName\":\"search_term_string\"}}],\"inLanguage\":\"fr-FR\"},{\"@type\":\"Person\",\"@id\":\"https:\\\/\\\/macite.tg\\\/#\\\/schema\\\/person\\\/e9f2de7e5dbbe7770a9402c7ce82f5c2\",\"name\":\"Jean Pierre BAWELA\",\"image\":{\"@type\":\"ImageObject\",\"inLanguage\":\"fr-FR\",\"@id\":\"https:\\\/\\\/macite.tg\\\/wp-content\\\/uploads\\\/2023\\\/09\\\/WhatsApp-Image-2023-09-19-at-14.44.41-122x122.jpeg\",\"url\":\"https:\\\/\\\/macite.tg\\\/wp-content\\\/uploads\\\/2023\\\/09\\\/WhatsApp-Image-2023-09-19-at-14.44.41-122x122.jpeg\",\"contentUrl\":\"https:\\\/\\\/macite.tg\\\/wp-content\\\/uploads\\\/2023\\\/09\\\/WhatsApp-Image-2023-09-19-at-14.44.41-122x122.jpeg\",\"caption\":\"Jean Pierre BAWELA\"},\"url\":\"https:\\\/\\\/macite.tg\\\/?author=2\"}]}<\/script>\n<!-- \/ Yoast SEO plugin. -->","yoast_head_json":{"title":"COOP\u00c9RATION\u00a0: Le Togo et l\u2019Ue font la revue du portefeuille de leur programme conjoint -","robots":{"index":"index","follow":"follow","max-snippet":"max-snippet:-1","max-image-preview":"max-image-preview:large","max-video-preview":"max-video-preview:-1"},"canonical":"https:\/\/macite.tg\/?p=9299","og_locale":"fr_FR","og_type":"article","og_title":"COOP\u00c9RATION\u00a0: Le Togo et l\u2019Ue font la revue du portefeuille de leur programme conjoint -","og_description":"Dans le cadre de la programmation conjointe 2021-2023 de la coop\u00e9ration entre le Togo et l\u2019Union europ\u00e9enne (Ue), une rencontre pr\u00e9sid\u00e9e par la Ministre et Secr\u00e9taire g\u00e9n\u00e9rale de la Pr\u00e9sidence de la R\u00e9publique, Mme Sandra Ablamba Johnson, s\u2019est tenue le mercredi 27 septembre dernier \u00e0 [&hellip;]","og_url":"https:\/\/macite.tg\/?p=9299","article_published_time":"2023-09-29T13:26:02+00:00","article_modified_time":"2023-09-29T13:26:24+00:00","og_image":[{"width":800,"height":533,"url":"https:\/\/macite.tg\/wp-content\/uploads\/2023\/09\/Le-Togo-et-lUnion-europeenne-passent-en-revue-le-portefeuille-.jpg","type":"image\/jpeg"}],"author":"Jean Pierre BAWELA","twitter_card":"summary_large_image","twitter_misc":{"\u00c9crit par":"Jean Pierre BAWELA","Dur\u00e9e de lecture estim\u00e9e":"3 minutes"},"schema":{"@context":"https:\/\/schema.org","@graph":[{"@type":"Article","@id":"https:\/\/macite.tg\/?p=9299#article","isPartOf":{"@id":"https:\/\/macite.tg\/?p=9299"},"author":{"name":"Jean Pierre BAWELA","@id":"https:\/\/macite.tg\/#\/schema\/person\/e9f2de7e5dbbe7770a9402c7ce82f5c2"},"headline":"COOP\u00c9RATION\u00a0: Le Togo et l\u2019Ue font la revue du portefeuille de leur programme conjoint","datePublished":"2023-09-29T13:26:02+00:00","dateModified":"2023-09-29T13:26:24+00:00","mainEntityOfPage":{"@id":"https:\/\/macite.tg\/?p=9299"},"wordCount":619,"commentCount":0,"image":{"@id":"https:\/\/macite.tg\/?p=9299#primaryimage"},"thumbnailUrl":"https:\/\/macite.tg\/wp-content\/uploads\/2023\/09\/Le-Togo-et-lUnion-europeenne-passent-en-revue-le-portefeuille-.jpg","articleSection":["ACTUALITE"],"inLanguage":"fr-FR","potentialAction":[{"@type":"CommentAction","name":"Comment","target":["https:\/\/macite.tg\/?p=9299#respond"]}]},{"@type":"WebPage","@id":"https:\/\/macite.tg\/?p=9299","url":"https:\/\/macite.tg\/?p=9299","name":"COOP\u00c9RATION\u00a0: Le Togo et l\u2019Ue font la revue du portefeuille de leur programme conjoint -","isPartOf":{"@id":"https:\/\/macite.tg\/#website"},"primaryImageOfPage":{"@id":"https:\/\/macite.tg\/?p=9299#primaryimage"},"image":{"@id":"https:\/\/macite.tg\/?p=9299#primaryimage"},"thumbnailUrl":"https:\/\/macite.tg\/wp-content\/uploads\/2023\/09\/Le-Togo-et-lUnion-europeenne-passent-en-revue-le-portefeuille-.jpg","datePublished":"2023-09-29T13:26:02+00:00","dateModified":"2023-09-29T13:26:24+00:00","author":{"@id":"https:\/\/macite.tg\/#\/schema\/person\/e9f2de7e5dbbe7770a9402c7ce82f5c2"},"breadcrumb":{"@id":"https:\/\/macite.tg\/?p=9299#breadcrumb"},"inLanguage":"fr-FR","potentialAction":[{"@type":"ReadAction","target":["https:\/\/macite.tg\/?p=9299"]}]},{"@type":"ImageObject","inLanguage":"fr-FR","@id":"https:\/\/macite.tg\/?p=9299#primaryimage","url":"https:\/\/macite.tg\/wp-content\/uploads\/2023\/09\/Le-Togo-et-lUnion-europeenne-passent-en-revue-le-portefeuille-.jpg","contentUrl":"https:\/\/macite.tg\/wp-content\/uploads\/2023\/09\/Le-Togo-et-lUnion-europeenne-passent-en-revue-le-portefeuille-.jpg","width":800,"height":533},{"@type":"BreadcrumbList","@id":"https:\/\/macite.tg\/?p=9299#breadcrumb","itemListElement":[{"@type":"ListItem","position":1,"name":"Accueil","item":"https:\/\/macite.tg\/"},{"@type":"ListItem","position":2,"name":"COOP\u00c9RATION\u00a0: Le Togo et l\u2019Ue font la revue du portefeuille de leur programme conjoint"}]},{"@type":"WebSite","@id":"https:\/\/macite.tg\/#website","url":"https:\/\/macite.tg\/","name":"","description":"L&#039;information, la bonne!!!","potentialAction":[{"@type":"SearchAction","target":{"@type":"EntryPoint","urlTemplate":"https:\/\/macite.tg\/?s={search_term_string}"},"query-input":{"@type":"PropertyValueSpecification","valueRequired":true,"valueName":"search_term_string"}}],"inLanguage":"fr-FR"},{"@type":"Person","@id":"https:\/\/macite.tg\/#\/schema\/person\/e9f2de7e5dbbe7770a9402c7ce82f5c2","name":"Jean Pierre BAWELA","image":{"@type":"ImageObject","inLanguage":"fr-FR","@id":"https:\/\/macite.tg\/wp-content\/uploads\/2023\/09\/WhatsApp-Image-2023-09-19-at-14.44.41-122x122.jpeg","url":"https:\/\/macite.tg\/wp-content\/uploads\/2023\/09\/WhatsApp-Image-2023-09-19-at-14.44.41-122x122.jpeg","contentUrl":"https:\/\/macite.tg\/wp-content\/uploads\/2023\/09\/WhatsApp-Image-2023-09-19-at-14.44.41-122x122.jpeg","caption":"Jean Pierre BAWELA"},"url":"https:\/\/macite.tg\/?author=2"}]}},"_links":{"self":[{"href":"https:\/\/macite.tg\/index.php?rest_route=\/wp\/v2\/posts\/9299","targetHints":{"allow":["GET"]}}],"collection":[{"href":"https:\/\/macite.tg\/index.php?rest_route=\/wp\/v2\/posts"}],"about":[{"href":"https:\/\/macite.tg\/index.php?rest_route=\/wp\/v2\/types\/post"}],"author":[{"embeddable":true,"href":"https:\/\/macite.tg\/index.php?rest_route=\/wp\/v2\/users\/2"}],"replies":[{"embeddable":true,"href":"https:\/\/macite.tg\/index.php?rest_route=%2Fwp%2Fv2%2Fcomments&post=9299"}],"version-history":[{"count":0,"href":"https:\/\/macite.tg\/index.php?rest_route=\/wp\/v2\/posts\/9299\/revisions"}],"wp:featuredmedia":[{"embeddable":true,"href":"https:\/\/macite.tg\/index.php?rest_route=\/wp\/v2\/media\/9301"}],"wp:attachment":[{"href":"https:\/\/macite.tg\/index.php?rest_route=%2Fwp%2Fv2%2Fmedia&parent=9299"}],"wp:term":[{"taxonomy":"category","embeddable":true,"href":"https:\/\/macite.tg\/index.php?rest_route=%2Fwp%2Fv2%2Fcategories&post=9299"},{"taxonomy":"post_tag","embeddable":true,"href":"https:\/\/macite.tg\/index.php?rest_route=%2Fwp%2Fv2%2Ftags&post=9299"}],"curies":[{"name":"wp","href":"https:\/\/api.w.org\/{rel}","templated":true}]}}