{"id":9292,"date":"2023-09-28T18:34:26","date_gmt":"2023-09-28T18:34:26","guid":{"rendered":"https:\/\/macite.tg\/?p=9292"},"modified":"2023-09-28T18:39:07","modified_gmt":"2023-09-28T18:39:07","slug":"miato-edition-2023-une-tournee-nationale-pour-sonner-la-mobilisation","status":"publish","type":"post","link":"https:\/\/macite.tg\/?p=9292","title":{"rendered":"MIATO \u00c9DITION 2023\u00a0: Une tourn\u00e9e nationale pour sonner la mobilisation\u2026"},"content":{"rendered":"\n<p class=\"wp-block-paragraph\"><strong><em>L\u2019heure est \u00e0 la mobilisation des acteurs de l\u2019artisanat au Togo. En effet, en pr\u00e9lude \u00e0 la tenue de l\u2019acte 3 du March\u00e9 international de l&rsquo;artisanat (Miato 2023) qui se tiendra du 25 octobre au 05 novembre prochain \u00e0 Lom\u00e9, la Direction de l\u2019Artisanat veut inviter les acteurs dudit secteur \u00e0 se mobiliser pour la r\u00e9ussite de cet \u00e9v\u00e9nement forain.<\/em><\/strong><\/p>\n\n\n\n<p class=\"wp-block-paragraph\">Du 25 octobre au 05 novembre 2023, les acteurs du monde artisanal togolais et africain se donnent rendez-vous dans la capitale togolaise pour l\u2019acte 3 du March\u00e9 international de l&rsquo;artisanat (Miato 2023). \u00ab&nbsp;<em>L\u2019artisanat \u00e0 l\u2019\u00e8re de l\u2019autonomisation de la femme et du num\u00e9rique<\/em>&nbsp;\u00bb, tel est le th\u00e8me de cette \u00e9dition avec une pr\u00e9vision de 300 stands d&rsquo;exposition.<\/p>\n\n\n<div class=\"wp-block-image\">\n<figure class=\"aligncenter size-large is-resized\"><img loading=\"lazy\" decoding=\"async\" src=\"https:\/\/macite.tg\/wp-content\/uploads\/2023\/09\/IMG-20230925-WA00751-1024x1024.jpg\" alt=\"\" class=\"wp-image-9128\" width=\"519\" height=\"519\" srcset=\"https:\/\/macite.tg\/wp-content\/uploads\/2023\/09\/IMG-20230925-WA00751-1024x1024.jpg 1024w, https:\/\/macite.tg\/wp-content\/uploads\/2023\/09\/IMG-20230925-WA00751-300x300.jpg 300w, https:\/\/macite.tg\/wp-content\/uploads\/2023\/09\/IMG-20230925-WA00751-150x150.jpg 150w, https:\/\/macite.tg\/wp-content\/uploads\/2023\/09\/IMG-20230925-WA00751-768x768.jpg 768w, https:\/\/macite.tg\/wp-content\/uploads\/2023\/09\/IMG-20230925-WA00751-122x122.jpg 122w, https:\/\/macite.tg\/wp-content\/uploads\/2023\/09\/IMG-20230925-WA00751.jpg 1181w\" sizes=\"auto, (max-width: 519px) 100vw, 519px\" \/><\/figure>\n<\/div>\n\n\n<p class=\"wp-block-paragraph\">Pour la r\u00e9ussite de cet \u00e9v\u00e9nement forain d\u2019envergure, la Direction de l&rsquo;Artisanat a voulu prendre le taureau par les cornes, en sonnant la mobilisation des acteurs nationaux du secteur. Ainsi, la Direction avec la collaboration de l&rsquo;Union des chambres r\u00e9gionales des m\u00e9tiers (Crm), a entam\u00e9 une tourn\u00e9e dans l\u2019optique d\u2019informer les artisans de la tenue de cet \u00e9v\u00e9nement tout en les encourageant \u00e0 y participer massivement.<\/p>\n\n\n\n<p class=\"wp-block-paragraph\">Une premi\u00e8re \u00e9tape de cette tourn\u00e9e a conduit, il&nbsp;y a plus d\u2019une semaine, la d\u00e9l\u00e9gation dans la r\u00e9gion des Plateaux, o\u00f9 elle a pris langue avec les artisans des pr\u00e9fectures de Kp\u00e9l\u00e9, de Danyi, d\u2019Agou et de Kloto.<\/p>\n\n\n\n<p class=\"wp-block-paragraph\">Notons que ces sessions qui vont s\u2019\u00e9tendre aux autres r\u00e9gions du pays, sont d\u2019ailleurs programm\u00e9es jusqu\u2019au mois d\u2019octobre prochain, juste avant la tenue de cet \u00e9v\u00e9nement d\u2019envergure.<\/p>\n\n\n<div class=\"wp-block-image\">\n<figure class=\"aligncenter size-large is-resized\"><img loading=\"lazy\" decoding=\"async\" src=\"https:\/\/macite.tg\/wp-content\/uploads\/2023\/09\/IMG-20230925-WA00761-1-1024x1024.jpg\" alt=\"\" class=\"wp-image-9144\" width=\"480\" height=\"480\" srcset=\"https:\/\/macite.tg\/wp-content\/uploads\/2023\/09\/IMG-20230925-WA00761-1-1024x1024.jpg 1024w, https:\/\/macite.tg\/wp-content\/uploads\/2023\/09\/IMG-20230925-WA00761-1-300x300.jpg 300w, https:\/\/macite.tg\/wp-content\/uploads\/2023\/09\/IMG-20230925-WA00761-1-150x150.jpg 150w, https:\/\/macite.tg\/wp-content\/uploads\/2023\/09\/IMG-20230925-WA00761-1-768x768.jpg 768w, https:\/\/macite.tg\/wp-content\/uploads\/2023\/09\/IMG-20230925-WA00761-1-122x122.jpg 122w, https:\/\/macite.tg\/wp-content\/uploads\/2023\/09\/IMG-20230925-WA00761-1.jpg 1181w\" sizes=\"auto, (max-width: 480px) 100vw, 480px\" \/><\/figure>\n<\/div>\n\n\n<p class=\"wp-block-paragraph\">Rappelons que sont attendus dans la capitale togolaise, quelques 120.000 visiteurs venus des pays de la sous-r\u00e9gion, notamment.&nbsp;<\/p>\n\n\n\n<p class=\"wp-block-paragraph\"><strong>La R\u00e9daction<\/strong><\/p>\n\n\n\n<p class=\"wp-block-paragraph\"><strong><em>@macite.tg&nbsp;&nbsp;&nbsp;&nbsp;&nbsp;&nbsp;&nbsp;&nbsp;<\/em><\/strong><\/p>\n\n\n\n<p class=\"wp-block-paragraph\"><strong><em>E-mail&nbsp;: <\/em><\/strong><a href=\"mailto:maciteinfo@gmail.com\"><strong><em>maciteinfo@gmail.com<\/em><\/strong><\/a><strong><em>; <\/em><\/strong><a href=\"mailto:bawela1@gmail.com\"><strong><em>bawela1@gmail.com<\/em><\/strong><\/a><strong><em><\/em><\/strong><\/p>\n\n\n\n<p class=\"wp-block-paragraph\"><strong><em>Pour vos annonces, (publi)reportages, etc., joignez nous au (00228)91515309\/<strong>79872224 <\/strong>www.macite.tg, L\u2019information, la bonne&nbsp;!<\/em><\/strong><\/p>\n","protected":false},"excerpt":{"rendered":"<p class=\"text-justify mb-2\" >L\u2019heure est \u00e0 la mobilisation des acteurs de l\u2019artisanat au Togo. En effet, en pr\u00e9lude \u00e0 la tenue de l\u2019acte 3 du March\u00e9 international de l&rsquo;artisanat (Miato 2023) qui se tiendra du 25 octobre au 05 novembre prochain \u00e0 Lom\u00e9, la Direction de l\u2019Artisanat veut [&hellip;]<\/p>\n","protected":false},"author":2,"featured_media":9297,"comment_status":"open","ping_status":"open","sticky":false,"template":"","format":"standard","meta":{"footnotes":""},"categories":[18],"tags":[],"class_list":["post-9292","post","type-post","status-publish","format-standard","has-post-thumbnail","hentry","category-culture"],"yoast_head":"<!-- This site is optimized with the Yoast SEO plugin v28.4 - https:\/\/yoast.com\/product\/yoast-seo-wordpress\/ -->\n<title>MIATO \u00c9DITION 2023\u00a0: Une tourn\u00e9e nationale pour sonner la mobilisation\u2026 -<\/title>\n<meta name=\"robots\" content=\"index, follow, max-snippet:-1, max-image-preview:large, max-video-preview:-1\" \/>\n<link rel=\"canonical\" href=\"https:\/\/macite.tg\/?p=9292\" \/>\n<meta property=\"og:locale\" content=\"fr_FR\" \/>\n<meta property=\"og:type\" content=\"article\" \/>\n<meta property=\"og:title\" content=\"MIATO \u00c9DITION 2023\u00a0: Une tourn\u00e9e nationale pour sonner la mobilisation\u2026 -\" \/>\n<meta property=\"og:description\" content=\"L\u2019heure est \u00e0 la mobilisation des acteurs de l\u2019artisanat au Togo. En effet, en pr\u00e9lude \u00e0 la tenue de l\u2019acte 3 du March\u00e9 international de l&rsquo;artisanat (Miato 2023) qui se tiendra du 25 octobre au 05 novembre prochain \u00e0 Lom\u00e9, la Direction de l\u2019Artisanat veut [&hellip;]\" \/>\n<meta property=\"og:url\" content=\"https:\/\/macite.tg\/?p=9292\" \/>\n<meta property=\"article:published_time\" content=\"2023-09-28T18:34:26+00:00\" \/>\n<meta property=\"article:modified_time\" content=\"2023-09-28T18:39:07+00:00\" \/>\n<meta property=\"og:image\" content=\"https:\/\/macite.tg\/wp-content\/uploads\/2023\/09\/Artisanat-togoalis.jpg\" \/>\n\t<meta property=\"og:image:width\" content=\"276\" \/>\n\t<meta property=\"og:image:height\" content=\"182\" \/>\n\t<meta property=\"og:image:type\" content=\"image\/jpeg\" \/>\n<meta name=\"author\" content=\"Jean Pierre BAWELA\" \/>\n<meta name=\"twitter:card\" content=\"summary_large_image\" \/>\n<meta name=\"twitter:label1\" content=\"\u00c9crit par\" \/>\n\t<meta name=\"twitter:data1\" content=\"Jean Pierre BAWELA\" \/>\n\t<meta name=\"twitter:label2\" content=\"Dur\u00e9e de lecture estim\u00e9e\" \/>\n\t<meta name=\"twitter:data2\" content=\"2 minutes\" \/>\n<script type=\"application\/ld+json\" class=\"yoast-schema-graph\">{\"@context\":\"https:\\\/\\\/schema.org\",\"@graph\":[{\"@type\":\"Article\",\"@id\":\"https:\\\/\\\/macite.tg\\\/?p=9292#article\",\"isPartOf\":{\"@id\":\"https:\\\/\\\/macite.tg\\\/?p=9292\"},\"author\":{\"name\":\"Jean Pierre BAWELA\",\"@id\":\"https:\\\/\\\/macite.tg\\\/#\\\/schema\\\/person\\\/e9f2de7e5dbbe7770a9402c7ce82f5c2\"},\"headline\":\"MIATO \u00c9DITION 2023\u00a0: Une tourn\u00e9e nationale pour sonner la mobilisation\u2026\",\"datePublished\":\"2023-09-28T18:34:26+00:00\",\"dateModified\":\"2023-09-28T18:39:07+00:00\",\"mainEntityOfPage\":{\"@id\":\"https:\\\/\\\/macite.tg\\\/?p=9292\"},\"wordCount\":348,\"commentCount\":0,\"image\":{\"@id\":\"https:\\\/\\\/macite.tg\\\/?p=9292#primaryimage\"},\"thumbnailUrl\":\"https:\\\/\\\/macite.tg\\\/wp-content\\\/uploads\\\/2023\\\/09\\\/Artisanat-togoalis.jpg\",\"articleSection\":[\"CULTURE\"],\"inLanguage\":\"fr-FR\",\"potentialAction\":[{\"@type\":\"CommentAction\",\"name\":\"Comment\",\"target\":[\"https:\\\/\\\/macite.tg\\\/?p=9292#respond\"]}]},{\"@type\":\"WebPage\",\"@id\":\"https:\\\/\\\/macite.tg\\\/?p=9292\",\"url\":\"https:\\\/\\\/macite.tg\\\/?p=9292\",\"name\":\"MIATO \u00c9DITION 2023\u00a0: Une tourn\u00e9e nationale pour sonner la mobilisation\u2026 -\",\"isPartOf\":{\"@id\":\"https:\\\/\\\/macite.tg\\\/#website\"},\"primaryImageOfPage\":{\"@id\":\"https:\\\/\\\/macite.tg\\\/?p=9292#primaryimage\"},\"image\":{\"@id\":\"https:\\\/\\\/macite.tg\\\/?p=9292#primaryimage\"},\"thumbnailUrl\":\"https:\\\/\\\/macite.tg\\\/wp-content\\\/uploads\\\/2023\\\/09\\\/Artisanat-togoalis.jpg\",\"datePublished\":\"2023-09-28T18:34:26+00:00\",\"dateModified\":\"2023-09-28T18:39:07+00:00\",\"author\":{\"@id\":\"https:\\\/\\\/macite.tg\\\/#\\\/schema\\\/person\\\/e9f2de7e5dbbe7770a9402c7ce82f5c2\"},\"breadcrumb\":{\"@id\":\"https:\\\/\\\/macite.tg\\\/?p=9292#breadcrumb\"},\"inLanguage\":\"fr-FR\",\"potentialAction\":[{\"@type\":\"ReadAction\",\"target\":[\"https:\\\/\\\/macite.tg\\\/?p=9292\"]}]},{\"@type\":\"ImageObject\",\"inLanguage\":\"fr-FR\",\"@id\":\"https:\\\/\\\/macite.tg\\\/?p=9292#primaryimage\",\"url\":\"https:\\\/\\\/macite.tg\\\/wp-content\\\/uploads\\\/2023\\\/09\\\/Artisanat-togoalis.jpg\",\"contentUrl\":\"https:\\\/\\\/macite.tg\\\/wp-content\\\/uploads\\\/2023\\\/09\\\/Artisanat-togoalis.jpg\",\"width\":276,\"height\":182},{\"@type\":\"BreadcrumbList\",\"@id\":\"https:\\\/\\\/macite.tg\\\/?p=9292#breadcrumb\",\"itemListElement\":[{\"@type\":\"ListItem\",\"position\":1,\"name\":\"Accueil\",\"item\":\"https:\\\/\\\/macite.tg\\\/\"},{\"@type\":\"ListItem\",\"position\":2,\"name\":\"MIATO \u00c9DITION 2023\u00a0: Une tourn\u00e9e nationale pour sonner la mobilisation\u2026\"}]},{\"@type\":\"WebSite\",\"@id\":\"https:\\\/\\\/macite.tg\\\/#website\",\"url\":\"https:\\\/\\\/macite.tg\\\/\",\"name\":\"\",\"description\":\"L&#039;information, la bonne!!!\",\"potentialAction\":[{\"@type\":\"SearchAction\",\"target\":{\"@type\":\"EntryPoint\",\"urlTemplate\":\"https:\\\/\\\/macite.tg\\\/?s={search_term_string}\"},\"query-input\":{\"@type\":\"PropertyValueSpecification\",\"valueRequired\":true,\"valueName\":\"search_term_string\"}}],\"inLanguage\":\"fr-FR\"},{\"@type\":\"Person\",\"@id\":\"https:\\\/\\\/macite.tg\\\/#\\\/schema\\\/person\\\/e9f2de7e5dbbe7770a9402c7ce82f5c2\",\"name\":\"Jean Pierre BAWELA\",\"image\":{\"@type\":\"ImageObject\",\"inLanguage\":\"fr-FR\",\"@id\":\"https:\\\/\\\/macite.tg\\\/wp-content\\\/uploads\\\/2023\\\/09\\\/WhatsApp-Image-2023-09-19-at-14.44.41-122x122.jpeg\",\"url\":\"https:\\\/\\\/macite.tg\\\/wp-content\\\/uploads\\\/2023\\\/09\\\/WhatsApp-Image-2023-09-19-at-14.44.41-122x122.jpeg\",\"contentUrl\":\"https:\\\/\\\/macite.tg\\\/wp-content\\\/uploads\\\/2023\\\/09\\\/WhatsApp-Image-2023-09-19-at-14.44.41-122x122.jpeg\",\"caption\":\"Jean Pierre BAWELA\"},\"url\":\"https:\\\/\\\/macite.tg\\\/?author=2\"}]}<\/script>\n<!-- \/ Yoast SEO plugin. -->","yoast_head_json":{"title":"MIATO \u00c9DITION 2023\u00a0: Une tourn\u00e9e nationale pour sonner la mobilisation\u2026 -","robots":{"index":"index","follow":"follow","max-snippet":"max-snippet:-1","max-image-preview":"max-image-preview:large","max-video-preview":"max-video-preview:-1"},"canonical":"https:\/\/macite.tg\/?p=9292","og_locale":"fr_FR","og_type":"article","og_title":"MIATO \u00c9DITION 2023\u00a0: Une tourn\u00e9e nationale pour sonner la mobilisation\u2026 -","og_description":"L\u2019heure est \u00e0 la mobilisation des acteurs de l\u2019artisanat au Togo. En effet, en pr\u00e9lude \u00e0 la tenue de l\u2019acte 3 du March\u00e9 international de l&rsquo;artisanat (Miato 2023) qui se tiendra du 25 octobre au 05 novembre prochain \u00e0 Lom\u00e9, la Direction de l\u2019Artisanat veut [&hellip;]","og_url":"https:\/\/macite.tg\/?p=9292","article_published_time":"2023-09-28T18:34:26+00:00","article_modified_time":"2023-09-28T18:39:07+00:00","og_image":[{"width":276,"height":182,"url":"https:\/\/macite.tg\/wp-content\/uploads\/2023\/09\/Artisanat-togoalis.jpg","type":"image\/jpeg"}],"author":"Jean Pierre BAWELA","twitter_card":"summary_large_image","twitter_misc":{"\u00c9crit par":"Jean Pierre BAWELA","Dur\u00e9e de lecture estim\u00e9e":"2 minutes"},"schema":{"@context":"https:\/\/schema.org","@graph":[{"@type":"Article","@id":"https:\/\/macite.tg\/?p=9292#article","isPartOf":{"@id":"https:\/\/macite.tg\/?p=9292"},"author":{"name":"Jean Pierre BAWELA","@id":"https:\/\/macite.tg\/#\/schema\/person\/e9f2de7e5dbbe7770a9402c7ce82f5c2"},"headline":"MIATO \u00c9DITION 2023\u00a0: Une tourn\u00e9e nationale pour sonner la mobilisation\u2026","datePublished":"2023-09-28T18:34:26+00:00","dateModified":"2023-09-28T18:39:07+00:00","mainEntityOfPage":{"@id":"https:\/\/macite.tg\/?p=9292"},"wordCount":348,"commentCount":0,"image":{"@id":"https:\/\/macite.tg\/?p=9292#primaryimage"},"thumbnailUrl":"https:\/\/macite.tg\/wp-content\/uploads\/2023\/09\/Artisanat-togoalis.jpg","articleSection":["CULTURE"],"inLanguage":"fr-FR","potentialAction":[{"@type":"CommentAction","name":"Comment","target":["https:\/\/macite.tg\/?p=9292#respond"]}]},{"@type":"WebPage","@id":"https:\/\/macite.tg\/?p=9292","url":"https:\/\/macite.tg\/?p=9292","name":"MIATO \u00c9DITION 2023\u00a0: Une tourn\u00e9e nationale pour sonner la mobilisation\u2026 -","isPartOf":{"@id":"https:\/\/macite.tg\/#website"},"primaryImageOfPage":{"@id":"https:\/\/macite.tg\/?p=9292#primaryimage"},"image":{"@id":"https:\/\/macite.tg\/?p=9292#primaryimage"},"thumbnailUrl":"https:\/\/macite.tg\/wp-content\/uploads\/2023\/09\/Artisanat-togoalis.jpg","datePublished":"2023-09-28T18:34:26+00:00","dateModified":"2023-09-28T18:39:07+00:00","author":{"@id":"https:\/\/macite.tg\/#\/schema\/person\/e9f2de7e5dbbe7770a9402c7ce82f5c2"},"breadcrumb":{"@id":"https:\/\/macite.tg\/?p=9292#breadcrumb"},"inLanguage":"fr-FR","potentialAction":[{"@type":"ReadAction","target":["https:\/\/macite.tg\/?p=9292"]}]},{"@type":"ImageObject","inLanguage":"fr-FR","@id":"https:\/\/macite.tg\/?p=9292#primaryimage","url":"https:\/\/macite.tg\/wp-content\/uploads\/2023\/09\/Artisanat-togoalis.jpg","contentUrl":"https:\/\/macite.tg\/wp-content\/uploads\/2023\/09\/Artisanat-togoalis.jpg","width":276,"height":182},{"@type":"BreadcrumbList","@id":"https:\/\/macite.tg\/?p=9292#breadcrumb","itemListElement":[{"@type":"ListItem","position":1,"name":"Accueil","item":"https:\/\/macite.tg\/"},{"@type":"ListItem","position":2,"name":"MIATO \u00c9DITION 2023\u00a0: Une tourn\u00e9e nationale pour sonner la mobilisation\u2026"}]},{"@type":"WebSite","@id":"https:\/\/macite.tg\/#website","url":"https:\/\/macite.tg\/","name":"","description":"L&#039;information, la bonne!!!","potentialAction":[{"@type":"SearchAction","target":{"@type":"EntryPoint","urlTemplate":"https:\/\/macite.tg\/?s={search_term_string}"},"query-input":{"@type":"PropertyValueSpecification","valueRequired":true,"valueName":"search_term_string"}}],"inLanguage":"fr-FR"},{"@type":"Person","@id":"https:\/\/macite.tg\/#\/schema\/person\/e9f2de7e5dbbe7770a9402c7ce82f5c2","name":"Jean Pierre BAWELA","image":{"@type":"ImageObject","inLanguage":"fr-FR","@id":"https:\/\/macite.tg\/wp-content\/uploads\/2023\/09\/WhatsApp-Image-2023-09-19-at-14.44.41-122x122.jpeg","url":"https:\/\/macite.tg\/wp-content\/uploads\/2023\/09\/WhatsApp-Image-2023-09-19-at-14.44.41-122x122.jpeg","contentUrl":"https:\/\/macite.tg\/wp-content\/uploads\/2023\/09\/WhatsApp-Image-2023-09-19-at-14.44.41-122x122.jpeg","caption":"Jean Pierre BAWELA"},"url":"https:\/\/macite.tg\/?author=2"}]}},"_links":{"self":[{"href":"https:\/\/macite.tg\/index.php?rest_route=\/wp\/v2\/posts\/9292","targetHints":{"allow":["GET"]}}],"collection":[{"href":"https:\/\/macite.tg\/index.php?rest_route=\/wp\/v2\/posts"}],"about":[{"href":"https:\/\/macite.tg\/index.php?rest_route=\/wp\/v2\/types\/post"}],"author":[{"embeddable":true,"href":"https:\/\/macite.tg\/index.php?rest_route=\/wp\/v2\/users\/2"}],"replies":[{"embeddable":true,"href":"https:\/\/macite.tg\/index.php?rest_route=%2Fwp%2Fv2%2Fcomments&post=9292"}],"version-history":[{"count":0,"href":"https:\/\/macite.tg\/index.php?rest_route=\/wp\/v2\/posts\/9292\/revisions"}],"wp:featuredmedia":[{"embeddable":true,"href":"https:\/\/macite.tg\/index.php?rest_route=\/wp\/v2\/media\/9297"}],"wp:attachment":[{"href":"https:\/\/macite.tg\/index.php?rest_route=%2Fwp%2Fv2%2Fmedia&parent=9292"}],"wp:term":[{"taxonomy":"category","embeddable":true,"href":"https:\/\/macite.tg\/index.php?rest_route=%2Fwp%2Fv2%2Fcategories&post=9292"},{"taxonomy":"post_tag","embeddable":true,"href":"https:\/\/macite.tg\/index.php?rest_route=%2Fwp%2Fv2%2Ftags&post=9292"}],"curies":[{"name":"wp","href":"https:\/\/api.w.org\/{rel}","templated":true}]}}