{"id":9288,"date":"2023-09-28T17:36:30","date_gmt":"2023-09-28T17:36:30","guid":{"rendered":"https:\/\/macite.tg\/?p=9288"},"modified":"2023-09-28T17:37:00","modified_gmt":"2023-09-28T17:37:00","slug":"acte-3-de-miato-la-femme-artisane-a-lhonneur-de-ledition-2023","status":"publish","type":"post","link":"https:\/\/macite.tg\/?p=9288","title":{"rendered":"ACTE 3 DE MIATO : La femme artisane \u00e0 l\u2019honneur de l\u2019\u00e9dition 2023\u00a0"},"content":{"rendered":"\n<p class=\"wp-block-paragraph\"><strong><em>Le March\u00e9 international de l\u2019artisanat du Togo (Miato) est devenu une tradition au Togo. Pour cette ann\u00e9e, Miato sera \u00e0 sa troisi\u00e8me \u00e9dition et \u00ab L\u2019artisanat \u00e0 l\u2019\u00e8re de l\u2019autonomisation de la femme et du num\u00e9rique \u00bb.<\/em><\/strong><\/p>\n\n\n\n<p class=\"wp-block-paragraph\">Du25 octobre au 05 novembre 2023, les acteurs du secteur artisanal seront r\u00e9unis \u00e0 Lom\u00e9 autour de l\u2019acte 3 du March\u00e9 international de l\u2019artisanat du Togo (Miato). A cet \u00e9v\u00e9nement forain qui vise \u00e0 valoriser le savoir-faire togolais et africain, sont attendus \u00e0&nbsp; Lom\u00e9 quelques 120 000 visiteurs.<\/p>\n\n\n<div class=\"wp-block-image\">\n<figure class=\"aligncenter size-large is-resized\"><img loading=\"lazy\" decoding=\"async\" src=\"https:\/\/macite.tg\/wp-content\/uploads\/2023\/09\/IMG-20230925-WA00751-1024x1024.jpg\" alt=\"\" class=\"wp-image-9128\" width=\"499\" height=\"499\" srcset=\"https:\/\/macite.tg\/wp-content\/uploads\/2023\/09\/IMG-20230925-WA00751-1024x1024.jpg 1024w, https:\/\/macite.tg\/wp-content\/uploads\/2023\/09\/IMG-20230925-WA00751-300x300.jpg 300w, https:\/\/macite.tg\/wp-content\/uploads\/2023\/09\/IMG-20230925-WA00751-150x150.jpg 150w, https:\/\/macite.tg\/wp-content\/uploads\/2023\/09\/IMG-20230925-WA00751-768x768.jpg 768w, https:\/\/macite.tg\/wp-content\/uploads\/2023\/09\/IMG-20230925-WA00751-122x122.jpg 122w, https:\/\/macite.tg\/wp-content\/uploads\/2023\/09\/IMG-20230925-WA00751.jpg 1181w\" sizes=\"auto, (max-width: 499px) 100vw, 499px\" \/><\/figure>\n<\/div>\n\n\n<p class=\"wp-block-paragraph\">Cette initiative qui est une mat\u00e9rialisation de la politique d\u2019autonomisation de la femme, les promoteurs veulent s\u2019adresser \u00e0 la femme dans le sens de son \u00e9panouissement et l\u2019amener \u00e0 faire usage du num\u00e9rique.<\/p>\n\n\n\n<p class=\"wp-block-paragraph\">La femme, r\u00e9put\u00e9e \u00eatre grandement responsables du bien-\u00eatre au sein des m\u00e9nages, s\u2019est illustr\u00e9e comme des gestionnaires d\u2019entreprises qui ont du succ\u00e8s. Le rapport 2019 de la Banque mondiale intitul\u00e9 <em>\u00ab&nbsp;Les b\u00e9n\u00e9fices de la parit\u00e9 : lib\u00e9rer le potentiel de l\u2019entrepreneuriat f\u00e9minin en Afrique&nbsp;\u00bb,<\/em> souligne \u00e0 juste titre que les microentreprises dirig\u00e9es par des femmes g\u00e9n\u00e8rent plus de b\u00e9n\u00e9fices que celles dirig\u00e9es par des hommes.<\/p>\n\n\n\n<p class=\"wp-block-paragraph\">Bien que le Togo soit un des mod\u00e8les africains en mati\u00e8re de promotion de la femme, le pays doit faire face \u00e0 quelques d\u00e9fis \u00e0 relever tel la formalisation progressive des entreprises des femmes pour faire d\u2019elles de v\u00e9ritables contributrices \u00e0 l\u2019essor de la production locale. Gr\u00e2ce aux mesures en faveur de l\u2019inclusion de la gent f\u00e9minine, il y a eu une hausse de 24 % du nombre d\u2019entreprises cr\u00e9\u00e9es par les femmes entre 2019 et 2021, une tendance qui se poursuit encore.<\/p>\n\n\n<div class=\"wp-block-image\">\n<figure class=\"aligncenter size-large is-resized\"><img loading=\"lazy\" decoding=\"async\" src=\"https:\/\/macite.tg\/wp-content\/uploads\/2023\/09\/IMG-20230925-WA00761-1024x1024.jpg\" alt=\"\" class=\"wp-image-9127\" width=\"480\" height=\"480\" srcset=\"https:\/\/macite.tg\/wp-content\/uploads\/2023\/09\/IMG-20230925-WA00761-1024x1024.jpg 1024w, https:\/\/macite.tg\/wp-content\/uploads\/2023\/09\/IMG-20230925-WA00761-300x300.jpg 300w, https:\/\/macite.tg\/wp-content\/uploads\/2023\/09\/IMG-20230925-WA00761-150x150.jpg 150w, https:\/\/macite.tg\/wp-content\/uploads\/2023\/09\/IMG-20230925-WA00761-768x768.jpg 768w, https:\/\/macite.tg\/wp-content\/uploads\/2023\/09\/IMG-20230925-WA00761-122x122.jpg 122w, https:\/\/macite.tg\/wp-content\/uploads\/2023\/09\/IMG-20230925-WA00761.jpg 1181w\" sizes=\"auto, (max-width: 480px) 100vw, 480px\" \/><\/figure>\n<\/div>\n\n\n<p class=\"wp-block-paragraph\">Dans ce sens que Miato 2023 se veut une opportunit\u00e9 de <em>\u00ab&nbsp;sensibiliser les artisans en g\u00e9n\u00e9ral et les femmes en particulier au sujet des mesures \u00e0 prendre pour renforcer leur r\u00f4le dans la sph\u00e8re \u00e9conomique, en exploitant de mani\u00e8re judicieuse la technologie num\u00e9rique&nbsp;\u00bb.<\/em><\/p>\n\n\n\n<p class=\"wp-block-paragraph\">Ainsi, la gent f\u00e9minine est vivement attendue \u00e0 ce rendez-vous forain.<\/p>\n\n\n\n<p class=\"wp-block-paragraph\"><strong>La R\u00e9daction<\/strong><\/p>\n\n\n\n<p class=\"wp-block-paragraph\"><strong><em>@macite.tg&nbsp;&nbsp;&nbsp;&nbsp;&nbsp;&nbsp;&nbsp;&nbsp;<\/em><\/strong><\/p>\n\n\n\n<p class=\"wp-block-paragraph\"><strong><em>E-mail&nbsp;: <\/em><\/strong><a href=\"mailto:maciteinfo@gmail.com\"><strong><em>maciteinfo@gmail.com<\/em><\/strong><\/a><strong><em>; <\/em><\/strong><a href=\"mailto:bawela1@gmail.com\"><strong><em>bawela1@gmail.com<\/em><\/strong><\/a><strong><em><\/em><\/strong><\/p>\n\n\n\n<p class=\"wp-block-paragraph\"><strong><em>Pour vos annonces, (publi)reportages, etc., joignez nous au (00228)91515309\/<strong>79872224 <\/strong>www.macite.tg, L\u2019information, la bonne&nbsp;!<\/em><\/strong><\/p>\n","protected":false},"excerpt":{"rendered":"<p class=\"text-justify mb-2\" >Le March\u00e9 international de l\u2019artisanat du Togo (Miato) est devenu une tradition au Togo. Pour cette ann\u00e9e, Miato sera \u00e0 sa troisi\u00e8me \u00e9dition et \u00ab L\u2019artisanat \u00e0 l\u2019\u00e8re de l\u2019autonomisation de la femme et du num\u00e9rique \u00bb. Du25 octobre au 05 novembre 2023, les acteurs [&hellip;]<\/p>\n","protected":false},"author":2,"featured_media":9289,"comment_status":"open","ping_status":"open","sticky":false,"template":"","format":"standard","meta":{"footnotes":""},"categories":[18],"tags":[],"class_list":["post-9288","post","type-post","status-publish","format-standard","has-post-thumbnail","hentry","category-culture"],"yoast_head":"<!-- This site is optimized with the Yoast SEO plugin v28.4 - https:\/\/yoast.com\/product\/yoast-seo-wordpress\/ -->\n<title>ACTE 3 DE MIATO : La femme artisane \u00e0 l\u2019honneur de l\u2019\u00e9dition 2023\u00a0 -<\/title>\n<meta name=\"robots\" content=\"index, follow, max-snippet:-1, max-image-preview:large, max-video-preview:-1\" \/>\n<link rel=\"canonical\" href=\"https:\/\/macite.tg\/?p=9288\" \/>\n<meta property=\"og:locale\" content=\"fr_FR\" \/>\n<meta property=\"og:type\" content=\"article\" \/>\n<meta property=\"og:title\" content=\"ACTE 3 DE MIATO : La femme artisane \u00e0 l\u2019honneur de l\u2019\u00e9dition 2023\u00a0 -\" \/>\n<meta property=\"og:description\" content=\"Le March\u00e9 international de l\u2019artisanat du Togo (Miato) est devenu une tradition au Togo. Pour cette ann\u00e9e, Miato sera \u00e0 sa troisi\u00e8me \u00e9dition et \u00ab L\u2019artisanat \u00e0 l\u2019\u00e8re de l\u2019autonomisation de la femme et du num\u00e9rique \u00bb. Du25 octobre au 05 novembre 2023, les acteurs [&hellip;]\" \/>\n<meta property=\"og:url\" content=\"https:\/\/macite.tg\/?p=9288\" \/>\n<meta property=\"article:published_time\" content=\"2023-09-28T17:36:30+00:00\" \/>\n<meta property=\"article:modified_time\" content=\"2023-09-28T17:37:00+00:00\" \/>\n<meta property=\"og:image\" content=\"https:\/\/macite.tg\/wp-content\/uploads\/2023\/09\/Miato.jpg\" \/>\n\t<meta property=\"og:image:width\" content=\"355\" \/>\n\t<meta property=\"og:image:height\" content=\"142\" \/>\n\t<meta property=\"og:image:type\" content=\"image\/jpeg\" \/>\n<meta name=\"author\" content=\"Jean Pierre BAWELA\" \/>\n<meta name=\"twitter:card\" content=\"summary_large_image\" \/>\n<meta name=\"twitter:label1\" content=\"\u00c9crit par\" \/>\n\t<meta name=\"twitter:data1\" content=\"Jean Pierre BAWELA\" \/>\n\t<meta name=\"twitter:label2\" content=\"Dur\u00e9e de lecture estim\u00e9e\" \/>\n\t<meta name=\"twitter:data2\" content=\"2 minutes\" \/>\n<script type=\"application\/ld+json\" class=\"yoast-schema-graph\">{\"@context\":\"https:\\\/\\\/schema.org\",\"@graph\":[{\"@type\":\"Article\",\"@id\":\"https:\\\/\\\/macite.tg\\\/?p=9288#article\",\"isPartOf\":{\"@id\":\"https:\\\/\\\/macite.tg\\\/?p=9288\"},\"author\":{\"name\":\"Jean Pierre BAWELA\",\"@id\":\"https:\\\/\\\/macite.tg\\\/#\\\/schema\\\/person\\\/e9f2de7e5dbbe7770a9402c7ce82f5c2\"},\"headline\":\"ACTE 3 DE MIATO : La femme artisane \u00e0 l\u2019honneur de l\u2019\u00e9dition 2023\u00a0\",\"datePublished\":\"2023-09-28T17:36:30+00:00\",\"dateModified\":\"2023-09-28T17:37:00+00:00\",\"mainEntityOfPage\":{\"@id\":\"https:\\\/\\\/macite.tg\\\/?p=9288\"},\"wordCount\":400,\"commentCount\":0,\"image\":{\"@id\":\"https:\\\/\\\/macite.tg\\\/?p=9288#primaryimage\"},\"thumbnailUrl\":\"https:\\\/\\\/macite.tg\\\/wp-content\\\/uploads\\\/2023\\\/09\\\/Miato.jpg\",\"articleSection\":[\"CULTURE\"],\"inLanguage\":\"fr-FR\",\"potentialAction\":[{\"@type\":\"CommentAction\",\"name\":\"Comment\",\"target\":[\"https:\\\/\\\/macite.tg\\\/?p=9288#respond\"]}]},{\"@type\":\"WebPage\",\"@id\":\"https:\\\/\\\/macite.tg\\\/?p=9288\",\"url\":\"https:\\\/\\\/macite.tg\\\/?p=9288\",\"name\":\"ACTE 3 DE MIATO : La femme artisane \u00e0 l\u2019honneur de l\u2019\u00e9dition 2023\u00a0 -\",\"isPartOf\":{\"@id\":\"https:\\\/\\\/macite.tg\\\/#website\"},\"primaryImageOfPage\":{\"@id\":\"https:\\\/\\\/macite.tg\\\/?p=9288#primaryimage\"},\"image\":{\"@id\":\"https:\\\/\\\/macite.tg\\\/?p=9288#primaryimage\"},\"thumbnailUrl\":\"https:\\\/\\\/macite.tg\\\/wp-content\\\/uploads\\\/2023\\\/09\\\/Miato.jpg\",\"datePublished\":\"2023-09-28T17:36:30+00:00\",\"dateModified\":\"2023-09-28T17:37:00+00:00\",\"author\":{\"@id\":\"https:\\\/\\\/macite.tg\\\/#\\\/schema\\\/person\\\/e9f2de7e5dbbe7770a9402c7ce82f5c2\"},\"breadcrumb\":{\"@id\":\"https:\\\/\\\/macite.tg\\\/?p=9288#breadcrumb\"},\"inLanguage\":\"fr-FR\",\"potentialAction\":[{\"@type\":\"ReadAction\",\"target\":[\"https:\\\/\\\/macite.tg\\\/?p=9288\"]}]},{\"@type\":\"ImageObject\",\"inLanguage\":\"fr-FR\",\"@id\":\"https:\\\/\\\/macite.tg\\\/?p=9288#primaryimage\",\"url\":\"https:\\\/\\\/macite.tg\\\/wp-content\\\/uploads\\\/2023\\\/09\\\/Miato.jpg\",\"contentUrl\":\"https:\\\/\\\/macite.tg\\\/wp-content\\\/uploads\\\/2023\\\/09\\\/Miato.jpg\",\"width\":355,\"height\":142},{\"@type\":\"BreadcrumbList\",\"@id\":\"https:\\\/\\\/macite.tg\\\/?p=9288#breadcrumb\",\"itemListElement\":[{\"@type\":\"ListItem\",\"position\":1,\"name\":\"Accueil\",\"item\":\"https:\\\/\\\/macite.tg\\\/\"},{\"@type\":\"ListItem\",\"position\":2,\"name\":\"ACTE 3 DE MIATO : La femme artisane \u00e0 l\u2019honneur de l\u2019\u00e9dition 2023\u00a0\"}]},{\"@type\":\"WebSite\",\"@id\":\"https:\\\/\\\/macite.tg\\\/#website\",\"url\":\"https:\\\/\\\/macite.tg\\\/\",\"name\":\"\",\"description\":\"L&#039;information, la bonne!!!\",\"potentialAction\":[{\"@type\":\"SearchAction\",\"target\":{\"@type\":\"EntryPoint\",\"urlTemplate\":\"https:\\\/\\\/macite.tg\\\/?s={search_term_string}\"},\"query-input\":{\"@type\":\"PropertyValueSpecification\",\"valueRequired\":true,\"valueName\":\"search_term_string\"}}],\"inLanguage\":\"fr-FR\"},{\"@type\":\"Person\",\"@id\":\"https:\\\/\\\/macite.tg\\\/#\\\/schema\\\/person\\\/e9f2de7e5dbbe7770a9402c7ce82f5c2\",\"name\":\"Jean Pierre BAWELA\",\"image\":{\"@type\":\"ImageObject\",\"inLanguage\":\"fr-FR\",\"@id\":\"https:\\\/\\\/macite.tg\\\/wp-content\\\/uploads\\\/2023\\\/09\\\/WhatsApp-Image-2023-09-19-at-14.44.41-122x122.jpeg\",\"url\":\"https:\\\/\\\/macite.tg\\\/wp-content\\\/uploads\\\/2023\\\/09\\\/WhatsApp-Image-2023-09-19-at-14.44.41-122x122.jpeg\",\"contentUrl\":\"https:\\\/\\\/macite.tg\\\/wp-content\\\/uploads\\\/2023\\\/09\\\/WhatsApp-Image-2023-09-19-at-14.44.41-122x122.jpeg\",\"caption\":\"Jean Pierre BAWELA\"},\"url\":\"https:\\\/\\\/macite.tg\\\/?author=2\"}]}<\/script>\n<!-- \/ Yoast SEO plugin. -->","yoast_head_json":{"title":"ACTE 3 DE MIATO : La femme artisane \u00e0 l\u2019honneur de l\u2019\u00e9dition 2023\u00a0 -","robots":{"index":"index","follow":"follow","max-snippet":"max-snippet:-1","max-image-preview":"max-image-preview:large","max-video-preview":"max-video-preview:-1"},"canonical":"https:\/\/macite.tg\/?p=9288","og_locale":"fr_FR","og_type":"article","og_title":"ACTE 3 DE MIATO : La femme artisane \u00e0 l\u2019honneur de l\u2019\u00e9dition 2023\u00a0 -","og_description":"Le March\u00e9 international de l\u2019artisanat du Togo (Miato) est devenu une tradition au Togo. Pour cette ann\u00e9e, Miato sera \u00e0 sa troisi\u00e8me \u00e9dition et \u00ab L\u2019artisanat \u00e0 l\u2019\u00e8re de l\u2019autonomisation de la femme et du num\u00e9rique \u00bb. Du25 octobre au 05 novembre 2023, les acteurs [&hellip;]","og_url":"https:\/\/macite.tg\/?p=9288","article_published_time":"2023-09-28T17:36:30+00:00","article_modified_time":"2023-09-28T17:37:00+00:00","og_image":[{"width":355,"height":142,"url":"https:\/\/macite.tg\/wp-content\/uploads\/2023\/09\/Miato.jpg","type":"image\/jpeg"}],"author":"Jean Pierre BAWELA","twitter_card":"summary_large_image","twitter_misc":{"\u00c9crit par":"Jean Pierre BAWELA","Dur\u00e9e de lecture estim\u00e9e":"2 minutes"},"schema":{"@context":"https:\/\/schema.org","@graph":[{"@type":"Article","@id":"https:\/\/macite.tg\/?p=9288#article","isPartOf":{"@id":"https:\/\/macite.tg\/?p=9288"},"author":{"name":"Jean Pierre BAWELA","@id":"https:\/\/macite.tg\/#\/schema\/person\/e9f2de7e5dbbe7770a9402c7ce82f5c2"},"headline":"ACTE 3 DE MIATO : La femme artisane \u00e0 l\u2019honneur de l\u2019\u00e9dition 2023\u00a0","datePublished":"2023-09-28T17:36:30+00:00","dateModified":"2023-09-28T17:37:00+00:00","mainEntityOfPage":{"@id":"https:\/\/macite.tg\/?p=9288"},"wordCount":400,"commentCount":0,"image":{"@id":"https:\/\/macite.tg\/?p=9288#primaryimage"},"thumbnailUrl":"https:\/\/macite.tg\/wp-content\/uploads\/2023\/09\/Miato.jpg","articleSection":["CULTURE"],"inLanguage":"fr-FR","potentialAction":[{"@type":"CommentAction","name":"Comment","target":["https:\/\/macite.tg\/?p=9288#respond"]}]},{"@type":"WebPage","@id":"https:\/\/macite.tg\/?p=9288","url":"https:\/\/macite.tg\/?p=9288","name":"ACTE 3 DE MIATO : La femme artisane \u00e0 l\u2019honneur de l\u2019\u00e9dition 2023\u00a0 -","isPartOf":{"@id":"https:\/\/macite.tg\/#website"},"primaryImageOfPage":{"@id":"https:\/\/macite.tg\/?p=9288#primaryimage"},"image":{"@id":"https:\/\/macite.tg\/?p=9288#primaryimage"},"thumbnailUrl":"https:\/\/macite.tg\/wp-content\/uploads\/2023\/09\/Miato.jpg","datePublished":"2023-09-28T17:36:30+00:00","dateModified":"2023-09-28T17:37:00+00:00","author":{"@id":"https:\/\/macite.tg\/#\/schema\/person\/e9f2de7e5dbbe7770a9402c7ce82f5c2"},"breadcrumb":{"@id":"https:\/\/macite.tg\/?p=9288#breadcrumb"},"inLanguage":"fr-FR","potentialAction":[{"@type":"ReadAction","target":["https:\/\/macite.tg\/?p=9288"]}]},{"@type":"ImageObject","inLanguage":"fr-FR","@id":"https:\/\/macite.tg\/?p=9288#primaryimage","url":"https:\/\/macite.tg\/wp-content\/uploads\/2023\/09\/Miato.jpg","contentUrl":"https:\/\/macite.tg\/wp-content\/uploads\/2023\/09\/Miato.jpg","width":355,"height":142},{"@type":"BreadcrumbList","@id":"https:\/\/macite.tg\/?p=9288#breadcrumb","itemListElement":[{"@type":"ListItem","position":1,"name":"Accueil","item":"https:\/\/macite.tg\/"},{"@type":"ListItem","position":2,"name":"ACTE 3 DE MIATO : La femme artisane \u00e0 l\u2019honneur de l\u2019\u00e9dition 2023\u00a0"}]},{"@type":"WebSite","@id":"https:\/\/macite.tg\/#website","url":"https:\/\/macite.tg\/","name":"","description":"L&#039;information, la bonne!!!","potentialAction":[{"@type":"SearchAction","target":{"@type":"EntryPoint","urlTemplate":"https:\/\/macite.tg\/?s={search_term_string}"},"query-input":{"@type":"PropertyValueSpecification","valueRequired":true,"valueName":"search_term_string"}}],"inLanguage":"fr-FR"},{"@type":"Person","@id":"https:\/\/macite.tg\/#\/schema\/person\/e9f2de7e5dbbe7770a9402c7ce82f5c2","name":"Jean Pierre BAWELA","image":{"@type":"ImageObject","inLanguage":"fr-FR","@id":"https:\/\/macite.tg\/wp-content\/uploads\/2023\/09\/WhatsApp-Image-2023-09-19-at-14.44.41-122x122.jpeg","url":"https:\/\/macite.tg\/wp-content\/uploads\/2023\/09\/WhatsApp-Image-2023-09-19-at-14.44.41-122x122.jpeg","contentUrl":"https:\/\/macite.tg\/wp-content\/uploads\/2023\/09\/WhatsApp-Image-2023-09-19-at-14.44.41-122x122.jpeg","caption":"Jean Pierre BAWELA"},"url":"https:\/\/macite.tg\/?author=2"}]}},"_links":{"self":[{"href":"https:\/\/macite.tg\/index.php?rest_route=\/wp\/v2\/posts\/9288","targetHints":{"allow":["GET"]}}],"collection":[{"href":"https:\/\/macite.tg\/index.php?rest_route=\/wp\/v2\/posts"}],"about":[{"href":"https:\/\/macite.tg\/index.php?rest_route=\/wp\/v2\/types\/post"}],"author":[{"embeddable":true,"href":"https:\/\/macite.tg\/index.php?rest_route=\/wp\/v2\/users\/2"}],"replies":[{"embeddable":true,"href":"https:\/\/macite.tg\/index.php?rest_route=%2Fwp%2Fv2%2Fcomments&post=9288"}],"version-history":[{"count":0,"href":"https:\/\/macite.tg\/index.php?rest_route=\/wp\/v2\/posts\/9288\/revisions"}],"wp:featuredmedia":[{"embeddable":true,"href":"https:\/\/macite.tg\/index.php?rest_route=\/wp\/v2\/media\/9289"}],"wp:attachment":[{"href":"https:\/\/macite.tg\/index.php?rest_route=%2Fwp%2Fv2%2Fmedia&parent=9288"}],"wp:term":[{"taxonomy":"category","embeddable":true,"href":"https:\/\/macite.tg\/index.php?rest_route=%2Fwp%2Fv2%2Fcategories&post=9288"},{"taxonomy":"post_tag","embeddable":true,"href":"https:\/\/macite.tg\/index.php?rest_route=%2Fwp%2Fv2%2Ftags&post=9288"}],"curies":[{"name":"wp","href":"https:\/\/api.w.org\/{rel}","templated":true}]}}