{"id":9283,"date":"2023-09-28T17:07:01","date_gmt":"2023-09-28T17:07:01","guid":{"rendered":"https:\/\/macite.tg\/?p=9283"},"modified":"2023-09-28T17:56:00","modified_gmt":"2023-09-28T17:56:00","slug":"journee-mondiale-du-tourisme-jmt-2023-le-togo-prend-la-mesure-des-opportunites-quoffre-le-tourisme-et-cest-pourquoi-ce-secteur-est-au-coeur-des-priorites-de-deve","status":"publish","type":"post","link":"https:\/\/macite.tg\/?p=9283","title":{"rendered":"JOURN\u00c9E MONDIALE DU TOURISME (JMT) 2023\u00a0: \u00ab\u00a0Le Togo prend la mesure des opportunit\u00e9s qu\u2019offre le tourisme et c\u2019est pourquoi ce secteur est au c\u0153ur des priorit\u00e9s de d\u00e9veloppement \u00e9conomique\u00a0\u00bb, (Dr Gb\u00e9nyo Lamadokou)"},"content":{"rendered":"\n<p class=\"wp-block-paragraph\"><\/p>\n\n\n\n<p class=\"wp-block-paragraph\"><strong><em>Le monde a comm\u00e9mor\u00e9 hier 27 septembre 2023, la 44\u00e8 \u00e9dition de la Journ\u00e9e mondiale du tourisme (Jmt). Plac\u00e9e sous le th\u00e8me \u00ab\u00a0Tourisme et investissements verts\u00a0\u00bb, l\u2019\u00e9dition 2023 de la Jmt est l\u2019occasion, pour les acteurs dudit secteur, de mettre en lumi\u00e8re les besoins d\u2019investissements plus \u00ab\u00a0nombreux et mieux cibl\u00e9s en vue du bien de l\u2019humanit\u00e9, de la plan\u00e8te et de la prosp\u00e9rit\u00e9 des travailleurs de ce secteur\u00a0\u00bb.<\/em><\/strong><\/p>\n\n\n\n<p class=\"wp-block-paragraph\">Initi\u00e9e par l\u2019Organisation mondiale du tourisme (Omt), la Jmt est une occasion de mettre en lumi\u00e8re le besoin d\u2019investissements plus nombreux et mieux cibl\u00e9s pour le bien de l\u2019humanit\u00e9, de la plan\u00e8te et de la prosp\u00e9rit\u00e9 des travailleurs de ce secteur.<\/p>\n\n\n\n<p class=\"wp-block-paragraph\">Mis \u00e0 mal par la crise sanitaire li\u00e9e au covid 19, l\u2019heure est \u00e0 la relance du secteur touristique. Dans ce sens, l\u2019Omt note que les investissements doivent repr\u00e9senter l\u2019une des grandes priorit\u00e9s pour la reprise du tourisme et pour la croissance future et le d\u00e9veloppement.<\/p>\n\n\n\n<p class=\"wp-block-paragraph\">Pour se faire, les acteurs doivent penser \u00e0 des solutions nouvelles et innovantes, par-del\u00e0 les investissements traditionnels qui sous-tendent et favorisent la croissance \u00e9conomique et la productivit\u00e9.<\/p>\n\n\n\n<p class=\"wp-block-paragraph\">Au Togo, note le ministre Gb\u00e9noy Lamadokou, le gouvernement qui a bien pris <em>\u00ab&nbsp;<\/em><em>la mesure des opportunit\u00e9s qu\u2019offre le tourisme&nbsp;\u00bb,<\/em> a choisi de <em>\u00ab&nbsp;booster <\/em><em>son secteur priv\u00e9 touristique en offrant de nombreuses opportunit\u00e9s aux investisseurs touristiques&nbsp;\u00bb<\/em> et en rendant <em>\u00ab&nbsp;plus attractive l\u2019\u00e9conomie nationale&nbsp;\u00bb<\/em>. Et bien plus encore, le gouvernement met le tourisme comme secteur prioritaire dans sa feuille de route quinquennale, ce qui se justifie d\u2019ailleurs au regard des retomb\u00e9es des actions entreprises. Des conditions favorables pour f\u00e9d\u00e9rer les actions de toutes les composantes de la cha\u00eene de production touristique ont \u00e9t\u00e9 cr\u00e9\u00e9es dans l\u2019optique, souligne le ministre de <em>\u00ab&nbsp;renforcer sa capacit\u00e9 \u00e9lev\u00e9e de cr\u00e9ation d\u2019emplois et de richesses pour nos communaut\u00e9s&nbsp;<\/em>\u00bb.<\/p>\n\n\n<div class=\"wp-block-image\">\n<figure class=\"aligncenter size-large is-resized\"><img loading=\"lazy\" decoding=\"async\" src=\"https:\/\/macite.tg\/wp-content\/uploads\/2023\/09\/IMG-20230925-WA00751-1024x1024.jpg\" alt=\"\" class=\"wp-image-9128\" width=\"540\" height=\"540\" srcset=\"https:\/\/macite.tg\/wp-content\/uploads\/2023\/09\/IMG-20230925-WA00751-1024x1024.jpg 1024w, https:\/\/macite.tg\/wp-content\/uploads\/2023\/09\/IMG-20230925-WA00751-300x300.jpg 300w, https:\/\/macite.tg\/wp-content\/uploads\/2023\/09\/IMG-20230925-WA00751-150x150.jpg 150w, https:\/\/macite.tg\/wp-content\/uploads\/2023\/09\/IMG-20230925-WA00751-768x768.jpg 768w, https:\/\/macite.tg\/wp-content\/uploads\/2023\/09\/IMG-20230925-WA00751-122x122.jpg 122w, https:\/\/macite.tg\/wp-content\/uploads\/2023\/09\/IMG-20230925-WA00751.jpg 1181w\" sizes=\"auto, (max-width: 540px) 100vw, 540px\" \/><\/figure>\n<\/div>\n\n\n<p class=\"wp-block-paragraph\">Notons qu\u2019en plus des <em>\u00ab&nbsp;actions<\/em><em> innovantes sur le terrain, tant r\u00e9glementaires et institutionnelles qu\u2019op\u00e9rationnelles&nbsp;\u00bb<\/em>, le Togo a fait le pari de <em>\u00ab&nbsp;positionner sur le march\u00e9 sous r\u00e9gional comme une destination incontournable&nbsp;\u00bb<\/em> avec des visiteurs de plus en plus nombreux chaque ann\u00e9e.<\/p>\n\n\n\n<p class=\"wp-block-paragraph\">Le ministre Lamadokou a, dans un \u00e9lan de mobilisation, invit\u00e9 <em>\u00ab&nbsp;tous les op\u00e9rateurs du secteur touristique de notre pays \u00e0 renforcer la collaboration pour ne pas laisser place aux risques s\u00e9curitaires et sanitaires qui sont des facteurs de ralentissement de ce secteur&nbsp;\u00bb.<\/em> <em>\u00ab&nbsp;C\u2019est \u00e0 ce prix que nous pourrons tous optimiser nos investissements et profiter de la plus-value qu\u2019offre le tourisme&nbsp;\u00bb,<\/em> a-t-il insist\u00e9.<\/p>\n\n\n\n<p class=\"has-text-align-center wp-block-paragraph\"><strong><u>Voici l\u2019int\u00e9gralit\u00e9 du message du Ministre de la Culture et du tourisme, Dr Gn\u00e9nyo Lamadokou \u00e0 l\u2019occasion de la Jmt 2023<\/u><\/strong><\/p>\n\n\n\n<p class=\"wp-block-paragraph\"><strong>Mesdames, Messieurs<\/strong><\/p>\n\n\n\n<p class=\"wp-block-paragraph\">Chaque ann\u00e9e, la communaut\u00e9 internationale c\u00e9l\u00e8bre le 27 septembre la Journ\u00e9e Mondiale du Tourisme. A l\u2019instar des autres Etats membres de l\u2019Organisation mondiale du tourisme (OMT), notre pays le Togo comm\u00e9more la 44<sup>\u00e8me <\/sup>\u00e9dition de cette Journ\u00e9e, dont le th\u00e8me retenu est <strong>\u00ab&nbsp;T<\/strong><strong>ourisme et investissements verts&nbsp;\u00bb.<\/strong><\/p>\n\n\n\n<p class=\"wp-block-paragraph\">Pour l\u2019Omt, les investissements repr\u00e9sentent l\u2019une des grandes priorit\u00e9s pour la reprise du tourisme et pour la croissance future et le d\u00e9veloppement. Ainsi, \u00e0 l\u2019occasion de la Journ\u00e9e mondiale du tourisme 2023, elle met en lumi\u00e8re le besoin d\u2019investissements plus nombreux et mieux cibl\u00e9s pour le bien de l\u2019humanit\u00e9, de la plan\u00e8te et de la prosp\u00e9rit\u00e9 des travailleurs de ce secteur. L\u2019heure est aux solutions nouvelles et innovantes, par-del\u00e0 les investissements traditionnels qui sous-tendent et favorisent la croissance \u00e9conomique et la productivit\u00e9.<\/p>\n\n\n\n<p class=\"wp-block-paragraph\">La Journ\u00e9e mondiale du tourisme de cette ann\u00e9e est donc un appel \u00e0 l\u2019action pour f\u00e9d\u00e9rer la communaut\u00e9 internationale, les gouvernements, les institutions financi\u00e8res multilat\u00e9rales, les partenaires du d\u00e9veloppement et les investisseurs priv\u00e9s autour d\u2019une nouvelle strat\u00e9gie d\u2019investissement dans le tourisme.<\/p>\n\n\n\n<p class=\"wp-block-paragraph\">Depuis la crise sanitaire du Coronavirus, le secteur touristique a b\u00e9n\u00e9fici\u00e9 de plusieurs r\u00e9flexions sur les strat\u00e9gies \u00e0 l\u2019\u00e9chelle mondiale pour renforcer sa r\u00e9silience aux crises de toute sorte. Lors de ces r\u00e9flexions, l\u2019Afrique a surtout \u00e9t\u00e9 reconnu comme ayant fait particuli\u00e8rement preuve de r\u00e9silience pendant cette crise, car comme le dit le secr\u00e9taire g\u00e9n\u00e9ral de l\u2019Omt, Monsieur Zurabpololishkavili, \u00ab&nbsp;<em>l&rsquo;Afrique abrite la population la plus jeune du monde, ainsi qu&rsquo;une classe moyenne en pleine expansion. C&rsquo;est un continent vaste et diversifi\u00e9, avec des villes dynamiques et des cultures riches<\/em>&nbsp;\u00bb.<\/p>\n\n\n<div class=\"wp-block-image\">\n<figure class=\"aligncenter size-large is-resized\"><img loading=\"lazy\" decoding=\"async\" src=\"https:\/\/macite.tg\/wp-content\/uploads\/2023\/09\/ANNONCES-1-1-1024x426.jpg\" alt=\"\" class=\"wp-image-9145\" width=\"642\" height=\"267\" srcset=\"https:\/\/macite.tg\/wp-content\/uploads\/2023\/09\/ANNONCES-1-1-1024x426.jpg 1024w, https:\/\/macite.tg\/wp-content\/uploads\/2023\/09\/ANNONCES-1-1-300x125.jpg 300w, https:\/\/macite.tg\/wp-content\/uploads\/2023\/09\/ANNONCES-1-1-768x319.jpg 768w, https:\/\/macite.tg\/wp-content\/uploads\/2023\/09\/ANNONCES-1-1.jpg 1080w\" sizes=\"auto, (max-width: 642px) 100vw, 642px\" \/><\/figure>\n<\/div>\n\n\n<p class=\"wp-block-paragraph\">Pour des millions de personnes en Afrique, le tourisme est une v\u00e9ritable bou\u00e9e de sauvetage. Mais le potentiel du secteur n&rsquo;est pas encore v\u00e9ritablement exploit\u00e9 alors que tous les sp\u00e9cialistes s\u2019accordent \u00e0 dire que bien g\u00e9r\u00e9, le tourisme peut acc\u00e9l\u00e9rer le redressement et la croissance socio-\u00e9conomiques, puis stimuler la cr\u00e9ation de richesses et le d\u00e9veloppement inclusif.<\/p>\n\n\n\n<p class=\"wp-block-paragraph\">C\u2019est dans cette dynamique que s\u2019inscrit notre pays le Togo en repensant le tourisme de mani\u00e8re \u00e0 rendre plus attractive l\u2019\u00e9conomie nationale et par ricochet booster son secteur priv\u00e9 touristique en offrant de nombreuses opportunit\u00e9s aux investisseurs touristiques.&nbsp; Le Togo prend bien la mesure des opportunit\u00e9s qu\u2019offre le tourisme et c\u2019est pourquoi ce secteur est au c\u0153ur des priorit\u00e9s de d\u00e9veloppement \u00e9conomique. En effet, le choix du gouvernement de mettre le tourisme comme secteur prioritaire dans sa feuille de route quinquennale n\u2019est pas fortuit et est justifi\u00e9 aujourd\u2019hui au regard des retomb\u00e9es des actions entreprises.<\/p>\n\n\n\n<p class=\"wp-block-paragraph\">Fort heureusement pour ce secteur, sous l\u2019\u00e9gide <strong>du Chef de l\u2019\u00c9tat, Son Excellence, Monsieur Faure Essozimna Gnassingb\u00e9<\/strong>, le gouvernement a choisi de cr\u00e9er les conditions favorables pour f\u00e9d\u00e9rer les actions de toutes les composantes de la cha\u00eene de production touristique en vue de renforcer sa capacit\u00e9 \u00e9lev\u00e9e de cr\u00e9ation d\u2019emplois et de richesses pour nos communaut\u00e9s.<\/p>\n\n\n\n<p class=\"wp-block-paragraph\">Des opportunit\u00e9s telles que la suppression des barri\u00e8res tarifaires et la mise en \u0153uvre de la zone de libre-\u00e9change continentale africaine (Zlecaf), la collaboration r\u00e9gionale et l&rsquo;harmonisation des politiques conform\u00e9ment au march\u00e9 unique africain, dans plusieurs secteurs sont aujourd\u2019hui de plus en plus capitalis\u00e9es pour donner de la mati\u00e8re au d\u00e9veloppement de notre tourisme. C\u2019est ainsi, qu\u2019en plus des actions innovantes sur le terrain, tant r\u00e9glementaires et institutionnelles qu\u2019op\u00e9rationnelles, nous pouvons affirmer avec fiert\u00e9 que le Togo se positionne sur le march\u00e9 sous r\u00e9gional comme une destination incontournable, avec pr\u00e8s d\u2019un million de visiteurs accueillis en 2022. L\u2019ann\u00e9e 2023 se veut encore plus prometteuse, cependant, le th\u00e8me de la journ\u00e9e mondiale du tourisme de cette ann\u00e9e nous invite \u00e0 repenser nos actions en prenant en compte la durabilit\u00e9 de ce secteur dans nos strat\u00e9gies de d\u00e9veloppement.<\/p>\n\n\n\n<p class=\"wp-block-paragraph\">Comprenons donc que nous avons pour d\u00e9fi commun de former davantage de travailleurs, de cr\u00e9er davantage d&#8217;emplois d\u00e9cents et d&rsquo;accro\u00eetre les investissements touristiques mieux cibl\u00e9s, aux fins d\u2019un tourisme au service de la croissance inclusive.<\/p>\n\n\n<div class=\"wp-block-image\">\n<figure class=\"aligncenter size-large is-resized\"><img loading=\"lazy\" decoding=\"async\" src=\"https:\/\/macite.tg\/wp-content\/uploads\/2023\/09\/IMG-20230925-WA00761-1024x1024.jpg\" alt=\"\" class=\"wp-image-9127\" width=\"572\" height=\"572\" srcset=\"https:\/\/macite.tg\/wp-content\/uploads\/2023\/09\/IMG-20230925-WA00761-1024x1024.jpg 1024w, https:\/\/macite.tg\/wp-content\/uploads\/2023\/09\/IMG-20230925-WA00761-300x300.jpg 300w, https:\/\/macite.tg\/wp-content\/uploads\/2023\/09\/IMG-20230925-WA00761-150x150.jpg 150w, https:\/\/macite.tg\/wp-content\/uploads\/2023\/09\/IMG-20230925-WA00761-768x768.jpg 768w, https:\/\/macite.tg\/wp-content\/uploads\/2023\/09\/IMG-20230925-WA00761-122x122.jpg 122w, https:\/\/macite.tg\/wp-content\/uploads\/2023\/09\/IMG-20230925-WA00761.jpg 1181w\" sizes=\"auto, (max-width: 572px) 100vw, 572px\" \/><\/figure>\n<\/div>\n\n\n<p class=\"wp-block-paragraph\">J\u2019invite donc tous les op\u00e9rateurs du secteur touristique de notre pays \u00e0 renforcer la collaboration pour ne pas laisser place aux risques s\u00e9curitaires et sanitaires qui sont des facteurs de ralentissement de ce secteur. C\u2019est \u00e0 ce prix que nous pourrons tous optimiser nos investissements et profiter de la plus-value qu\u2019offre le tourisme.<\/p>\n\n\n\n<p class=\"wp-block-paragraph\">Pour ce qui concerne le gouvernement, je peux vous rassurer que nous continuions \u00e0 d\u00e9fendre le tourisme comme moteur de changement positif et pilier de la croissance \u00e9conomique de notre pays et mettrons en \u0153uvre tous les moyens n\u00e9cessaires pour un tourisme de qualit\u00e9, c\u2019est-\u00e0-dire durable et favorable aux investissements respectueux de notre \u00e9quilibre \u00e9cologique.<\/p>\n\n\n\n<p class=\"wp-block-paragraph\">C\u2019est sur cet appel \u00e0 la responsabilit\u00e9 partag\u00e9e, pour des investissements rentables et \u00e0 forts impacts, que je souhaite \u00e0 tous une bonne Journ\u00e9e mondiale du tourisme.<\/p>\n\n\n\n<p class=\"wp-block-paragraph\"><strong>JE VOUS REMERCIE<\/strong><\/p>\n\n\n\n<p class=\"wp-block-paragraph\"><strong><em>@macite.tg&nbsp;&nbsp;&nbsp;&nbsp;&nbsp;&nbsp;&nbsp;&nbsp;<\/em><\/strong><\/p>\n\n\n\n<p class=\"wp-block-paragraph\"><strong><em>E-mail&nbsp;: <\/em><\/strong><a href=\"mailto:maciteinfo@gmail.com\"><em>maciteinfo@gmail.com<\/em><\/a><strong><em>; <\/em><\/strong><a href=\"mailto:bawela1@gmail.com\"><em>bawela1@gmail.com<\/em><\/a><em><\/em><\/p>\n\n\n\n<p class=\"wp-block-paragraph\"><strong><em>Pour vos annonces, (publi)reportages, etc., joignez nous au (00228)91515309\/<strong>79872224 <\/strong>www.macite.tg, L\u2019information, la bonne&nbsp;!<\/em><\/strong><\/p>\n","protected":false},"excerpt":{"rendered":"<p class=\"text-justify mb-2\" >Le monde a comm\u00e9mor\u00e9 hier 27 septembre 2023, la 44\u00e8 \u00e9dition de la Journ\u00e9e mondiale du tourisme (Jmt). Plac\u00e9e sous le th\u00e8me \u00ab\u00a0Tourisme et investissements verts\u00a0\u00bb, l\u2019\u00e9dition 2023 de la Jmt est l\u2019occasion, pour les acteurs dudit secteur, de mettre en lumi\u00e8re les besoins d\u2019investissements [&hellip;]<\/p>\n","protected":false},"author":2,"featured_media":9284,"comment_status":"open","ping_status":"open","sticky":false,"template":"","format":"standard","meta":{"footnotes":""},"categories":[20,21],"tags":[],"class_list":["post-9283","post","type-post","status-publish","format-standard","has-post-thumbnail","hentry","category-actualite","category-tourisme"],"yoast_head":"<!-- This site is optimized with the Yoast SEO plugin v28.4 - https:\/\/yoast.com\/product\/yoast-seo-wordpress\/ -->\n<title>JOURN\u00c9E MONDIALE DU TOURISME (JMT) 2023\u00a0: \u00ab\u00a0Le Togo prend la mesure des opportunit\u00e9s qu\u2019offre le tourisme et c\u2019est pourquoi ce secteur est au c\u0153ur des priorit\u00e9s de d\u00e9veloppement \u00e9conomique\u00a0\u00bb, (Dr Gb\u00e9nyo Lamadokou) -<\/title>\n<meta name=\"robots\" content=\"index, follow, max-snippet:-1, max-image-preview:large, max-video-preview:-1\" \/>\n<link rel=\"canonical\" href=\"https:\/\/macite.tg\/?p=9283\" \/>\n<meta property=\"og:locale\" content=\"fr_FR\" \/>\n<meta property=\"og:type\" content=\"article\" \/>\n<meta property=\"og:title\" content=\"JOURN\u00c9E MONDIALE DU TOURISME (JMT) 2023\u00a0: \u00ab\u00a0Le Togo prend la mesure des opportunit\u00e9s qu\u2019offre le tourisme et c\u2019est pourquoi ce secteur est au c\u0153ur des priorit\u00e9s de d\u00e9veloppement \u00e9conomique\u00a0\u00bb, (Dr Gb\u00e9nyo Lamadokou) -\" \/>\n<meta property=\"og:description\" content=\"Le monde a comm\u00e9mor\u00e9 hier 27 septembre 2023, la 44\u00e8 \u00e9dition de la Journ\u00e9e mondiale du tourisme (Jmt). Plac\u00e9e sous le th\u00e8me \u00ab\u00a0Tourisme et investissements verts\u00a0\u00bb, l\u2019\u00e9dition 2023 de la Jmt est l\u2019occasion, pour les acteurs dudit secteur, de mettre en lumi\u00e8re les besoins d\u2019investissements [&hellip;]\" \/>\n<meta property=\"og:url\" content=\"https:\/\/macite.tg\/?p=9283\" \/>\n<meta property=\"article:published_time\" content=\"2023-09-28T17:07:01+00:00\" \/>\n<meta property=\"article:modified_time\" content=\"2023-09-28T17:56:00+00:00\" \/>\n<meta property=\"og:image\" content=\"https:\/\/macite.tg\/wp-content\/uploads\/2023\/09\/IMG-20230927-WA0030.jpg\" \/>\n\t<meta property=\"og:image:width\" content=\"1024\" \/>\n\t<meta property=\"og:image:height\" content=\"768\" \/>\n\t<meta property=\"og:image:type\" content=\"image\/jpeg\" \/>\n<meta name=\"author\" content=\"Jean Pierre BAWELA\" \/>\n<meta name=\"twitter:card\" content=\"summary_large_image\" \/>\n<meta name=\"twitter:label1\" content=\"\u00c9crit par\" \/>\n\t<meta name=\"twitter:data1\" content=\"Jean Pierre BAWELA\" \/>\n\t<meta name=\"twitter:label2\" content=\"Dur\u00e9e de lecture estim\u00e9e\" \/>\n\t<meta name=\"twitter:data2\" content=\"7 minutes\" \/>\n<script type=\"application\/ld+json\" class=\"yoast-schema-graph\">{\"@context\":\"https:\\\/\\\/schema.org\",\"@graph\":[{\"@type\":\"Article\",\"@id\":\"https:\\\/\\\/macite.tg\\\/?p=9283#article\",\"isPartOf\":{\"@id\":\"https:\\\/\\\/macite.tg\\\/?p=9283\"},\"author\":{\"name\":\"Jean Pierre BAWELA\",\"@id\":\"https:\\\/\\\/macite.tg\\\/#\\\/schema\\\/person\\\/e9f2de7e5dbbe7770a9402c7ce82f5c2\"},\"headline\":\"JOURN\u00c9E MONDIALE DU TOURISME (JMT) 2023\u00a0: \u00ab\u00a0Le Togo prend la mesure des opportunit\u00e9s qu\u2019offre le tourisme et c\u2019est pourquoi ce secteur est au c\u0153ur des priorit\u00e9s de d\u00e9veloppement \u00e9conomique\u00a0\u00bb, (Dr Gb\u00e9nyo Lamadokou)\",\"datePublished\":\"2023-09-28T17:07:01+00:00\",\"dateModified\":\"2023-09-28T17:56:00+00:00\",\"mainEntityOfPage\":{\"@id\":\"https:\\\/\\\/macite.tg\\\/?p=9283\"},\"wordCount\":1453,\"commentCount\":0,\"image\":{\"@id\":\"https:\\\/\\\/macite.tg\\\/?p=9283#primaryimage\"},\"thumbnailUrl\":\"https:\\\/\\\/macite.tg\\\/wp-content\\\/uploads\\\/2023\\\/09\\\/IMG-20230927-WA0030.jpg\",\"articleSection\":[\"ACTUALITE\",\"TOURISME\"],\"inLanguage\":\"fr-FR\",\"potentialAction\":[{\"@type\":\"CommentAction\",\"name\":\"Comment\",\"target\":[\"https:\\\/\\\/macite.tg\\\/?p=9283#respond\"]}]},{\"@type\":\"WebPage\",\"@id\":\"https:\\\/\\\/macite.tg\\\/?p=9283\",\"url\":\"https:\\\/\\\/macite.tg\\\/?p=9283\",\"name\":\"JOURN\u00c9E MONDIALE DU TOURISME (JMT) 2023\u00a0: \u00ab\u00a0Le Togo prend la mesure des opportunit\u00e9s qu\u2019offre le tourisme et c\u2019est pourquoi ce secteur est au c\u0153ur des priorit\u00e9s de d\u00e9veloppement \u00e9conomique\u00a0\u00bb, (Dr Gb\u00e9nyo Lamadokou) -\",\"isPartOf\":{\"@id\":\"https:\\\/\\\/macite.tg\\\/#website\"},\"primaryImageOfPage\":{\"@id\":\"https:\\\/\\\/macite.tg\\\/?p=9283#primaryimage\"},\"image\":{\"@id\":\"https:\\\/\\\/macite.tg\\\/?p=9283#primaryimage\"},\"thumbnailUrl\":\"https:\\\/\\\/macite.tg\\\/wp-content\\\/uploads\\\/2023\\\/09\\\/IMG-20230927-WA0030.jpg\",\"datePublished\":\"2023-09-28T17:07:01+00:00\",\"dateModified\":\"2023-09-28T17:56:00+00:00\",\"author\":{\"@id\":\"https:\\\/\\\/macite.tg\\\/#\\\/schema\\\/person\\\/e9f2de7e5dbbe7770a9402c7ce82f5c2\"},\"breadcrumb\":{\"@id\":\"https:\\\/\\\/macite.tg\\\/?p=9283#breadcrumb\"},\"inLanguage\":\"fr-FR\",\"potentialAction\":[{\"@type\":\"ReadAction\",\"target\":[\"https:\\\/\\\/macite.tg\\\/?p=9283\"]}]},{\"@type\":\"ImageObject\",\"inLanguage\":\"fr-FR\",\"@id\":\"https:\\\/\\\/macite.tg\\\/?p=9283#primaryimage\",\"url\":\"https:\\\/\\\/macite.tg\\\/wp-content\\\/uploads\\\/2023\\\/09\\\/IMG-20230927-WA0030.jpg\",\"contentUrl\":\"https:\\\/\\\/macite.tg\\\/wp-content\\\/uploads\\\/2023\\\/09\\\/IMG-20230927-WA0030.jpg\",\"width\":1024,\"height\":768},{\"@type\":\"BreadcrumbList\",\"@id\":\"https:\\\/\\\/macite.tg\\\/?p=9283#breadcrumb\",\"itemListElement\":[{\"@type\":\"ListItem\",\"position\":1,\"name\":\"Accueil\",\"item\":\"https:\\\/\\\/macite.tg\\\/\"},{\"@type\":\"ListItem\",\"position\":2,\"name\":\"JOURN\u00c9E MONDIALE DU TOURISME (JMT) 2023\u00a0: \u00ab\u00a0Le Togo prend la mesure des opportunit\u00e9s qu\u2019offre le tourisme et c\u2019est pourquoi ce secteur est au c\u0153ur des priorit\u00e9s de d\u00e9veloppement \u00e9conomique\u00a0\u00bb, (Dr Gb\u00e9nyo Lamadokou)\"}]},{\"@type\":\"WebSite\",\"@id\":\"https:\\\/\\\/macite.tg\\\/#website\",\"url\":\"https:\\\/\\\/macite.tg\\\/\",\"name\":\"\",\"description\":\"L&#039;information, la bonne!!!\",\"potentialAction\":[{\"@type\":\"SearchAction\",\"target\":{\"@type\":\"EntryPoint\",\"urlTemplate\":\"https:\\\/\\\/macite.tg\\\/?s={search_term_string}\"},\"query-input\":{\"@type\":\"PropertyValueSpecification\",\"valueRequired\":true,\"valueName\":\"search_term_string\"}}],\"inLanguage\":\"fr-FR\"},{\"@type\":\"Person\",\"@id\":\"https:\\\/\\\/macite.tg\\\/#\\\/schema\\\/person\\\/e9f2de7e5dbbe7770a9402c7ce82f5c2\",\"name\":\"Jean Pierre BAWELA\",\"image\":{\"@type\":\"ImageObject\",\"inLanguage\":\"fr-FR\",\"@id\":\"https:\\\/\\\/macite.tg\\\/wp-content\\\/uploads\\\/2023\\\/09\\\/WhatsApp-Image-2023-09-19-at-14.44.41-122x122.jpeg\",\"url\":\"https:\\\/\\\/macite.tg\\\/wp-content\\\/uploads\\\/2023\\\/09\\\/WhatsApp-Image-2023-09-19-at-14.44.41-122x122.jpeg\",\"contentUrl\":\"https:\\\/\\\/macite.tg\\\/wp-content\\\/uploads\\\/2023\\\/09\\\/WhatsApp-Image-2023-09-19-at-14.44.41-122x122.jpeg\",\"caption\":\"Jean Pierre BAWELA\"},\"url\":\"https:\\\/\\\/macite.tg\\\/?author=2\"}]}<\/script>\n<!-- \/ Yoast SEO plugin. -->","yoast_head_json":{"title":"JOURN\u00c9E MONDIALE DU TOURISME (JMT) 2023\u00a0: \u00ab\u00a0Le Togo prend la mesure des opportunit\u00e9s qu\u2019offre le tourisme et c\u2019est pourquoi ce secteur est au c\u0153ur des priorit\u00e9s de d\u00e9veloppement \u00e9conomique\u00a0\u00bb, (Dr Gb\u00e9nyo Lamadokou) -","robots":{"index":"index","follow":"follow","max-snippet":"max-snippet:-1","max-image-preview":"max-image-preview:large","max-video-preview":"max-video-preview:-1"},"canonical":"https:\/\/macite.tg\/?p=9283","og_locale":"fr_FR","og_type":"article","og_title":"JOURN\u00c9E MONDIALE DU TOURISME (JMT) 2023\u00a0: \u00ab\u00a0Le Togo prend la mesure des opportunit\u00e9s qu\u2019offre le tourisme et c\u2019est pourquoi ce secteur est au c\u0153ur des priorit\u00e9s de d\u00e9veloppement \u00e9conomique\u00a0\u00bb, (Dr Gb\u00e9nyo Lamadokou) -","og_description":"Le monde a comm\u00e9mor\u00e9 hier 27 septembre 2023, la 44\u00e8 \u00e9dition de la Journ\u00e9e mondiale du tourisme (Jmt). Plac\u00e9e sous le th\u00e8me \u00ab\u00a0Tourisme et investissements verts\u00a0\u00bb, l\u2019\u00e9dition 2023 de la Jmt est l\u2019occasion, pour les acteurs dudit secteur, de mettre en lumi\u00e8re les besoins d\u2019investissements [&hellip;]","og_url":"https:\/\/macite.tg\/?p=9283","article_published_time":"2023-09-28T17:07:01+00:00","article_modified_time":"2023-09-28T17:56:00+00:00","og_image":[{"width":1024,"height":768,"url":"https:\/\/macite.tg\/wp-content\/uploads\/2023\/09\/IMG-20230927-WA0030.jpg","type":"image\/jpeg"}],"author":"Jean Pierre BAWELA","twitter_card":"summary_large_image","twitter_misc":{"\u00c9crit par":"Jean Pierre BAWELA","Dur\u00e9e de lecture estim\u00e9e":"7 minutes"},"schema":{"@context":"https:\/\/schema.org","@graph":[{"@type":"Article","@id":"https:\/\/macite.tg\/?p=9283#article","isPartOf":{"@id":"https:\/\/macite.tg\/?p=9283"},"author":{"name":"Jean Pierre BAWELA","@id":"https:\/\/macite.tg\/#\/schema\/person\/e9f2de7e5dbbe7770a9402c7ce82f5c2"},"headline":"JOURN\u00c9E MONDIALE DU TOURISME (JMT) 2023\u00a0: \u00ab\u00a0Le Togo prend la mesure des opportunit\u00e9s qu\u2019offre le tourisme et c\u2019est pourquoi ce secteur est au c\u0153ur des priorit\u00e9s de d\u00e9veloppement \u00e9conomique\u00a0\u00bb, (Dr Gb\u00e9nyo Lamadokou)","datePublished":"2023-09-28T17:07:01+00:00","dateModified":"2023-09-28T17:56:00+00:00","mainEntityOfPage":{"@id":"https:\/\/macite.tg\/?p=9283"},"wordCount":1453,"commentCount":0,"image":{"@id":"https:\/\/macite.tg\/?p=9283#primaryimage"},"thumbnailUrl":"https:\/\/macite.tg\/wp-content\/uploads\/2023\/09\/IMG-20230927-WA0030.jpg","articleSection":["ACTUALITE","TOURISME"],"inLanguage":"fr-FR","potentialAction":[{"@type":"CommentAction","name":"Comment","target":["https:\/\/macite.tg\/?p=9283#respond"]}]},{"@type":"WebPage","@id":"https:\/\/macite.tg\/?p=9283","url":"https:\/\/macite.tg\/?p=9283","name":"JOURN\u00c9E MONDIALE DU TOURISME (JMT) 2023\u00a0: \u00ab\u00a0Le Togo prend la mesure des opportunit\u00e9s qu\u2019offre le tourisme et c\u2019est pourquoi ce secteur est au c\u0153ur des priorit\u00e9s de d\u00e9veloppement \u00e9conomique\u00a0\u00bb, (Dr Gb\u00e9nyo Lamadokou) -","isPartOf":{"@id":"https:\/\/macite.tg\/#website"},"primaryImageOfPage":{"@id":"https:\/\/macite.tg\/?p=9283#primaryimage"},"image":{"@id":"https:\/\/macite.tg\/?p=9283#primaryimage"},"thumbnailUrl":"https:\/\/macite.tg\/wp-content\/uploads\/2023\/09\/IMG-20230927-WA0030.jpg","datePublished":"2023-09-28T17:07:01+00:00","dateModified":"2023-09-28T17:56:00+00:00","author":{"@id":"https:\/\/macite.tg\/#\/schema\/person\/e9f2de7e5dbbe7770a9402c7ce82f5c2"},"breadcrumb":{"@id":"https:\/\/macite.tg\/?p=9283#breadcrumb"},"inLanguage":"fr-FR","potentialAction":[{"@type":"ReadAction","target":["https:\/\/macite.tg\/?p=9283"]}]},{"@type":"ImageObject","inLanguage":"fr-FR","@id":"https:\/\/macite.tg\/?p=9283#primaryimage","url":"https:\/\/macite.tg\/wp-content\/uploads\/2023\/09\/IMG-20230927-WA0030.jpg","contentUrl":"https:\/\/macite.tg\/wp-content\/uploads\/2023\/09\/IMG-20230927-WA0030.jpg","width":1024,"height":768},{"@type":"BreadcrumbList","@id":"https:\/\/macite.tg\/?p=9283#breadcrumb","itemListElement":[{"@type":"ListItem","position":1,"name":"Accueil","item":"https:\/\/macite.tg\/"},{"@type":"ListItem","position":2,"name":"JOURN\u00c9E MONDIALE DU TOURISME (JMT) 2023\u00a0: \u00ab\u00a0Le Togo prend la mesure des opportunit\u00e9s qu\u2019offre le tourisme et c\u2019est pourquoi ce secteur est au c\u0153ur des priorit\u00e9s de d\u00e9veloppement \u00e9conomique\u00a0\u00bb, (Dr Gb\u00e9nyo Lamadokou)"}]},{"@type":"WebSite","@id":"https:\/\/macite.tg\/#website","url":"https:\/\/macite.tg\/","name":"","description":"L&#039;information, la bonne!!!","potentialAction":[{"@type":"SearchAction","target":{"@type":"EntryPoint","urlTemplate":"https:\/\/macite.tg\/?s={search_term_string}"},"query-input":{"@type":"PropertyValueSpecification","valueRequired":true,"valueName":"search_term_string"}}],"inLanguage":"fr-FR"},{"@type":"Person","@id":"https:\/\/macite.tg\/#\/schema\/person\/e9f2de7e5dbbe7770a9402c7ce82f5c2","name":"Jean Pierre BAWELA","image":{"@type":"ImageObject","inLanguage":"fr-FR","@id":"https:\/\/macite.tg\/wp-content\/uploads\/2023\/09\/WhatsApp-Image-2023-09-19-at-14.44.41-122x122.jpeg","url":"https:\/\/macite.tg\/wp-content\/uploads\/2023\/09\/WhatsApp-Image-2023-09-19-at-14.44.41-122x122.jpeg","contentUrl":"https:\/\/macite.tg\/wp-content\/uploads\/2023\/09\/WhatsApp-Image-2023-09-19-at-14.44.41-122x122.jpeg","caption":"Jean Pierre BAWELA"},"url":"https:\/\/macite.tg\/?author=2"}]}},"_links":{"self":[{"href":"https:\/\/macite.tg\/index.php?rest_route=\/wp\/v2\/posts\/9283","targetHints":{"allow":["GET"]}}],"collection":[{"href":"https:\/\/macite.tg\/index.php?rest_route=\/wp\/v2\/posts"}],"about":[{"href":"https:\/\/macite.tg\/index.php?rest_route=\/wp\/v2\/types\/post"}],"author":[{"embeddable":true,"href":"https:\/\/macite.tg\/index.php?rest_route=\/wp\/v2\/users\/2"}],"replies":[{"embeddable":true,"href":"https:\/\/macite.tg\/index.php?rest_route=%2Fwp%2Fv2%2Fcomments&post=9283"}],"version-history":[{"count":0,"href":"https:\/\/macite.tg\/index.php?rest_route=\/wp\/v2\/posts\/9283\/revisions"}],"wp:featuredmedia":[{"embeddable":true,"href":"https:\/\/macite.tg\/index.php?rest_route=\/wp\/v2\/media\/9284"}],"wp:attachment":[{"href":"https:\/\/macite.tg\/index.php?rest_route=%2Fwp%2Fv2%2Fmedia&parent=9283"}],"wp:term":[{"taxonomy":"category","embeddable":true,"href":"https:\/\/macite.tg\/index.php?rest_route=%2Fwp%2Fv2%2Fcategories&post=9283"},{"taxonomy":"post_tag","embeddable":true,"href":"https:\/\/macite.tg\/index.php?rest_route=%2Fwp%2Fv2%2Ftags&post=9283"}],"curies":[{"name":"wp","href":"https:\/\/api.w.org\/{rel}","templated":true}]}}