{"id":9279,"date":"2023-09-28T16:13:42","date_gmt":"2023-09-28T16:13:42","guid":{"rendered":"https:\/\/macite.tg\/?p=9279"},"modified":"2023-09-28T18:01:03","modified_gmt":"2023-09-28T18:01:03","slug":"drame-a-blitta-un-mur-decole-secroule-et-fait-des-victimes","status":"publish","type":"post","link":"https:\/\/macite.tg\/?p=9279","title":{"rendered":"DRAME A BLITTA\u00a0: Un mur d\u2019\u00e9cole s\u2019\u00e9croule et fait des victimes"},"content":{"rendered":"\n<p class=\"wp-block-paragraph\"><strong><em>Les populations du village de N\u2019golo, dans le canton de Diguengu\u00e9, &nbsp;pr\u00e9fecture de Blitta), sont inconsolables depuis hier mercredi 27 septembre. Le mur de l\u2019\u00e9cole primaire publique de ladite localit\u00e9, s\u2019est \u00e9croul\u00e9, dans la matin\u00e9e d\u2019hier, alors que les apprenants \u00e9taient en salle. La sc\u00e8ne est insoutenable&nbsp;!<\/em><\/strong><\/p>\n\n\n\n<p class=\"wp-block-paragraph\">Selon les t\u00e9moignages, le canton de Diguengu\u00e9 dans la pr\u00e9fecture de Blitta fait face ces derniers temps \u00e0 de fortes pluies avec les corolaires. Comme la plupart des concessions \u00e9rig\u00e9es en terre, l\u2019\u00e9cole de N\u2019golo ne fait pas l\u2019exception.<\/p>\n\n\n<div class=\"wp-block-image\">\n<figure class=\"aligncenter size-large is-resized\"><img loading=\"lazy\" decoding=\"async\" src=\"https:\/\/macite.tg\/wp-content\/uploads\/2023\/09\/IMG-20230925-WA00751-1024x1024.jpg\" alt=\"\" class=\"wp-image-9128\" width=\"588\" height=\"588\" srcset=\"https:\/\/macite.tg\/wp-content\/uploads\/2023\/09\/IMG-20230925-WA00751-1024x1024.jpg 1024w, https:\/\/macite.tg\/wp-content\/uploads\/2023\/09\/IMG-20230925-WA00751-300x300.jpg 300w, https:\/\/macite.tg\/wp-content\/uploads\/2023\/09\/IMG-20230925-WA00751-150x150.jpg 150w, https:\/\/macite.tg\/wp-content\/uploads\/2023\/09\/IMG-20230925-WA00751-768x768.jpg 768w, https:\/\/macite.tg\/wp-content\/uploads\/2023\/09\/IMG-20230925-WA00751-122x122.jpg 122w, https:\/\/macite.tg\/wp-content\/uploads\/2023\/09\/IMG-20230925-WA00751.jpg 1181w\" sizes=\"auto, (max-width: 588px) 100vw, 588px\" \/><\/figure>\n<\/div>\n\n\n<p class=\"wp-block-paragraph\">Alors que l\u2019\u00e9phorie de la rentr\u00e9e scolaire 2023-2024 est encore vivace avec le retour en classe des \u00e9l\u00e8ves, une sc\u00e8ne inhabituelle s\u2019est produite. Le mur d\u2019une salle de classe s\u2019est effondr\u00e9 en plein cours, blessant mortellement deux \u00e9l\u00e8ves et gravement l\u2019instituteur, indique notre source.<\/p>\n\n\n\n<p class=\"wp-block-paragraph\">Le b\u00e2timent scolaire de fortune construit en terre aurait c\u00e9d\u00e9 face aux nombreuses pluies diluviennes qui se sont abattue ces derniers temps sur la localit\u00e9.<\/p>\n\n\n<div class=\"wp-block-image\">\n<figure class=\"aligncenter size-large is-resized\"><img loading=\"lazy\" decoding=\"async\" src=\"https:\/\/macite.tg\/wp-content\/uploads\/2023\/09\/ANNONCES-1-1-1024x426.jpg\" alt=\"\" class=\"wp-image-9145\" width=\"632\" height=\"263\" srcset=\"https:\/\/macite.tg\/wp-content\/uploads\/2023\/09\/ANNONCES-1-1-1024x426.jpg 1024w, https:\/\/macite.tg\/wp-content\/uploads\/2023\/09\/ANNONCES-1-1-300x125.jpg 300w, https:\/\/macite.tg\/wp-content\/uploads\/2023\/09\/ANNONCES-1-1-768x319.jpg 768w, https:\/\/macite.tg\/wp-content\/uploads\/2023\/09\/ANNONCES-1-1.jpg 1080w\" sizes=\"auto, (max-width: 632px) 100vw, 632px\" \/><\/figure>\n<\/div>\n\n\n<p class=\"wp-block-paragraph\"><em>\u00ab\u00a0Le mur en terre a bu beaucoup d\u2019eau comme les nombreuses constructions de la localit\u00e9. Mais on s\u2019attendait le moins que ce mur puisse tomber maintenant au point de faire des victimes\u00a0\u00bb,<\/em> se plaint notre source les larmes aux yeux.<\/p>\n\n\n\n<p class=\"wp-block-paragraph\">Inform\u00e9 de la trag\u00e9die, le pr\u00e9fet de Blitta, \u00e0 la t\u00eate d\u2019une d\u00e9l\u00e9gation, s\u2019est transport\u00e9 sur les lieux pour apporter son soutien aux populations.<\/p>\n\n\n\n<p class=\"wp-block-paragraph\">L\u2019instituteur, touch\u00e9 est admis \u00e0 l\u2019unit\u00e9 de soins pr\u00e9fectorale de Blitta o\u00f9 il est pris en charge.<\/p>\n\n\n\n<p class=\"wp-block-paragraph\">Rappelons que plusieurs \u00e9tablissements scolaires ne r\u00e9pondant pas aux normes en la mati\u00e8re, ont \u00e9t\u00e9 simplement ferm\u00e9es par les autorit\u00e9s \u00e9ducatives, en attendant de se conformer.<\/p>\n\n\n<div class=\"wp-block-image\">\n<figure class=\"aligncenter size-large is-resized\"><img loading=\"lazy\" decoding=\"async\" src=\"https:\/\/macite.tg\/wp-content\/uploads\/2023\/09\/IMG-20230925-WA00761-1-1024x1024.jpg\" alt=\"\" class=\"wp-image-9144\" width=\"582\" height=\"582\" srcset=\"https:\/\/macite.tg\/wp-content\/uploads\/2023\/09\/IMG-20230925-WA00761-1-1024x1024.jpg 1024w, https:\/\/macite.tg\/wp-content\/uploads\/2023\/09\/IMG-20230925-WA00761-1-300x300.jpg 300w, https:\/\/macite.tg\/wp-content\/uploads\/2023\/09\/IMG-20230925-WA00761-1-150x150.jpg 150w, https:\/\/macite.tg\/wp-content\/uploads\/2023\/09\/IMG-20230925-WA00761-1-768x768.jpg 768w, https:\/\/macite.tg\/wp-content\/uploads\/2023\/09\/IMG-20230925-WA00761-1-122x122.jpg 122w, https:\/\/macite.tg\/wp-content\/uploads\/2023\/09\/IMG-20230925-WA00761-1.jpg 1181w\" sizes=\"auto, (max-width: 582px) 100vw, 582px\" \/><\/figure>\n<\/div>\n\n\n<p class=\"wp-block-paragraph\">Dans le cadre du programme \u2018\u2019une \u00e9cole pour tous\u2019\u2019 initi\u00e9 par le gouvernement, des efforts de se poursuivent afin de r\u00e9habiliter et construire des infrastructures scolaires ad\u00e9quates dans toutes les r\u00e9gions du pays, dans l\u2019optique de rapprocher l\u2019\u00e9cole des apprenants.<\/p>\n\n\n\n<p class=\"wp-block-paragraph\">La r\u00e9daction <strong><em>www.macite.tg<\/em><\/strong> pr\u00e9sente ses condol\u00e9ances les plus attrist\u00e9es aux familles des victimes et souhaite, par la m\u00eame occasion, prompt r\u00e9tablissement aux bless\u00e9s.<\/p>\n\n\n\n<p class=\"wp-block-paragraph\"><strong>La R\u00e9daction<\/strong><\/p>\n\n\n\n<p class=\"wp-block-paragraph\"><strong><em>@macite.tg&nbsp;&nbsp;&nbsp;&nbsp;&nbsp;&nbsp;&nbsp;&nbsp;<\/em><\/strong><\/p>\n\n\n\n<p class=\"wp-block-paragraph\"><strong><em>E-mail&nbsp;: <\/em><\/strong><a href=\"mailto:maciteinfo@gmail.com\"><strong><em>maciteinfo@gmail.com<\/em><\/strong><\/a><strong><em>; <\/em><\/strong><a href=\"mailto:bawela1@gmail.com\"><strong><em>bawela1@gmail.com<\/em><\/strong><\/a><strong><em><\/em><\/strong><\/p>\n\n\n\n<p class=\"wp-block-paragraph\"><strong><em>Pour vos annonces, (publi)reportages, etc., joignez nous au (00228)91515309\/<strong>79872224 <\/strong>www.macite.tg, L\u2019information, la bonne&nbsp;!<\/em><\/strong><\/p>\n","protected":false},"excerpt":{"rendered":"<p class=\"text-justify mb-2\" >Les populations du village de N\u2019golo, dans le canton de Diguengu\u00e9, &nbsp;pr\u00e9fecture de Blitta), sont inconsolables depuis hier mercredi 27 septembre. Le mur de l\u2019\u00e9cole primaire publique de ladite localit\u00e9, s\u2019est \u00e9croul\u00e9, dans la matin\u00e9e d\u2019hier, alors que les apprenants \u00e9taient en salle. La sc\u00e8ne [&hellip;]<\/p>\n","protected":false},"author":2,"featured_media":9280,"comment_status":"open","ping_status":"open","sticky":false,"template":"","format":"standard","meta":{"footnotes":""},"categories":[20],"tags":[],"class_list":["post-9279","post","type-post","status-publish","format-standard","has-post-thumbnail","hentry","category-actualite"],"yoast_head":"<!-- This site is optimized with the Yoast SEO plugin v28.4 - https:\/\/yoast.com\/product\/yoast-seo-wordpress\/ -->\n<title>DRAME A BLITTA\u00a0: Un mur d\u2019\u00e9cole s\u2019\u00e9croule et fait des victimes -<\/title>\n<meta name=\"robots\" content=\"index, follow, max-snippet:-1, max-image-preview:large, max-video-preview:-1\" \/>\n<link rel=\"canonical\" href=\"https:\/\/macite.tg\/?p=9279\" \/>\n<meta property=\"og:locale\" content=\"fr_FR\" \/>\n<meta property=\"og:type\" content=\"article\" \/>\n<meta property=\"og:title\" content=\"DRAME A BLITTA\u00a0: Un mur d\u2019\u00e9cole s\u2019\u00e9croule et fait des victimes -\" \/>\n<meta property=\"og:description\" content=\"Les populations du village de N\u2019golo, dans le canton de Diguengu\u00e9, &nbsp;pr\u00e9fecture de Blitta), sont inconsolables depuis hier mercredi 27 septembre. Le mur de l\u2019\u00e9cole primaire publique de ladite localit\u00e9, s\u2019est \u00e9croul\u00e9, dans la matin\u00e9e d\u2019hier, alors que les apprenants \u00e9taient en salle. La sc\u00e8ne [&hellip;]\" \/>\n<meta property=\"og:url\" content=\"https:\/\/macite.tg\/?p=9279\" \/>\n<meta property=\"article:published_time\" content=\"2023-09-28T16:13:42+00:00\" \/>\n<meta property=\"article:modified_time\" content=\"2023-09-28T18:01:03+00:00\" \/>\n<meta property=\"og:image\" content=\"https:\/\/macite.tg\/wp-content\/uploads\/2023\/09\/education-drame.jpg\" \/>\n\t<meta property=\"og:image:width\" content=\"393\" \/>\n\t<meta property=\"og:image:height\" content=\"366\" \/>\n\t<meta property=\"og:image:type\" content=\"image\/jpeg\" \/>\n<meta name=\"author\" content=\"Jean Pierre BAWELA\" \/>\n<meta name=\"twitter:card\" content=\"summary_large_image\" \/>\n<meta name=\"twitter:label1\" content=\"\u00c9crit par\" \/>\n\t<meta name=\"twitter:data1\" content=\"Jean Pierre BAWELA\" \/>\n\t<meta name=\"twitter:label2\" content=\"Dur\u00e9e de lecture estim\u00e9e\" \/>\n\t<meta name=\"twitter:data2\" content=\"2 minutes\" \/>\n<script type=\"application\/ld+json\" class=\"yoast-schema-graph\">{\"@context\":\"https:\\\/\\\/schema.org\",\"@graph\":[{\"@type\":\"Article\",\"@id\":\"https:\\\/\\\/macite.tg\\\/?p=9279#article\",\"isPartOf\":{\"@id\":\"https:\\\/\\\/macite.tg\\\/?p=9279\"},\"author\":{\"name\":\"Jean Pierre BAWELA\",\"@id\":\"https:\\\/\\\/macite.tg\\\/#\\\/schema\\\/person\\\/e9f2de7e5dbbe7770a9402c7ce82f5c2\"},\"headline\":\"DRAME A BLITTA\u00a0: Un mur d\u2019\u00e9cole s\u2019\u00e9croule et fait des victimes\",\"datePublished\":\"2023-09-28T16:13:42+00:00\",\"dateModified\":\"2023-09-28T18:01:03+00:00\",\"mainEntityOfPage\":{\"@id\":\"https:\\\/\\\/macite.tg\\\/?p=9279\"},\"wordCount\":428,\"commentCount\":0,\"image\":{\"@id\":\"https:\\\/\\\/macite.tg\\\/?p=9279#primaryimage\"},\"thumbnailUrl\":\"https:\\\/\\\/macite.tg\\\/wp-content\\\/uploads\\\/2023\\\/09\\\/education-drame.jpg\",\"articleSection\":[\"ACTUALITE\"],\"inLanguage\":\"fr-FR\",\"potentialAction\":[{\"@type\":\"CommentAction\",\"name\":\"Comment\",\"target\":[\"https:\\\/\\\/macite.tg\\\/?p=9279#respond\"]}]},{\"@type\":\"WebPage\",\"@id\":\"https:\\\/\\\/macite.tg\\\/?p=9279\",\"url\":\"https:\\\/\\\/macite.tg\\\/?p=9279\",\"name\":\"DRAME A BLITTA\u00a0: Un mur d\u2019\u00e9cole s\u2019\u00e9croule et fait des victimes -\",\"isPartOf\":{\"@id\":\"https:\\\/\\\/macite.tg\\\/#website\"},\"primaryImageOfPage\":{\"@id\":\"https:\\\/\\\/macite.tg\\\/?p=9279#primaryimage\"},\"image\":{\"@id\":\"https:\\\/\\\/macite.tg\\\/?p=9279#primaryimage\"},\"thumbnailUrl\":\"https:\\\/\\\/macite.tg\\\/wp-content\\\/uploads\\\/2023\\\/09\\\/education-drame.jpg\",\"datePublished\":\"2023-09-28T16:13:42+00:00\",\"dateModified\":\"2023-09-28T18:01:03+00:00\",\"author\":{\"@id\":\"https:\\\/\\\/macite.tg\\\/#\\\/schema\\\/person\\\/e9f2de7e5dbbe7770a9402c7ce82f5c2\"},\"breadcrumb\":{\"@id\":\"https:\\\/\\\/macite.tg\\\/?p=9279#breadcrumb\"},\"inLanguage\":\"fr-FR\",\"potentialAction\":[{\"@type\":\"ReadAction\",\"target\":[\"https:\\\/\\\/macite.tg\\\/?p=9279\"]}]},{\"@type\":\"ImageObject\",\"inLanguage\":\"fr-FR\",\"@id\":\"https:\\\/\\\/macite.tg\\\/?p=9279#primaryimage\",\"url\":\"https:\\\/\\\/macite.tg\\\/wp-content\\\/uploads\\\/2023\\\/09\\\/education-drame.jpg\",\"contentUrl\":\"https:\\\/\\\/macite.tg\\\/wp-content\\\/uploads\\\/2023\\\/09\\\/education-drame.jpg\",\"width\":393,\"height\":366},{\"@type\":\"BreadcrumbList\",\"@id\":\"https:\\\/\\\/macite.tg\\\/?p=9279#breadcrumb\",\"itemListElement\":[{\"@type\":\"ListItem\",\"position\":1,\"name\":\"Accueil\",\"item\":\"https:\\\/\\\/macite.tg\\\/\"},{\"@type\":\"ListItem\",\"position\":2,\"name\":\"DRAME A BLITTA\u00a0: Un mur d\u2019\u00e9cole s\u2019\u00e9croule et fait des victimes\"}]},{\"@type\":\"WebSite\",\"@id\":\"https:\\\/\\\/macite.tg\\\/#website\",\"url\":\"https:\\\/\\\/macite.tg\\\/\",\"name\":\"\",\"description\":\"L&#039;information, la bonne!!!\",\"potentialAction\":[{\"@type\":\"SearchAction\",\"target\":{\"@type\":\"EntryPoint\",\"urlTemplate\":\"https:\\\/\\\/macite.tg\\\/?s={search_term_string}\"},\"query-input\":{\"@type\":\"PropertyValueSpecification\",\"valueRequired\":true,\"valueName\":\"search_term_string\"}}],\"inLanguage\":\"fr-FR\"},{\"@type\":\"Person\",\"@id\":\"https:\\\/\\\/macite.tg\\\/#\\\/schema\\\/person\\\/e9f2de7e5dbbe7770a9402c7ce82f5c2\",\"name\":\"Jean Pierre BAWELA\",\"image\":{\"@type\":\"ImageObject\",\"inLanguage\":\"fr-FR\",\"@id\":\"https:\\\/\\\/macite.tg\\\/wp-content\\\/uploads\\\/2023\\\/09\\\/WhatsApp-Image-2023-09-19-at-14.44.41-122x122.jpeg\",\"url\":\"https:\\\/\\\/macite.tg\\\/wp-content\\\/uploads\\\/2023\\\/09\\\/WhatsApp-Image-2023-09-19-at-14.44.41-122x122.jpeg\",\"contentUrl\":\"https:\\\/\\\/macite.tg\\\/wp-content\\\/uploads\\\/2023\\\/09\\\/WhatsApp-Image-2023-09-19-at-14.44.41-122x122.jpeg\",\"caption\":\"Jean Pierre BAWELA\"},\"url\":\"https:\\\/\\\/macite.tg\\\/?author=2\"}]}<\/script>\n<!-- \/ Yoast SEO plugin. -->","yoast_head_json":{"title":"DRAME A BLITTA\u00a0: Un mur d\u2019\u00e9cole s\u2019\u00e9croule et fait des victimes -","robots":{"index":"index","follow":"follow","max-snippet":"max-snippet:-1","max-image-preview":"max-image-preview:large","max-video-preview":"max-video-preview:-1"},"canonical":"https:\/\/macite.tg\/?p=9279","og_locale":"fr_FR","og_type":"article","og_title":"DRAME A BLITTA\u00a0: Un mur d\u2019\u00e9cole s\u2019\u00e9croule et fait des victimes -","og_description":"Les populations du village de N\u2019golo, dans le canton de Diguengu\u00e9, &nbsp;pr\u00e9fecture de Blitta), sont inconsolables depuis hier mercredi 27 septembre. Le mur de l\u2019\u00e9cole primaire publique de ladite localit\u00e9, s\u2019est \u00e9croul\u00e9, dans la matin\u00e9e d\u2019hier, alors que les apprenants \u00e9taient en salle. La sc\u00e8ne [&hellip;]","og_url":"https:\/\/macite.tg\/?p=9279","article_published_time":"2023-09-28T16:13:42+00:00","article_modified_time":"2023-09-28T18:01:03+00:00","og_image":[{"width":393,"height":366,"url":"https:\/\/macite.tg\/wp-content\/uploads\/2023\/09\/education-drame.jpg","type":"image\/jpeg"}],"author":"Jean Pierre BAWELA","twitter_card":"summary_large_image","twitter_misc":{"\u00c9crit par":"Jean Pierre BAWELA","Dur\u00e9e de lecture estim\u00e9e":"2 minutes"},"schema":{"@context":"https:\/\/schema.org","@graph":[{"@type":"Article","@id":"https:\/\/macite.tg\/?p=9279#article","isPartOf":{"@id":"https:\/\/macite.tg\/?p=9279"},"author":{"name":"Jean Pierre BAWELA","@id":"https:\/\/macite.tg\/#\/schema\/person\/e9f2de7e5dbbe7770a9402c7ce82f5c2"},"headline":"DRAME A BLITTA\u00a0: Un mur d\u2019\u00e9cole s\u2019\u00e9croule et fait des victimes","datePublished":"2023-09-28T16:13:42+00:00","dateModified":"2023-09-28T18:01:03+00:00","mainEntityOfPage":{"@id":"https:\/\/macite.tg\/?p=9279"},"wordCount":428,"commentCount":0,"image":{"@id":"https:\/\/macite.tg\/?p=9279#primaryimage"},"thumbnailUrl":"https:\/\/macite.tg\/wp-content\/uploads\/2023\/09\/education-drame.jpg","articleSection":["ACTUALITE"],"inLanguage":"fr-FR","potentialAction":[{"@type":"CommentAction","name":"Comment","target":["https:\/\/macite.tg\/?p=9279#respond"]}]},{"@type":"WebPage","@id":"https:\/\/macite.tg\/?p=9279","url":"https:\/\/macite.tg\/?p=9279","name":"DRAME A BLITTA\u00a0: Un mur d\u2019\u00e9cole s\u2019\u00e9croule et fait des victimes -","isPartOf":{"@id":"https:\/\/macite.tg\/#website"},"primaryImageOfPage":{"@id":"https:\/\/macite.tg\/?p=9279#primaryimage"},"image":{"@id":"https:\/\/macite.tg\/?p=9279#primaryimage"},"thumbnailUrl":"https:\/\/macite.tg\/wp-content\/uploads\/2023\/09\/education-drame.jpg","datePublished":"2023-09-28T16:13:42+00:00","dateModified":"2023-09-28T18:01:03+00:00","author":{"@id":"https:\/\/macite.tg\/#\/schema\/person\/e9f2de7e5dbbe7770a9402c7ce82f5c2"},"breadcrumb":{"@id":"https:\/\/macite.tg\/?p=9279#breadcrumb"},"inLanguage":"fr-FR","potentialAction":[{"@type":"ReadAction","target":["https:\/\/macite.tg\/?p=9279"]}]},{"@type":"ImageObject","inLanguage":"fr-FR","@id":"https:\/\/macite.tg\/?p=9279#primaryimage","url":"https:\/\/macite.tg\/wp-content\/uploads\/2023\/09\/education-drame.jpg","contentUrl":"https:\/\/macite.tg\/wp-content\/uploads\/2023\/09\/education-drame.jpg","width":393,"height":366},{"@type":"BreadcrumbList","@id":"https:\/\/macite.tg\/?p=9279#breadcrumb","itemListElement":[{"@type":"ListItem","position":1,"name":"Accueil","item":"https:\/\/macite.tg\/"},{"@type":"ListItem","position":2,"name":"DRAME A BLITTA\u00a0: Un mur d\u2019\u00e9cole s\u2019\u00e9croule et fait des victimes"}]},{"@type":"WebSite","@id":"https:\/\/macite.tg\/#website","url":"https:\/\/macite.tg\/","name":"","description":"L&#039;information, la bonne!!!","potentialAction":[{"@type":"SearchAction","target":{"@type":"EntryPoint","urlTemplate":"https:\/\/macite.tg\/?s={search_term_string}"},"query-input":{"@type":"PropertyValueSpecification","valueRequired":true,"valueName":"search_term_string"}}],"inLanguage":"fr-FR"},{"@type":"Person","@id":"https:\/\/macite.tg\/#\/schema\/person\/e9f2de7e5dbbe7770a9402c7ce82f5c2","name":"Jean Pierre BAWELA","image":{"@type":"ImageObject","inLanguage":"fr-FR","@id":"https:\/\/macite.tg\/wp-content\/uploads\/2023\/09\/WhatsApp-Image-2023-09-19-at-14.44.41-122x122.jpeg","url":"https:\/\/macite.tg\/wp-content\/uploads\/2023\/09\/WhatsApp-Image-2023-09-19-at-14.44.41-122x122.jpeg","contentUrl":"https:\/\/macite.tg\/wp-content\/uploads\/2023\/09\/WhatsApp-Image-2023-09-19-at-14.44.41-122x122.jpeg","caption":"Jean Pierre BAWELA"},"url":"https:\/\/macite.tg\/?author=2"}]}},"_links":{"self":[{"href":"https:\/\/macite.tg\/index.php?rest_route=\/wp\/v2\/posts\/9279","targetHints":{"allow":["GET"]}}],"collection":[{"href":"https:\/\/macite.tg\/index.php?rest_route=\/wp\/v2\/posts"}],"about":[{"href":"https:\/\/macite.tg\/index.php?rest_route=\/wp\/v2\/types\/post"}],"author":[{"embeddable":true,"href":"https:\/\/macite.tg\/index.php?rest_route=\/wp\/v2\/users\/2"}],"replies":[{"embeddable":true,"href":"https:\/\/macite.tg\/index.php?rest_route=%2Fwp%2Fv2%2Fcomments&post=9279"}],"version-history":[{"count":0,"href":"https:\/\/macite.tg\/index.php?rest_route=\/wp\/v2\/posts\/9279\/revisions"}],"wp:featuredmedia":[{"embeddable":true,"href":"https:\/\/macite.tg\/index.php?rest_route=\/wp\/v2\/media\/9280"}],"wp:attachment":[{"href":"https:\/\/macite.tg\/index.php?rest_route=%2Fwp%2Fv2%2Fmedia&parent=9279"}],"wp:term":[{"taxonomy":"category","embeddable":true,"href":"https:\/\/macite.tg\/index.php?rest_route=%2Fwp%2Fv2%2Fcategories&post=9279"},{"taxonomy":"post_tag","embeddable":true,"href":"https:\/\/macite.tg\/index.php?rest_route=%2Fwp%2Fv2%2Ftags&post=9279"}],"curies":[{"name":"wp","href":"https:\/\/api.w.org\/{rel}","templated":true}]}}