{"id":9270,"date":"2023-09-28T12:15:03","date_gmt":"2023-09-28T12:15:03","guid":{"rendered":"https:\/\/macite.tg\/?p=9270"},"modified":"2023-09-28T12:15:08","modified_gmt":"2023-09-28T12:15:08","slug":"environnement-problematique-de-la-gestion-des-dechets-plastiques","status":"publish","type":"post","link":"https:\/\/macite.tg\/?p=9270","title":{"rendered":"ENVIRONNEMENT : Probl\u00e9matique de la gestion des d\u00e9chets plastiques"},"content":{"rendered":"\n<p class=\"wp-block-paragraph\"><strong><em>D&rsquo;apr\u00e8s le Programme des Nations Unies pour l&rsquo;Environnement (Pnue), la production des d\u00e9chets plastiques est pass\u00e9e \u00e0 248 millions de tonnes en 1950 \u00e0 2 milliards de tonnes en 2017 et celle-ci devrait doubler \u00e0 l&rsquo;horizon 2040.<\/em><\/strong><\/p>\n\n\n\n<p class=\"wp-block-paragraph\">Ces derni\u00e8res d\u00e9cennies, la gestion de ces d\u00e9chets reste, un enjeu socio-\u00e9conomique et environnemental majeur pour le monde entier et particuli\u00e8rement pour les villes des pays de l&rsquo;Afrique subsaharienne o\u00f9 la probl\u00e9matique est accentu\u00e9e par un essor d\u00e9mographique et un processus d&rsquo;urbanisation sans pr\u00e9c\u00e9dent.<\/p>\n\n\n<div class=\"wp-block-image\">\n<figure class=\"aligncenter size-large is-resized\"><img loading=\"lazy\" decoding=\"async\" src=\"https:\/\/macite.tg\/wp-content\/uploads\/2023\/09\/IMG-20230925-WA00751-1024x1024.jpg\" alt=\"\" class=\"wp-image-9128\" width=\"485\" height=\"485\" srcset=\"https:\/\/macite.tg\/wp-content\/uploads\/2023\/09\/IMG-20230925-WA00751-1024x1024.jpg 1024w, https:\/\/macite.tg\/wp-content\/uploads\/2023\/09\/IMG-20230925-WA00751-300x300.jpg 300w, https:\/\/macite.tg\/wp-content\/uploads\/2023\/09\/IMG-20230925-WA00751-150x150.jpg 150w, https:\/\/macite.tg\/wp-content\/uploads\/2023\/09\/IMG-20230925-WA00751-768x768.jpg 768w, https:\/\/macite.tg\/wp-content\/uploads\/2023\/09\/IMG-20230925-WA00751-122x122.jpg 122w, https:\/\/macite.tg\/wp-content\/uploads\/2023\/09\/IMG-20230925-WA00751.jpg 1181w\" sizes=\"auto, (max-width: 485px) 100vw, 485px\" \/><\/figure>\n<\/div>\n\n\n<p class=\"wp-block-paragraph\">Selon le District Autonome du Grand Lom\u00e9 (Dagl), la capitale togolaise produit environ 300 000 \u00e0 400 000 tonnes de d\u00e9chets annuellement. A l&rsquo;instar des grandes villes capitales du continent africain, Lom\u00e9 multiplie donc les initiatives pour une meilleure gestion de ses d\u00e9chets.<\/p>\n\n\n\n<p class=\"wp-block-paragraph\"><em>\u00ab&nbsp;En effet, la perspective est alarmante et elle exige de tous, des actions r\u00e9fl\u00e9chies et concert\u00e9es ; d&rsquo;o\u00f9 l&rsquo;urgence pour nous, collectivit\u00e9s territoriales, entreprises et organisations de la soci\u00e9t\u00e9 civile sp\u00e9cialis\u00e9es dans la gestion des d\u00e9chets, de r\u00e9fl\u00e9chir \u00e0 instaurer un meilleur mod\u00e8le de gestion de d\u00e9chets pour le maintien d&rsquo;un cadre de vie sain et propre&nbsp;\u00bb,<\/em> indique Tchalim Tagba Ataf\u00e8yinam, le Secr\u00e9taire g\u00e9n\u00e9ral par int\u00e9rim du Dagl.<\/p>\n\n\n\n<p class=\"wp-block-paragraph\">Depuis pr\u00e8s de 14 ans, le Projet Environnement Urbain de Lom\u00e9 (Peul) est mis en \u0153uvre avec la phase 1 (Peul I), la phase 2 (Peul II) et depuis 2019, la phase 3 (Peul III). Elles visent \u00e0 am\u00e9liorer les conditions de vie des habitants de Lom\u00e9 en assurant la durabilit\u00e9 du service de gestion des d\u00e9chets solides \u00e0 travers le renforcement des capacit\u00e9s du Maitre d&rsquo;ouvrage, la cr\u00e9ation des infrastructures de gestion des d\u00e9chets et les actions d&rsquo;\u00e9ducation et de sensibilisation des parties prenantes \u00e0 la gestion des d\u00e9chets.<\/p>\n\n\n<div class=\"wp-block-image\">\n<figure class=\"aligncenter size-large is-resized\"><img loading=\"lazy\" decoding=\"async\" src=\"https:\/\/macite.tg\/wp-content\/uploads\/2023\/09\/ANNONCES-1-1-1024x426.jpg\" alt=\"\" class=\"wp-image-9145\" width=\"644\" height=\"267\" srcset=\"https:\/\/macite.tg\/wp-content\/uploads\/2023\/09\/ANNONCES-1-1-1024x426.jpg 1024w, https:\/\/macite.tg\/wp-content\/uploads\/2023\/09\/ANNONCES-1-1-300x125.jpg 300w, https:\/\/macite.tg\/wp-content\/uploads\/2023\/09\/ANNONCES-1-1-768x319.jpg 768w, https:\/\/macite.tg\/wp-content\/uploads\/2023\/09\/ANNONCES-1-1.jpg 1080w\" sizes=\"auto, (max-width: 644px) 100vw, 644px\" \/><\/figure>\n<\/div>\n\n\n<p class=\"wp-block-paragraph\">Gr\u00e2ce \u00e0 cet appui de l&rsquo;Afd, l&rsquo;ancienne Commune de Lom\u00e9, lors des deux premi\u00e8res phases du PEUL, a entam\u00e9 la r\u00e9organisation des maillons de la pr\u00e9-collecte, et de traitement des d\u00e9chets solides en renfor\u00e7ant le partenariat public-priv\u00e9 pour une meilleure gestion du secteur. Des entreprises priv\u00e9es sont s\u00e9lectionn\u00e9es par appel d&rsquo;offres pour assurer la pr\u00e9-collecte et la collecte respectivement vers les centres de transit et \u00e0 l&rsquo;ancienne d\u00e9charge d&rsquo;Ago\u00e8-Nyiv\u00e9 puis au Centre d&rsquo;enfouissement technique (Cet) d&rsquo;Ak\u00e9p\u00e9 depuis janvier 2018.<\/p>\n\n\n\n<p class=\"wp-block-paragraph\">Il faut dire qu&rsquo;en la mati\u00e8re, le Gouvernement, a mis en place un arsenal juridique favorable \u00e0 la gestion de ces d\u00e9chets. Il s&rsquo;agit d&rsquo;abord de la loi n\u00b02008-005 du 30 mai 2008 portant loi-cadre sur l&rsquo;Environnement qui a fix\u00e9 la base d&rsquo;une gestion rationnelle des d\u00e9chets au Togo, suivie du d\u00e9cret no 2011- 003\/PR du 05 janvier 2011 fixant les modalit\u00e9s de gestion des sachets et emballages plastiques au Togo. Des textes qui visent essentiellement \u00e0 pr\u00e9venir et \u00e0 r\u00e9duire le volume des d\u00e9chets plastiques et leur nocivit\u00e9. Par ailleurs ce texte propose la valorisation des d\u00e9chets plastiques par le recyclage.&nbsp; Il semble que ce cadre juridique est m\u00e9connu de l&rsquo;ensemble des acteurs et utilisateurs des produits plastiques. Une vulgarisation est n\u00e9cessaire pour amener la population \u00e0 un changement de comportement.<\/p>\n\n\n\n<p class=\"wp-block-paragraph\">Selon le ministre de l&rsquo;environnement et des ressources foresti\u00e8res, au regard de l&rsquo;ampleur du ph\u00e9nom\u00e8ne, il faut trouver des r\u00e9ponses urgentes et de fa\u00e7on coordonn\u00e9e au niveau de tous les secteurs. Le minist\u00e8re de l&rsquo;environnement et des ressources foresti\u00e8res et les acteurs du secteur se sont accord\u00e9s sur la mise en place d&rsquo;un cadre de concertation pour la promotion de l&rsquo;\u00e9conomie circulaire dans le secteur du plastique.<\/p>\n\n\n\n<p class=\"wp-block-paragraph\"><em>\u00ab&nbsp;L&rsquo;une des recommandations phare c&rsquo;est la n\u00e9cessit\u00e9 de de l&rsquo;appui de l&rsquo;Etat aux acteurs intervenant dans le secteur et la n\u00e9cessit\u00e9 de l&rsquo;accompagnement de l&rsquo;Etat aupr\u00e8s des partenaires pour pouvoir aider les acteurs priv\u00e9s \u00e0 mobiliser les fonds n\u00e9cessaires \u00e0 la gestion de la probl\u00e9matique des d\u00e9chets plastiques&nbsp;\u00bb,<\/em> a indiqu\u00e9 le juriste environnementaliste Bagnibam To\u00ee Meba.<\/p>\n\n\n<div class=\"wp-block-image\">\n<figure class=\"aligncenter size-large is-resized\"><img loading=\"lazy\" decoding=\"async\" src=\"https:\/\/macite.tg\/wp-content\/uploads\/2023\/09\/IMG-20230925-WA00761-1024x1024.jpg\" alt=\"\" class=\"wp-image-9127\" width=\"483\" height=\"483\" srcset=\"https:\/\/macite.tg\/wp-content\/uploads\/2023\/09\/IMG-20230925-WA00761-1024x1024.jpg 1024w, https:\/\/macite.tg\/wp-content\/uploads\/2023\/09\/IMG-20230925-WA00761-300x300.jpg 300w, https:\/\/macite.tg\/wp-content\/uploads\/2023\/09\/IMG-20230925-WA00761-150x150.jpg 150w, https:\/\/macite.tg\/wp-content\/uploads\/2023\/09\/IMG-20230925-WA00761-768x768.jpg 768w, https:\/\/macite.tg\/wp-content\/uploads\/2023\/09\/IMG-20230925-WA00761-122x122.jpg 122w, https:\/\/macite.tg\/wp-content\/uploads\/2023\/09\/IMG-20230925-WA00761.jpg 1181w\" sizes=\"auto, (max-width: 483px) 100vw, 483px\" \/><\/figure>\n<\/div>\n\n\n<p class=\"wp-block-paragraph\">A Lom\u00e9, le Dagl met en \u0153uvre un plan de communication et de sensibilisation sur la gestion des d\u00e9chets solides. <em>\u00ab\u00a0Cette campagne se fera par le biais de plusieurs canaux et supports de communication tels que les t\u00e9l\u00e9visions, les radios, la presse \u00e9crite et en ligne, les supports imprim\u00e9s, des visites guid\u00e9es sur le site du CET \u00e0 Ak\u00e9p\u00e9, le SMS Marketing, l&rsquo;affichage sur les panneaux g\u00e9ants et sur les bus de la Sotral et bien d&rsquo;autres\u00a0\u00bb,<\/em> fait savoir Kodjo Emoumodji, coordonnateur du projet.<\/p>\n\n\n\n<p class=\"wp-block-paragraph\">En mati\u00e8re de recyclage des d\u00e9chets plastiques au Togo, l&rsquo;entreprise Green Industries Plast du Togo est cit\u00e9 en exemple. Elle traite aussi bien les plastiques durs que les plastiques souples. Les plastiques souples sont utilis\u00e9s pour la fabrication des pav\u00e9s. Quant aux plastiques durs, ils deviennent des broy\u00e9s et des granul\u00e9s qui rentre dans la fabrication d&rsquo;autres objets. Ces initiatives sont salu\u00e9es par le Gouvernement car elles participent de l&rsquo;assainissement de l&rsquo;environnement.<\/p>\n\n\n\n<p class=\"wp-block-paragraph\"><strong>Koudjoukabalo (In LE MEDIUM n\u00b0572 du 26 Septembre au 02 Octobre 2023)<\/strong><\/p>\n\n\n\n<p class=\"wp-block-paragraph\"><strong><em>@macite.tg&nbsp;&nbsp;&nbsp;&nbsp;&nbsp;&nbsp;&nbsp;&nbsp;<\/em><\/strong><\/p>\n\n\n\n<p class=\"wp-block-paragraph\"><strong><em>E-mail&nbsp;: <\/em><\/strong><a href=\"mailto:maciteinfo@gmail.com\"><strong><em>maciteinfo@gmail.com<\/em><\/strong><\/a><strong><em>; <\/em><\/strong><a href=\"mailto:bawela1@gmail.com\"><strong><em>bawela1@gmail.com<\/em><\/strong><\/a><strong><em><\/em><\/strong><\/p>\n\n\n\n<p class=\"wp-block-paragraph\"><strong><em>Pour vos annonces, (publi)reportages, etc., joignez nous au (00228)91515309\/<strong>79872224 <\/strong>www.macite.tg, L\u2019information, la bonne&nbsp;!<\/em><\/strong><\/p>\n","protected":false},"excerpt":{"rendered":"<p class=\"text-justify mb-2\" >D&rsquo;apr\u00e8s le Programme des Nations Unies pour l&rsquo;Environnement (Pnue), la production des d\u00e9chets plastiques est pass\u00e9e \u00e0 248 millions de tonnes en 1950 \u00e0 2 milliards de tonnes en 2017 et celle-ci devrait doubler \u00e0 l&rsquo;horizon 2040. Ces derni\u00e8res d\u00e9cennies, la gestion de ces d\u00e9chets [&hellip;]<\/p>\n","protected":false},"author":2,"featured_media":9272,"comment_status":"open","ping_status":"open","sticky":false,"template":"","format":"standard","meta":{"footnotes":""},"categories":[19],"tags":[],"class_list":["post-9270","post","type-post","status-publish","format-standard","has-post-thumbnail","hentry","category-environnement"],"yoast_head":"<!-- This site is optimized with the Yoast SEO plugin v28.4 - https:\/\/yoast.com\/product\/yoast-seo-wordpress\/ -->\n<title>ENVIRONNEMENT : Probl\u00e9matique de la gestion des d\u00e9chets plastiques -<\/title>\n<meta name=\"robots\" content=\"index, follow, max-snippet:-1, max-image-preview:large, max-video-preview:-1\" \/>\n<link rel=\"canonical\" href=\"https:\/\/macite.tg\/?p=9270\" \/>\n<meta property=\"og:locale\" content=\"fr_FR\" \/>\n<meta property=\"og:type\" content=\"article\" \/>\n<meta property=\"og:title\" content=\"ENVIRONNEMENT : Probl\u00e9matique de la gestion des d\u00e9chets plastiques -\" \/>\n<meta property=\"og:description\" content=\"D&rsquo;apr\u00e8s le Programme des Nations Unies pour l&rsquo;Environnement (Pnue), la production des d\u00e9chets plastiques est pass\u00e9e \u00e0 248 millions de tonnes en 1950 \u00e0 2 milliards de tonnes en 2017 et celle-ci devrait doubler \u00e0 l&rsquo;horizon 2040. Ces derni\u00e8res d\u00e9cennies, la gestion de ces d\u00e9chets [&hellip;]\" \/>\n<meta property=\"og:url\" content=\"https:\/\/macite.tg\/?p=9270\" \/>\n<meta property=\"article:published_time\" content=\"2023-09-28T12:15:03+00:00\" \/>\n<meta property=\"article:modified_time\" content=\"2023-09-28T12:15:08+00:00\" \/>\n<meta property=\"og:image\" content=\"https:\/\/macite.tg\/wp-content\/uploads\/2023\/09\/Environnement.jpg\" \/>\n\t<meta property=\"og:image:width\" content=\"300\" \/>\n\t<meta property=\"og:image:height\" content=\"168\" \/>\n\t<meta property=\"og:image:type\" content=\"image\/jpeg\" \/>\n<meta name=\"author\" content=\"Jean Pierre BAWELA\" \/>\n<meta name=\"twitter:card\" content=\"summary_large_image\" \/>\n<meta name=\"twitter:label1\" content=\"\u00c9crit par\" \/>\n\t<meta name=\"twitter:data1\" content=\"Jean Pierre BAWELA\" \/>\n\t<meta name=\"twitter:label2\" content=\"Dur\u00e9e de lecture estim\u00e9e\" \/>\n\t<meta name=\"twitter:data2\" content=\"4 minutes\" \/>\n<script type=\"application\/ld+json\" class=\"yoast-schema-graph\">{\"@context\":\"https:\\\/\\\/schema.org\",\"@graph\":[{\"@type\":\"Article\",\"@id\":\"https:\\\/\\\/macite.tg\\\/?p=9270#article\",\"isPartOf\":{\"@id\":\"https:\\\/\\\/macite.tg\\\/?p=9270\"},\"author\":{\"name\":\"Jean Pierre BAWELA\",\"@id\":\"https:\\\/\\\/macite.tg\\\/#\\\/schema\\\/person\\\/e9f2de7e5dbbe7770a9402c7ce82f5c2\"},\"headline\":\"ENVIRONNEMENT : Probl\u00e9matique de la gestion des d\u00e9chets plastiques\",\"datePublished\":\"2023-09-28T12:15:03+00:00\",\"dateModified\":\"2023-09-28T12:15:08+00:00\",\"mainEntityOfPage\":{\"@id\":\"https:\\\/\\\/macite.tg\\\/?p=9270\"},\"wordCount\":929,\"commentCount\":0,\"image\":{\"@id\":\"https:\\\/\\\/macite.tg\\\/?p=9270#primaryimage\"},\"thumbnailUrl\":\"https:\\\/\\\/macite.tg\\\/wp-content\\\/uploads\\\/2023\\\/09\\\/Environnement.jpg\",\"articleSection\":[\"ENVIRONNEMENT\"],\"inLanguage\":\"fr-FR\",\"potentialAction\":[{\"@type\":\"CommentAction\",\"name\":\"Comment\",\"target\":[\"https:\\\/\\\/macite.tg\\\/?p=9270#respond\"]}]},{\"@type\":\"WebPage\",\"@id\":\"https:\\\/\\\/macite.tg\\\/?p=9270\",\"url\":\"https:\\\/\\\/macite.tg\\\/?p=9270\",\"name\":\"ENVIRONNEMENT : Probl\u00e9matique de la gestion des d\u00e9chets plastiques -\",\"isPartOf\":{\"@id\":\"https:\\\/\\\/macite.tg\\\/#website\"},\"primaryImageOfPage\":{\"@id\":\"https:\\\/\\\/macite.tg\\\/?p=9270#primaryimage\"},\"image\":{\"@id\":\"https:\\\/\\\/macite.tg\\\/?p=9270#primaryimage\"},\"thumbnailUrl\":\"https:\\\/\\\/macite.tg\\\/wp-content\\\/uploads\\\/2023\\\/09\\\/Environnement.jpg\",\"datePublished\":\"2023-09-28T12:15:03+00:00\",\"dateModified\":\"2023-09-28T12:15:08+00:00\",\"author\":{\"@id\":\"https:\\\/\\\/macite.tg\\\/#\\\/schema\\\/person\\\/e9f2de7e5dbbe7770a9402c7ce82f5c2\"},\"breadcrumb\":{\"@id\":\"https:\\\/\\\/macite.tg\\\/?p=9270#breadcrumb\"},\"inLanguage\":\"fr-FR\",\"potentialAction\":[{\"@type\":\"ReadAction\",\"target\":[\"https:\\\/\\\/macite.tg\\\/?p=9270\"]}]},{\"@type\":\"ImageObject\",\"inLanguage\":\"fr-FR\",\"@id\":\"https:\\\/\\\/macite.tg\\\/?p=9270#primaryimage\",\"url\":\"https:\\\/\\\/macite.tg\\\/wp-content\\\/uploads\\\/2023\\\/09\\\/Environnement.jpg\",\"contentUrl\":\"https:\\\/\\\/macite.tg\\\/wp-content\\\/uploads\\\/2023\\\/09\\\/Environnement.jpg\",\"width\":300,\"height\":168},{\"@type\":\"BreadcrumbList\",\"@id\":\"https:\\\/\\\/macite.tg\\\/?p=9270#breadcrumb\",\"itemListElement\":[{\"@type\":\"ListItem\",\"position\":1,\"name\":\"Accueil\",\"item\":\"https:\\\/\\\/macite.tg\\\/\"},{\"@type\":\"ListItem\",\"position\":2,\"name\":\"ENVIRONNEMENT : Probl\u00e9matique de la gestion des d\u00e9chets plastiques\"}]},{\"@type\":\"WebSite\",\"@id\":\"https:\\\/\\\/macite.tg\\\/#website\",\"url\":\"https:\\\/\\\/macite.tg\\\/\",\"name\":\"\",\"description\":\"L&#039;information, la bonne!!!\",\"potentialAction\":[{\"@type\":\"SearchAction\",\"target\":{\"@type\":\"EntryPoint\",\"urlTemplate\":\"https:\\\/\\\/macite.tg\\\/?s={search_term_string}\"},\"query-input\":{\"@type\":\"PropertyValueSpecification\",\"valueRequired\":true,\"valueName\":\"search_term_string\"}}],\"inLanguage\":\"fr-FR\"},{\"@type\":\"Person\",\"@id\":\"https:\\\/\\\/macite.tg\\\/#\\\/schema\\\/person\\\/e9f2de7e5dbbe7770a9402c7ce82f5c2\",\"name\":\"Jean Pierre BAWELA\",\"image\":{\"@type\":\"ImageObject\",\"inLanguage\":\"fr-FR\",\"@id\":\"https:\\\/\\\/macite.tg\\\/wp-content\\\/uploads\\\/2023\\\/09\\\/WhatsApp-Image-2023-09-19-at-14.44.41-122x122.jpeg\",\"url\":\"https:\\\/\\\/macite.tg\\\/wp-content\\\/uploads\\\/2023\\\/09\\\/WhatsApp-Image-2023-09-19-at-14.44.41-122x122.jpeg\",\"contentUrl\":\"https:\\\/\\\/macite.tg\\\/wp-content\\\/uploads\\\/2023\\\/09\\\/WhatsApp-Image-2023-09-19-at-14.44.41-122x122.jpeg\",\"caption\":\"Jean Pierre BAWELA\"},\"url\":\"https:\\\/\\\/macite.tg\\\/?author=2\"}]}<\/script>\n<!-- \/ Yoast SEO plugin. -->","yoast_head_json":{"title":"ENVIRONNEMENT : Probl\u00e9matique de la gestion des d\u00e9chets plastiques -","robots":{"index":"index","follow":"follow","max-snippet":"max-snippet:-1","max-image-preview":"max-image-preview:large","max-video-preview":"max-video-preview:-1"},"canonical":"https:\/\/macite.tg\/?p=9270","og_locale":"fr_FR","og_type":"article","og_title":"ENVIRONNEMENT : Probl\u00e9matique de la gestion des d\u00e9chets plastiques -","og_description":"D&rsquo;apr\u00e8s le Programme des Nations Unies pour l&rsquo;Environnement (Pnue), la production des d\u00e9chets plastiques est pass\u00e9e \u00e0 248 millions de tonnes en 1950 \u00e0 2 milliards de tonnes en 2017 et celle-ci devrait doubler \u00e0 l&rsquo;horizon 2040. Ces derni\u00e8res d\u00e9cennies, la gestion de ces d\u00e9chets [&hellip;]","og_url":"https:\/\/macite.tg\/?p=9270","article_published_time":"2023-09-28T12:15:03+00:00","article_modified_time":"2023-09-28T12:15:08+00:00","og_image":[{"width":300,"height":168,"url":"https:\/\/macite.tg\/wp-content\/uploads\/2023\/09\/Environnement.jpg","type":"image\/jpeg"}],"author":"Jean Pierre BAWELA","twitter_card":"summary_large_image","twitter_misc":{"\u00c9crit par":"Jean Pierre BAWELA","Dur\u00e9e de lecture estim\u00e9e":"4 minutes"},"schema":{"@context":"https:\/\/schema.org","@graph":[{"@type":"Article","@id":"https:\/\/macite.tg\/?p=9270#article","isPartOf":{"@id":"https:\/\/macite.tg\/?p=9270"},"author":{"name":"Jean Pierre BAWELA","@id":"https:\/\/macite.tg\/#\/schema\/person\/e9f2de7e5dbbe7770a9402c7ce82f5c2"},"headline":"ENVIRONNEMENT : Probl\u00e9matique de la gestion des d\u00e9chets plastiques","datePublished":"2023-09-28T12:15:03+00:00","dateModified":"2023-09-28T12:15:08+00:00","mainEntityOfPage":{"@id":"https:\/\/macite.tg\/?p=9270"},"wordCount":929,"commentCount":0,"image":{"@id":"https:\/\/macite.tg\/?p=9270#primaryimage"},"thumbnailUrl":"https:\/\/macite.tg\/wp-content\/uploads\/2023\/09\/Environnement.jpg","articleSection":["ENVIRONNEMENT"],"inLanguage":"fr-FR","potentialAction":[{"@type":"CommentAction","name":"Comment","target":["https:\/\/macite.tg\/?p=9270#respond"]}]},{"@type":"WebPage","@id":"https:\/\/macite.tg\/?p=9270","url":"https:\/\/macite.tg\/?p=9270","name":"ENVIRONNEMENT : Probl\u00e9matique de la gestion des d\u00e9chets plastiques -","isPartOf":{"@id":"https:\/\/macite.tg\/#website"},"primaryImageOfPage":{"@id":"https:\/\/macite.tg\/?p=9270#primaryimage"},"image":{"@id":"https:\/\/macite.tg\/?p=9270#primaryimage"},"thumbnailUrl":"https:\/\/macite.tg\/wp-content\/uploads\/2023\/09\/Environnement.jpg","datePublished":"2023-09-28T12:15:03+00:00","dateModified":"2023-09-28T12:15:08+00:00","author":{"@id":"https:\/\/macite.tg\/#\/schema\/person\/e9f2de7e5dbbe7770a9402c7ce82f5c2"},"breadcrumb":{"@id":"https:\/\/macite.tg\/?p=9270#breadcrumb"},"inLanguage":"fr-FR","potentialAction":[{"@type":"ReadAction","target":["https:\/\/macite.tg\/?p=9270"]}]},{"@type":"ImageObject","inLanguage":"fr-FR","@id":"https:\/\/macite.tg\/?p=9270#primaryimage","url":"https:\/\/macite.tg\/wp-content\/uploads\/2023\/09\/Environnement.jpg","contentUrl":"https:\/\/macite.tg\/wp-content\/uploads\/2023\/09\/Environnement.jpg","width":300,"height":168},{"@type":"BreadcrumbList","@id":"https:\/\/macite.tg\/?p=9270#breadcrumb","itemListElement":[{"@type":"ListItem","position":1,"name":"Accueil","item":"https:\/\/macite.tg\/"},{"@type":"ListItem","position":2,"name":"ENVIRONNEMENT : Probl\u00e9matique de la gestion des d\u00e9chets plastiques"}]},{"@type":"WebSite","@id":"https:\/\/macite.tg\/#website","url":"https:\/\/macite.tg\/","name":"","description":"L&#039;information, la bonne!!!","potentialAction":[{"@type":"SearchAction","target":{"@type":"EntryPoint","urlTemplate":"https:\/\/macite.tg\/?s={search_term_string}"},"query-input":{"@type":"PropertyValueSpecification","valueRequired":true,"valueName":"search_term_string"}}],"inLanguage":"fr-FR"},{"@type":"Person","@id":"https:\/\/macite.tg\/#\/schema\/person\/e9f2de7e5dbbe7770a9402c7ce82f5c2","name":"Jean Pierre BAWELA","image":{"@type":"ImageObject","inLanguage":"fr-FR","@id":"https:\/\/macite.tg\/wp-content\/uploads\/2023\/09\/WhatsApp-Image-2023-09-19-at-14.44.41-122x122.jpeg","url":"https:\/\/macite.tg\/wp-content\/uploads\/2023\/09\/WhatsApp-Image-2023-09-19-at-14.44.41-122x122.jpeg","contentUrl":"https:\/\/macite.tg\/wp-content\/uploads\/2023\/09\/WhatsApp-Image-2023-09-19-at-14.44.41-122x122.jpeg","caption":"Jean Pierre BAWELA"},"url":"https:\/\/macite.tg\/?author=2"}]}},"_links":{"self":[{"href":"https:\/\/macite.tg\/index.php?rest_route=\/wp\/v2\/posts\/9270","targetHints":{"allow":["GET"]}}],"collection":[{"href":"https:\/\/macite.tg\/index.php?rest_route=\/wp\/v2\/posts"}],"about":[{"href":"https:\/\/macite.tg\/index.php?rest_route=\/wp\/v2\/types\/post"}],"author":[{"embeddable":true,"href":"https:\/\/macite.tg\/index.php?rest_route=\/wp\/v2\/users\/2"}],"replies":[{"embeddable":true,"href":"https:\/\/macite.tg\/index.php?rest_route=%2Fwp%2Fv2%2Fcomments&post=9270"}],"version-history":[{"count":0,"href":"https:\/\/macite.tg\/index.php?rest_route=\/wp\/v2\/posts\/9270\/revisions"}],"wp:featuredmedia":[{"embeddable":true,"href":"https:\/\/macite.tg\/index.php?rest_route=\/wp\/v2\/media\/9272"}],"wp:attachment":[{"href":"https:\/\/macite.tg\/index.php?rest_route=%2Fwp%2Fv2%2Fmedia&parent=9270"}],"wp:term":[{"taxonomy":"category","embeddable":true,"href":"https:\/\/macite.tg\/index.php?rest_route=%2Fwp%2Fv2%2Fcategories&post=9270"},{"taxonomy":"post_tag","embeddable":true,"href":"https:\/\/macite.tg\/index.php?rest_route=%2Fwp%2Fv2%2Ftags&post=9270"}],"curies":[{"name":"wp","href":"https:\/\/api.w.org\/{rel}","templated":true}]}}