{"id":9260,"date":"2023-09-28T11:59:26","date_gmt":"2023-09-28T11:59:26","guid":{"rendered":"https:\/\/macite.tg\/?p=9260"},"modified":"2023-09-28T11:59:28","modified_gmt":"2023-09-28T11:59:28","slug":"coup-detat-manque-au-burkina-faso-04-officiers-interpelles-le-parquet-militaire-ouvre-une-enquete","status":"publish","type":"post","link":"https:\/\/macite.tg\/?p=9260","title":{"rendered":"COUP D\u2019\u00c9TAT MANQUE AU BURKINA FASO: 04 Officiers interpell\u00e9s, le Parquet militaire ouvre une enqu\u00eate"},"content":{"rendered":"\n<p class=\"wp-block-paragraph\"><\/p>\n\n\n\n<p class=\"wp-block-paragraph\"><strong><em>Le Burkina Faso vit depuis quelques jours une tension palpable au vue de la r\u00e9currence des vell\u00e9it\u00e9s et autres all\u00e9gation de d\u00e9stabilisation du pays du Burkina Faso. La rumeur de coup d\u2019\u00c9tat contre la junte au pouvoir a plomb\u00e9 l\u2019atmosph\u00e8re devenue, au fil des heures, invivable.<\/em><\/strong><\/p>\n\n\n\n<p class=\"wp-block-paragraph\">Alors que cette rumeur est devenue une clameur, le Parquet pr\u00e8s le Tribunal militaire de Ouagadougou a ouvert, hier 27 septembre, une enqu\u00eate circonstanci\u00e9e.<\/p>\n\n\n<div class=\"wp-block-image\">\n<figure class=\"aligncenter size-large is-resized\"><img loading=\"lazy\" decoding=\"async\" src=\"https:\/\/macite.tg\/wp-content\/uploads\/2023\/09\/IMG-20230925-WA00751-1024x1024.jpg\" alt=\"\" class=\"wp-image-9128\" width=\"546\" height=\"546\" srcset=\"https:\/\/macite.tg\/wp-content\/uploads\/2023\/09\/IMG-20230925-WA00751-1024x1024.jpg 1024w, https:\/\/macite.tg\/wp-content\/uploads\/2023\/09\/IMG-20230925-WA00751-300x300.jpg 300w, https:\/\/macite.tg\/wp-content\/uploads\/2023\/09\/IMG-20230925-WA00751-150x150.jpg 150w, https:\/\/macite.tg\/wp-content\/uploads\/2023\/09\/IMG-20230925-WA00751-768x768.jpg 768w, https:\/\/macite.tg\/wp-content\/uploads\/2023\/09\/IMG-20230925-WA00751-122x122.jpg 122w, https:\/\/macite.tg\/wp-content\/uploads\/2023\/09\/IMG-20230925-WA00751.jpg 1181w\" sizes=\"auto, (max-width: 546px) 100vw, 546px\" \/><\/figure>\n<\/div>\n\n\n<p class=\"wp-block-paragraph\">Sur la base <em>\u00ab\u00a0de d\u00e9nonciations dignes de foi faisant \u00e9tat d\u2019un complot contre la s\u00fbret\u00e9 de l\u2019\u00c9tat en cours<a href=\"https:\/\/burkina24.com\/2023\/09\/27\/tentative-de-coup-detat-dhier-26-septembre-2023-des-officiers-et-autres-acteurs-aux-arrets-certains-en-fuite-communique\/\" target=\"_blank\" rel=\"noreferrer noopener\"><\/a> et mettant en cause des Officiers\u00a0\u00bb<\/em>, le Parquet a ordonn\u00e9 l\u2019interpellation quatre (04) officiers et mis \u00e0 sa disposition.<\/p>\n\n\n\n<p class=\"wp-block-paragraph\">Malheureusement deux (02) de ces officiers mis en cause, sont en fuite, note le Parquet qui a imm\u00e9diatement ouvert une enqu\u00eate circonstanci\u00e9e <em>\u00ab&nbsp;pour \u00e9lucider les faits d\u00e9nonc\u00e9s&nbsp;\u00bb.<\/em><\/p>\n\n\n<div class=\"wp-block-image\">\n<figure class=\"aligncenter size-large is-resized\"><img loading=\"lazy\" decoding=\"async\" src=\"https:\/\/macite.tg\/wp-content\/uploads\/2023\/09\/ANNONCES-1-1-1024x426.jpg\" alt=\"\" class=\"wp-image-9145\" width=\"638\" height=\"265\" srcset=\"https:\/\/macite.tg\/wp-content\/uploads\/2023\/09\/ANNONCES-1-1-1024x426.jpg 1024w, https:\/\/macite.tg\/wp-content\/uploads\/2023\/09\/ANNONCES-1-1-300x125.jpg 300w, https:\/\/macite.tg\/wp-content\/uploads\/2023\/09\/ANNONCES-1-1-768x319.jpg 768w, https:\/\/macite.tg\/wp-content\/uploads\/2023\/09\/ANNONCES-1-1.jpg 1080w\" sizes=\"auto, (max-width: 638px) 100vw, 638px\" \/><\/figure>\n<\/div>\n\n\n<p class=\"wp-block-paragraph\">Tout en rassurant que les <em>\u00ab&nbsp;investigations se d\u00e9roulent dans le strict respect des droits des personnes mises en cause et de toute autre personne que l\u2019enqu\u00eate viendrait \u00e0 r\u00e9v\u00e9ler&nbsp;\u00bb,<\/em> le parquet invite, \u00e0 cet effet, <em>\u00ab&nbsp;toute personne susceptible de fournir des informations pouvant contribuer \u00e0 la manifestation de la v\u00e9rit\u00e9, \u00e0 venir t\u00e9moigner&nbsp;\u00bb.<\/em><\/p>\n\n\n\n<p class=\"wp-block-paragraph\"><strong>Mab\u00e9<\/strong><\/p>\n\n\n\n<p class=\"wp-block-paragraph\"><strong><em>@macite.tg&nbsp;&nbsp;&nbsp;&nbsp;&nbsp;&nbsp;&nbsp;&nbsp;<\/em><\/strong><\/p>\n\n\n\n<p class=\"wp-block-paragraph\"><strong><em>E-mail&nbsp;: <\/em><\/strong><a href=\"mailto:maciteinfo@gmail.com\"><strong><em>maciteinfo@gmail.com<\/em><\/strong><\/a><strong><em>; <\/em><\/strong><a href=\"mailto:bawela1@gmail.com\"><strong><em>bawela1@gmail.com<\/em><\/strong><\/a><strong><em><\/em><\/strong><\/p>\n\n\n\n<p class=\"wp-block-paragraph\"><strong><em>Pour vos annonces, (publi)reportages, etc., joignez nous au (00228)91515309\/<strong>79872224 <\/strong>www.macite.tg, L\u2019information, la bonne&nbsp;!<\/em><\/strong><\/p>\n","protected":false},"excerpt":{"rendered":"<p class=\"text-justify mb-2\" >Le Burkina Faso vit depuis quelques jours une tension palpable au vue de la r\u00e9currence des vell\u00e9it\u00e9s et autres all\u00e9gation de d\u00e9stabilisation du pays du Burkina Faso. La rumeur de coup d\u2019\u00c9tat contre la junte au pouvoir a plomb\u00e9 l\u2019atmosph\u00e8re devenue, au fil des heures, [&hellip;]<\/p>\n","protected":false},"author":2,"featured_media":9263,"comment_status":"open","ping_status":"open","sticky":false,"template":"","format":"standard","meta":{"footnotes":""},"categories":[20],"tags":[],"class_list":["post-9260","post","type-post","status-publish","format-standard","has-post-thumbnail","hentry","category-actualite"],"yoast_head":"<!-- This site is optimized with the Yoast SEO plugin v28.4 - https:\/\/yoast.com\/product\/yoast-seo-wordpress\/ -->\n<title>COUP D\u2019\u00c9TAT MANQUE AU BURKINA FASO: 04 Officiers interpell\u00e9s, le Parquet militaire ouvre une enqu\u00eate -<\/title>\n<meta name=\"robots\" content=\"index, follow, max-snippet:-1, max-image-preview:large, max-video-preview:-1\" \/>\n<link rel=\"canonical\" href=\"https:\/\/macite.tg\/?p=9260\" \/>\n<meta property=\"og:locale\" content=\"fr_FR\" \/>\n<meta property=\"og:type\" content=\"article\" \/>\n<meta property=\"og:title\" content=\"COUP D\u2019\u00c9TAT MANQUE AU BURKINA FASO: 04 Officiers interpell\u00e9s, le Parquet militaire ouvre une enqu\u00eate -\" \/>\n<meta property=\"og:description\" content=\"Le Burkina Faso vit depuis quelques jours une tension palpable au vue de la r\u00e9currence des vell\u00e9it\u00e9s et autres all\u00e9gation de d\u00e9stabilisation du pays du Burkina Faso. La rumeur de coup d\u2019\u00c9tat contre la junte au pouvoir a plomb\u00e9 l\u2019atmosph\u00e8re devenue, au fil des heures, [&hellip;]\" \/>\n<meta property=\"og:url\" content=\"https:\/\/macite.tg\/?p=9260\" \/>\n<meta property=\"article:published_time\" content=\"2023-09-28T11:59:26+00:00\" \/>\n<meta property=\"article:modified_time\" content=\"2023-09-28T11:59:28+00:00\" \/>\n<meta property=\"og:image\" content=\"https:\/\/macite.tg\/wp-content\/uploads\/2023\/09\/justice-miltiaire-une.jpg\" \/>\n\t<meta property=\"og:image:width\" content=\"1080\" \/>\n\t<meta property=\"og:image:height\" content=\"696\" \/>\n\t<meta property=\"og:image:type\" content=\"image\/jpeg\" \/>\n<meta name=\"author\" content=\"Jean Pierre BAWELA\" \/>\n<meta name=\"twitter:card\" content=\"summary_large_image\" \/>\n<meta name=\"twitter:label1\" content=\"\u00c9crit par\" \/>\n\t<meta name=\"twitter:data1\" content=\"Jean Pierre BAWELA\" \/>\n\t<meta name=\"twitter:label2\" content=\"Dur\u00e9e de lecture estim\u00e9e\" \/>\n\t<meta name=\"twitter:data2\" content=\"1 minute\" \/>\n<script type=\"application\/ld+json\" class=\"yoast-schema-graph\">{\"@context\":\"https:\\\/\\\/schema.org\",\"@graph\":[{\"@type\":\"Article\",\"@id\":\"https:\\\/\\\/macite.tg\\\/?p=9260#article\",\"isPartOf\":{\"@id\":\"https:\\\/\\\/macite.tg\\\/?p=9260\"},\"author\":{\"name\":\"Jean Pierre BAWELA\",\"@id\":\"https:\\\/\\\/macite.tg\\\/#\\\/schema\\\/person\\\/e9f2de7e5dbbe7770a9402c7ce82f5c2\"},\"headline\":\"COUP D\u2019\u00c9TAT MANQUE AU BURKINA FASO: 04 Officiers interpell\u00e9s, le Parquet militaire ouvre une enqu\u00eate\",\"datePublished\":\"2023-09-28T11:59:26+00:00\",\"dateModified\":\"2023-09-28T11:59:28+00:00\",\"mainEntityOfPage\":{\"@id\":\"https:\\\/\\\/macite.tg\\\/?p=9260\"},\"wordCount\":267,\"commentCount\":0,\"image\":{\"@id\":\"https:\\\/\\\/macite.tg\\\/?p=9260#primaryimage\"},\"thumbnailUrl\":\"https:\\\/\\\/macite.tg\\\/wp-content\\\/uploads\\\/2023\\\/09\\\/justice-miltiaire-une.jpg\",\"articleSection\":[\"ACTUALITE\"],\"inLanguage\":\"fr-FR\",\"potentialAction\":[{\"@type\":\"CommentAction\",\"name\":\"Comment\",\"target\":[\"https:\\\/\\\/macite.tg\\\/?p=9260#respond\"]}]},{\"@type\":\"WebPage\",\"@id\":\"https:\\\/\\\/macite.tg\\\/?p=9260\",\"url\":\"https:\\\/\\\/macite.tg\\\/?p=9260\",\"name\":\"COUP D\u2019\u00c9TAT MANQUE AU BURKINA FASO: 04 Officiers interpell\u00e9s, le Parquet militaire ouvre une enqu\u00eate -\",\"isPartOf\":{\"@id\":\"https:\\\/\\\/macite.tg\\\/#website\"},\"primaryImageOfPage\":{\"@id\":\"https:\\\/\\\/macite.tg\\\/?p=9260#primaryimage\"},\"image\":{\"@id\":\"https:\\\/\\\/macite.tg\\\/?p=9260#primaryimage\"},\"thumbnailUrl\":\"https:\\\/\\\/macite.tg\\\/wp-content\\\/uploads\\\/2023\\\/09\\\/justice-miltiaire-une.jpg\",\"datePublished\":\"2023-09-28T11:59:26+00:00\",\"dateModified\":\"2023-09-28T11:59:28+00:00\",\"author\":{\"@id\":\"https:\\\/\\\/macite.tg\\\/#\\\/schema\\\/person\\\/e9f2de7e5dbbe7770a9402c7ce82f5c2\"},\"breadcrumb\":{\"@id\":\"https:\\\/\\\/macite.tg\\\/?p=9260#breadcrumb\"},\"inLanguage\":\"fr-FR\",\"potentialAction\":[{\"@type\":\"ReadAction\",\"target\":[\"https:\\\/\\\/macite.tg\\\/?p=9260\"]}]},{\"@type\":\"ImageObject\",\"inLanguage\":\"fr-FR\",\"@id\":\"https:\\\/\\\/macite.tg\\\/?p=9260#primaryimage\",\"url\":\"https:\\\/\\\/macite.tg\\\/wp-content\\\/uploads\\\/2023\\\/09\\\/justice-miltiaire-une.jpg\",\"contentUrl\":\"https:\\\/\\\/macite.tg\\\/wp-content\\\/uploads\\\/2023\\\/09\\\/justice-miltiaire-une.jpg\",\"width\":1080,\"height\":696},{\"@type\":\"BreadcrumbList\",\"@id\":\"https:\\\/\\\/macite.tg\\\/?p=9260#breadcrumb\",\"itemListElement\":[{\"@type\":\"ListItem\",\"position\":1,\"name\":\"Accueil\",\"item\":\"https:\\\/\\\/macite.tg\\\/\"},{\"@type\":\"ListItem\",\"position\":2,\"name\":\"COUP D\u2019\u00c9TAT MANQUE AU BURKINA FASO: 04 Officiers interpell\u00e9s, le Parquet militaire ouvre une enqu\u00eate\"}]},{\"@type\":\"WebSite\",\"@id\":\"https:\\\/\\\/macite.tg\\\/#website\",\"url\":\"https:\\\/\\\/macite.tg\\\/\",\"name\":\"\",\"description\":\"L&#039;information, la bonne!!!\",\"potentialAction\":[{\"@type\":\"SearchAction\",\"target\":{\"@type\":\"EntryPoint\",\"urlTemplate\":\"https:\\\/\\\/macite.tg\\\/?s={search_term_string}\"},\"query-input\":{\"@type\":\"PropertyValueSpecification\",\"valueRequired\":true,\"valueName\":\"search_term_string\"}}],\"inLanguage\":\"fr-FR\"},{\"@type\":\"Person\",\"@id\":\"https:\\\/\\\/macite.tg\\\/#\\\/schema\\\/person\\\/e9f2de7e5dbbe7770a9402c7ce82f5c2\",\"name\":\"Jean Pierre BAWELA\",\"image\":{\"@type\":\"ImageObject\",\"inLanguage\":\"fr-FR\",\"@id\":\"https:\\\/\\\/macite.tg\\\/wp-content\\\/uploads\\\/2023\\\/09\\\/WhatsApp-Image-2023-09-19-at-14.44.41-122x122.jpeg\",\"url\":\"https:\\\/\\\/macite.tg\\\/wp-content\\\/uploads\\\/2023\\\/09\\\/WhatsApp-Image-2023-09-19-at-14.44.41-122x122.jpeg\",\"contentUrl\":\"https:\\\/\\\/macite.tg\\\/wp-content\\\/uploads\\\/2023\\\/09\\\/WhatsApp-Image-2023-09-19-at-14.44.41-122x122.jpeg\",\"caption\":\"Jean Pierre BAWELA\"},\"url\":\"https:\\\/\\\/macite.tg\\\/?author=2\"}]}<\/script>\n<!-- \/ Yoast SEO plugin. -->","yoast_head_json":{"title":"COUP D\u2019\u00c9TAT MANQUE AU BURKINA FASO: 04 Officiers interpell\u00e9s, le Parquet militaire ouvre une enqu\u00eate -","robots":{"index":"index","follow":"follow","max-snippet":"max-snippet:-1","max-image-preview":"max-image-preview:large","max-video-preview":"max-video-preview:-1"},"canonical":"https:\/\/macite.tg\/?p=9260","og_locale":"fr_FR","og_type":"article","og_title":"COUP D\u2019\u00c9TAT MANQUE AU BURKINA FASO: 04 Officiers interpell\u00e9s, le Parquet militaire ouvre une enqu\u00eate -","og_description":"Le Burkina Faso vit depuis quelques jours une tension palpable au vue de la r\u00e9currence des vell\u00e9it\u00e9s et autres all\u00e9gation de d\u00e9stabilisation du pays du Burkina Faso. La rumeur de coup d\u2019\u00c9tat contre la junte au pouvoir a plomb\u00e9 l\u2019atmosph\u00e8re devenue, au fil des heures, [&hellip;]","og_url":"https:\/\/macite.tg\/?p=9260","article_published_time":"2023-09-28T11:59:26+00:00","article_modified_time":"2023-09-28T11:59:28+00:00","og_image":[{"width":1080,"height":696,"url":"https:\/\/macite.tg\/wp-content\/uploads\/2023\/09\/justice-miltiaire-une.jpg","type":"image\/jpeg"}],"author":"Jean Pierre BAWELA","twitter_card":"summary_large_image","twitter_misc":{"\u00c9crit par":"Jean Pierre BAWELA","Dur\u00e9e de lecture estim\u00e9e":"1 minute"},"schema":{"@context":"https:\/\/schema.org","@graph":[{"@type":"Article","@id":"https:\/\/macite.tg\/?p=9260#article","isPartOf":{"@id":"https:\/\/macite.tg\/?p=9260"},"author":{"name":"Jean Pierre BAWELA","@id":"https:\/\/macite.tg\/#\/schema\/person\/e9f2de7e5dbbe7770a9402c7ce82f5c2"},"headline":"COUP D\u2019\u00c9TAT MANQUE AU BURKINA FASO: 04 Officiers interpell\u00e9s, le Parquet militaire ouvre une enqu\u00eate","datePublished":"2023-09-28T11:59:26+00:00","dateModified":"2023-09-28T11:59:28+00:00","mainEntityOfPage":{"@id":"https:\/\/macite.tg\/?p=9260"},"wordCount":267,"commentCount":0,"image":{"@id":"https:\/\/macite.tg\/?p=9260#primaryimage"},"thumbnailUrl":"https:\/\/macite.tg\/wp-content\/uploads\/2023\/09\/justice-miltiaire-une.jpg","articleSection":["ACTUALITE"],"inLanguage":"fr-FR","potentialAction":[{"@type":"CommentAction","name":"Comment","target":["https:\/\/macite.tg\/?p=9260#respond"]}]},{"@type":"WebPage","@id":"https:\/\/macite.tg\/?p=9260","url":"https:\/\/macite.tg\/?p=9260","name":"COUP D\u2019\u00c9TAT MANQUE AU BURKINA FASO: 04 Officiers interpell\u00e9s, le Parquet militaire ouvre une enqu\u00eate -","isPartOf":{"@id":"https:\/\/macite.tg\/#website"},"primaryImageOfPage":{"@id":"https:\/\/macite.tg\/?p=9260#primaryimage"},"image":{"@id":"https:\/\/macite.tg\/?p=9260#primaryimage"},"thumbnailUrl":"https:\/\/macite.tg\/wp-content\/uploads\/2023\/09\/justice-miltiaire-une.jpg","datePublished":"2023-09-28T11:59:26+00:00","dateModified":"2023-09-28T11:59:28+00:00","author":{"@id":"https:\/\/macite.tg\/#\/schema\/person\/e9f2de7e5dbbe7770a9402c7ce82f5c2"},"breadcrumb":{"@id":"https:\/\/macite.tg\/?p=9260#breadcrumb"},"inLanguage":"fr-FR","potentialAction":[{"@type":"ReadAction","target":["https:\/\/macite.tg\/?p=9260"]}]},{"@type":"ImageObject","inLanguage":"fr-FR","@id":"https:\/\/macite.tg\/?p=9260#primaryimage","url":"https:\/\/macite.tg\/wp-content\/uploads\/2023\/09\/justice-miltiaire-une.jpg","contentUrl":"https:\/\/macite.tg\/wp-content\/uploads\/2023\/09\/justice-miltiaire-une.jpg","width":1080,"height":696},{"@type":"BreadcrumbList","@id":"https:\/\/macite.tg\/?p=9260#breadcrumb","itemListElement":[{"@type":"ListItem","position":1,"name":"Accueil","item":"https:\/\/macite.tg\/"},{"@type":"ListItem","position":2,"name":"COUP D\u2019\u00c9TAT MANQUE AU BURKINA FASO: 04 Officiers interpell\u00e9s, le Parquet militaire ouvre une enqu\u00eate"}]},{"@type":"WebSite","@id":"https:\/\/macite.tg\/#website","url":"https:\/\/macite.tg\/","name":"","description":"L&#039;information, la bonne!!!","potentialAction":[{"@type":"SearchAction","target":{"@type":"EntryPoint","urlTemplate":"https:\/\/macite.tg\/?s={search_term_string}"},"query-input":{"@type":"PropertyValueSpecification","valueRequired":true,"valueName":"search_term_string"}}],"inLanguage":"fr-FR"},{"@type":"Person","@id":"https:\/\/macite.tg\/#\/schema\/person\/e9f2de7e5dbbe7770a9402c7ce82f5c2","name":"Jean Pierre BAWELA","image":{"@type":"ImageObject","inLanguage":"fr-FR","@id":"https:\/\/macite.tg\/wp-content\/uploads\/2023\/09\/WhatsApp-Image-2023-09-19-at-14.44.41-122x122.jpeg","url":"https:\/\/macite.tg\/wp-content\/uploads\/2023\/09\/WhatsApp-Image-2023-09-19-at-14.44.41-122x122.jpeg","contentUrl":"https:\/\/macite.tg\/wp-content\/uploads\/2023\/09\/WhatsApp-Image-2023-09-19-at-14.44.41-122x122.jpeg","caption":"Jean Pierre BAWELA"},"url":"https:\/\/macite.tg\/?author=2"}]}},"_links":{"self":[{"href":"https:\/\/macite.tg\/index.php?rest_route=\/wp\/v2\/posts\/9260","targetHints":{"allow":["GET"]}}],"collection":[{"href":"https:\/\/macite.tg\/index.php?rest_route=\/wp\/v2\/posts"}],"about":[{"href":"https:\/\/macite.tg\/index.php?rest_route=\/wp\/v2\/types\/post"}],"author":[{"embeddable":true,"href":"https:\/\/macite.tg\/index.php?rest_route=\/wp\/v2\/users\/2"}],"replies":[{"embeddable":true,"href":"https:\/\/macite.tg\/index.php?rest_route=%2Fwp%2Fv2%2Fcomments&post=9260"}],"version-history":[{"count":0,"href":"https:\/\/macite.tg\/index.php?rest_route=\/wp\/v2\/posts\/9260\/revisions"}],"wp:featuredmedia":[{"embeddable":true,"href":"https:\/\/macite.tg\/index.php?rest_route=\/wp\/v2\/media\/9263"}],"wp:attachment":[{"href":"https:\/\/macite.tg\/index.php?rest_route=%2Fwp%2Fv2%2Fmedia&parent=9260"}],"wp:term":[{"taxonomy":"category","embeddable":true,"href":"https:\/\/macite.tg\/index.php?rest_route=%2Fwp%2Fv2%2Fcategories&post=9260"},{"taxonomy":"post_tag","embeddable":true,"href":"https:\/\/macite.tg\/index.php?rest_route=%2Fwp%2Fv2%2Ftags&post=9260"}],"curies":[{"name":"wp","href":"https:\/\/api.w.org\/{rel}","templated":true}]}}