{"id":6793,"date":"2023-06-29T11:34:49","date_gmt":"2023-06-29T11:34:49","guid":{"rendered":"https:\/\/macite.tg\/?p=6793"},"modified":"2023-06-29T11:34:52","modified_gmt":"2023-06-29T11:34:52","slug":"affaire-sweet-beauty-le-juge-rend-finalement-sa-decision-la-question-de-linterpellation-dousmane-sonko-a-lordre-du-jour","status":"publish","type":"post","link":"https:\/\/macite.tg\/?p=6793","title":{"rendered":"AFFAIRE SWEET BEAUTY : Le juge rend finalement sa d\u00e9cision, la question de l\u2019interpellation d\u2019Ousmane Sonko \u00e0 l\u2019ordre du jour"},"content":{"rendered":"\n<p class=\"wp-block-paragraph\"><strong><em>Le juge a finalement rendu la d\u00e9cision de justice dans le cadre du proc\u00e8s de m\u0153urs Sweet Beaut\u00e9 qui a oppos\u00e9 la jeune masseuse Adji Sarr au leader du Pastef, Ousmane Sonko, \u00a0condamn\u00e9 \u00e0 deux ans d\u2019emprisonnement ferme pour corruption de la jeunesse.<\/em><\/strong><\/p>\n\n\n\n<p class=\"wp-block-paragraph\">Apr\u00e8s pr\u00e8s d\u2019un mois du d\u00e9lib\u00e9r\u00e9, la d\u00e9cision du juge concernant l\u2019affaire du salon de massage, vient finalement d\u2019\u00eatre rendue, selon Seneweb. Ainsi les peines prononc\u00e9es \u00e0 l\u2019encontre de ces deux pr\u00e9venus sont ex\u00e9cutables.<\/p>\n\n\n\n<figure class=\"wp-block-image size-large\"><img loading=\"lazy\" decoding=\"async\" width=\"1024\" height=\"212\" src=\"https:\/\/macite.tg\/wp-content\/uploads\/2023\/06\/IMG-20230514-WA00962-4-1024x212.jpg\" alt=\"\" class=\"wp-image-6709\" srcset=\"https:\/\/macite.tg\/wp-content\/uploads\/2023\/06\/IMG-20230514-WA00962-4-1024x212.jpg 1024w, https:\/\/macite.tg\/wp-content\/uploads\/2023\/06\/IMG-20230514-WA00962-4-300x62.jpg 300w, https:\/\/macite.tg\/wp-content\/uploads\/2023\/06\/IMG-20230514-WA00962-4-768x159.jpg 768w, https:\/\/macite.tg\/wp-content\/uploads\/2023\/06\/IMG-20230514-WA00962-4-1536x318.jpg 1536w, https:\/\/macite.tg\/wp-content\/uploads\/2023\/06\/IMG-20230514-WA00962-4.jpg 1600w\" sizes=\"auto, (max-width: 1024px) 100vw, 1024px\" \/><\/figure>\n\n\n\n<p class=\"wp-block-paragraph\">A rappeler, en conf\u00e9rence de presse, le ministre de la Justice avait d\u00e9clar\u00e9 que Ousmane Sonko ne peut pas \u00eatre arr\u00eat\u00e9 tant que le juge n\u2019a pas rendu la d\u00e9cision judiciaire.<\/p>\n\n\n\n<p class=\"wp-block-paragraph\">\u00ab&nbsp;<em>Il faut d\u2019abord que la d\u00e9cision soit disponible, avait-il expliqu\u00e9. Une fois que la d\u00e9cision lui est notifi\u00e9e, lui-m\u00eame se constitue prisonnier, ou le parquet va le cueillir, a de nouveau expliqu\u00e9 le membre du gouvernement face \u00e0 la presse, le 15 juin. C\u2019est une pratique r\u00e9guli\u00e8re pour se donner le temps de r\u00e9diger l\u2019int\u00e9gralit\u00e9 de la d\u00e9cision.&nbsp;\u00bb, <\/em><em>avait expliqu\u00e9 le ministre de la justice.<\/em><\/p>\n\n\n\n<p class=\"wp-block-paragraph\">Et cette d\u00e9cision vient \u00e0 peine de tomber. Ainsi, Ousmane Sonko va-t-il \u00eatre interpell\u00e9 ?<\/p>\n\n\n<div class=\"wp-block-image\">\n<figure class=\"aligncenter size-large is-resized\"><img loading=\"lazy\" decoding=\"async\" src=\"https:\/\/macite.tg\/wp-content\/uploads\/2023\/06\/Panneau-1-12m2-bis-2-1024x768.jpg\" alt=\"\" class=\"wp-image-6710\" width=\"573\" height=\"430\" srcset=\"https:\/\/macite.tg\/wp-content\/uploads\/2023\/06\/Panneau-1-12m2-bis-2-1024x768.jpg 1024w, https:\/\/macite.tg\/wp-content\/uploads\/2023\/06\/Panneau-1-12m2-bis-2-300x225.jpg 300w, https:\/\/macite.tg\/wp-content\/uploads\/2023\/06\/Panneau-1-12m2-bis-2-768x576.jpg 768w, https:\/\/macite.tg\/wp-content\/uploads\/2023\/06\/Panneau-1-12m2-bis-2-1536x1152.jpg 1536w, https:\/\/macite.tg\/wp-content\/uploads\/2023\/06\/Panneau-1-12m2-bis-2-2048x1536.jpg 2048w\" sizes=\"auto, (max-width: 573px) 100vw, 573px\" \/><\/figure>\n<\/div>\n\n\n<p class=\"wp-block-paragraph\">A souligner que le leader du Pastef avait \u00e9t\u00e9 acquitt\u00e9 des faits de viols et menace \u00e0 mains arm\u00e9es. Il devrait \u00eatre emprisonn\u00e9 pour corruption de la jeunesse dans le cadre du proc\u00e8s qui l\u2019a oppos\u00e9 \u00e0 Adji Sarr.<\/p>\n\n\n\n<p class=\"wp-block-paragraph\"><strong>SeneNews<\/strong><\/p>\n\n\n\n<p class=\"wp-block-paragraph\"><strong><em>@macite.tg&nbsp;&nbsp;&nbsp;&nbsp;&nbsp;&nbsp;&nbsp;&nbsp;<\/em><\/strong><\/p>\n\n\n\n<p class=\"wp-block-paragraph\"><strong><em>E-mail&nbsp;: <\/em><\/strong><a href=\"mailto:maciteinfo@gmail.com\"><strong><em>maciteinfo@gmail.com<\/em><\/strong><\/a><strong><em>; <\/em><\/strong><a href=\"mailto:bawela1@gmail.com\"><strong><em>bawela1@gmail.com<\/em><\/strong><\/a><strong><em><\/em><\/strong><\/p>\n\n\n\n<p class=\"wp-block-paragraph\"><strong><em>Pour vos annonces, (publi)reportages, etc., joignez nous au (00228)91515309\/<strong>79872224 <\/strong>www.macite.tg, L\u2019information, la bonne&nbsp;!<\/em><\/strong><\/p>\n","protected":false},"excerpt":{"rendered":"<p class=\"text-justify mb-2\" >Le juge a finalement rendu la d\u00e9cision de justice dans le cadre du proc\u00e8s de m\u0153urs Sweet Beaut\u00e9 qui a oppos\u00e9 la jeune masseuse Adji Sarr au leader du Pastef, Ousmane Sonko, \u00a0condamn\u00e9 \u00e0 deux ans d\u2019emprisonnement ferme pour corruption de la jeunesse. Apr\u00e8s pr\u00e8s [&hellip;]<\/p>\n","protected":false},"author":2,"featured_media":6796,"comment_status":"open","ping_status":"open","sticky":false,"template":"","format":"standard","meta":{"footnotes":""},"categories":[20,26],"tags":[],"class_list":["post-6793","post","type-post","status-publish","format-standard","has-post-thumbnail","hentry","category-actualite","category-justice"],"yoast_head":"<!-- This site is optimized with the Yoast SEO plugin v28.4 - https:\/\/yoast.com\/product\/yoast-seo-wordpress\/ -->\n<title>AFFAIRE SWEET BEAUTY : Le juge rend finalement sa d\u00e9cision, la question de l\u2019interpellation d\u2019Ousmane Sonko \u00e0 l\u2019ordre du jour -<\/title>\n<meta name=\"robots\" content=\"index, follow, max-snippet:-1, max-image-preview:large, max-video-preview:-1\" \/>\n<link rel=\"canonical\" href=\"https:\/\/macite.tg\/?p=6793\" \/>\n<meta property=\"og:locale\" content=\"fr_FR\" \/>\n<meta property=\"og:type\" content=\"article\" \/>\n<meta property=\"og:title\" content=\"AFFAIRE SWEET BEAUTY : Le juge rend finalement sa d\u00e9cision, la question de l\u2019interpellation d\u2019Ousmane Sonko \u00e0 l\u2019ordre du jour -\" \/>\n<meta property=\"og:description\" content=\"Le juge a finalement rendu la d\u00e9cision de justice dans le cadre du proc\u00e8s de m\u0153urs Sweet Beaut\u00e9 qui a oppos\u00e9 la jeune masseuse Adji Sarr au leader du Pastef, Ousmane Sonko, \u00a0condamn\u00e9 \u00e0 deux ans d\u2019emprisonnement ferme pour corruption de la jeunesse. Apr\u00e8s pr\u00e8s [&hellip;]\" \/>\n<meta property=\"og:url\" content=\"https:\/\/macite.tg\/?p=6793\" \/>\n<meta property=\"article:published_time\" content=\"2023-06-29T11:34:49+00:00\" \/>\n<meta property=\"article:modified_time\" content=\"2023-06-29T11:34:52+00:00\" \/>\n<meta property=\"og:image\" content=\"https:\/\/macite.tg\/wp-content\/uploads\/2023\/06\/adji-sarr-ousmane-sonko-mediagate-696x392-1.jpg\" \/>\n\t<meta property=\"og:image:width\" content=\"696\" \/>\n\t<meta property=\"og:image:height\" content=\"392\" \/>\n\t<meta property=\"og:image:type\" content=\"image\/jpeg\" \/>\n<meta name=\"author\" content=\"Jean Pierre BAWELA\" \/>\n<meta name=\"twitter:card\" content=\"summary_large_image\" \/>\n<meta name=\"twitter:label1\" content=\"\u00c9crit par\" \/>\n\t<meta name=\"twitter:data1\" content=\"Jean Pierre BAWELA\" \/>\n\t<meta name=\"twitter:label2\" content=\"Dur\u00e9e de lecture estim\u00e9e\" \/>\n\t<meta name=\"twitter:data2\" content=\"1 minute\" \/>\n<script type=\"application\/ld+json\" class=\"yoast-schema-graph\">{\"@context\":\"https:\\\/\\\/schema.org\",\"@graph\":[{\"@type\":\"Article\",\"@id\":\"https:\\\/\\\/macite.tg\\\/?p=6793#article\",\"isPartOf\":{\"@id\":\"https:\\\/\\\/macite.tg\\\/?p=6793\"},\"author\":{\"name\":\"Jean Pierre BAWELA\",\"@id\":\"https:\\\/\\\/macite.tg\\\/#\\\/schema\\\/person\\\/e9f2de7e5dbbe7770a9402c7ce82f5c2\"},\"headline\":\"AFFAIRE SWEET BEAUTY : Le juge rend finalement sa d\u00e9cision, la question de l\u2019interpellation d\u2019Ousmane Sonko \u00e0 l\u2019ordre du jour\",\"datePublished\":\"2023-06-29T11:34:49+00:00\",\"dateModified\":\"2023-06-29T11:34:52+00:00\",\"mainEntityOfPage\":{\"@id\":\"https:\\\/\\\/macite.tg\\\/?p=6793\"},\"wordCount\":316,\"commentCount\":0,\"image\":{\"@id\":\"https:\\\/\\\/macite.tg\\\/?p=6793#primaryimage\"},\"thumbnailUrl\":\"https:\\\/\\\/macite.tg\\\/wp-content\\\/uploads\\\/2023\\\/06\\\/adji-sarr-ousmane-sonko-mediagate-696x392-1.jpg\",\"articleSection\":[\"ACTUALITE\",\"JUSTICE\"],\"inLanguage\":\"fr-FR\",\"potentialAction\":[{\"@type\":\"CommentAction\",\"name\":\"Comment\",\"target\":[\"https:\\\/\\\/macite.tg\\\/?p=6793#respond\"]}]},{\"@type\":\"WebPage\",\"@id\":\"https:\\\/\\\/macite.tg\\\/?p=6793\",\"url\":\"https:\\\/\\\/macite.tg\\\/?p=6793\",\"name\":\"AFFAIRE SWEET BEAUTY : Le juge rend finalement sa d\u00e9cision, la question de l\u2019interpellation d\u2019Ousmane Sonko \u00e0 l\u2019ordre du jour -\",\"isPartOf\":{\"@id\":\"https:\\\/\\\/macite.tg\\\/#website\"},\"primaryImageOfPage\":{\"@id\":\"https:\\\/\\\/macite.tg\\\/?p=6793#primaryimage\"},\"image\":{\"@id\":\"https:\\\/\\\/macite.tg\\\/?p=6793#primaryimage\"},\"thumbnailUrl\":\"https:\\\/\\\/macite.tg\\\/wp-content\\\/uploads\\\/2023\\\/06\\\/adji-sarr-ousmane-sonko-mediagate-696x392-1.jpg\",\"datePublished\":\"2023-06-29T11:34:49+00:00\",\"dateModified\":\"2023-06-29T11:34:52+00:00\",\"author\":{\"@id\":\"https:\\\/\\\/macite.tg\\\/#\\\/schema\\\/person\\\/e9f2de7e5dbbe7770a9402c7ce82f5c2\"},\"breadcrumb\":{\"@id\":\"https:\\\/\\\/macite.tg\\\/?p=6793#breadcrumb\"},\"inLanguage\":\"fr-FR\",\"potentialAction\":[{\"@type\":\"ReadAction\",\"target\":[\"https:\\\/\\\/macite.tg\\\/?p=6793\"]}]},{\"@type\":\"ImageObject\",\"inLanguage\":\"fr-FR\",\"@id\":\"https:\\\/\\\/macite.tg\\\/?p=6793#primaryimage\",\"url\":\"https:\\\/\\\/macite.tg\\\/wp-content\\\/uploads\\\/2023\\\/06\\\/adji-sarr-ousmane-sonko-mediagate-696x392-1.jpg\",\"contentUrl\":\"https:\\\/\\\/macite.tg\\\/wp-content\\\/uploads\\\/2023\\\/06\\\/adji-sarr-ousmane-sonko-mediagate-696x392-1.jpg\",\"width\":696,\"height\":392},{\"@type\":\"BreadcrumbList\",\"@id\":\"https:\\\/\\\/macite.tg\\\/?p=6793#breadcrumb\",\"itemListElement\":[{\"@type\":\"ListItem\",\"position\":1,\"name\":\"Accueil\",\"item\":\"https:\\\/\\\/macite.tg\\\/\"},{\"@type\":\"ListItem\",\"position\":2,\"name\":\"AFFAIRE SWEET BEAUTY : Le juge rend finalement sa d\u00e9cision, la question de l\u2019interpellation d\u2019Ousmane Sonko \u00e0 l\u2019ordre du jour\"}]},{\"@type\":\"WebSite\",\"@id\":\"https:\\\/\\\/macite.tg\\\/#website\",\"url\":\"https:\\\/\\\/macite.tg\\\/\",\"name\":\"\",\"description\":\"L&#039;information, la bonne!!!\",\"potentialAction\":[{\"@type\":\"SearchAction\",\"target\":{\"@type\":\"EntryPoint\",\"urlTemplate\":\"https:\\\/\\\/macite.tg\\\/?s={search_term_string}\"},\"query-input\":{\"@type\":\"PropertyValueSpecification\",\"valueRequired\":true,\"valueName\":\"search_term_string\"}}],\"inLanguage\":\"fr-FR\"},{\"@type\":\"Person\",\"@id\":\"https:\\\/\\\/macite.tg\\\/#\\\/schema\\\/person\\\/e9f2de7e5dbbe7770a9402c7ce82f5c2\",\"name\":\"Jean Pierre BAWELA\",\"image\":{\"@type\":\"ImageObject\",\"inLanguage\":\"fr-FR\",\"@id\":\"https:\\\/\\\/macite.tg\\\/wp-content\\\/uploads\\\/2023\\\/09\\\/WhatsApp-Image-2023-09-19-at-14.44.41-122x122.jpeg\",\"url\":\"https:\\\/\\\/macite.tg\\\/wp-content\\\/uploads\\\/2023\\\/09\\\/WhatsApp-Image-2023-09-19-at-14.44.41-122x122.jpeg\",\"contentUrl\":\"https:\\\/\\\/macite.tg\\\/wp-content\\\/uploads\\\/2023\\\/09\\\/WhatsApp-Image-2023-09-19-at-14.44.41-122x122.jpeg\",\"caption\":\"Jean Pierre BAWELA\"},\"url\":\"https:\\\/\\\/macite.tg\\\/?author=2\"}]}<\/script>\n<!-- \/ Yoast SEO plugin. -->","yoast_head_json":{"title":"AFFAIRE SWEET BEAUTY : Le juge rend finalement sa d\u00e9cision, la question de l\u2019interpellation d\u2019Ousmane Sonko \u00e0 l\u2019ordre du jour -","robots":{"index":"index","follow":"follow","max-snippet":"max-snippet:-1","max-image-preview":"max-image-preview:large","max-video-preview":"max-video-preview:-1"},"canonical":"https:\/\/macite.tg\/?p=6793","og_locale":"fr_FR","og_type":"article","og_title":"AFFAIRE SWEET BEAUTY : Le juge rend finalement sa d\u00e9cision, la question de l\u2019interpellation d\u2019Ousmane Sonko \u00e0 l\u2019ordre du jour -","og_description":"Le juge a finalement rendu la d\u00e9cision de justice dans le cadre du proc\u00e8s de m\u0153urs Sweet Beaut\u00e9 qui a oppos\u00e9 la jeune masseuse Adji Sarr au leader du Pastef, Ousmane Sonko, \u00a0condamn\u00e9 \u00e0 deux ans d\u2019emprisonnement ferme pour corruption de la jeunesse. Apr\u00e8s pr\u00e8s [&hellip;]","og_url":"https:\/\/macite.tg\/?p=6793","article_published_time":"2023-06-29T11:34:49+00:00","article_modified_time":"2023-06-29T11:34:52+00:00","og_image":[{"width":696,"height":392,"url":"https:\/\/macite.tg\/wp-content\/uploads\/2023\/06\/adji-sarr-ousmane-sonko-mediagate-696x392-1.jpg","type":"image\/jpeg"}],"author":"Jean Pierre BAWELA","twitter_card":"summary_large_image","twitter_misc":{"\u00c9crit par":"Jean Pierre BAWELA","Dur\u00e9e de lecture estim\u00e9e":"1 minute"},"schema":{"@context":"https:\/\/schema.org","@graph":[{"@type":"Article","@id":"https:\/\/macite.tg\/?p=6793#article","isPartOf":{"@id":"https:\/\/macite.tg\/?p=6793"},"author":{"name":"Jean Pierre BAWELA","@id":"https:\/\/macite.tg\/#\/schema\/person\/e9f2de7e5dbbe7770a9402c7ce82f5c2"},"headline":"AFFAIRE SWEET BEAUTY : Le juge rend finalement sa d\u00e9cision, la question de l\u2019interpellation d\u2019Ousmane Sonko \u00e0 l\u2019ordre du jour","datePublished":"2023-06-29T11:34:49+00:00","dateModified":"2023-06-29T11:34:52+00:00","mainEntityOfPage":{"@id":"https:\/\/macite.tg\/?p=6793"},"wordCount":316,"commentCount":0,"image":{"@id":"https:\/\/macite.tg\/?p=6793#primaryimage"},"thumbnailUrl":"https:\/\/macite.tg\/wp-content\/uploads\/2023\/06\/adji-sarr-ousmane-sonko-mediagate-696x392-1.jpg","articleSection":["ACTUALITE","JUSTICE"],"inLanguage":"fr-FR","potentialAction":[{"@type":"CommentAction","name":"Comment","target":["https:\/\/macite.tg\/?p=6793#respond"]}]},{"@type":"WebPage","@id":"https:\/\/macite.tg\/?p=6793","url":"https:\/\/macite.tg\/?p=6793","name":"AFFAIRE SWEET BEAUTY : Le juge rend finalement sa d\u00e9cision, la question de l\u2019interpellation d\u2019Ousmane Sonko \u00e0 l\u2019ordre du jour -","isPartOf":{"@id":"https:\/\/macite.tg\/#website"},"primaryImageOfPage":{"@id":"https:\/\/macite.tg\/?p=6793#primaryimage"},"image":{"@id":"https:\/\/macite.tg\/?p=6793#primaryimage"},"thumbnailUrl":"https:\/\/macite.tg\/wp-content\/uploads\/2023\/06\/adji-sarr-ousmane-sonko-mediagate-696x392-1.jpg","datePublished":"2023-06-29T11:34:49+00:00","dateModified":"2023-06-29T11:34:52+00:00","author":{"@id":"https:\/\/macite.tg\/#\/schema\/person\/e9f2de7e5dbbe7770a9402c7ce82f5c2"},"breadcrumb":{"@id":"https:\/\/macite.tg\/?p=6793#breadcrumb"},"inLanguage":"fr-FR","potentialAction":[{"@type":"ReadAction","target":["https:\/\/macite.tg\/?p=6793"]}]},{"@type":"ImageObject","inLanguage":"fr-FR","@id":"https:\/\/macite.tg\/?p=6793#primaryimage","url":"https:\/\/macite.tg\/wp-content\/uploads\/2023\/06\/adji-sarr-ousmane-sonko-mediagate-696x392-1.jpg","contentUrl":"https:\/\/macite.tg\/wp-content\/uploads\/2023\/06\/adji-sarr-ousmane-sonko-mediagate-696x392-1.jpg","width":696,"height":392},{"@type":"BreadcrumbList","@id":"https:\/\/macite.tg\/?p=6793#breadcrumb","itemListElement":[{"@type":"ListItem","position":1,"name":"Accueil","item":"https:\/\/macite.tg\/"},{"@type":"ListItem","position":2,"name":"AFFAIRE SWEET BEAUTY : Le juge rend finalement sa d\u00e9cision, la question de l\u2019interpellation d\u2019Ousmane Sonko \u00e0 l\u2019ordre du jour"}]},{"@type":"WebSite","@id":"https:\/\/macite.tg\/#website","url":"https:\/\/macite.tg\/","name":"","description":"L&#039;information, la bonne!!!","potentialAction":[{"@type":"SearchAction","target":{"@type":"EntryPoint","urlTemplate":"https:\/\/macite.tg\/?s={search_term_string}"},"query-input":{"@type":"PropertyValueSpecification","valueRequired":true,"valueName":"search_term_string"}}],"inLanguage":"fr-FR"},{"@type":"Person","@id":"https:\/\/macite.tg\/#\/schema\/person\/e9f2de7e5dbbe7770a9402c7ce82f5c2","name":"Jean Pierre BAWELA","image":{"@type":"ImageObject","inLanguage":"fr-FR","@id":"https:\/\/macite.tg\/wp-content\/uploads\/2023\/09\/WhatsApp-Image-2023-09-19-at-14.44.41-122x122.jpeg","url":"https:\/\/macite.tg\/wp-content\/uploads\/2023\/09\/WhatsApp-Image-2023-09-19-at-14.44.41-122x122.jpeg","contentUrl":"https:\/\/macite.tg\/wp-content\/uploads\/2023\/09\/WhatsApp-Image-2023-09-19-at-14.44.41-122x122.jpeg","caption":"Jean Pierre BAWELA"},"url":"https:\/\/macite.tg\/?author=2"}]}},"_links":{"self":[{"href":"https:\/\/macite.tg\/index.php?rest_route=\/wp\/v2\/posts\/6793","targetHints":{"allow":["GET"]}}],"collection":[{"href":"https:\/\/macite.tg\/index.php?rest_route=\/wp\/v2\/posts"}],"about":[{"href":"https:\/\/macite.tg\/index.php?rest_route=\/wp\/v2\/types\/post"}],"author":[{"embeddable":true,"href":"https:\/\/macite.tg\/index.php?rest_route=\/wp\/v2\/users\/2"}],"replies":[{"embeddable":true,"href":"https:\/\/macite.tg\/index.php?rest_route=%2Fwp%2Fv2%2Fcomments&post=6793"}],"version-history":[{"count":0,"href":"https:\/\/macite.tg\/index.php?rest_route=\/wp\/v2\/posts\/6793\/revisions"}],"wp:featuredmedia":[{"embeddable":true,"href":"https:\/\/macite.tg\/index.php?rest_route=\/wp\/v2\/media\/6796"}],"wp:attachment":[{"href":"https:\/\/macite.tg\/index.php?rest_route=%2Fwp%2Fv2%2Fmedia&parent=6793"}],"wp:term":[{"taxonomy":"category","embeddable":true,"href":"https:\/\/macite.tg\/index.php?rest_route=%2Fwp%2Fv2%2Fcategories&post=6793"},{"taxonomy":"post_tag","embeddable":true,"href":"https:\/\/macite.tg\/index.php?rest_route=%2Fwp%2Fv2%2Ftags&post=6793"}],"curies":[{"name":"wp","href":"https:\/\/api.w.org\/{rel}","templated":true}]}}