{"id":6790,"date":"2023-06-29T11:06:27","date_gmt":"2023-06-29T11:06:27","guid":{"rendered":"https:\/\/macite.tg\/?p=6790"},"modified":"2023-06-29T11:06:46","modified_gmt":"2023-06-29T11:06:46","slug":"techniques-dexpertise-des-objets-dart-le-personnel-du-musee-national-et-ceux-de-la-direction-du-patrimoine-outilles","status":"publish","type":"post","link":"https:\/\/macite.tg\/?p=6790","title":{"rendered":"TECHNIQUES D\u2019EXPERTISE DES OBJETS D\u2019ART : Le personnel du Mus\u00e9e national et ceux de la Direction du patrimoine outill\u00e9s"},"content":{"rendered":"\n<p class=\"wp-block-paragraph\"><\/p>\n\n\n\n<p class=\"wp-block-paragraph\"><strong><em>Le minist\u00e8re de la Culture et du tourisme tient \u00e0 un travail de qualit\u00e9 dans ce d\u00e9partement strat\u00e9gique. Et il n\u2019y a pas mieux que la formation de son personnel. C\u2019est dans ce sens qu\u2019une session de renforcement de capacit\u00e9s du personnel de<\/em><\/strong><strong><em> de la Direction du Patrimoine culturel (DPC) et du Mus\u00e9e national du Togo, a eu lieu du 20 au 22 juin dernier \u00e0 la grande salle du Minist\u00e8re de la Culture.<\/em><\/strong><\/p>\n\n\n\n<p class=\"wp-block-paragraph\">Organis\u00e9e par le minist\u00e8re de la Culture et du tourisme, cette session, qui a port\u00e9 sur les techniques d\u2019expertise des objets d\u2019art, se veut de renforcer les capacit\u00e9s des participants (12 au total) afin de contribuer \u00e0 la lutte contre le trafic illicite des biens culturels. <\/p>\n\n\n<div class=\"wp-block-image\">\n<figure class=\"aligncenter size-large is-resized\"><img loading=\"lazy\" decoding=\"async\" src=\"https:\/\/macite.tg\/wp-content\/uploads\/2023\/06\/Panneau-1-12m2-bis-2-1024x768.jpg\" alt=\"\" class=\"wp-image-6710\" width=\"477\" height=\"358\" srcset=\"https:\/\/macite.tg\/wp-content\/uploads\/2023\/06\/Panneau-1-12m2-bis-2-1024x768.jpg 1024w, https:\/\/macite.tg\/wp-content\/uploads\/2023\/06\/Panneau-1-12m2-bis-2-300x225.jpg 300w, https:\/\/macite.tg\/wp-content\/uploads\/2023\/06\/Panneau-1-12m2-bis-2-768x576.jpg 768w, https:\/\/macite.tg\/wp-content\/uploads\/2023\/06\/Panneau-1-12m2-bis-2-1536x1152.jpg 1536w, https:\/\/macite.tg\/wp-content\/uploads\/2023\/06\/Panneau-1-12m2-bis-2-2048x1536.jpg 2048w\" sizes=\"auto, (max-width: 477px) 100vw, 477px\" \/><\/figure>\n<\/div>\n\n\n<p class=\"wp-block-paragraph\">Au terme de cette formation assur\u00e9e par le Directeur de l\u2019Ecole du Patrimoine africain (EPA) bas\u00e9e \u00e0 Porto-Novo au B\u00e9nin, Dr Franck Ogou, les participants seront \u00e0 m\u00eame de distinguer les pi\u00e8ces originales des copies.<\/p>\n\n\n\n<p class=\"wp-block-paragraph\">Ainsi, outre la phase th\u00e9orique consistant aux g\u00e9n\u00e9ralit\u00e9s sur les objets d\u2019art, l\u2019introduction \u00e0 la notion d\u2019expertise, le trafic illicite des biens culturels, la reconnaissance des objets culturels et la liste rouge du Conseil international des mus\u00e9es (ICOM), les participants se sont frott\u00e9s \u00e0 la r\u00e9alit\u00e9 sur le terrain, avec notamment la manipulation de quelques objets issus de la r\u00e9serve du Mus\u00e9e nationale du Togo.<\/p>\n\n\n\n<p class=\"wp-block-paragraph\">D\u00e9sormais, les demandes d\u2019autorisation d\u2019exportation d\u2019objets d\u2019art seront bien suivies, avec l\u2019expertise de ces objets d\u2019art destin\u00e9s \u00e0 l\u2019exportation par un personnel en charge, qualifi\u00e9 et disposant de comp\u00e9tence \u00e0 cet effet.<\/p>\n\n\n\n<figure class=\"wp-block-image size-large\"><img loading=\"lazy\" decoding=\"async\" width=\"1024\" height=\"212\" src=\"https:\/\/macite.tg\/wp-content\/uploads\/2023\/06\/IMG-20230514-WA00962-4-1024x212.jpg\" alt=\"\" class=\"wp-image-6709\" srcset=\"https:\/\/macite.tg\/wp-content\/uploads\/2023\/06\/IMG-20230514-WA00962-4-1024x212.jpg 1024w, https:\/\/macite.tg\/wp-content\/uploads\/2023\/06\/IMG-20230514-WA00962-4-300x62.jpg 300w, https:\/\/macite.tg\/wp-content\/uploads\/2023\/06\/IMG-20230514-WA00962-4-768x159.jpg 768w, https:\/\/macite.tg\/wp-content\/uploads\/2023\/06\/IMG-20230514-WA00962-4-1536x318.jpg 1536w, https:\/\/macite.tg\/wp-content\/uploads\/2023\/06\/IMG-20230514-WA00962-4.jpg 1600w\" sizes=\"auto, (max-width: 1024px) 100vw, 1024px\" \/><\/figure>\n\n\n\n<p class=\"wp-block-paragraph\">Rappelons que c\u2019est le Directeur de cabinet du minist\u00e8re de la Culture et du tourisme, Kossi Kpay\u00e9, repr\u00e9sentant le ministre Gnenyo Lamadokou, qui a ouvert les travaux de cet atelier, en pr\u00e9sence du Directeur du Patrimoine culturel, Adama Aikou\u00e9 et du formateur, entre autres.<\/p>\n\n\n\n<p class=\"wp-block-paragraph\"><strong>La R\u00e9daction<\/strong><\/p>\n\n\n\n<p class=\"wp-block-paragraph\">&nbsp;<strong><em>@macite.tg&nbsp;&nbsp;&nbsp;&nbsp;&nbsp;&nbsp;&nbsp;<\/em><\/strong><\/p>\n\n\n\n<p class=\"wp-block-paragraph\"><strong><em>E-mail&nbsp;: <\/em><\/strong><a href=\"mailto:maciteinfo@gmail.com\"><em>maciteinfo@gmail.com<\/em><\/a><strong><em>; <\/em><\/strong><a href=\"mailto:bawela1@gmail.com\"><em>bawela1@gmail.com<\/em><\/a><em><\/em><\/p>\n\n\n\n<p class=\"wp-block-paragraph\"><strong><em>Pour vos annonces, (publi)reportages, etc., joignez nous au (00228)91515309\/<strong>79872224 <\/strong>www.macite.tg, L\u2019information, la bonne&nbsp;!<\/em><\/strong><\/p>\n","protected":false},"excerpt":{"rendered":"<p class=\"text-justify mb-2\" >Le minist\u00e8re de la Culture et du tourisme tient \u00e0 un travail de qualit\u00e9 dans ce d\u00e9partement strat\u00e9gique. Et il n\u2019y a pas mieux que la formation de son personnel. C\u2019est dans ce sens qu\u2019une session de renforcement de capacit\u00e9s du personnel de de la [&hellip;]<\/p>\n","protected":false},"author":2,"featured_media":6791,"comment_status":"open","ping_status":"open","sticky":false,"template":"","format":"standard","meta":{"footnotes":""},"categories":[18],"tags":[],"class_list":["post-6790","post","type-post","status-publish","format-standard","has-post-thumbnail","hentry","category-culture"],"yoast_head":"<!-- This site is optimized with the Yoast SEO plugin v28.4 - https:\/\/yoast.com\/product\/yoast-seo-wordpress\/ -->\n<title>TECHNIQUES D\u2019EXPERTISE DES OBJETS D\u2019ART : Le personnel du Mus\u00e9e national et ceux de la Direction du patrimoine outill\u00e9s -<\/title>\n<meta name=\"robots\" content=\"index, follow, max-snippet:-1, max-image-preview:large, max-video-preview:-1\" \/>\n<link rel=\"canonical\" href=\"https:\/\/macite.tg\/?p=6790\" \/>\n<meta property=\"og:locale\" content=\"fr_FR\" \/>\n<meta property=\"og:type\" content=\"article\" \/>\n<meta property=\"og:title\" content=\"TECHNIQUES D\u2019EXPERTISE DES OBJETS D\u2019ART : Le personnel du Mus\u00e9e national et ceux de la Direction du patrimoine outill\u00e9s -\" \/>\n<meta property=\"og:description\" content=\"Le minist\u00e8re de la Culture et du tourisme tient \u00e0 un travail de qualit\u00e9 dans ce d\u00e9partement strat\u00e9gique. Et il n\u2019y a pas mieux que la formation de son personnel. C\u2019est dans ce sens qu\u2019une session de renforcement de capacit\u00e9s du personnel de de la [&hellip;]\" \/>\n<meta property=\"og:url\" content=\"https:\/\/macite.tg\/?p=6790\" \/>\n<meta property=\"article:published_time\" content=\"2023-06-29T11:06:27+00:00\" \/>\n<meta property=\"article:modified_time\" content=\"2023-06-29T11:06:46+00:00\" \/>\n<meta property=\"og:image\" content=\"https:\/\/macite.tg\/wp-content\/uploads\/2023\/06\/Formation-personnel.jpg\" \/>\n\t<meta property=\"og:image:width\" content=\"1024\" \/>\n\t<meta property=\"og:image:height\" content=\"683\" \/>\n\t<meta property=\"og:image:type\" content=\"image\/jpeg\" \/>\n<meta name=\"author\" content=\"Jean Pierre BAWELA\" \/>\n<meta name=\"twitter:card\" content=\"summary_large_image\" \/>\n<meta name=\"twitter:label1\" content=\"\u00c9crit par\" \/>\n\t<meta name=\"twitter:data1\" content=\"Jean Pierre BAWELA\" \/>\n\t<meta name=\"twitter:label2\" content=\"Dur\u00e9e de lecture estim\u00e9e\" \/>\n\t<meta name=\"twitter:data2\" content=\"2 minutes\" \/>\n<script type=\"application\/ld+json\" class=\"yoast-schema-graph\">{\"@context\":\"https:\\\/\\\/schema.org\",\"@graph\":[{\"@type\":\"Article\",\"@id\":\"https:\\\/\\\/macite.tg\\\/?p=6790#article\",\"isPartOf\":{\"@id\":\"https:\\\/\\\/macite.tg\\\/?p=6790\"},\"author\":{\"name\":\"Jean Pierre BAWELA\",\"@id\":\"https:\\\/\\\/macite.tg\\\/#\\\/schema\\\/person\\\/e9f2de7e5dbbe7770a9402c7ce82f5c2\"},\"headline\":\"TECHNIQUES D\u2019EXPERTISE DES OBJETS D\u2019ART : Le personnel du Mus\u00e9e national et ceux de la Direction du patrimoine outill\u00e9s\",\"datePublished\":\"2023-06-29T11:06:27+00:00\",\"dateModified\":\"2023-06-29T11:06:46+00:00\",\"mainEntityOfPage\":{\"@id\":\"https:\\\/\\\/macite.tg\\\/?p=6790\"},\"wordCount\":390,\"commentCount\":0,\"image\":{\"@id\":\"https:\\\/\\\/macite.tg\\\/?p=6790#primaryimage\"},\"thumbnailUrl\":\"https:\\\/\\\/macite.tg\\\/wp-content\\\/uploads\\\/2023\\\/06\\\/Formation-personnel.jpg\",\"articleSection\":[\"CULTURE\"],\"inLanguage\":\"fr-FR\",\"potentialAction\":[{\"@type\":\"CommentAction\",\"name\":\"Comment\",\"target\":[\"https:\\\/\\\/macite.tg\\\/?p=6790#respond\"]}]},{\"@type\":\"WebPage\",\"@id\":\"https:\\\/\\\/macite.tg\\\/?p=6790\",\"url\":\"https:\\\/\\\/macite.tg\\\/?p=6790\",\"name\":\"TECHNIQUES D\u2019EXPERTISE DES OBJETS D\u2019ART : Le personnel du Mus\u00e9e national et ceux de la Direction du patrimoine outill\u00e9s -\",\"isPartOf\":{\"@id\":\"https:\\\/\\\/macite.tg\\\/#website\"},\"primaryImageOfPage\":{\"@id\":\"https:\\\/\\\/macite.tg\\\/?p=6790#primaryimage\"},\"image\":{\"@id\":\"https:\\\/\\\/macite.tg\\\/?p=6790#primaryimage\"},\"thumbnailUrl\":\"https:\\\/\\\/macite.tg\\\/wp-content\\\/uploads\\\/2023\\\/06\\\/Formation-personnel.jpg\",\"datePublished\":\"2023-06-29T11:06:27+00:00\",\"dateModified\":\"2023-06-29T11:06:46+00:00\",\"author\":{\"@id\":\"https:\\\/\\\/macite.tg\\\/#\\\/schema\\\/person\\\/e9f2de7e5dbbe7770a9402c7ce82f5c2\"},\"breadcrumb\":{\"@id\":\"https:\\\/\\\/macite.tg\\\/?p=6790#breadcrumb\"},\"inLanguage\":\"fr-FR\",\"potentialAction\":[{\"@type\":\"ReadAction\",\"target\":[\"https:\\\/\\\/macite.tg\\\/?p=6790\"]}]},{\"@type\":\"ImageObject\",\"inLanguage\":\"fr-FR\",\"@id\":\"https:\\\/\\\/macite.tg\\\/?p=6790#primaryimage\",\"url\":\"https:\\\/\\\/macite.tg\\\/wp-content\\\/uploads\\\/2023\\\/06\\\/Formation-personnel.jpg\",\"contentUrl\":\"https:\\\/\\\/macite.tg\\\/wp-content\\\/uploads\\\/2023\\\/06\\\/Formation-personnel.jpg\",\"width\":1024,\"height\":683},{\"@type\":\"BreadcrumbList\",\"@id\":\"https:\\\/\\\/macite.tg\\\/?p=6790#breadcrumb\",\"itemListElement\":[{\"@type\":\"ListItem\",\"position\":1,\"name\":\"Accueil\",\"item\":\"https:\\\/\\\/macite.tg\\\/\"},{\"@type\":\"ListItem\",\"position\":2,\"name\":\"TECHNIQUES D\u2019EXPERTISE DES OBJETS D\u2019ART : Le personnel du Mus\u00e9e national et ceux de la Direction du patrimoine outill\u00e9s\"}]},{\"@type\":\"WebSite\",\"@id\":\"https:\\\/\\\/macite.tg\\\/#website\",\"url\":\"https:\\\/\\\/macite.tg\\\/\",\"name\":\"\",\"description\":\"L&#039;information, la bonne!!!\",\"potentialAction\":[{\"@type\":\"SearchAction\",\"target\":{\"@type\":\"EntryPoint\",\"urlTemplate\":\"https:\\\/\\\/macite.tg\\\/?s={search_term_string}\"},\"query-input\":{\"@type\":\"PropertyValueSpecification\",\"valueRequired\":true,\"valueName\":\"search_term_string\"}}],\"inLanguage\":\"fr-FR\"},{\"@type\":\"Person\",\"@id\":\"https:\\\/\\\/macite.tg\\\/#\\\/schema\\\/person\\\/e9f2de7e5dbbe7770a9402c7ce82f5c2\",\"name\":\"Jean Pierre BAWELA\",\"image\":{\"@type\":\"ImageObject\",\"inLanguage\":\"fr-FR\",\"@id\":\"https:\\\/\\\/macite.tg\\\/wp-content\\\/uploads\\\/2023\\\/09\\\/WhatsApp-Image-2023-09-19-at-14.44.41-122x122.jpeg\",\"url\":\"https:\\\/\\\/macite.tg\\\/wp-content\\\/uploads\\\/2023\\\/09\\\/WhatsApp-Image-2023-09-19-at-14.44.41-122x122.jpeg\",\"contentUrl\":\"https:\\\/\\\/macite.tg\\\/wp-content\\\/uploads\\\/2023\\\/09\\\/WhatsApp-Image-2023-09-19-at-14.44.41-122x122.jpeg\",\"caption\":\"Jean Pierre BAWELA\"},\"url\":\"https:\\\/\\\/macite.tg\\\/?author=2\"}]}<\/script>\n<!-- \/ Yoast SEO plugin. -->","yoast_head_json":{"title":"TECHNIQUES D\u2019EXPERTISE DES OBJETS D\u2019ART : Le personnel du Mus\u00e9e national et ceux de la Direction du patrimoine outill\u00e9s -","robots":{"index":"index","follow":"follow","max-snippet":"max-snippet:-1","max-image-preview":"max-image-preview:large","max-video-preview":"max-video-preview:-1"},"canonical":"https:\/\/macite.tg\/?p=6790","og_locale":"fr_FR","og_type":"article","og_title":"TECHNIQUES D\u2019EXPERTISE DES OBJETS D\u2019ART : Le personnel du Mus\u00e9e national et ceux de la Direction du patrimoine outill\u00e9s -","og_description":"Le minist\u00e8re de la Culture et du tourisme tient \u00e0 un travail de qualit\u00e9 dans ce d\u00e9partement strat\u00e9gique. Et il n\u2019y a pas mieux que la formation de son personnel. C\u2019est dans ce sens qu\u2019une session de renforcement de capacit\u00e9s du personnel de de la [&hellip;]","og_url":"https:\/\/macite.tg\/?p=6790","article_published_time":"2023-06-29T11:06:27+00:00","article_modified_time":"2023-06-29T11:06:46+00:00","og_image":[{"width":1024,"height":683,"url":"https:\/\/macite.tg\/wp-content\/uploads\/2023\/06\/Formation-personnel.jpg","type":"image\/jpeg"}],"author":"Jean Pierre BAWELA","twitter_card":"summary_large_image","twitter_misc":{"\u00c9crit par":"Jean Pierre BAWELA","Dur\u00e9e de lecture estim\u00e9e":"2 minutes"},"schema":{"@context":"https:\/\/schema.org","@graph":[{"@type":"Article","@id":"https:\/\/macite.tg\/?p=6790#article","isPartOf":{"@id":"https:\/\/macite.tg\/?p=6790"},"author":{"name":"Jean Pierre BAWELA","@id":"https:\/\/macite.tg\/#\/schema\/person\/e9f2de7e5dbbe7770a9402c7ce82f5c2"},"headline":"TECHNIQUES D\u2019EXPERTISE DES OBJETS D\u2019ART : Le personnel du Mus\u00e9e national et ceux de la Direction du patrimoine outill\u00e9s","datePublished":"2023-06-29T11:06:27+00:00","dateModified":"2023-06-29T11:06:46+00:00","mainEntityOfPage":{"@id":"https:\/\/macite.tg\/?p=6790"},"wordCount":390,"commentCount":0,"image":{"@id":"https:\/\/macite.tg\/?p=6790#primaryimage"},"thumbnailUrl":"https:\/\/macite.tg\/wp-content\/uploads\/2023\/06\/Formation-personnel.jpg","articleSection":["CULTURE"],"inLanguage":"fr-FR","potentialAction":[{"@type":"CommentAction","name":"Comment","target":["https:\/\/macite.tg\/?p=6790#respond"]}]},{"@type":"WebPage","@id":"https:\/\/macite.tg\/?p=6790","url":"https:\/\/macite.tg\/?p=6790","name":"TECHNIQUES D\u2019EXPERTISE DES OBJETS D\u2019ART : Le personnel du Mus\u00e9e national et ceux de la Direction du patrimoine outill\u00e9s -","isPartOf":{"@id":"https:\/\/macite.tg\/#website"},"primaryImageOfPage":{"@id":"https:\/\/macite.tg\/?p=6790#primaryimage"},"image":{"@id":"https:\/\/macite.tg\/?p=6790#primaryimage"},"thumbnailUrl":"https:\/\/macite.tg\/wp-content\/uploads\/2023\/06\/Formation-personnel.jpg","datePublished":"2023-06-29T11:06:27+00:00","dateModified":"2023-06-29T11:06:46+00:00","author":{"@id":"https:\/\/macite.tg\/#\/schema\/person\/e9f2de7e5dbbe7770a9402c7ce82f5c2"},"breadcrumb":{"@id":"https:\/\/macite.tg\/?p=6790#breadcrumb"},"inLanguage":"fr-FR","potentialAction":[{"@type":"ReadAction","target":["https:\/\/macite.tg\/?p=6790"]}]},{"@type":"ImageObject","inLanguage":"fr-FR","@id":"https:\/\/macite.tg\/?p=6790#primaryimage","url":"https:\/\/macite.tg\/wp-content\/uploads\/2023\/06\/Formation-personnel.jpg","contentUrl":"https:\/\/macite.tg\/wp-content\/uploads\/2023\/06\/Formation-personnel.jpg","width":1024,"height":683},{"@type":"BreadcrumbList","@id":"https:\/\/macite.tg\/?p=6790#breadcrumb","itemListElement":[{"@type":"ListItem","position":1,"name":"Accueil","item":"https:\/\/macite.tg\/"},{"@type":"ListItem","position":2,"name":"TECHNIQUES D\u2019EXPERTISE DES OBJETS D\u2019ART : Le personnel du Mus\u00e9e national et ceux de la Direction du patrimoine outill\u00e9s"}]},{"@type":"WebSite","@id":"https:\/\/macite.tg\/#website","url":"https:\/\/macite.tg\/","name":"","description":"L&#039;information, la bonne!!!","potentialAction":[{"@type":"SearchAction","target":{"@type":"EntryPoint","urlTemplate":"https:\/\/macite.tg\/?s={search_term_string}"},"query-input":{"@type":"PropertyValueSpecification","valueRequired":true,"valueName":"search_term_string"}}],"inLanguage":"fr-FR"},{"@type":"Person","@id":"https:\/\/macite.tg\/#\/schema\/person\/e9f2de7e5dbbe7770a9402c7ce82f5c2","name":"Jean Pierre BAWELA","image":{"@type":"ImageObject","inLanguage":"fr-FR","@id":"https:\/\/macite.tg\/wp-content\/uploads\/2023\/09\/WhatsApp-Image-2023-09-19-at-14.44.41-122x122.jpeg","url":"https:\/\/macite.tg\/wp-content\/uploads\/2023\/09\/WhatsApp-Image-2023-09-19-at-14.44.41-122x122.jpeg","contentUrl":"https:\/\/macite.tg\/wp-content\/uploads\/2023\/09\/WhatsApp-Image-2023-09-19-at-14.44.41-122x122.jpeg","caption":"Jean Pierre BAWELA"},"url":"https:\/\/macite.tg\/?author=2"}]}},"_links":{"self":[{"href":"https:\/\/macite.tg\/index.php?rest_route=\/wp\/v2\/posts\/6790","targetHints":{"allow":["GET"]}}],"collection":[{"href":"https:\/\/macite.tg\/index.php?rest_route=\/wp\/v2\/posts"}],"about":[{"href":"https:\/\/macite.tg\/index.php?rest_route=\/wp\/v2\/types\/post"}],"author":[{"embeddable":true,"href":"https:\/\/macite.tg\/index.php?rest_route=\/wp\/v2\/users\/2"}],"replies":[{"embeddable":true,"href":"https:\/\/macite.tg\/index.php?rest_route=%2Fwp%2Fv2%2Fcomments&post=6790"}],"version-history":[{"count":0,"href":"https:\/\/macite.tg\/index.php?rest_route=\/wp\/v2\/posts\/6790\/revisions"}],"wp:featuredmedia":[{"embeddable":true,"href":"https:\/\/macite.tg\/index.php?rest_route=\/wp\/v2\/media\/6791"}],"wp:attachment":[{"href":"https:\/\/macite.tg\/index.php?rest_route=%2Fwp%2Fv2%2Fmedia&parent=6790"}],"wp:term":[{"taxonomy":"category","embeddable":true,"href":"https:\/\/macite.tg\/index.php?rest_route=%2Fwp%2Fv2%2Fcategories&post=6790"},{"taxonomy":"post_tag","embeddable":true,"href":"https:\/\/macite.tg\/index.php?rest_route=%2Fwp%2Fv2%2Ftags&post=6790"}],"curies":[{"name":"wp","href":"https:\/\/api.w.org\/{rel}","templated":true}]}}