{"id":6770,"date":"2023-06-24T17:17:00","date_gmt":"2023-06-24T17:17:00","guid":{"rendered":"https:\/\/macite.tg\/?p=6770"},"modified":"2023-06-27T17:53:04","modified_gmt":"2023-06-27T17:53:04","slug":"cooperation-culturelle-le-ministre-moses-vilakati-du-royaume-deswatini-a-echange-avec-son-homologue-togolais","status":"publish","type":"post","link":"https:\/\/macite.tg\/?p=6770","title":{"rendered":"COOP\u00c9RATION CULTURELLE\u00a0: Le ministre Moses Vilakati du Royaume d\u2019Eswatini a \u00e9chang\u00e9 avec son homologue togolais"},"content":{"rendered":"\n<p class=\"wp-block-paragraph\"><strong><em>Le Togo et le Royaume d\u2019Eswatini entretiennent de bonnes relations d\u2019amiti\u00e9 et de coop\u00e9ration. C\u2019est pour renforcer davantage cette coop\u00e9ration, au plan culturel notamment, que le ministre du Tourisme et des affaires environnementales du Royaume d\u2019Eswatini \u00e9tait \u00e0 Lom\u00e9 pour rencontrer son homologue togolais.<\/em><\/strong><\/p>\n\n\n\n<p class=\"wp-block-paragraph\">La rencontre &nbsp;entre Moses Vilakati du Royaume d\u2019Eswatini, et Dr Kossi Gb\u00e9nyo Lamadokou, du Togo,&nbsp; a eu lieu le 19 juin dernier, au cabinet du minist\u00e8re togolais en charge de la Culture.<\/p>\n\n\n\n<figure class=\"wp-block-image size-large\"><img loading=\"lazy\" decoding=\"async\" width=\"1024\" height=\"212\" src=\"https:\/\/macite.tg\/wp-content\/uploads\/2023\/06\/IMG-20230514-WA00962-4-1024x212.jpg\" alt=\"\" class=\"wp-image-6709\" srcset=\"https:\/\/macite.tg\/wp-content\/uploads\/2023\/06\/IMG-20230514-WA00962-4-1024x212.jpg 1024w, https:\/\/macite.tg\/wp-content\/uploads\/2023\/06\/IMG-20230514-WA00962-4-300x62.jpg 300w, https:\/\/macite.tg\/wp-content\/uploads\/2023\/06\/IMG-20230514-WA00962-4-768x159.jpg 768w, https:\/\/macite.tg\/wp-content\/uploads\/2023\/06\/IMG-20230514-WA00962-4-1536x318.jpg 1536w, https:\/\/macite.tg\/wp-content\/uploads\/2023\/06\/IMG-20230514-WA00962-4.jpg 1600w\" sizes=\"auto, (max-width: 1024px) 100vw, 1024px\" \/><\/figure>\n\n\n\n<p class=\"wp-block-paragraph\">Les \u00e9changes ont port\u00e9 sur les perspectives du renforcement &nbsp;de la coop\u00e9ration culturelle entre les deux pays, dont la volont\u00e9 in\u00e9branlable et l\u2019engagement exprim\u00e9 des dirigeants ne font l\u2019ombre d\u2019aucun doute.<\/p>\n\n\n\n<p class=\"wp-block-paragraph\">Notons que le Roi Mswati III et le Pr\u00e9sident Faure Gnassingb\u00e9 \u0153uvre ensemble pour une coop\u00e9ration sud-sud prometteuse pour leur deux pays.<\/p>\n\n\n\n<p class=\"wp-block-paragraph\"><strong>La R\u00e9daction<\/strong><\/p>\n\n\n\n<p class=\"wp-block-paragraph\"><strong><em>@macite.tg&nbsp;&nbsp;&nbsp;&nbsp;&nbsp;&nbsp;&nbsp;&nbsp;<\/em><\/strong><\/p>\n\n\n\n<p class=\"wp-block-paragraph\"><strong><em>E-mail&nbsp;: <\/em><\/strong><a href=\"mailto:maciteinfo@gmail.com\"><strong><em>maciteinfo@gmail.com<\/em><\/strong><\/a><strong><em>; <\/em><\/strong><a href=\"mailto:bawela1@gmail.com\"><strong><em>bawela1@gmail.com<\/em><\/strong><\/a><strong><em><\/em><\/strong><\/p>\n\n\n\n<p class=\"wp-block-paragraph\"><strong><em>Pour vos annonces, (publi)reportages, etc., joignez nous au (00228)91515309\/<strong>79872224 <\/strong>www.macite.tg, L\u2019information, la bonne&nbsp;!<\/em><\/strong><\/p>\n","protected":false},"excerpt":{"rendered":"<p class=\"text-justify mb-2\" >Le Togo et le Royaume d\u2019Eswatini entretiennent de bonnes relations d\u2019amiti\u00e9 et de coop\u00e9ration. C\u2019est pour renforcer davantage cette coop\u00e9ration, au plan culturel notamment, que le ministre du Tourisme et des affaires environnementales du Royaume d\u2019Eswatini \u00e9tait \u00e0 Lom\u00e9 pour rencontrer son homologue togolais. La [&hellip;]<\/p>\n","protected":false},"author":2,"featured_media":6773,"comment_status":"open","ping_status":"open","sticky":false,"template":"","format":"standard","meta":{"footnotes":""},"categories":[20,18],"tags":[],"class_list":["post-6770","post","type-post","status-publish","format-standard","has-post-thumbnail","hentry","category-actualite","category-culture"],"yoast_head":"<!-- This site is optimized with the Yoast SEO plugin v28.4 - https:\/\/yoast.com\/product\/yoast-seo-wordpress\/ -->\n<title>COOP\u00c9RATION CULTURELLE\u00a0: Le ministre Moses Vilakati du Royaume d\u2019Eswatini a \u00e9chang\u00e9 avec son homologue togolais -<\/title>\n<meta name=\"robots\" content=\"index, follow, max-snippet:-1, max-image-preview:large, max-video-preview:-1\" \/>\n<link rel=\"canonical\" href=\"https:\/\/macite.tg\/?p=6770\" \/>\n<meta property=\"og:locale\" content=\"fr_FR\" \/>\n<meta property=\"og:type\" content=\"article\" \/>\n<meta property=\"og:title\" content=\"COOP\u00c9RATION CULTURELLE\u00a0: Le ministre Moses Vilakati du Royaume d\u2019Eswatini a \u00e9chang\u00e9 avec son homologue togolais -\" \/>\n<meta property=\"og:description\" content=\"Le Togo et le Royaume d\u2019Eswatini entretiennent de bonnes relations d\u2019amiti\u00e9 et de coop\u00e9ration. C\u2019est pour renforcer davantage cette coop\u00e9ration, au plan culturel notamment, que le ministre du Tourisme et des affaires environnementales du Royaume d\u2019Eswatini \u00e9tait \u00e0 Lom\u00e9 pour rencontrer son homologue togolais. La [&hellip;]\" \/>\n<meta property=\"og:url\" content=\"https:\/\/macite.tg\/?p=6770\" \/>\n<meta property=\"article:published_time\" content=\"2023-06-24T17:17:00+00:00\" \/>\n<meta property=\"article:modified_time\" content=\"2023-06-27T17:53:04+00:00\" \/>\n<meta property=\"og:image\" content=\"https:\/\/macite.tg\/wp-content\/uploads\/2023\/06\/AAESWATINI3-1024x1024-1.jpg\" \/>\n\t<meta property=\"og:image:width\" content=\"500\" \/>\n\t<meta property=\"og:image:height\" content=\"329\" \/>\n\t<meta property=\"og:image:type\" content=\"image\/jpeg\" \/>\n<meta name=\"author\" content=\"Jean Pierre BAWELA\" \/>\n<meta name=\"twitter:card\" content=\"summary_large_image\" \/>\n<meta name=\"twitter:label1\" content=\"\u00c9crit par\" \/>\n\t<meta name=\"twitter:data1\" content=\"Jean Pierre BAWELA\" \/>\n\t<meta name=\"twitter:label2\" content=\"Dur\u00e9e de lecture estim\u00e9e\" \/>\n\t<meta name=\"twitter:data2\" content=\"1 minute\" \/>\n<script type=\"application\/ld+json\" class=\"yoast-schema-graph\">{\"@context\":\"https:\\\/\\\/schema.org\",\"@graph\":[{\"@type\":\"Article\",\"@id\":\"https:\\\/\\\/macite.tg\\\/?p=6770#article\",\"isPartOf\":{\"@id\":\"https:\\\/\\\/macite.tg\\\/?p=6770\"},\"author\":{\"name\":\"Jean Pierre BAWELA\",\"@id\":\"https:\\\/\\\/macite.tg\\\/#\\\/schema\\\/person\\\/e9f2de7e5dbbe7770a9402c7ce82f5c2\"},\"headline\":\"COOP\u00c9RATION CULTURELLE\u00a0: Le ministre Moses Vilakati du Royaume d\u2019Eswatini a \u00e9chang\u00e9 avec son homologue togolais\",\"datePublished\":\"2023-06-24T17:17:00+00:00\",\"dateModified\":\"2023-06-27T17:53:04+00:00\",\"mainEntityOfPage\":{\"@id\":\"https:\\\/\\\/macite.tg\\\/?p=6770\"},\"wordCount\":201,\"commentCount\":0,\"image\":{\"@id\":\"https:\\\/\\\/macite.tg\\\/?p=6770#primaryimage\"},\"thumbnailUrl\":\"https:\\\/\\\/macite.tg\\\/wp-content\\\/uploads\\\/2023\\\/06\\\/AAESWATINI3-1024x1024-1.jpg\",\"articleSection\":[\"ACTUALITE\",\"CULTURE\"],\"inLanguage\":\"fr-FR\",\"potentialAction\":[{\"@type\":\"CommentAction\",\"name\":\"Comment\",\"target\":[\"https:\\\/\\\/macite.tg\\\/?p=6770#respond\"]}]},{\"@type\":\"WebPage\",\"@id\":\"https:\\\/\\\/macite.tg\\\/?p=6770\",\"url\":\"https:\\\/\\\/macite.tg\\\/?p=6770\",\"name\":\"COOP\u00c9RATION CULTURELLE\u00a0: Le ministre Moses Vilakati du Royaume d\u2019Eswatini a \u00e9chang\u00e9 avec son homologue togolais -\",\"isPartOf\":{\"@id\":\"https:\\\/\\\/macite.tg\\\/#website\"},\"primaryImageOfPage\":{\"@id\":\"https:\\\/\\\/macite.tg\\\/?p=6770#primaryimage\"},\"image\":{\"@id\":\"https:\\\/\\\/macite.tg\\\/?p=6770#primaryimage\"},\"thumbnailUrl\":\"https:\\\/\\\/macite.tg\\\/wp-content\\\/uploads\\\/2023\\\/06\\\/AAESWATINI3-1024x1024-1.jpg\",\"datePublished\":\"2023-06-24T17:17:00+00:00\",\"dateModified\":\"2023-06-27T17:53:04+00:00\",\"author\":{\"@id\":\"https:\\\/\\\/macite.tg\\\/#\\\/schema\\\/person\\\/e9f2de7e5dbbe7770a9402c7ce82f5c2\"},\"breadcrumb\":{\"@id\":\"https:\\\/\\\/macite.tg\\\/?p=6770#breadcrumb\"},\"inLanguage\":\"fr-FR\",\"potentialAction\":[{\"@type\":\"ReadAction\",\"target\":[\"https:\\\/\\\/macite.tg\\\/?p=6770\"]}]},{\"@type\":\"ImageObject\",\"inLanguage\":\"fr-FR\",\"@id\":\"https:\\\/\\\/macite.tg\\\/?p=6770#primaryimage\",\"url\":\"https:\\\/\\\/macite.tg\\\/wp-content\\\/uploads\\\/2023\\\/06\\\/AAESWATINI3-1024x1024-1.jpg\",\"contentUrl\":\"https:\\\/\\\/macite.tg\\\/wp-content\\\/uploads\\\/2023\\\/06\\\/AAESWATINI3-1024x1024-1.jpg\",\"width\":500,\"height\":329},{\"@type\":\"BreadcrumbList\",\"@id\":\"https:\\\/\\\/macite.tg\\\/?p=6770#breadcrumb\",\"itemListElement\":[{\"@type\":\"ListItem\",\"position\":1,\"name\":\"Accueil\",\"item\":\"https:\\\/\\\/macite.tg\\\/\"},{\"@type\":\"ListItem\",\"position\":2,\"name\":\"COOP\u00c9RATION CULTURELLE\u00a0: Le ministre Moses Vilakati du Royaume d\u2019Eswatini a \u00e9chang\u00e9 avec son homologue togolais\"}]},{\"@type\":\"WebSite\",\"@id\":\"https:\\\/\\\/macite.tg\\\/#website\",\"url\":\"https:\\\/\\\/macite.tg\\\/\",\"name\":\"\",\"description\":\"L&#039;information, la bonne!!!\",\"potentialAction\":[{\"@type\":\"SearchAction\",\"target\":{\"@type\":\"EntryPoint\",\"urlTemplate\":\"https:\\\/\\\/macite.tg\\\/?s={search_term_string}\"},\"query-input\":{\"@type\":\"PropertyValueSpecification\",\"valueRequired\":true,\"valueName\":\"search_term_string\"}}],\"inLanguage\":\"fr-FR\"},{\"@type\":\"Person\",\"@id\":\"https:\\\/\\\/macite.tg\\\/#\\\/schema\\\/person\\\/e9f2de7e5dbbe7770a9402c7ce82f5c2\",\"name\":\"Jean Pierre BAWELA\",\"image\":{\"@type\":\"ImageObject\",\"inLanguage\":\"fr-FR\",\"@id\":\"https:\\\/\\\/macite.tg\\\/wp-content\\\/uploads\\\/2023\\\/09\\\/WhatsApp-Image-2023-09-19-at-14.44.41-122x122.jpeg\",\"url\":\"https:\\\/\\\/macite.tg\\\/wp-content\\\/uploads\\\/2023\\\/09\\\/WhatsApp-Image-2023-09-19-at-14.44.41-122x122.jpeg\",\"contentUrl\":\"https:\\\/\\\/macite.tg\\\/wp-content\\\/uploads\\\/2023\\\/09\\\/WhatsApp-Image-2023-09-19-at-14.44.41-122x122.jpeg\",\"caption\":\"Jean Pierre BAWELA\"},\"url\":\"https:\\\/\\\/macite.tg\\\/?author=2\"}]}<\/script>\n<!-- \/ Yoast SEO plugin. -->","yoast_head_json":{"title":"COOP\u00c9RATION CULTURELLE\u00a0: Le ministre Moses Vilakati du Royaume d\u2019Eswatini a \u00e9chang\u00e9 avec son homologue togolais -","robots":{"index":"index","follow":"follow","max-snippet":"max-snippet:-1","max-image-preview":"max-image-preview:large","max-video-preview":"max-video-preview:-1"},"canonical":"https:\/\/macite.tg\/?p=6770","og_locale":"fr_FR","og_type":"article","og_title":"COOP\u00c9RATION CULTURELLE\u00a0: Le ministre Moses Vilakati du Royaume d\u2019Eswatini a \u00e9chang\u00e9 avec son homologue togolais -","og_description":"Le Togo et le Royaume d\u2019Eswatini entretiennent de bonnes relations d\u2019amiti\u00e9 et de coop\u00e9ration. C\u2019est pour renforcer davantage cette coop\u00e9ration, au plan culturel notamment, que le ministre du Tourisme et des affaires environnementales du Royaume d\u2019Eswatini \u00e9tait \u00e0 Lom\u00e9 pour rencontrer son homologue togolais. La [&hellip;]","og_url":"https:\/\/macite.tg\/?p=6770","article_published_time":"2023-06-24T17:17:00+00:00","article_modified_time":"2023-06-27T17:53:04+00:00","og_image":[{"width":500,"height":329,"url":"https:\/\/macite.tg\/wp-content\/uploads\/2023\/06\/AAESWATINI3-1024x1024-1.jpg","type":"image\/jpeg"}],"author":"Jean Pierre BAWELA","twitter_card":"summary_large_image","twitter_misc":{"\u00c9crit par":"Jean Pierre BAWELA","Dur\u00e9e de lecture estim\u00e9e":"1 minute"},"schema":{"@context":"https:\/\/schema.org","@graph":[{"@type":"Article","@id":"https:\/\/macite.tg\/?p=6770#article","isPartOf":{"@id":"https:\/\/macite.tg\/?p=6770"},"author":{"name":"Jean Pierre BAWELA","@id":"https:\/\/macite.tg\/#\/schema\/person\/e9f2de7e5dbbe7770a9402c7ce82f5c2"},"headline":"COOP\u00c9RATION CULTURELLE\u00a0: Le ministre Moses Vilakati du Royaume d\u2019Eswatini a \u00e9chang\u00e9 avec son homologue togolais","datePublished":"2023-06-24T17:17:00+00:00","dateModified":"2023-06-27T17:53:04+00:00","mainEntityOfPage":{"@id":"https:\/\/macite.tg\/?p=6770"},"wordCount":201,"commentCount":0,"image":{"@id":"https:\/\/macite.tg\/?p=6770#primaryimage"},"thumbnailUrl":"https:\/\/macite.tg\/wp-content\/uploads\/2023\/06\/AAESWATINI3-1024x1024-1.jpg","articleSection":["ACTUALITE","CULTURE"],"inLanguage":"fr-FR","potentialAction":[{"@type":"CommentAction","name":"Comment","target":["https:\/\/macite.tg\/?p=6770#respond"]}]},{"@type":"WebPage","@id":"https:\/\/macite.tg\/?p=6770","url":"https:\/\/macite.tg\/?p=6770","name":"COOP\u00c9RATION CULTURELLE\u00a0: Le ministre Moses Vilakati du Royaume d\u2019Eswatini a \u00e9chang\u00e9 avec son homologue togolais -","isPartOf":{"@id":"https:\/\/macite.tg\/#website"},"primaryImageOfPage":{"@id":"https:\/\/macite.tg\/?p=6770#primaryimage"},"image":{"@id":"https:\/\/macite.tg\/?p=6770#primaryimage"},"thumbnailUrl":"https:\/\/macite.tg\/wp-content\/uploads\/2023\/06\/AAESWATINI3-1024x1024-1.jpg","datePublished":"2023-06-24T17:17:00+00:00","dateModified":"2023-06-27T17:53:04+00:00","author":{"@id":"https:\/\/macite.tg\/#\/schema\/person\/e9f2de7e5dbbe7770a9402c7ce82f5c2"},"breadcrumb":{"@id":"https:\/\/macite.tg\/?p=6770#breadcrumb"},"inLanguage":"fr-FR","potentialAction":[{"@type":"ReadAction","target":["https:\/\/macite.tg\/?p=6770"]}]},{"@type":"ImageObject","inLanguage":"fr-FR","@id":"https:\/\/macite.tg\/?p=6770#primaryimage","url":"https:\/\/macite.tg\/wp-content\/uploads\/2023\/06\/AAESWATINI3-1024x1024-1.jpg","contentUrl":"https:\/\/macite.tg\/wp-content\/uploads\/2023\/06\/AAESWATINI3-1024x1024-1.jpg","width":500,"height":329},{"@type":"BreadcrumbList","@id":"https:\/\/macite.tg\/?p=6770#breadcrumb","itemListElement":[{"@type":"ListItem","position":1,"name":"Accueil","item":"https:\/\/macite.tg\/"},{"@type":"ListItem","position":2,"name":"COOP\u00c9RATION CULTURELLE\u00a0: Le ministre Moses Vilakati du Royaume d\u2019Eswatini a \u00e9chang\u00e9 avec son homologue togolais"}]},{"@type":"WebSite","@id":"https:\/\/macite.tg\/#website","url":"https:\/\/macite.tg\/","name":"","description":"L&#039;information, la bonne!!!","potentialAction":[{"@type":"SearchAction","target":{"@type":"EntryPoint","urlTemplate":"https:\/\/macite.tg\/?s={search_term_string}"},"query-input":{"@type":"PropertyValueSpecification","valueRequired":true,"valueName":"search_term_string"}}],"inLanguage":"fr-FR"},{"@type":"Person","@id":"https:\/\/macite.tg\/#\/schema\/person\/e9f2de7e5dbbe7770a9402c7ce82f5c2","name":"Jean Pierre BAWELA","image":{"@type":"ImageObject","inLanguage":"fr-FR","@id":"https:\/\/macite.tg\/wp-content\/uploads\/2023\/09\/WhatsApp-Image-2023-09-19-at-14.44.41-122x122.jpeg","url":"https:\/\/macite.tg\/wp-content\/uploads\/2023\/09\/WhatsApp-Image-2023-09-19-at-14.44.41-122x122.jpeg","contentUrl":"https:\/\/macite.tg\/wp-content\/uploads\/2023\/09\/WhatsApp-Image-2023-09-19-at-14.44.41-122x122.jpeg","caption":"Jean Pierre BAWELA"},"url":"https:\/\/macite.tg\/?author=2"}]}},"_links":{"self":[{"href":"https:\/\/macite.tg\/index.php?rest_route=\/wp\/v2\/posts\/6770","targetHints":{"allow":["GET"]}}],"collection":[{"href":"https:\/\/macite.tg\/index.php?rest_route=\/wp\/v2\/posts"}],"about":[{"href":"https:\/\/macite.tg\/index.php?rest_route=\/wp\/v2\/types\/post"}],"author":[{"embeddable":true,"href":"https:\/\/macite.tg\/index.php?rest_route=\/wp\/v2\/users\/2"}],"replies":[{"embeddable":true,"href":"https:\/\/macite.tg\/index.php?rest_route=%2Fwp%2Fv2%2Fcomments&post=6770"}],"version-history":[{"count":0,"href":"https:\/\/macite.tg\/index.php?rest_route=\/wp\/v2\/posts\/6770\/revisions"}],"wp:featuredmedia":[{"embeddable":true,"href":"https:\/\/macite.tg\/index.php?rest_route=\/wp\/v2\/media\/6773"}],"wp:attachment":[{"href":"https:\/\/macite.tg\/index.php?rest_route=%2Fwp%2Fv2%2Fmedia&parent=6770"}],"wp:term":[{"taxonomy":"category","embeddable":true,"href":"https:\/\/macite.tg\/index.php?rest_route=%2Fwp%2Fv2%2Fcategories&post=6770"},{"taxonomy":"post_tag","embeddable":true,"href":"https:\/\/macite.tg\/index.php?rest_route=%2Fwp%2Fv2%2Ftags&post=6770"}],"curies":[{"name":"wp","href":"https:\/\/api.w.org\/{rel}","templated":true}]}}