{"id":6761,"date":"2023-06-27T15:40:37","date_gmt":"2023-06-27T15:40:37","guid":{"rendered":"https:\/\/macite.tg\/?p=6761"},"modified":"2023-06-27T15:40:48","modified_gmt":"2023-06-27T15:40:48","slug":"fete-traditionnelle-evala-en-pays-kabye-tout-sur-le-programme-de-ledition-2023","status":"publish","type":"post","link":"https:\/\/macite.tg\/?p=6761","title":{"rendered":"F\u00caTE TRADITIONNELLE EVALA EN PAYS KABYE : Tout sur le programme de l\u2019\u00e9dition 2023\u00a0"},"content":{"rendered":"\n<p class=\"wp-block-paragraph\"><strong><em>La f\u00eate traditionnelle EVALA en pays Kaby\u00e8 se d\u00e9roule dans le mois de juillet, dans la pr\u00e9fecture de la Kozah, au Nord du pays.<\/em><\/strong><\/p>\n\n\n\n<p class=\"wp-block-paragraph\"><strong><em>Pour cette \u00e9dition, comme les pr\u00e9c\u00e9dentes d\u2019ailleurs, un riche programme, que voici en annexe, est concoct\u00e9 \u00e0 cet effet.<\/em><\/strong><\/p>\n\n\n\n<p class=\"wp-block-paragraph\">L\u2019\u00e9v\u00e9nement d\u00e9marre en fanfare le vendredi 30 juin 2023, avec la descente du souverain sacrificateur (Tchodjo), \u00e0&nbsp; Pya Lao, suivie des danses dans la soir\u00e9e.<\/p>\n\n\n\n<figure class=\"wp-block-image size-large\"><img loading=\"lazy\" decoding=\"async\" width=\"1024\" height=\"212\" src=\"https:\/\/macite.tg\/wp-content\/uploads\/2023\/06\/IMG-20230514-WA00962-4-1024x212.jpg\" alt=\"\" class=\"wp-image-6709\" srcset=\"https:\/\/macite.tg\/wp-content\/uploads\/2023\/06\/IMG-20230514-WA00962-4-1024x212.jpg 1024w, https:\/\/macite.tg\/wp-content\/uploads\/2023\/06\/IMG-20230514-WA00962-4-300x62.jpg 300w, https:\/\/macite.tg\/wp-content\/uploads\/2023\/06\/IMG-20230514-WA00962-4-768x159.jpg 768w, https:\/\/macite.tg\/wp-content\/uploads\/2023\/06\/IMG-20230514-WA00962-4-1536x318.jpg 1536w, https:\/\/macite.tg\/wp-content\/uploads\/2023\/06\/IMG-20230514-WA00962-4.jpg 1600w\" sizes=\"auto, (max-width: 1024px) 100vw, 1024px\" \/><\/figure>\n\n\n\n<p class=\"wp-block-paragraph\">Les luttes proprement dites commencent le samedi 08 juillet 2023 dans le canton de Yad\u00e8, avec les pr\u00e9liminaires. L\u2019ouverture officielle est pr\u00e9vue le m\u00eame jour \u00e0 09h, \u00e0 Pya.<\/p>\n\n\n\n<p class=\"wp-block-paragraph\">La cl\u00f4ture officielle est pr\u00e9vue le 15 juillet 2023, avec la finale \u00e0 Lassa, suivie le dimanche 16 juillet, de l\u2019apoth\u00e9ose des luttes Evala avec le Championnat Super Evala.<\/p>\n\n\n\n<div data-wp-interactive=\"core\/file\" class=\"wp-block-file\"><object data-wp-bind--hidden=\"!state.hasPdfPreview\" hidden class=\"wp-block-file__embed\" data=\"https:\/\/macite.tg\/wp-content\/uploads\/2023\/06\/Calendrier-Evala-2023.pdf\" type=\"application\/pdf\" style=\"width:100%;height:600px\" aria-label=\"Contenu embarqu\u00e9 Calendrier-Evala-2023.\"><\/object><a id=\"wp-block-file--media-0bf1b060-8802-4311-a62c-bc936b6c9d4a\" href=\"https:\/\/macite.tg\/wp-content\/uploads\/2023\/06\/Calendrier-Evala-2023.pdf\">Calendrier-Evala-2023<\/a><a href=\"https:\/\/macite.tg\/wp-content\/uploads\/2023\/06\/Calendrier-Evala-2023.pdf\" class=\"wp-block-file__button wp-element-button\" download aria-describedby=\"wp-block-file--media-0bf1b060-8802-4311-a62c-bc936b6c9d4a\">T\u00e9l\u00e9charger<\/a><\/div>\n\n\n\n<p class=\"wp-block-paragraph\"><strong>La R\u00e9daction<\/strong><\/p>\n\n\n\n<p class=\"wp-block-paragraph\"><strong><em>@macite.tg&nbsp;&nbsp;&nbsp;&nbsp;&nbsp;&nbsp;&nbsp;&nbsp;<\/em><\/strong><\/p>\n\n\n\n<p class=\"wp-block-paragraph\"><strong><em>E-mail&nbsp;: <\/em><\/strong><a href=\"mailto:maciteinfo@gmail.com\"><strong><em>maciteinfo@gmail.com<\/em><\/strong><\/a><strong><em>; <\/em><\/strong><a href=\"mailto:bawela1@gmail.com\"><strong><em>bawela1@gmail.com<\/em><\/strong><\/a><strong><em><\/em><\/strong><\/p>\n\n\n\n<p class=\"wp-block-paragraph\"><strong><em>Pour vos annonces, (publi)reportages, etc., joignez nous au (00228)91515309\/<strong>79872224 <\/strong>www.macite.tg, L\u2019information, la bonne&nbsp;!<\/em><\/strong><\/p>\n","protected":false},"excerpt":{"rendered":"<p class=\"text-justify mb-2\" >La f\u00eate traditionnelle EVALA en pays Kaby\u00e8 se d\u00e9roule dans le mois de juillet, dans la pr\u00e9fecture de la Kozah, au Nord du pays. Pour cette \u00e9dition, comme les pr\u00e9c\u00e9dentes d\u2019ailleurs, un riche programme, que voici en annexe, est concoct\u00e9 \u00e0 cet effet. L\u2019\u00e9v\u00e9nement d\u00e9marre [&hellip;]<\/p>\n","protected":false},"author":2,"featured_media":6763,"comment_status":"open","ping_status":"open","sticky":false,"template":"","format":"standard","meta":{"footnotes":""},"categories":[20,18],"tags":[],"class_list":["post-6761","post","type-post","status-publish","format-standard","has-post-thumbnail","hentry","category-actualite","category-culture"],"yoast_head":"<!-- This site is optimized with the Yoast SEO plugin v28.4 - https:\/\/yoast.com\/product\/yoast-seo-wordpress\/ -->\n<title>F\u00caTE TRADITIONNELLE EVALA EN PAYS KABYE : Tout sur le programme de l\u2019\u00e9dition 2023\u00a0 -<\/title>\n<meta name=\"robots\" content=\"index, follow, max-snippet:-1, max-image-preview:large, max-video-preview:-1\" \/>\n<link rel=\"canonical\" href=\"https:\/\/macite.tg\/?p=6761\" \/>\n<meta property=\"og:locale\" content=\"fr_FR\" \/>\n<meta property=\"og:type\" content=\"article\" \/>\n<meta property=\"og:title\" content=\"F\u00caTE TRADITIONNELLE EVALA EN PAYS KABYE : Tout sur le programme de l\u2019\u00e9dition 2023\u00a0 -\" \/>\n<meta property=\"og:description\" content=\"La f\u00eate traditionnelle EVALA en pays Kaby\u00e8 se d\u00e9roule dans le mois de juillet, dans la pr\u00e9fecture de la Kozah, au Nord du pays. Pour cette \u00e9dition, comme les pr\u00e9c\u00e9dentes d\u2019ailleurs, un riche programme, que voici en annexe, est concoct\u00e9 \u00e0 cet effet. L\u2019\u00e9v\u00e9nement d\u00e9marre [&hellip;]\" \/>\n<meta property=\"og:url\" content=\"https:\/\/macite.tg\/?p=6761\" \/>\n<meta property=\"article:published_time\" content=\"2023-06-27T15:40:37+00:00\" \/>\n<meta property=\"article:modified_time\" content=\"2023-06-27T15:40:48+00:00\" \/>\n<meta property=\"og:image\" content=\"https:\/\/macite.tg\/wp-content\/uploads\/2023\/06\/Evala.jpg\" \/>\n\t<meta property=\"og:image:width\" content=\"275\" \/>\n\t<meta property=\"og:image:height\" content=\"183\" \/>\n\t<meta property=\"og:image:type\" content=\"image\/jpeg\" \/>\n<meta name=\"author\" content=\"Jean Pierre BAWELA\" \/>\n<meta name=\"twitter:card\" content=\"summary_large_image\" \/>\n<meta name=\"twitter:label1\" content=\"\u00c9crit par\" \/>\n\t<meta name=\"twitter:data1\" content=\"Jean Pierre BAWELA\" \/>\n\t<meta name=\"twitter:label2\" content=\"Dur\u00e9e de lecture estim\u00e9e\" \/>\n\t<meta name=\"twitter:data2\" content=\"1 minute\" \/>\n<script type=\"application\/ld+json\" class=\"yoast-schema-graph\">{\"@context\":\"https:\\\/\\\/schema.org\",\"@graph\":[{\"@type\":\"Article\",\"@id\":\"https:\\\/\\\/macite.tg\\\/?p=6761#article\",\"isPartOf\":{\"@id\":\"https:\\\/\\\/macite.tg\\\/?p=6761\"},\"author\":{\"name\":\"Jean Pierre BAWELA\",\"@id\":\"https:\\\/\\\/macite.tg\\\/#\\\/schema\\\/person\\\/e9f2de7e5dbbe7770a9402c7ce82f5c2\"},\"headline\":\"F\u00caTE TRADITIONNELLE EVALA EN PAYS KABYE : Tout sur le programme de l\u2019\u00e9dition 2023\u00a0\",\"datePublished\":\"2023-06-27T15:40:37+00:00\",\"dateModified\":\"2023-06-27T15:40:48+00:00\",\"mainEntityOfPage\":{\"@id\":\"https:\\\/\\\/macite.tg\\\/?p=6761\"},\"wordCount\":189,\"commentCount\":0,\"image\":{\"@id\":\"https:\\\/\\\/macite.tg\\\/?p=6761#primaryimage\"},\"thumbnailUrl\":\"https:\\\/\\\/macite.tg\\\/wp-content\\\/uploads\\\/2023\\\/06\\\/Evala.jpg\",\"articleSection\":[\"ACTUALITE\",\"CULTURE\"],\"inLanguage\":\"fr-FR\",\"potentialAction\":[{\"@type\":\"CommentAction\",\"name\":\"Comment\",\"target\":[\"https:\\\/\\\/macite.tg\\\/?p=6761#respond\"]}]},{\"@type\":\"WebPage\",\"@id\":\"https:\\\/\\\/macite.tg\\\/?p=6761\",\"url\":\"https:\\\/\\\/macite.tg\\\/?p=6761\",\"name\":\"F\u00caTE TRADITIONNELLE EVALA EN PAYS KABYE : Tout sur le programme de l\u2019\u00e9dition 2023\u00a0 -\",\"isPartOf\":{\"@id\":\"https:\\\/\\\/macite.tg\\\/#website\"},\"primaryImageOfPage\":{\"@id\":\"https:\\\/\\\/macite.tg\\\/?p=6761#primaryimage\"},\"image\":{\"@id\":\"https:\\\/\\\/macite.tg\\\/?p=6761#primaryimage\"},\"thumbnailUrl\":\"https:\\\/\\\/macite.tg\\\/wp-content\\\/uploads\\\/2023\\\/06\\\/Evala.jpg\",\"datePublished\":\"2023-06-27T15:40:37+00:00\",\"dateModified\":\"2023-06-27T15:40:48+00:00\",\"author\":{\"@id\":\"https:\\\/\\\/macite.tg\\\/#\\\/schema\\\/person\\\/e9f2de7e5dbbe7770a9402c7ce82f5c2\"},\"breadcrumb\":{\"@id\":\"https:\\\/\\\/macite.tg\\\/?p=6761#breadcrumb\"},\"inLanguage\":\"fr-FR\",\"potentialAction\":[{\"@type\":\"ReadAction\",\"target\":[\"https:\\\/\\\/macite.tg\\\/?p=6761\"]}]},{\"@type\":\"ImageObject\",\"inLanguage\":\"fr-FR\",\"@id\":\"https:\\\/\\\/macite.tg\\\/?p=6761#primaryimage\",\"url\":\"https:\\\/\\\/macite.tg\\\/wp-content\\\/uploads\\\/2023\\\/06\\\/Evala.jpg\",\"contentUrl\":\"https:\\\/\\\/macite.tg\\\/wp-content\\\/uploads\\\/2023\\\/06\\\/Evala.jpg\",\"width\":275,\"height\":183},{\"@type\":\"BreadcrumbList\",\"@id\":\"https:\\\/\\\/macite.tg\\\/?p=6761#breadcrumb\",\"itemListElement\":[{\"@type\":\"ListItem\",\"position\":1,\"name\":\"Accueil\",\"item\":\"https:\\\/\\\/macite.tg\\\/\"},{\"@type\":\"ListItem\",\"position\":2,\"name\":\"F\u00caTE TRADITIONNELLE EVALA EN PAYS KABYE : Tout sur le programme de l\u2019\u00e9dition 2023\u00a0\"}]},{\"@type\":\"WebSite\",\"@id\":\"https:\\\/\\\/macite.tg\\\/#website\",\"url\":\"https:\\\/\\\/macite.tg\\\/\",\"name\":\"\",\"description\":\"L&#039;information, la bonne!!!\",\"potentialAction\":[{\"@type\":\"SearchAction\",\"target\":{\"@type\":\"EntryPoint\",\"urlTemplate\":\"https:\\\/\\\/macite.tg\\\/?s={search_term_string}\"},\"query-input\":{\"@type\":\"PropertyValueSpecification\",\"valueRequired\":true,\"valueName\":\"search_term_string\"}}],\"inLanguage\":\"fr-FR\"},{\"@type\":\"Person\",\"@id\":\"https:\\\/\\\/macite.tg\\\/#\\\/schema\\\/person\\\/e9f2de7e5dbbe7770a9402c7ce82f5c2\",\"name\":\"Jean Pierre BAWELA\",\"image\":{\"@type\":\"ImageObject\",\"inLanguage\":\"fr-FR\",\"@id\":\"https:\\\/\\\/macite.tg\\\/wp-content\\\/uploads\\\/2023\\\/09\\\/WhatsApp-Image-2023-09-19-at-14.44.41-122x122.jpeg\",\"url\":\"https:\\\/\\\/macite.tg\\\/wp-content\\\/uploads\\\/2023\\\/09\\\/WhatsApp-Image-2023-09-19-at-14.44.41-122x122.jpeg\",\"contentUrl\":\"https:\\\/\\\/macite.tg\\\/wp-content\\\/uploads\\\/2023\\\/09\\\/WhatsApp-Image-2023-09-19-at-14.44.41-122x122.jpeg\",\"caption\":\"Jean Pierre BAWELA\"},\"url\":\"https:\\\/\\\/macite.tg\\\/?author=2\"}]}<\/script>\n<!-- \/ Yoast SEO plugin. -->","yoast_head_json":{"title":"F\u00caTE TRADITIONNELLE EVALA EN PAYS KABYE : Tout sur le programme de l\u2019\u00e9dition 2023\u00a0 -","robots":{"index":"index","follow":"follow","max-snippet":"max-snippet:-1","max-image-preview":"max-image-preview:large","max-video-preview":"max-video-preview:-1"},"canonical":"https:\/\/macite.tg\/?p=6761","og_locale":"fr_FR","og_type":"article","og_title":"F\u00caTE TRADITIONNELLE EVALA EN PAYS KABYE : Tout sur le programme de l\u2019\u00e9dition 2023\u00a0 -","og_description":"La f\u00eate traditionnelle EVALA en pays Kaby\u00e8 se d\u00e9roule dans le mois de juillet, dans la pr\u00e9fecture de la Kozah, au Nord du pays. Pour cette \u00e9dition, comme les pr\u00e9c\u00e9dentes d\u2019ailleurs, un riche programme, que voici en annexe, est concoct\u00e9 \u00e0 cet effet. L\u2019\u00e9v\u00e9nement d\u00e9marre [&hellip;]","og_url":"https:\/\/macite.tg\/?p=6761","article_published_time":"2023-06-27T15:40:37+00:00","article_modified_time":"2023-06-27T15:40:48+00:00","og_image":[{"width":275,"height":183,"url":"https:\/\/macite.tg\/wp-content\/uploads\/2023\/06\/Evala.jpg","type":"image\/jpeg"}],"author":"Jean Pierre BAWELA","twitter_card":"summary_large_image","twitter_misc":{"\u00c9crit par":"Jean Pierre BAWELA","Dur\u00e9e de lecture estim\u00e9e":"1 minute"},"schema":{"@context":"https:\/\/schema.org","@graph":[{"@type":"Article","@id":"https:\/\/macite.tg\/?p=6761#article","isPartOf":{"@id":"https:\/\/macite.tg\/?p=6761"},"author":{"name":"Jean Pierre BAWELA","@id":"https:\/\/macite.tg\/#\/schema\/person\/e9f2de7e5dbbe7770a9402c7ce82f5c2"},"headline":"F\u00caTE TRADITIONNELLE EVALA EN PAYS KABYE : Tout sur le programme de l\u2019\u00e9dition 2023\u00a0","datePublished":"2023-06-27T15:40:37+00:00","dateModified":"2023-06-27T15:40:48+00:00","mainEntityOfPage":{"@id":"https:\/\/macite.tg\/?p=6761"},"wordCount":189,"commentCount":0,"image":{"@id":"https:\/\/macite.tg\/?p=6761#primaryimage"},"thumbnailUrl":"https:\/\/macite.tg\/wp-content\/uploads\/2023\/06\/Evala.jpg","articleSection":["ACTUALITE","CULTURE"],"inLanguage":"fr-FR","potentialAction":[{"@type":"CommentAction","name":"Comment","target":["https:\/\/macite.tg\/?p=6761#respond"]}]},{"@type":"WebPage","@id":"https:\/\/macite.tg\/?p=6761","url":"https:\/\/macite.tg\/?p=6761","name":"F\u00caTE TRADITIONNELLE EVALA EN PAYS KABYE : Tout sur le programme de l\u2019\u00e9dition 2023\u00a0 -","isPartOf":{"@id":"https:\/\/macite.tg\/#website"},"primaryImageOfPage":{"@id":"https:\/\/macite.tg\/?p=6761#primaryimage"},"image":{"@id":"https:\/\/macite.tg\/?p=6761#primaryimage"},"thumbnailUrl":"https:\/\/macite.tg\/wp-content\/uploads\/2023\/06\/Evala.jpg","datePublished":"2023-06-27T15:40:37+00:00","dateModified":"2023-06-27T15:40:48+00:00","author":{"@id":"https:\/\/macite.tg\/#\/schema\/person\/e9f2de7e5dbbe7770a9402c7ce82f5c2"},"breadcrumb":{"@id":"https:\/\/macite.tg\/?p=6761#breadcrumb"},"inLanguage":"fr-FR","potentialAction":[{"@type":"ReadAction","target":["https:\/\/macite.tg\/?p=6761"]}]},{"@type":"ImageObject","inLanguage":"fr-FR","@id":"https:\/\/macite.tg\/?p=6761#primaryimage","url":"https:\/\/macite.tg\/wp-content\/uploads\/2023\/06\/Evala.jpg","contentUrl":"https:\/\/macite.tg\/wp-content\/uploads\/2023\/06\/Evala.jpg","width":275,"height":183},{"@type":"BreadcrumbList","@id":"https:\/\/macite.tg\/?p=6761#breadcrumb","itemListElement":[{"@type":"ListItem","position":1,"name":"Accueil","item":"https:\/\/macite.tg\/"},{"@type":"ListItem","position":2,"name":"F\u00caTE TRADITIONNELLE EVALA EN PAYS KABYE : Tout sur le programme de l\u2019\u00e9dition 2023\u00a0"}]},{"@type":"WebSite","@id":"https:\/\/macite.tg\/#website","url":"https:\/\/macite.tg\/","name":"","description":"L&#039;information, la bonne!!!","potentialAction":[{"@type":"SearchAction","target":{"@type":"EntryPoint","urlTemplate":"https:\/\/macite.tg\/?s={search_term_string}"},"query-input":{"@type":"PropertyValueSpecification","valueRequired":true,"valueName":"search_term_string"}}],"inLanguage":"fr-FR"},{"@type":"Person","@id":"https:\/\/macite.tg\/#\/schema\/person\/e9f2de7e5dbbe7770a9402c7ce82f5c2","name":"Jean Pierre BAWELA","image":{"@type":"ImageObject","inLanguage":"fr-FR","@id":"https:\/\/macite.tg\/wp-content\/uploads\/2023\/09\/WhatsApp-Image-2023-09-19-at-14.44.41-122x122.jpeg","url":"https:\/\/macite.tg\/wp-content\/uploads\/2023\/09\/WhatsApp-Image-2023-09-19-at-14.44.41-122x122.jpeg","contentUrl":"https:\/\/macite.tg\/wp-content\/uploads\/2023\/09\/WhatsApp-Image-2023-09-19-at-14.44.41-122x122.jpeg","caption":"Jean Pierre BAWELA"},"url":"https:\/\/macite.tg\/?author=2"}]}},"_links":{"self":[{"href":"https:\/\/macite.tg\/index.php?rest_route=\/wp\/v2\/posts\/6761","targetHints":{"allow":["GET"]}}],"collection":[{"href":"https:\/\/macite.tg\/index.php?rest_route=\/wp\/v2\/posts"}],"about":[{"href":"https:\/\/macite.tg\/index.php?rest_route=\/wp\/v2\/types\/post"}],"author":[{"embeddable":true,"href":"https:\/\/macite.tg\/index.php?rest_route=\/wp\/v2\/users\/2"}],"replies":[{"embeddable":true,"href":"https:\/\/macite.tg\/index.php?rest_route=%2Fwp%2Fv2%2Fcomments&post=6761"}],"version-history":[{"count":0,"href":"https:\/\/macite.tg\/index.php?rest_route=\/wp\/v2\/posts\/6761\/revisions"}],"wp:featuredmedia":[{"embeddable":true,"href":"https:\/\/macite.tg\/index.php?rest_route=\/wp\/v2\/media\/6763"}],"wp:attachment":[{"href":"https:\/\/macite.tg\/index.php?rest_route=%2Fwp%2Fv2%2Fmedia&parent=6761"}],"wp:term":[{"taxonomy":"category","embeddable":true,"href":"https:\/\/macite.tg\/index.php?rest_route=%2Fwp%2Fv2%2Fcategories&post=6761"},{"taxonomy":"post_tag","embeddable":true,"href":"https:\/\/macite.tg\/index.php?rest_route=%2Fwp%2Fv2%2Ftags&post=6761"}],"curies":[{"name":"wp","href":"https:\/\/api.w.org\/{rel}","templated":true}]}}