{"id":6758,"date":"2023-06-27T15:15:32","date_gmt":"2023-06-27T15:15:32","guid":{"rendered":"https:\/\/macite.tg\/?p=6758"},"modified":"2023-06-27T15:17:13","modified_gmt":"2023-06-27T15:17:13","slug":"coupe-du-monde-des-clubs-2023-ce-sera-a-djeddah-en-arabie-saoudite-fifa","status":"publish","type":"post","link":"https:\/\/macite.tg\/?p=6758","title":{"rendered":"COUPE DU MONDE DES CLUBS 2023\u00a0: Ce sera \u00e0 Djeddah, en Arabie Saoudite (FIFA)"},"content":{"rendered":"\n<p class=\"wp-block-paragraph\"><strong><em>La FIFA et l\u2019Arabie Saoudite viennent d\u2019officialiser l\u2019organisation de la Coupe du monde des clubs 2023 \u00e0 Djeddah.<\/em><\/strong><\/p>\n\n\n\n<p class=\"wp-block-paragraph\">Avant le passage de ce tournoi \u00e0 32 \u00e9quipes en 2025 aux USA, la prochaine \u00e9dition, pr\u00e9vue du 12 au 22 d\u00e9cembre prochain, se tiendra en Arabie Saoudite.<\/p>\n\n\n\n<figure class=\"wp-block-image size-large\"><img loading=\"lazy\" decoding=\"async\" width=\"1024\" height=\"212\" src=\"https:\/\/macite.tg\/wp-content\/uploads\/2023\/06\/IMG-20230514-WA00962-4-1024x212.jpg\" alt=\"\" class=\"wp-image-6709\" srcset=\"https:\/\/macite.tg\/wp-content\/uploads\/2023\/06\/IMG-20230514-WA00962-4-1024x212.jpg 1024w, https:\/\/macite.tg\/wp-content\/uploads\/2023\/06\/IMG-20230514-WA00962-4-300x62.jpg 300w, https:\/\/macite.tg\/wp-content\/uploads\/2023\/06\/IMG-20230514-WA00962-4-768x159.jpg 768w, https:\/\/macite.tg\/wp-content\/uploads\/2023\/06\/IMG-20230514-WA00962-4-1536x318.jpg 1536w, https:\/\/macite.tg\/wp-content\/uploads\/2023\/06\/IMG-20230514-WA00962-4.jpg 1600w\" sizes=\"auto, (max-width: 1024px) 100vw, 1024px\" \/><\/figure>\n\n\n\n<p class=\"wp-block-paragraph\">Alors qu\u2019elle sera \u00e0 sa 20e \u00e9dition, la Coupe du monde des clubs verra la participation des champions d\u2019Europe en titre, Manchester City. A l\u2019exception du vainqueur de la Copa Libertadores 2023 qui n\u2019est pas encore connu, le Club L\u00e9on, Al Ahly, Urawa Red Diamonds, Auckland City et Al-Ittihad iront \u00e0 l\u2019assaut de ce troph\u00e9e.<\/p>\n\n\n\n<p class=\"wp-block-paragraph\">Il s\u2019agit d\u2019une nouvelle victoire pour l\u2019Arabie Saoudite en obtenant l\u2019organisation de cette comp\u00e9tition de la FIFA.<\/p>\n\n\n<div class=\"wp-block-image\">\n<figure class=\"aligncenter size-large is-resized\"><img loading=\"lazy\" decoding=\"async\" src=\"https:\/\/macite.tg\/wp-content\/uploads\/2023\/06\/Panneau-1-12m2-bis-2-1024x768.jpg\" alt=\"\" class=\"wp-image-6710\" width=\"524\" height=\"393\" srcset=\"https:\/\/macite.tg\/wp-content\/uploads\/2023\/06\/Panneau-1-12m2-bis-2-1024x768.jpg 1024w, https:\/\/macite.tg\/wp-content\/uploads\/2023\/06\/Panneau-1-12m2-bis-2-300x225.jpg 300w, https:\/\/macite.tg\/wp-content\/uploads\/2023\/06\/Panneau-1-12m2-bis-2-768x576.jpg 768w, https:\/\/macite.tg\/wp-content\/uploads\/2023\/06\/Panneau-1-12m2-bis-2-1536x1152.jpg 1536w, https:\/\/macite.tg\/wp-content\/uploads\/2023\/06\/Panneau-1-12m2-bis-2-2048x1536.jpg 2048w\" sizes=\"auto, (max-width: 524px) 100vw, 524px\" \/><\/figure>\n<\/div>\n\n\n<p class=\"wp-block-paragraph\">Lanc\u00e9 dans une grande campagne de valorisation de son football et de son image, les Saoudiens avancent lentement mais s\u00fbrement. Le pays qui accueille les stars du foot europ\u00e9en organise d\u00e9j\u00e0 de grands rendez-vous de foot comme les Supercoupes d\u2019Espagne et d\u2019Italie.<\/p>\n\n\n\n<p class=\"wp-block-paragraph\"><strong> SeneNews<\/strong><\/p>\n\n\n\n<p class=\"wp-block-paragraph\"><strong><em>@macite.tg&nbsp;&nbsp;&nbsp;&nbsp;&nbsp;&nbsp;&nbsp;&nbsp;<\/em><\/strong><\/p>\n\n\n\n<p class=\"wp-block-paragraph\"><strong><em>E-mail&nbsp;: <\/em><\/strong><a href=\"mailto:maciteinfo@gmail.com\"><strong><em>maciteinfo@gmail.com<\/em><\/strong><\/a><strong><em>; <\/em><\/strong><a href=\"mailto:bawela1@gmail.com\"><strong><em>bawela1@gmail.com<\/em><\/strong><\/a><strong><em><\/em><\/strong><\/p>\n\n\n\n<p class=\"wp-block-paragraph\"><strong><em>Pour vos annonces, (publi)reportages, etc., joignez nous au (00228)91515309\/<strong>79872224 <\/strong>www.macite.tg, L\u2019information, la bonne&nbsp;!<\/em><\/strong><\/p>\n","protected":false},"excerpt":{"rendered":"<p class=\"text-justify mb-2\" >La FIFA et l\u2019Arabie Saoudite viennent d\u2019officialiser l\u2019organisation de la Coupe du monde des clubs 2023 \u00e0 Djeddah. Avant le passage de ce tournoi \u00e0 32 \u00e9quipes en 2025 aux USA, la prochaine \u00e9dition, pr\u00e9vue du 12 au 22 d\u00e9cembre prochain, se tiendra en Arabie [&hellip;]<\/p>\n","protected":false},"author":2,"featured_media":6759,"comment_status":"open","ping_status":"open","sticky":false,"template":"","format":"standard","meta":{"footnotes":""},"categories":[7],"tags":[],"class_list":["post-6758","post","type-post","status-publish","format-standard","has-post-thumbnail","hentry","category-sports"],"yoast_head":"<!-- This site is optimized with the Yoast SEO plugin v28.4 - https:\/\/yoast.com\/product\/yoast-seo-wordpress\/ -->\n<title>COUPE DU MONDE DES CLUBS 2023\u00a0: Ce sera \u00e0 Djeddah, en Arabie Saoudite (FIFA) -<\/title>\n<meta name=\"robots\" content=\"index, follow, max-snippet:-1, max-image-preview:large, max-video-preview:-1\" \/>\n<link rel=\"canonical\" href=\"https:\/\/macite.tg\/?p=6758\" \/>\n<meta property=\"og:locale\" content=\"fr_FR\" \/>\n<meta property=\"og:type\" content=\"article\" \/>\n<meta property=\"og:title\" content=\"COUPE DU MONDE DES CLUBS 2023\u00a0: Ce sera \u00e0 Djeddah, en Arabie Saoudite (FIFA) -\" \/>\n<meta property=\"og:description\" content=\"La FIFA et l\u2019Arabie Saoudite viennent d\u2019officialiser l\u2019organisation de la Coupe du monde des clubs 2023 \u00e0 Djeddah. Avant le passage de ce tournoi \u00e0 32 \u00e9quipes en 2025 aux USA, la prochaine \u00e9dition, pr\u00e9vue du 12 au 22 d\u00e9cembre prochain, se tiendra en Arabie [&hellip;]\" \/>\n<meta property=\"og:url\" content=\"https:\/\/macite.tg\/?p=6758\" \/>\n<meta property=\"article:published_time\" content=\"2023-06-27T15:15:32+00:00\" \/>\n<meta property=\"article:modified_time\" content=\"2023-06-27T15:17:13+00:00\" \/>\n<meta property=\"og:image\" content=\"https:\/\/macite.tg\/wp-content\/uploads\/2023\/06\/ASupercoupe.jpg\" \/>\n\t<meta property=\"og:image:width\" content=\"299\" \/>\n\t<meta property=\"og:image:height\" content=\"169\" \/>\n\t<meta property=\"og:image:type\" content=\"image\/jpeg\" \/>\n<meta name=\"author\" content=\"Jean Pierre BAWELA\" \/>\n<meta name=\"twitter:card\" content=\"summary_large_image\" \/>\n<meta name=\"twitter:label1\" content=\"\u00c9crit par\" \/>\n\t<meta name=\"twitter:data1\" content=\"Jean Pierre BAWELA\" \/>\n\t<meta name=\"twitter:label2\" content=\"Dur\u00e9e de lecture estim\u00e9e\" \/>\n\t<meta name=\"twitter:data2\" content=\"1 minute\" \/>\n<script type=\"application\/ld+json\" class=\"yoast-schema-graph\">{\"@context\":\"https:\\\/\\\/schema.org\",\"@graph\":[{\"@type\":\"Article\",\"@id\":\"https:\\\/\\\/macite.tg\\\/?p=6758#article\",\"isPartOf\":{\"@id\":\"https:\\\/\\\/macite.tg\\\/?p=6758\"},\"author\":{\"name\":\"Jean Pierre BAWELA\",\"@id\":\"https:\\\/\\\/macite.tg\\\/#\\\/schema\\\/person\\\/e9f2de7e5dbbe7770a9402c7ce82f5c2\"},\"headline\":\"COUPE DU MONDE DES CLUBS 2023\u00a0: Ce sera \u00e0 Djeddah, en Arabie Saoudite (FIFA)\",\"datePublished\":\"2023-06-27T15:15:32+00:00\",\"dateModified\":\"2023-06-27T15:17:13+00:00\",\"mainEntityOfPage\":{\"@id\":\"https:\\\/\\\/macite.tg\\\/?p=6758\"},\"wordCount\":220,\"commentCount\":0,\"image\":{\"@id\":\"https:\\\/\\\/macite.tg\\\/?p=6758#primaryimage\"},\"thumbnailUrl\":\"https:\\\/\\\/macite.tg\\\/wp-content\\\/uploads\\\/2023\\\/06\\\/ASupercoupe.jpg\",\"articleSection\":[\"SPORTS\"],\"inLanguage\":\"fr-FR\",\"potentialAction\":[{\"@type\":\"CommentAction\",\"name\":\"Comment\",\"target\":[\"https:\\\/\\\/macite.tg\\\/?p=6758#respond\"]}]},{\"@type\":\"WebPage\",\"@id\":\"https:\\\/\\\/macite.tg\\\/?p=6758\",\"url\":\"https:\\\/\\\/macite.tg\\\/?p=6758\",\"name\":\"COUPE DU MONDE DES CLUBS 2023\u00a0: Ce sera \u00e0 Djeddah, en Arabie Saoudite (FIFA) -\",\"isPartOf\":{\"@id\":\"https:\\\/\\\/macite.tg\\\/#website\"},\"primaryImageOfPage\":{\"@id\":\"https:\\\/\\\/macite.tg\\\/?p=6758#primaryimage\"},\"image\":{\"@id\":\"https:\\\/\\\/macite.tg\\\/?p=6758#primaryimage\"},\"thumbnailUrl\":\"https:\\\/\\\/macite.tg\\\/wp-content\\\/uploads\\\/2023\\\/06\\\/ASupercoupe.jpg\",\"datePublished\":\"2023-06-27T15:15:32+00:00\",\"dateModified\":\"2023-06-27T15:17:13+00:00\",\"author\":{\"@id\":\"https:\\\/\\\/macite.tg\\\/#\\\/schema\\\/person\\\/e9f2de7e5dbbe7770a9402c7ce82f5c2\"},\"breadcrumb\":{\"@id\":\"https:\\\/\\\/macite.tg\\\/?p=6758#breadcrumb\"},\"inLanguage\":\"fr-FR\",\"potentialAction\":[{\"@type\":\"ReadAction\",\"target\":[\"https:\\\/\\\/macite.tg\\\/?p=6758\"]}]},{\"@type\":\"ImageObject\",\"inLanguage\":\"fr-FR\",\"@id\":\"https:\\\/\\\/macite.tg\\\/?p=6758#primaryimage\",\"url\":\"https:\\\/\\\/macite.tg\\\/wp-content\\\/uploads\\\/2023\\\/06\\\/ASupercoupe.jpg\",\"contentUrl\":\"https:\\\/\\\/macite.tg\\\/wp-content\\\/uploads\\\/2023\\\/06\\\/ASupercoupe.jpg\",\"width\":299,\"height\":169},{\"@type\":\"BreadcrumbList\",\"@id\":\"https:\\\/\\\/macite.tg\\\/?p=6758#breadcrumb\",\"itemListElement\":[{\"@type\":\"ListItem\",\"position\":1,\"name\":\"Accueil\",\"item\":\"https:\\\/\\\/macite.tg\\\/\"},{\"@type\":\"ListItem\",\"position\":2,\"name\":\"COUPE DU MONDE DES CLUBS 2023\u00a0: Ce sera \u00e0 Djeddah, en Arabie Saoudite (FIFA)\"}]},{\"@type\":\"WebSite\",\"@id\":\"https:\\\/\\\/macite.tg\\\/#website\",\"url\":\"https:\\\/\\\/macite.tg\\\/\",\"name\":\"\",\"description\":\"L&#039;information, la bonne!!!\",\"potentialAction\":[{\"@type\":\"SearchAction\",\"target\":{\"@type\":\"EntryPoint\",\"urlTemplate\":\"https:\\\/\\\/macite.tg\\\/?s={search_term_string}\"},\"query-input\":{\"@type\":\"PropertyValueSpecification\",\"valueRequired\":true,\"valueName\":\"search_term_string\"}}],\"inLanguage\":\"fr-FR\"},{\"@type\":\"Person\",\"@id\":\"https:\\\/\\\/macite.tg\\\/#\\\/schema\\\/person\\\/e9f2de7e5dbbe7770a9402c7ce82f5c2\",\"name\":\"Jean Pierre BAWELA\",\"image\":{\"@type\":\"ImageObject\",\"inLanguage\":\"fr-FR\",\"@id\":\"https:\\\/\\\/macite.tg\\\/wp-content\\\/uploads\\\/2023\\\/09\\\/WhatsApp-Image-2023-09-19-at-14.44.41-122x122.jpeg\",\"url\":\"https:\\\/\\\/macite.tg\\\/wp-content\\\/uploads\\\/2023\\\/09\\\/WhatsApp-Image-2023-09-19-at-14.44.41-122x122.jpeg\",\"contentUrl\":\"https:\\\/\\\/macite.tg\\\/wp-content\\\/uploads\\\/2023\\\/09\\\/WhatsApp-Image-2023-09-19-at-14.44.41-122x122.jpeg\",\"caption\":\"Jean Pierre BAWELA\"},\"url\":\"https:\\\/\\\/macite.tg\\\/?author=2\"}]}<\/script>\n<!-- \/ Yoast SEO plugin. -->","yoast_head_json":{"title":"COUPE DU MONDE DES CLUBS 2023\u00a0: Ce sera \u00e0 Djeddah, en Arabie Saoudite (FIFA) -","robots":{"index":"index","follow":"follow","max-snippet":"max-snippet:-1","max-image-preview":"max-image-preview:large","max-video-preview":"max-video-preview:-1"},"canonical":"https:\/\/macite.tg\/?p=6758","og_locale":"fr_FR","og_type":"article","og_title":"COUPE DU MONDE DES CLUBS 2023\u00a0: Ce sera \u00e0 Djeddah, en Arabie Saoudite (FIFA) -","og_description":"La FIFA et l\u2019Arabie Saoudite viennent d\u2019officialiser l\u2019organisation de la Coupe du monde des clubs 2023 \u00e0 Djeddah. Avant le passage de ce tournoi \u00e0 32 \u00e9quipes en 2025 aux USA, la prochaine \u00e9dition, pr\u00e9vue du 12 au 22 d\u00e9cembre prochain, se tiendra en Arabie [&hellip;]","og_url":"https:\/\/macite.tg\/?p=6758","article_published_time":"2023-06-27T15:15:32+00:00","article_modified_time":"2023-06-27T15:17:13+00:00","og_image":[{"width":299,"height":169,"url":"https:\/\/macite.tg\/wp-content\/uploads\/2023\/06\/ASupercoupe.jpg","type":"image\/jpeg"}],"author":"Jean Pierre BAWELA","twitter_card":"summary_large_image","twitter_misc":{"\u00c9crit par":"Jean Pierre BAWELA","Dur\u00e9e de lecture estim\u00e9e":"1 minute"},"schema":{"@context":"https:\/\/schema.org","@graph":[{"@type":"Article","@id":"https:\/\/macite.tg\/?p=6758#article","isPartOf":{"@id":"https:\/\/macite.tg\/?p=6758"},"author":{"name":"Jean Pierre BAWELA","@id":"https:\/\/macite.tg\/#\/schema\/person\/e9f2de7e5dbbe7770a9402c7ce82f5c2"},"headline":"COUPE DU MONDE DES CLUBS 2023\u00a0: Ce sera \u00e0 Djeddah, en Arabie Saoudite (FIFA)","datePublished":"2023-06-27T15:15:32+00:00","dateModified":"2023-06-27T15:17:13+00:00","mainEntityOfPage":{"@id":"https:\/\/macite.tg\/?p=6758"},"wordCount":220,"commentCount":0,"image":{"@id":"https:\/\/macite.tg\/?p=6758#primaryimage"},"thumbnailUrl":"https:\/\/macite.tg\/wp-content\/uploads\/2023\/06\/ASupercoupe.jpg","articleSection":["SPORTS"],"inLanguage":"fr-FR","potentialAction":[{"@type":"CommentAction","name":"Comment","target":["https:\/\/macite.tg\/?p=6758#respond"]}]},{"@type":"WebPage","@id":"https:\/\/macite.tg\/?p=6758","url":"https:\/\/macite.tg\/?p=6758","name":"COUPE DU MONDE DES CLUBS 2023\u00a0: Ce sera \u00e0 Djeddah, en Arabie Saoudite (FIFA) -","isPartOf":{"@id":"https:\/\/macite.tg\/#website"},"primaryImageOfPage":{"@id":"https:\/\/macite.tg\/?p=6758#primaryimage"},"image":{"@id":"https:\/\/macite.tg\/?p=6758#primaryimage"},"thumbnailUrl":"https:\/\/macite.tg\/wp-content\/uploads\/2023\/06\/ASupercoupe.jpg","datePublished":"2023-06-27T15:15:32+00:00","dateModified":"2023-06-27T15:17:13+00:00","author":{"@id":"https:\/\/macite.tg\/#\/schema\/person\/e9f2de7e5dbbe7770a9402c7ce82f5c2"},"breadcrumb":{"@id":"https:\/\/macite.tg\/?p=6758#breadcrumb"},"inLanguage":"fr-FR","potentialAction":[{"@type":"ReadAction","target":["https:\/\/macite.tg\/?p=6758"]}]},{"@type":"ImageObject","inLanguage":"fr-FR","@id":"https:\/\/macite.tg\/?p=6758#primaryimage","url":"https:\/\/macite.tg\/wp-content\/uploads\/2023\/06\/ASupercoupe.jpg","contentUrl":"https:\/\/macite.tg\/wp-content\/uploads\/2023\/06\/ASupercoupe.jpg","width":299,"height":169},{"@type":"BreadcrumbList","@id":"https:\/\/macite.tg\/?p=6758#breadcrumb","itemListElement":[{"@type":"ListItem","position":1,"name":"Accueil","item":"https:\/\/macite.tg\/"},{"@type":"ListItem","position":2,"name":"COUPE DU MONDE DES CLUBS 2023\u00a0: Ce sera \u00e0 Djeddah, en Arabie Saoudite (FIFA)"}]},{"@type":"WebSite","@id":"https:\/\/macite.tg\/#website","url":"https:\/\/macite.tg\/","name":"","description":"L&#039;information, la bonne!!!","potentialAction":[{"@type":"SearchAction","target":{"@type":"EntryPoint","urlTemplate":"https:\/\/macite.tg\/?s={search_term_string}"},"query-input":{"@type":"PropertyValueSpecification","valueRequired":true,"valueName":"search_term_string"}}],"inLanguage":"fr-FR"},{"@type":"Person","@id":"https:\/\/macite.tg\/#\/schema\/person\/e9f2de7e5dbbe7770a9402c7ce82f5c2","name":"Jean Pierre BAWELA","image":{"@type":"ImageObject","inLanguage":"fr-FR","@id":"https:\/\/macite.tg\/wp-content\/uploads\/2023\/09\/WhatsApp-Image-2023-09-19-at-14.44.41-122x122.jpeg","url":"https:\/\/macite.tg\/wp-content\/uploads\/2023\/09\/WhatsApp-Image-2023-09-19-at-14.44.41-122x122.jpeg","contentUrl":"https:\/\/macite.tg\/wp-content\/uploads\/2023\/09\/WhatsApp-Image-2023-09-19-at-14.44.41-122x122.jpeg","caption":"Jean Pierre BAWELA"},"url":"https:\/\/macite.tg\/?author=2"}]}},"_links":{"self":[{"href":"https:\/\/macite.tg\/index.php?rest_route=\/wp\/v2\/posts\/6758","targetHints":{"allow":["GET"]}}],"collection":[{"href":"https:\/\/macite.tg\/index.php?rest_route=\/wp\/v2\/posts"}],"about":[{"href":"https:\/\/macite.tg\/index.php?rest_route=\/wp\/v2\/types\/post"}],"author":[{"embeddable":true,"href":"https:\/\/macite.tg\/index.php?rest_route=\/wp\/v2\/users\/2"}],"replies":[{"embeddable":true,"href":"https:\/\/macite.tg\/index.php?rest_route=%2Fwp%2Fv2%2Fcomments&post=6758"}],"version-history":[{"count":0,"href":"https:\/\/macite.tg\/index.php?rest_route=\/wp\/v2\/posts\/6758\/revisions"}],"wp:featuredmedia":[{"embeddable":true,"href":"https:\/\/macite.tg\/index.php?rest_route=\/wp\/v2\/media\/6759"}],"wp:attachment":[{"href":"https:\/\/macite.tg\/index.php?rest_route=%2Fwp%2Fv2%2Fmedia&parent=6758"}],"wp:term":[{"taxonomy":"category","embeddable":true,"href":"https:\/\/macite.tg\/index.php?rest_route=%2Fwp%2Fv2%2Fcategories&post=6758"},{"taxonomy":"post_tag","embeddable":true,"href":"https:\/\/macite.tg\/index.php?rest_route=%2Fwp%2Fv2%2Ftags&post=6758"}],"curies":[{"name":"wp","href":"https:\/\/api.w.org\/{rel}","templated":true}]}}