{"id":6752,"date":"2023-06-27T12:42:45","date_gmt":"2023-06-27T12:42:45","guid":{"rendered":"https:\/\/macite.tg\/?p=6752"},"modified":"2023-06-27T12:42:58","modified_gmt":"2023-06-27T12:42:58","slug":"affaire-de-la-petite-josiane-entre-colere-et-indignations","status":"publish","type":"post","link":"https:\/\/macite.tg\/?p=6752","title":{"rendered":"AFFAIRE DE LA PETITE JOSIANE : Entre col\u00e8re et indignations&#8230;"},"content":{"rendered":"\n<p class=\"wp-block-paragraph\"><strong><em>Le 12 juin 2023 un drame inou\u00ef est survenu \u00e0 Lom\u00e9. Josiane, une petite fille de neuf ans, a \u00e9t\u00e9 violent\u00e9e, viol\u00e9e et \u00e9trangl\u00e9e par un homme \u00e2g\u00e9 de 47 ans. Un crime odieux et insoutenable que l&rsquo;opinion nationale a condamn\u00e9 sans r\u00e9serve.<\/em><\/strong><\/p>\n\n\n\n<p class=\"wp-block-paragraph\"><strong>Condamnation unanime<\/strong><\/p>\n\n\n\n<p class=\"wp-block-paragraph\">L&rsquo;indignation est g\u00e9n\u00e9rale face \u00e0 cet acte abominable qui rappelle malheureusement que, les enfants sont souvent des victimes impuissantes face aux pr\u00e9dateurs sexuels. Comment pouvons-nous prot\u00e9ger nos enfants de ces actes ignobles et inhumains ? Comment \u00e9viter qu&rsquo;un tel drame se reproduise ? De ces diff\u00e9rentes questions, le forum des femmes dans son communiqu\u00e9 r\u00e9plique que la premi\u00e8re r\u00e9ponse doit venir des autorit\u00e9s judiciaires qui doivent punir s\u00e9v\u00e8rement ces crimes odieux, afin d&rsquo;en dissuader les auteurs potentiels. La justice doit \u00eatre implacable pour faire comprendre que ce genre d&rsquo;actes n&rsquo;est pas tol\u00e9rable dans notre soci\u00e9t\u00e9, pr\u00e9cise-t-il.<\/p>\n\n\n\n<figure class=\"wp-block-image size-large\"><img loading=\"lazy\" decoding=\"async\" width=\"1024\" height=\"212\" src=\"https:\/\/macite.tg\/wp-content\/uploads\/2023\/06\/IMG-20230514-WA00962-4-1024x212.jpg\" alt=\"\" class=\"wp-image-6709\" srcset=\"https:\/\/macite.tg\/wp-content\/uploads\/2023\/06\/IMG-20230514-WA00962-4-1024x212.jpg 1024w, https:\/\/macite.tg\/wp-content\/uploads\/2023\/06\/IMG-20230514-WA00962-4-300x62.jpg 300w, https:\/\/macite.tg\/wp-content\/uploads\/2023\/06\/IMG-20230514-WA00962-4-768x159.jpg 768w, https:\/\/macite.tg\/wp-content\/uploads\/2023\/06\/IMG-20230514-WA00962-4-1536x318.jpg 1536w, https:\/\/macite.tg\/wp-content\/uploads\/2023\/06\/IMG-20230514-WA00962-4.jpg 1600w\" sizes=\"auto, (max-width: 1024px) 100vw, 1024px\" \/><\/figure>\n\n\n\n<p class=\"wp-block-paragraph\">Pour le forum, il faut sensibiliser davantage la population sur les fl\u00e9aux que constituent les crimes sexuels et les violences bas\u00e9es sur le genre, en multipliant les campagnes m\u00e9diatiques et \u00e9ducatives aupr\u00e8s des parents, les leaders d&rsquo;opinion, des enseignants, etc. Il faut apprendre aux enfants d\u00e8s leur plus jeune \u00e2ge \u00e0 reconna\u00eetre les situations dangereuses et leur donner confiance pour en parler avec leurs proches ou \u00e0 leurs professeurs en cas d&rsquo;un souci. Cet organisme souligne qu&rsquo;il est important que nous soyons tous vigilants pour d\u00e9tecter toute situation suspecte ou tout comportement inappropri\u00e9 vis-\u00e0-vis des mineurs et des jeunes filles en particulier.<\/p>\n\n\n\n<p class=\"wp-block-paragraph\">Dans un communiqu\u00e9, le forum des femmes pour la femme et l&rsquo;enfant affirme que, <em>\u00ab&nbsp;cet \u00e9v\u00e9nement tragique doit \u00eatre une prise de conscience collective quant \u00e0 la n\u00e9cessit\u00e9 absolue de mieux prot\u00e9ger nos enfants contre toutes formes de violence sexuelle&nbsp;\u00bb.<\/em>&nbsp;<\/p>\n\n\n\n<p class=\"wp-block-paragraph\">Soulignons que le Forum des femmes pour la femme et l&rsquo;enfant, est une plateforme cr\u00e9\u00e9e par les associations Femmes d&rsquo;Actions et C\u0153ur Solidaire pour servir de cadre de concertation et de mobilisation des organisations \u0153uvrant pour plus de protection de la femme et de l&rsquo;enfant, pour la lutte contre les VBG, et pour le leadership des femmes<em>. \u00ab&nbsp;Nous devons agir et s\u00e9vir quand il le faut pour que les crimes d&rsquo;ordre sexuel et les violences sous toutes leurs formes s&rsquo;arr\u00eatent. Nos enfants ont le droit de grandir dans un environnement sain et s\u00e9curis\u00e9&nbsp;\u00bb,<\/em> a indiqu\u00e9 le forum.<\/p>\n\n\n\n<p class=\"wp-block-paragraph\">Il faut dire que l&rsquo;annonce de ce drame a soulev\u00e9 un toll\u00e9 g\u00e9n\u00e9ral de col\u00e8re et d&rsquo;indignations au sein de l&rsquo;opinion nationale et aupr\u00e8s de diff\u00e9rentes organisations de la soci\u00e9t\u00e9 civile.&nbsp; La Commission nationale des droits de l&rsquo;homme (CNDH) condamne cet acte ignoble qui choque la conscience collective et souhaite une application juste et rigoureuse de la loi afin de dissuader et pr\u00e9venir de tels agissements.<\/p>\n\n\n\n<p class=\"wp-block-paragraph\">\u00a0\u00bb Une sanction s\u00e9v\u00e8re pour cet acte criminel d\u00e9couragera, nous en sommes convaincus, toutes les autres tentatives de graves abus sur les enfants dans notre pays et apaiserait, un tant soit peu, la peine des parents \u00ab\u00a0, a fait savoir le Collectif des organisations de la soci\u00e9t\u00e9 civile pour la justice aux victimes des violences bas\u00e9es sur le genre au Togo (COSC-J2VBG).<\/p>\n\n\n\n<p class=\"wp-block-paragraph\"><strong>Les faits<\/strong><\/p>\n\n\n\n<p class=\"wp-block-paragraph\"><em>\u00ab&nbsp;Nous sommes toutes les deux all\u00e9es \u00e0 mon service le matin. Vers 10H, je lui ai demand\u00e9 de retourner \u00e0 la maison se laver avant de revenir. Vers midi, j&rsquo;ai demand\u00e9 \u00e0 mon petit gar\u00e7on de cinq ans d&rsquo;aller \u00e0 la maison et l&rsquo;amener. Il revient me dire que sa s\u0153ur n&rsquo;est pas \u00e0 la maison. Je me suis demand\u00e9e o\u00f9 peut-elle \u00eatre ?\u00bb,<\/em> raconte la tante, tutrice de la petite Josiane \u00e0 nos cons\u0153urs de Afrikelles. Les recherches de Josiane seront infructueuses jusqu&rsquo;\u00e0 17 heures.<\/p>\n\n\n\n<p class=\"wp-block-paragraph\">A partir de ce moment, les choses vont aller tr\u00e8s vite. <em>\u00ab&nbsp;Il y a un garage de m\u00e9canique auto en face de notre domicile, l&rsquo;un des m\u00e9caniciens vient m&rsquo;appeler au bar (lieu de travail) de venir voir quelque chose et que c&rsquo;est urgent. Il m&rsquo;am\u00e8ne dans la maison voisine o\u00f9 j&rsquo;avais envoy\u00e9 mon gar\u00e7on.&nbsp; L\u00e0, on me montre ma ni\u00e8ce froide, dans le v\u00e9hicule du voisin que nous connaissons tr\u00e8s bien, me disant que la petite lui a cherch\u00e9 des probl\u00e8mes, qu&rsquo;il a gar\u00e9 son v\u00e9hicule et l&rsquo;enfant est venu rentrer dedans et mourir. Je lui ai demand\u00e9 que l&rsquo;enfant a d&rsquo;abord cherch\u00e9 quoi dans sa maison aujourd&rsquo;hui ? Il r\u00e9pond que c&rsquo;est lui qui lui avait fait appel, de venir l&rsquo;aider \u00e0 faire la vaisselle et pr\u00e9parer quelque chose \u00e0 manger. J&rsquo;ai cri\u00e9 et mes cris ont alert\u00e9 les voisins du quartier qui sont arriv\u00e9s et lui-m\u00eame est all\u00e9 appeler la police du 8\u00e8 arrondissement qui a fait le d\u00e9placement pour venir nous voir.<\/em><\/p>\n\n\n<div class=\"wp-block-image\">\n<figure class=\"aligncenter size-large is-resized\"><img loading=\"lazy\" decoding=\"async\" src=\"https:\/\/macite.tg\/wp-content\/uploads\/2023\/06\/Panneau-1-12m2-bis-2-1024x768.jpg\" alt=\"\" class=\"wp-image-6710\" width=\"560\" height=\"420\" srcset=\"https:\/\/macite.tg\/wp-content\/uploads\/2023\/06\/Panneau-1-12m2-bis-2-1024x768.jpg 1024w, https:\/\/macite.tg\/wp-content\/uploads\/2023\/06\/Panneau-1-12m2-bis-2-300x225.jpg 300w, https:\/\/macite.tg\/wp-content\/uploads\/2023\/06\/Panneau-1-12m2-bis-2-768x576.jpg 768w, https:\/\/macite.tg\/wp-content\/uploads\/2023\/06\/Panneau-1-12m2-bis-2-1536x1152.jpg 1536w, https:\/\/macite.tg\/wp-content\/uploads\/2023\/06\/Panneau-1-12m2-bis-2-2048x1536.jpg 2048w\" sizes=\"auto, (max-width: 560px) 100vw, 560px\" \/><\/figure>\n<\/div>\n\n\n<p class=\"wp-block-paragraph\"><em>Apr\u00e8s analyse du corps de l&rsquo;enfant par la police, on s&rsquo;est rendu compte que la petite a \u00e9t\u00e9 viol\u00e9e et vid\u00e9e de son sang. Cette histoire nous a train\u00e9 jusque tard dans la nuit parce que l&rsquo;affaire prend une dimension complexe avec ce que la police a d\u00e9couvert. C&rsquo;est vers 1H du mardi matin que le corps a \u00e9t\u00e9 d\u00e9pos\u00e9 \u00e0 la morgue. Nous attendons que la police fasse son travail et l&rsquo;on ira l&rsquo;inhumer&nbsp;\u00bb.<\/em> Un r\u00e9cit qui laisse coi.<\/p>\n\n\n\n<p class=\"wp-block-paragraph\">Le pr\u00e9sum\u00e9 coupable est mis aux arr\u00eats. Dans un post sur les r\u00e9seaux sociaux, le d\u00e9put\u00e9 Gerry Taama, l&rsquo;a qualifi\u00e9 d&rsquo;animal r\u00e9pugnant qui s&rsquo;est rendu coupable de trois crimes, tous naus\u00e9eux. Les s\u00e9vices sexuels, l&rsquo;assassinat, et le crime rituel. <em>\u00ab&nbsp;Ce monstre est une exception, et la soci\u00e9t\u00e9 doit s&rsquo;en d\u00e9barrasser&nbsp;\u00bb, <\/em>a \u00e9crit Gerry Taama.<\/p>\n\n\n\n<p class=\"wp-block-paragraph\"><strong>(In LE MEDIUM n\u00b0559 du 27 juin au 03 Juillet 2023)<\/strong><\/p>\n\n\n\n<p class=\"wp-block-paragraph\"><strong><em>@macite.tg&nbsp;&nbsp;&nbsp;&nbsp;&nbsp;&nbsp;&nbsp;&nbsp;<\/em><\/strong><\/p>\n\n\n\n<p class=\"wp-block-paragraph\"><strong><em>E-mail&nbsp;: <\/em><\/strong><a href=\"mailto:maciteinfo@gmail.com\"><strong><em>maciteinfo@gmail.com<\/em><\/strong><\/a><strong><em>; <\/em><\/strong><a href=\"mailto:bawela1@gmail.com\"><strong><em>bawela1@gmail.com<\/em><\/strong><\/a><strong><em><\/em><\/strong><\/p>\n\n\n\n<p class=\"wp-block-paragraph\"><strong><em>Pour vos annonces, (publi)reportages, etc., joignez nous au (00228)91515309\/<strong>79872224 <\/strong>www.macite.tg, L\u2019information, la bonne&nbsp;!<\/em><\/strong><\/p>\n","protected":false},"excerpt":{"rendered":"<p class=\"text-justify mb-2\" >Le 12 juin 2023 un drame inou\u00ef est survenu \u00e0 Lom\u00e9. Josiane, une petite fille de neuf ans, a \u00e9t\u00e9 violent\u00e9e, viol\u00e9e et \u00e9trangl\u00e9e par un homme \u00e2g\u00e9 de 47 ans. Un crime odieux et insoutenable que l&rsquo;opinion nationale a condamn\u00e9 sans r\u00e9serve. Condamnation unanime [&hellip;]<\/p>\n","protected":false},"author":2,"featured_media":6753,"comment_status":"open","ping_status":"open","sticky":false,"template":"","format":"standard","meta":{"footnotes":""},"categories":[26],"tags":[],"class_list":["post-6752","post","type-post","status-publish","format-standard","has-post-thumbnail","hentry","category-justice"],"yoast_head":"<!-- This site is optimized with the Yoast SEO plugin v28.4 - https:\/\/yoast.com\/product\/yoast-seo-wordpress\/ -->\n<title>AFFAIRE DE LA PETITE JOSIANE : Entre col\u00e8re et indignations... -<\/title>\n<meta name=\"robots\" content=\"index, follow, max-snippet:-1, max-image-preview:large, max-video-preview:-1\" \/>\n<link rel=\"canonical\" href=\"https:\/\/macite.tg\/?p=6752\" \/>\n<meta property=\"og:locale\" content=\"fr_FR\" \/>\n<meta property=\"og:type\" content=\"article\" \/>\n<meta property=\"og:title\" content=\"AFFAIRE DE LA PETITE JOSIANE : Entre col\u00e8re et indignations... -\" \/>\n<meta property=\"og:description\" content=\"Le 12 juin 2023 un drame inou\u00ef est survenu \u00e0 Lom\u00e9. Josiane, une petite fille de neuf ans, a \u00e9t\u00e9 violent\u00e9e, viol\u00e9e et \u00e9trangl\u00e9e par un homme \u00e2g\u00e9 de 47 ans. Un crime odieux et insoutenable que l&rsquo;opinion nationale a condamn\u00e9 sans r\u00e9serve. Condamnation unanime [&hellip;]\" \/>\n<meta property=\"og:url\" content=\"https:\/\/macite.tg\/?p=6752\" \/>\n<meta property=\"article:published_time\" content=\"2023-06-27T12:42:45+00:00\" \/>\n<meta property=\"article:modified_time\" content=\"2023-06-27T12:42:58+00:00\" \/>\n<meta property=\"og:image\" content=\"https:\/\/macite.tg\/wp-content\/uploads\/2023\/06\/colere.jpg\" \/>\n\t<meta property=\"og:image:width\" content=\"300\" \/>\n\t<meta property=\"og:image:height\" content=\"168\" \/>\n\t<meta property=\"og:image:type\" content=\"image\/jpeg\" \/>\n<meta name=\"author\" content=\"Jean Pierre BAWELA\" \/>\n<meta name=\"twitter:card\" content=\"summary_large_image\" \/>\n<meta name=\"twitter:label1\" content=\"\u00c9crit par\" \/>\n\t<meta name=\"twitter:data1\" content=\"Jean Pierre BAWELA\" \/>\n\t<meta name=\"twitter:label2\" content=\"Dur\u00e9e de lecture estim\u00e9e\" \/>\n\t<meta name=\"twitter:data2\" content=\"5 minutes\" \/>\n<script type=\"application\/ld+json\" class=\"yoast-schema-graph\">{\"@context\":\"https:\\\/\\\/schema.org\",\"@graph\":[{\"@type\":\"Article\",\"@id\":\"https:\\\/\\\/macite.tg\\\/?p=6752#article\",\"isPartOf\":{\"@id\":\"https:\\\/\\\/macite.tg\\\/?p=6752\"},\"author\":{\"name\":\"Jean Pierre BAWELA\",\"@id\":\"https:\\\/\\\/macite.tg\\\/#\\\/schema\\\/person\\\/e9f2de7e5dbbe7770a9402c7ce82f5c2\"},\"headline\":\"AFFAIRE DE LA PETITE JOSIANE : Entre col\u00e8re et indignations&#8230;\",\"datePublished\":\"2023-06-27T12:42:45+00:00\",\"dateModified\":\"2023-06-27T12:42:58+00:00\",\"mainEntityOfPage\":{\"@id\":\"https:\\\/\\\/macite.tg\\\/?p=6752\"},\"wordCount\":1064,\"commentCount\":0,\"image\":{\"@id\":\"https:\\\/\\\/macite.tg\\\/?p=6752#primaryimage\"},\"thumbnailUrl\":\"https:\\\/\\\/macite.tg\\\/wp-content\\\/uploads\\\/2023\\\/06\\\/colere.jpg\",\"articleSection\":[\"JUSTICE\"],\"inLanguage\":\"fr-FR\",\"potentialAction\":[{\"@type\":\"CommentAction\",\"name\":\"Comment\",\"target\":[\"https:\\\/\\\/macite.tg\\\/?p=6752#respond\"]}]},{\"@type\":\"WebPage\",\"@id\":\"https:\\\/\\\/macite.tg\\\/?p=6752\",\"url\":\"https:\\\/\\\/macite.tg\\\/?p=6752\",\"name\":\"AFFAIRE DE LA PETITE JOSIANE : Entre col\u00e8re et indignations... -\",\"isPartOf\":{\"@id\":\"https:\\\/\\\/macite.tg\\\/#website\"},\"primaryImageOfPage\":{\"@id\":\"https:\\\/\\\/macite.tg\\\/?p=6752#primaryimage\"},\"image\":{\"@id\":\"https:\\\/\\\/macite.tg\\\/?p=6752#primaryimage\"},\"thumbnailUrl\":\"https:\\\/\\\/macite.tg\\\/wp-content\\\/uploads\\\/2023\\\/06\\\/colere.jpg\",\"datePublished\":\"2023-06-27T12:42:45+00:00\",\"dateModified\":\"2023-06-27T12:42:58+00:00\",\"author\":{\"@id\":\"https:\\\/\\\/macite.tg\\\/#\\\/schema\\\/person\\\/e9f2de7e5dbbe7770a9402c7ce82f5c2\"},\"breadcrumb\":{\"@id\":\"https:\\\/\\\/macite.tg\\\/?p=6752#breadcrumb\"},\"inLanguage\":\"fr-FR\",\"potentialAction\":[{\"@type\":\"ReadAction\",\"target\":[\"https:\\\/\\\/macite.tg\\\/?p=6752\"]}]},{\"@type\":\"ImageObject\",\"inLanguage\":\"fr-FR\",\"@id\":\"https:\\\/\\\/macite.tg\\\/?p=6752#primaryimage\",\"url\":\"https:\\\/\\\/macite.tg\\\/wp-content\\\/uploads\\\/2023\\\/06\\\/colere.jpg\",\"contentUrl\":\"https:\\\/\\\/macite.tg\\\/wp-content\\\/uploads\\\/2023\\\/06\\\/colere.jpg\",\"width\":300,\"height\":168},{\"@type\":\"BreadcrumbList\",\"@id\":\"https:\\\/\\\/macite.tg\\\/?p=6752#breadcrumb\",\"itemListElement\":[{\"@type\":\"ListItem\",\"position\":1,\"name\":\"Accueil\",\"item\":\"https:\\\/\\\/macite.tg\\\/\"},{\"@type\":\"ListItem\",\"position\":2,\"name\":\"AFFAIRE DE LA PETITE JOSIANE : Entre col\u00e8re et indignations&#8230;\"}]},{\"@type\":\"WebSite\",\"@id\":\"https:\\\/\\\/macite.tg\\\/#website\",\"url\":\"https:\\\/\\\/macite.tg\\\/\",\"name\":\"\",\"description\":\"L&#039;information, la bonne!!!\",\"potentialAction\":[{\"@type\":\"SearchAction\",\"target\":{\"@type\":\"EntryPoint\",\"urlTemplate\":\"https:\\\/\\\/macite.tg\\\/?s={search_term_string}\"},\"query-input\":{\"@type\":\"PropertyValueSpecification\",\"valueRequired\":true,\"valueName\":\"search_term_string\"}}],\"inLanguage\":\"fr-FR\"},{\"@type\":\"Person\",\"@id\":\"https:\\\/\\\/macite.tg\\\/#\\\/schema\\\/person\\\/e9f2de7e5dbbe7770a9402c7ce82f5c2\",\"name\":\"Jean Pierre BAWELA\",\"image\":{\"@type\":\"ImageObject\",\"inLanguage\":\"fr-FR\",\"@id\":\"https:\\\/\\\/macite.tg\\\/wp-content\\\/uploads\\\/2023\\\/09\\\/WhatsApp-Image-2023-09-19-at-14.44.41-122x122.jpeg\",\"url\":\"https:\\\/\\\/macite.tg\\\/wp-content\\\/uploads\\\/2023\\\/09\\\/WhatsApp-Image-2023-09-19-at-14.44.41-122x122.jpeg\",\"contentUrl\":\"https:\\\/\\\/macite.tg\\\/wp-content\\\/uploads\\\/2023\\\/09\\\/WhatsApp-Image-2023-09-19-at-14.44.41-122x122.jpeg\",\"caption\":\"Jean Pierre BAWELA\"},\"url\":\"https:\\\/\\\/macite.tg\\\/?author=2\"}]}<\/script>\n<!-- \/ Yoast SEO plugin. -->","yoast_head_json":{"title":"AFFAIRE DE LA PETITE JOSIANE : Entre col\u00e8re et indignations... -","robots":{"index":"index","follow":"follow","max-snippet":"max-snippet:-1","max-image-preview":"max-image-preview:large","max-video-preview":"max-video-preview:-1"},"canonical":"https:\/\/macite.tg\/?p=6752","og_locale":"fr_FR","og_type":"article","og_title":"AFFAIRE DE LA PETITE JOSIANE : Entre col\u00e8re et indignations... -","og_description":"Le 12 juin 2023 un drame inou\u00ef est survenu \u00e0 Lom\u00e9. Josiane, une petite fille de neuf ans, a \u00e9t\u00e9 violent\u00e9e, viol\u00e9e et \u00e9trangl\u00e9e par un homme \u00e2g\u00e9 de 47 ans. Un crime odieux et insoutenable que l&rsquo;opinion nationale a condamn\u00e9 sans r\u00e9serve. Condamnation unanime [&hellip;]","og_url":"https:\/\/macite.tg\/?p=6752","article_published_time":"2023-06-27T12:42:45+00:00","article_modified_time":"2023-06-27T12:42:58+00:00","og_image":[{"width":300,"height":168,"url":"https:\/\/macite.tg\/wp-content\/uploads\/2023\/06\/colere.jpg","type":"image\/jpeg"}],"author":"Jean Pierre BAWELA","twitter_card":"summary_large_image","twitter_misc":{"\u00c9crit par":"Jean Pierre BAWELA","Dur\u00e9e de lecture estim\u00e9e":"5 minutes"},"schema":{"@context":"https:\/\/schema.org","@graph":[{"@type":"Article","@id":"https:\/\/macite.tg\/?p=6752#article","isPartOf":{"@id":"https:\/\/macite.tg\/?p=6752"},"author":{"name":"Jean Pierre BAWELA","@id":"https:\/\/macite.tg\/#\/schema\/person\/e9f2de7e5dbbe7770a9402c7ce82f5c2"},"headline":"AFFAIRE DE LA PETITE JOSIANE : Entre col\u00e8re et indignations&#8230;","datePublished":"2023-06-27T12:42:45+00:00","dateModified":"2023-06-27T12:42:58+00:00","mainEntityOfPage":{"@id":"https:\/\/macite.tg\/?p=6752"},"wordCount":1064,"commentCount":0,"image":{"@id":"https:\/\/macite.tg\/?p=6752#primaryimage"},"thumbnailUrl":"https:\/\/macite.tg\/wp-content\/uploads\/2023\/06\/colere.jpg","articleSection":["JUSTICE"],"inLanguage":"fr-FR","potentialAction":[{"@type":"CommentAction","name":"Comment","target":["https:\/\/macite.tg\/?p=6752#respond"]}]},{"@type":"WebPage","@id":"https:\/\/macite.tg\/?p=6752","url":"https:\/\/macite.tg\/?p=6752","name":"AFFAIRE DE LA PETITE JOSIANE : Entre col\u00e8re et indignations... -","isPartOf":{"@id":"https:\/\/macite.tg\/#website"},"primaryImageOfPage":{"@id":"https:\/\/macite.tg\/?p=6752#primaryimage"},"image":{"@id":"https:\/\/macite.tg\/?p=6752#primaryimage"},"thumbnailUrl":"https:\/\/macite.tg\/wp-content\/uploads\/2023\/06\/colere.jpg","datePublished":"2023-06-27T12:42:45+00:00","dateModified":"2023-06-27T12:42:58+00:00","author":{"@id":"https:\/\/macite.tg\/#\/schema\/person\/e9f2de7e5dbbe7770a9402c7ce82f5c2"},"breadcrumb":{"@id":"https:\/\/macite.tg\/?p=6752#breadcrumb"},"inLanguage":"fr-FR","potentialAction":[{"@type":"ReadAction","target":["https:\/\/macite.tg\/?p=6752"]}]},{"@type":"ImageObject","inLanguage":"fr-FR","@id":"https:\/\/macite.tg\/?p=6752#primaryimage","url":"https:\/\/macite.tg\/wp-content\/uploads\/2023\/06\/colere.jpg","contentUrl":"https:\/\/macite.tg\/wp-content\/uploads\/2023\/06\/colere.jpg","width":300,"height":168},{"@type":"BreadcrumbList","@id":"https:\/\/macite.tg\/?p=6752#breadcrumb","itemListElement":[{"@type":"ListItem","position":1,"name":"Accueil","item":"https:\/\/macite.tg\/"},{"@type":"ListItem","position":2,"name":"AFFAIRE DE LA PETITE JOSIANE : Entre col\u00e8re et indignations&#8230;"}]},{"@type":"WebSite","@id":"https:\/\/macite.tg\/#website","url":"https:\/\/macite.tg\/","name":"","description":"L&#039;information, la bonne!!!","potentialAction":[{"@type":"SearchAction","target":{"@type":"EntryPoint","urlTemplate":"https:\/\/macite.tg\/?s={search_term_string}"},"query-input":{"@type":"PropertyValueSpecification","valueRequired":true,"valueName":"search_term_string"}}],"inLanguage":"fr-FR"},{"@type":"Person","@id":"https:\/\/macite.tg\/#\/schema\/person\/e9f2de7e5dbbe7770a9402c7ce82f5c2","name":"Jean Pierre BAWELA","image":{"@type":"ImageObject","inLanguage":"fr-FR","@id":"https:\/\/macite.tg\/wp-content\/uploads\/2023\/09\/WhatsApp-Image-2023-09-19-at-14.44.41-122x122.jpeg","url":"https:\/\/macite.tg\/wp-content\/uploads\/2023\/09\/WhatsApp-Image-2023-09-19-at-14.44.41-122x122.jpeg","contentUrl":"https:\/\/macite.tg\/wp-content\/uploads\/2023\/09\/WhatsApp-Image-2023-09-19-at-14.44.41-122x122.jpeg","caption":"Jean Pierre BAWELA"},"url":"https:\/\/macite.tg\/?author=2"}]}},"_links":{"self":[{"href":"https:\/\/macite.tg\/index.php?rest_route=\/wp\/v2\/posts\/6752","targetHints":{"allow":["GET"]}}],"collection":[{"href":"https:\/\/macite.tg\/index.php?rest_route=\/wp\/v2\/posts"}],"about":[{"href":"https:\/\/macite.tg\/index.php?rest_route=\/wp\/v2\/types\/post"}],"author":[{"embeddable":true,"href":"https:\/\/macite.tg\/index.php?rest_route=\/wp\/v2\/users\/2"}],"replies":[{"embeddable":true,"href":"https:\/\/macite.tg\/index.php?rest_route=%2Fwp%2Fv2%2Fcomments&post=6752"}],"version-history":[{"count":0,"href":"https:\/\/macite.tg\/index.php?rest_route=\/wp\/v2\/posts\/6752\/revisions"}],"wp:featuredmedia":[{"embeddable":true,"href":"https:\/\/macite.tg\/index.php?rest_route=\/wp\/v2\/media\/6753"}],"wp:attachment":[{"href":"https:\/\/macite.tg\/index.php?rest_route=%2Fwp%2Fv2%2Fmedia&parent=6752"}],"wp:term":[{"taxonomy":"category","embeddable":true,"href":"https:\/\/macite.tg\/index.php?rest_route=%2Fwp%2Fv2%2Fcategories&post=6752"},{"taxonomy":"post_tag","embeddable":true,"href":"https:\/\/macite.tg\/index.php?rest_route=%2Fwp%2Fv2%2Ftags&post=6752"}],"curies":[{"name":"wp","href":"https:\/\/api.w.org\/{rel}","templated":true}]}}