{"id":6751,"date":"2023-06-27T12:50:15","date_gmt":"2023-06-27T12:50:15","guid":{"rendered":"https:\/\/macite.tg\/?p=6751"},"modified":"2023-06-27T17:30:08","modified_gmt":"2023-06-27T17:30:08","slug":"mise-en-oeuvre-de-la-zaap-dagnron-ave-le-president-faure-gnassingbe-seduit","status":"publish","type":"post","link":"https:\/\/macite.tg\/?p=6751","title":{"rendered":"MISE EN \u0152UVRE DE LA ZAAP D&rsquo;AGNRON (AVE)\u00a0: Le Pr\u00e9sident Faure Gnassingb\u00e9 s\u00e9duit \u2026"},"content":{"rendered":"\n<p class=\"wp-block-paragraph\"><\/p>\n\n\n\n<p class=\"wp-block-paragraph\"><strong><em>Le chef d&rsquo;\u00c9tat Faure GNASSINGBE a \u00e9t\u00e9 accueilli ce dimanche sur le site de la Zone d&rsquo;am\u00e9nagement agricole planifi\u00e9 (ZAAP) d&rsquo;Agnron, dans la pr\u00e9fecture de l&rsquo;Av\u00e9. C&rsquo;est pour toucher du doigt la r\u00e9ussite de la mise en \u0153uvre des Zones agricoles am\u00e9nag\u00e9es agricoles (ZAAP), dans la localit\u00e9.<\/em><\/strong><\/p>\n\n\n\n<p class=\"wp-block-paragraph\">Faure GNASSINGBE a saisi cette occasion pour \u00e9changer avec les producteurs, op\u00e9rant sur ladite ZAAP, depuis deux saisons d\u00e9j\u00e0. Le chef de l&rsquo;Etat s&rsquo;est \u00e9merveill\u00e9 du travail qui est fait par les producteurs agricoles sur la ZAAP. Il a \u00e9cout\u00e9 leurs dol\u00e9ances. Nous vous proposons le mot de circonstance du Pr\u00e9sident de la R\u00e9publique.<\/p>\n\n\n\n<figure class=\"wp-block-image size-large\"><img loading=\"lazy\" decoding=\"async\" width=\"1024\" height=\"212\" src=\"https:\/\/macite.tg\/wp-content\/uploads\/2023\/06\/IMG-20230514-WA00962-4-1024x212.jpg\" alt=\"\" class=\"wp-image-6709\" srcset=\"https:\/\/macite.tg\/wp-content\/uploads\/2023\/06\/IMG-20230514-WA00962-4-1024x212.jpg 1024w, https:\/\/macite.tg\/wp-content\/uploads\/2023\/06\/IMG-20230514-WA00962-4-300x62.jpg 300w, https:\/\/macite.tg\/wp-content\/uploads\/2023\/06\/IMG-20230514-WA00962-4-768x159.jpg 768w, https:\/\/macite.tg\/wp-content\/uploads\/2023\/06\/IMG-20230514-WA00962-4-1536x318.jpg 1536w, https:\/\/macite.tg\/wp-content\/uploads\/2023\/06\/IMG-20230514-WA00962-4.jpg 1600w\" sizes=\"auto, (max-width: 1024px) 100vw, 1024px\" \/><\/figure>\n\n\n\n<p class=\"wp-block-paragraph\"><em>\u00ab&nbsp;Nous voudrions vous dire notre reconnaissance. En D\u00e9cembre, pour le discours de fin d&rsquo;ann\u00e9e, j&rsquo;avais indiqu\u00e9 que nous voulons revoir notre mani\u00e8re de g\u00e9rer notre agriculture. Ceci parce que nous avons l&rsquo;impression que nous faisons des efforts depuis des ann\u00e9es, mais les r\u00e9sultats ne sont pas toujours au rendez-vous.<\/em><\/p>\n\n\n\n<p class=\"wp-block-paragraph\"><em>J&rsquo;ai expliqu\u00e9 que le Gouvernement n&rsquo;a pas la pr\u00e9tention d&rsquo;avoir la solution \u00e0 tous les probl\u00e8mes et que nous voulions aller \u00e0 la rencontre des producteurs agricoles pour les \u00e9couter aussi et ensemble, nous allons d\u00e9finir des solutions communes. Parce que nous avons le m\u00eame int\u00e9r\u00eat. Nous voulons avoir plus de production, nous voulons plus de revenus pour nos agriculteurs. C&rsquo;est pour cela que nous avons organis\u00e9 les FOPA. Et si les FOPAT ont \u00e9t\u00e9 bien organis\u00e9s, c&rsquo;est parce que vous avez cru en nous et vous avez exprim\u00e9 ce que vous vivez sur le terrain.<\/em><\/p>\n\n\n\n<p class=\"wp-block-paragraph\"><em>La premi\u00e8re le\u00e7on que nous avons tir\u00e9e, c&rsquo;\u00e9tait de dire que plut\u00f4t de continuer \u00e0 faire les ZAAP, c&rsquo;est de nous assurer que les ZAAP fonctionnent bien. Nous devons nous assurer que les 218 ZAAP fonctionnent bien. Parce que quand nous regardons de pr\u00eat, certaines ZAAP fonctionnent bien, d&rsquo;autres moins bien, pour diverses raisons. Donc commen\u00e7ons par des ZAAP d&rsquo;excellence. Commen\u00e7ons avec des ZAAP qui vont servir de mod\u00e8le \u00e0 toutes les autres.&nbsp;<\/em><\/p>\n\n\n<div class=\"wp-block-image\">\n<figure class=\"aligncenter size-large is-resized\"><img loading=\"lazy\" decoding=\"async\" src=\"https:\/\/macite.tg\/wp-content\/uploads\/2023\/06\/Panneau-1-12m2-bis-2-1024x768.jpg\" alt=\"\" class=\"wp-image-6710\" width=\"570\" height=\"428\" srcset=\"https:\/\/macite.tg\/wp-content\/uploads\/2023\/06\/Panneau-1-12m2-bis-2-1024x768.jpg 1024w, https:\/\/macite.tg\/wp-content\/uploads\/2023\/06\/Panneau-1-12m2-bis-2-300x225.jpg 300w, https:\/\/macite.tg\/wp-content\/uploads\/2023\/06\/Panneau-1-12m2-bis-2-768x576.jpg 768w, https:\/\/macite.tg\/wp-content\/uploads\/2023\/06\/Panneau-1-12m2-bis-2-1536x1152.jpg 1536w, https:\/\/macite.tg\/wp-content\/uploads\/2023\/06\/Panneau-1-12m2-bis-2-2048x1536.jpg 2048w\" sizes=\"auto, (max-width: 570px) 100vw, 570px\" \/><\/figure>\n<\/div>\n\n\n<p class=\"wp-block-paragraph\"><em>J&rsquo;ai \u00e9t\u00e9 tr\u00e8s impressionn\u00e9 le jour o\u00f9 j&rsquo;ai vu les images de vos champs. On m&rsquo;a dit votre d\u00e9vouement, le travail que vous abattez ici, j&rsquo;ai voulu imm\u00e9diatement venir vous voir. Mais on sait qu&rsquo;aucune \u0153uvre n&rsquo;est parfaite. Je pense qu&rsquo;en r\u00e9alisant ce que vous avez fait, vous avez connu des difficult\u00e9s. On a parl\u00e9 de la taille de la ZAAP et la volont\u00e9 de l&rsquo;agrandir&nbsp;\u00bb.&nbsp;<\/em><\/p>\n\n\n\n<p class=\"wp-block-paragraph\">C&rsquo;est avec une certaine fiert\u00e9 que les producteurs agricoles, op\u00e9rant sur le site de la ZAAP d&rsquo;Agron, ont \u00e9cout\u00e9 le Chef de l&rsquo;Etat leur dress\u00e9 des lauriers. Les propos de Faure Gnassingb\u00e9 ont \u00e9t\u00e9 souvent salu\u00e9s par des applaudissements, signe de l&rsquo;approbation des producteurs agricoles pr\u00e9sents \u00e0 cette rencontre, \u00e0 la politique agricole du Gouvernement.<\/p>\n\n\n\n<p class=\"wp-block-paragraph\">En effet, il veut faire du secteur, un levier de croissance \u00e9conomique en lien avec la feuille de route gouvernementale.<\/p>\n\n\n\n<p class=\"wp-block-paragraph\"><strong>Ali SAMBA (In LE MEDIUM n\u00b0559 du 27 juin au 03 Juillet 2023)<\/strong><\/p>\n\n\n\n<p class=\"wp-block-paragraph\"><strong><em>@macite.tg&nbsp;&nbsp;&nbsp;&nbsp;&nbsp;&nbsp;&nbsp;&nbsp;<\/em><\/strong><\/p>\n\n\n\n<p class=\"wp-block-paragraph\"><strong><em>E-mail&nbsp;: <\/em><\/strong><a href=\"mailto:maciteinfo@gmail.com\"><strong><em>maciteinfo@gmail.com<\/em><\/strong><\/a><strong><em>; <\/em><\/strong><a href=\"mailto:bawela1@gmail.com\"><strong><em>bawela1@gmail.com<\/em><\/strong><\/a><strong><em><\/em><\/strong><\/p>\n\n\n\n<p class=\"wp-block-paragraph\"><strong><em>Pour vos annonces, (publi)reportages, etc., joignez nous au (00228)91515309\/<strong>79872224 <\/strong>www.macite.tg, L\u2019information, la bonne&nbsp;!<\/em><\/strong><\/p>\n","protected":false},"excerpt":{"rendered":"<p class=\"text-justify mb-2\" >Le chef d&rsquo;\u00c9tat Faure GNASSINGBE a \u00e9t\u00e9 accueilli ce dimanche sur le site de la Zone d&rsquo;am\u00e9nagement agricole planifi\u00e9 (ZAAP) d&rsquo;Agnron, dans la pr\u00e9fecture de l&rsquo;Av\u00e9. C&rsquo;est pour toucher du doigt la r\u00e9ussite de la mise en \u0153uvre des Zones agricoles am\u00e9nag\u00e9es agricoles (ZAAP), dans [&hellip;]<\/p>\n","protected":false},"author":2,"featured_media":6771,"comment_status":"open","ping_status":"open","sticky":false,"template":"","format":"standard","meta":{"footnotes":""},"categories":[22],"tags":[],"class_list":["post-6751","post","type-post","status-publish","format-standard","has-post-thumbnail","hentry","category-agriculture"],"yoast_head":"<!-- This site is optimized with the Yoast SEO plugin v28.4 - https:\/\/yoast.com\/product\/yoast-seo-wordpress\/ -->\n<title>MISE EN \u0152UVRE DE LA ZAAP D&#039;AGNRON (AVE)\u00a0: Le Pr\u00e9sident Faure Gnassingb\u00e9 s\u00e9duit \u2026 -<\/title>\n<meta name=\"robots\" content=\"index, follow, max-snippet:-1, max-image-preview:large, max-video-preview:-1\" \/>\n<link rel=\"canonical\" href=\"https:\/\/macite.tg\/?p=6751\" \/>\n<meta property=\"og:locale\" content=\"fr_FR\" \/>\n<meta property=\"og:type\" content=\"article\" \/>\n<meta property=\"og:title\" content=\"MISE EN \u0152UVRE DE LA ZAAP D&#039;AGNRON (AVE)\u00a0: Le Pr\u00e9sident Faure Gnassingb\u00e9 s\u00e9duit \u2026 -\" \/>\n<meta property=\"og:description\" content=\"Le chef d&rsquo;\u00c9tat Faure GNASSINGBE a \u00e9t\u00e9 accueilli ce dimanche sur le site de la Zone d&rsquo;am\u00e9nagement agricole planifi\u00e9 (ZAAP) d&rsquo;Agnron, dans la pr\u00e9fecture de l&rsquo;Av\u00e9. C&rsquo;est pour toucher du doigt la r\u00e9ussite de la mise en \u0153uvre des Zones agricoles am\u00e9nag\u00e9es agricoles (ZAAP), dans [&hellip;]\" \/>\n<meta property=\"og:url\" content=\"https:\/\/macite.tg\/?p=6751\" \/>\n<meta property=\"article:published_time\" content=\"2023-06-27T12:50:15+00:00\" \/>\n<meta property=\"article:modified_time\" content=\"2023-06-27T17:30:08+00:00\" \/>\n<meta property=\"og:image\" content=\"https:\/\/macite.tg\/wp-content\/uploads\/2023\/06\/Agri-Ave.jpg\" \/>\n\t<meta property=\"og:image:width\" content=\"500\" \/>\n\t<meta property=\"og:image:height\" content=\"222\" \/>\n\t<meta property=\"og:image:type\" content=\"image\/jpeg\" \/>\n<meta name=\"author\" content=\"Jean Pierre BAWELA\" \/>\n<meta name=\"twitter:card\" content=\"summary_large_image\" \/>\n<meta name=\"twitter:label1\" content=\"\u00c9crit par\" \/>\n\t<meta name=\"twitter:data1\" content=\"Jean Pierre BAWELA\" \/>\n\t<meta name=\"twitter:label2\" content=\"Dur\u00e9e de lecture estim\u00e9e\" \/>\n\t<meta name=\"twitter:data2\" content=\"3 minutes\" \/>\n<script type=\"application\/ld+json\" class=\"yoast-schema-graph\">{\"@context\":\"https:\\\/\\\/schema.org\",\"@graph\":[{\"@type\":\"Article\",\"@id\":\"https:\\\/\\\/macite.tg\\\/?p=6751#article\",\"isPartOf\":{\"@id\":\"https:\\\/\\\/macite.tg\\\/?p=6751\"},\"author\":{\"name\":\"Jean Pierre BAWELA\",\"@id\":\"https:\\\/\\\/macite.tg\\\/#\\\/schema\\\/person\\\/e9f2de7e5dbbe7770a9402c7ce82f5c2\"},\"headline\":\"MISE EN \u0152UVRE DE LA ZAAP D&rsquo;AGNRON (AVE)\u00a0: Le Pr\u00e9sident Faure Gnassingb\u00e9 s\u00e9duit \u2026\",\"datePublished\":\"2023-06-27T12:50:15+00:00\",\"dateModified\":\"2023-06-27T17:30:08+00:00\",\"mainEntityOfPage\":{\"@id\":\"https:\\\/\\\/macite.tg\\\/?p=6751\"},\"wordCount\":588,\"commentCount\":0,\"image\":{\"@id\":\"https:\\\/\\\/macite.tg\\\/?p=6751#primaryimage\"},\"thumbnailUrl\":\"https:\\\/\\\/macite.tg\\\/wp-content\\\/uploads\\\/2023\\\/06\\\/Agri-Ave.jpg\",\"articleSection\":[\"AGRICULTURE\"],\"inLanguage\":\"fr-FR\",\"potentialAction\":[{\"@type\":\"CommentAction\",\"name\":\"Comment\",\"target\":[\"https:\\\/\\\/macite.tg\\\/?p=6751#respond\"]}]},{\"@type\":\"WebPage\",\"@id\":\"https:\\\/\\\/macite.tg\\\/?p=6751\",\"url\":\"https:\\\/\\\/macite.tg\\\/?p=6751\",\"name\":\"MISE EN \u0152UVRE DE LA ZAAP D'AGNRON (AVE)\u00a0: Le Pr\u00e9sident Faure Gnassingb\u00e9 s\u00e9duit \u2026 -\",\"isPartOf\":{\"@id\":\"https:\\\/\\\/macite.tg\\\/#website\"},\"primaryImageOfPage\":{\"@id\":\"https:\\\/\\\/macite.tg\\\/?p=6751#primaryimage\"},\"image\":{\"@id\":\"https:\\\/\\\/macite.tg\\\/?p=6751#primaryimage\"},\"thumbnailUrl\":\"https:\\\/\\\/macite.tg\\\/wp-content\\\/uploads\\\/2023\\\/06\\\/Agri-Ave.jpg\",\"datePublished\":\"2023-06-27T12:50:15+00:00\",\"dateModified\":\"2023-06-27T17:30:08+00:00\",\"author\":{\"@id\":\"https:\\\/\\\/macite.tg\\\/#\\\/schema\\\/person\\\/e9f2de7e5dbbe7770a9402c7ce82f5c2\"},\"breadcrumb\":{\"@id\":\"https:\\\/\\\/macite.tg\\\/?p=6751#breadcrumb\"},\"inLanguage\":\"fr-FR\",\"potentialAction\":[{\"@type\":\"ReadAction\",\"target\":[\"https:\\\/\\\/macite.tg\\\/?p=6751\"]}]},{\"@type\":\"ImageObject\",\"inLanguage\":\"fr-FR\",\"@id\":\"https:\\\/\\\/macite.tg\\\/?p=6751#primaryimage\",\"url\":\"https:\\\/\\\/macite.tg\\\/wp-content\\\/uploads\\\/2023\\\/06\\\/Agri-Ave.jpg\",\"contentUrl\":\"https:\\\/\\\/macite.tg\\\/wp-content\\\/uploads\\\/2023\\\/06\\\/Agri-Ave.jpg\",\"width\":500,\"height\":222},{\"@type\":\"BreadcrumbList\",\"@id\":\"https:\\\/\\\/macite.tg\\\/?p=6751#breadcrumb\",\"itemListElement\":[{\"@type\":\"ListItem\",\"position\":1,\"name\":\"Accueil\",\"item\":\"https:\\\/\\\/macite.tg\\\/\"},{\"@type\":\"ListItem\",\"position\":2,\"name\":\"MISE EN \u0152UVRE DE LA ZAAP D&rsquo;AGNRON (AVE)\u00a0: Le Pr\u00e9sident Faure Gnassingb\u00e9 s\u00e9duit \u2026\"}]},{\"@type\":\"WebSite\",\"@id\":\"https:\\\/\\\/macite.tg\\\/#website\",\"url\":\"https:\\\/\\\/macite.tg\\\/\",\"name\":\"\",\"description\":\"L&#039;information, la bonne!!!\",\"potentialAction\":[{\"@type\":\"SearchAction\",\"target\":{\"@type\":\"EntryPoint\",\"urlTemplate\":\"https:\\\/\\\/macite.tg\\\/?s={search_term_string}\"},\"query-input\":{\"@type\":\"PropertyValueSpecification\",\"valueRequired\":true,\"valueName\":\"search_term_string\"}}],\"inLanguage\":\"fr-FR\"},{\"@type\":\"Person\",\"@id\":\"https:\\\/\\\/macite.tg\\\/#\\\/schema\\\/person\\\/e9f2de7e5dbbe7770a9402c7ce82f5c2\",\"name\":\"Jean Pierre BAWELA\",\"image\":{\"@type\":\"ImageObject\",\"inLanguage\":\"fr-FR\",\"@id\":\"https:\\\/\\\/macite.tg\\\/wp-content\\\/uploads\\\/2023\\\/09\\\/WhatsApp-Image-2023-09-19-at-14.44.41-122x122.jpeg\",\"url\":\"https:\\\/\\\/macite.tg\\\/wp-content\\\/uploads\\\/2023\\\/09\\\/WhatsApp-Image-2023-09-19-at-14.44.41-122x122.jpeg\",\"contentUrl\":\"https:\\\/\\\/macite.tg\\\/wp-content\\\/uploads\\\/2023\\\/09\\\/WhatsApp-Image-2023-09-19-at-14.44.41-122x122.jpeg\",\"caption\":\"Jean Pierre BAWELA\"},\"url\":\"https:\\\/\\\/macite.tg\\\/?author=2\"}]}<\/script>\n<!-- \/ Yoast SEO plugin. -->","yoast_head_json":{"title":"MISE EN \u0152UVRE DE LA ZAAP D'AGNRON (AVE)\u00a0: Le Pr\u00e9sident Faure Gnassingb\u00e9 s\u00e9duit \u2026 -","robots":{"index":"index","follow":"follow","max-snippet":"max-snippet:-1","max-image-preview":"max-image-preview:large","max-video-preview":"max-video-preview:-1"},"canonical":"https:\/\/macite.tg\/?p=6751","og_locale":"fr_FR","og_type":"article","og_title":"MISE EN \u0152UVRE DE LA ZAAP D'AGNRON (AVE)\u00a0: Le Pr\u00e9sident Faure Gnassingb\u00e9 s\u00e9duit \u2026 -","og_description":"Le chef d&rsquo;\u00c9tat Faure GNASSINGBE a \u00e9t\u00e9 accueilli ce dimanche sur le site de la Zone d&rsquo;am\u00e9nagement agricole planifi\u00e9 (ZAAP) d&rsquo;Agnron, dans la pr\u00e9fecture de l&rsquo;Av\u00e9. C&rsquo;est pour toucher du doigt la r\u00e9ussite de la mise en \u0153uvre des Zones agricoles am\u00e9nag\u00e9es agricoles (ZAAP), dans [&hellip;]","og_url":"https:\/\/macite.tg\/?p=6751","article_published_time":"2023-06-27T12:50:15+00:00","article_modified_time":"2023-06-27T17:30:08+00:00","og_image":[{"width":500,"height":222,"url":"https:\/\/macite.tg\/wp-content\/uploads\/2023\/06\/Agri-Ave.jpg","type":"image\/jpeg"}],"author":"Jean Pierre BAWELA","twitter_card":"summary_large_image","twitter_misc":{"\u00c9crit par":"Jean Pierre BAWELA","Dur\u00e9e de lecture estim\u00e9e":"3 minutes"},"schema":{"@context":"https:\/\/schema.org","@graph":[{"@type":"Article","@id":"https:\/\/macite.tg\/?p=6751#article","isPartOf":{"@id":"https:\/\/macite.tg\/?p=6751"},"author":{"name":"Jean Pierre BAWELA","@id":"https:\/\/macite.tg\/#\/schema\/person\/e9f2de7e5dbbe7770a9402c7ce82f5c2"},"headline":"MISE EN \u0152UVRE DE LA ZAAP D&rsquo;AGNRON (AVE)\u00a0: Le Pr\u00e9sident Faure Gnassingb\u00e9 s\u00e9duit \u2026","datePublished":"2023-06-27T12:50:15+00:00","dateModified":"2023-06-27T17:30:08+00:00","mainEntityOfPage":{"@id":"https:\/\/macite.tg\/?p=6751"},"wordCount":588,"commentCount":0,"image":{"@id":"https:\/\/macite.tg\/?p=6751#primaryimage"},"thumbnailUrl":"https:\/\/macite.tg\/wp-content\/uploads\/2023\/06\/Agri-Ave.jpg","articleSection":["AGRICULTURE"],"inLanguage":"fr-FR","potentialAction":[{"@type":"CommentAction","name":"Comment","target":["https:\/\/macite.tg\/?p=6751#respond"]}]},{"@type":"WebPage","@id":"https:\/\/macite.tg\/?p=6751","url":"https:\/\/macite.tg\/?p=6751","name":"MISE EN \u0152UVRE DE LA ZAAP D'AGNRON (AVE)\u00a0: Le Pr\u00e9sident Faure Gnassingb\u00e9 s\u00e9duit \u2026 -","isPartOf":{"@id":"https:\/\/macite.tg\/#website"},"primaryImageOfPage":{"@id":"https:\/\/macite.tg\/?p=6751#primaryimage"},"image":{"@id":"https:\/\/macite.tg\/?p=6751#primaryimage"},"thumbnailUrl":"https:\/\/macite.tg\/wp-content\/uploads\/2023\/06\/Agri-Ave.jpg","datePublished":"2023-06-27T12:50:15+00:00","dateModified":"2023-06-27T17:30:08+00:00","author":{"@id":"https:\/\/macite.tg\/#\/schema\/person\/e9f2de7e5dbbe7770a9402c7ce82f5c2"},"breadcrumb":{"@id":"https:\/\/macite.tg\/?p=6751#breadcrumb"},"inLanguage":"fr-FR","potentialAction":[{"@type":"ReadAction","target":["https:\/\/macite.tg\/?p=6751"]}]},{"@type":"ImageObject","inLanguage":"fr-FR","@id":"https:\/\/macite.tg\/?p=6751#primaryimage","url":"https:\/\/macite.tg\/wp-content\/uploads\/2023\/06\/Agri-Ave.jpg","contentUrl":"https:\/\/macite.tg\/wp-content\/uploads\/2023\/06\/Agri-Ave.jpg","width":500,"height":222},{"@type":"BreadcrumbList","@id":"https:\/\/macite.tg\/?p=6751#breadcrumb","itemListElement":[{"@type":"ListItem","position":1,"name":"Accueil","item":"https:\/\/macite.tg\/"},{"@type":"ListItem","position":2,"name":"MISE EN \u0152UVRE DE LA ZAAP D&rsquo;AGNRON (AVE)\u00a0: Le Pr\u00e9sident Faure Gnassingb\u00e9 s\u00e9duit \u2026"}]},{"@type":"WebSite","@id":"https:\/\/macite.tg\/#website","url":"https:\/\/macite.tg\/","name":"","description":"L&#039;information, la bonne!!!","potentialAction":[{"@type":"SearchAction","target":{"@type":"EntryPoint","urlTemplate":"https:\/\/macite.tg\/?s={search_term_string}"},"query-input":{"@type":"PropertyValueSpecification","valueRequired":true,"valueName":"search_term_string"}}],"inLanguage":"fr-FR"},{"@type":"Person","@id":"https:\/\/macite.tg\/#\/schema\/person\/e9f2de7e5dbbe7770a9402c7ce82f5c2","name":"Jean Pierre BAWELA","image":{"@type":"ImageObject","inLanguage":"fr-FR","@id":"https:\/\/macite.tg\/wp-content\/uploads\/2023\/09\/WhatsApp-Image-2023-09-19-at-14.44.41-122x122.jpeg","url":"https:\/\/macite.tg\/wp-content\/uploads\/2023\/09\/WhatsApp-Image-2023-09-19-at-14.44.41-122x122.jpeg","contentUrl":"https:\/\/macite.tg\/wp-content\/uploads\/2023\/09\/WhatsApp-Image-2023-09-19-at-14.44.41-122x122.jpeg","caption":"Jean Pierre BAWELA"},"url":"https:\/\/macite.tg\/?author=2"}]}},"_links":{"self":[{"href":"https:\/\/macite.tg\/index.php?rest_route=\/wp\/v2\/posts\/6751","targetHints":{"allow":["GET"]}}],"collection":[{"href":"https:\/\/macite.tg\/index.php?rest_route=\/wp\/v2\/posts"}],"about":[{"href":"https:\/\/macite.tg\/index.php?rest_route=\/wp\/v2\/types\/post"}],"author":[{"embeddable":true,"href":"https:\/\/macite.tg\/index.php?rest_route=\/wp\/v2\/users\/2"}],"replies":[{"embeddable":true,"href":"https:\/\/macite.tg\/index.php?rest_route=%2Fwp%2Fv2%2Fcomments&post=6751"}],"version-history":[{"count":0,"href":"https:\/\/macite.tg\/index.php?rest_route=\/wp\/v2\/posts\/6751\/revisions"}],"wp:featuredmedia":[{"embeddable":true,"href":"https:\/\/macite.tg\/index.php?rest_route=\/wp\/v2\/media\/6771"}],"wp:attachment":[{"href":"https:\/\/macite.tg\/index.php?rest_route=%2Fwp%2Fv2%2Fmedia&parent=6751"}],"wp:term":[{"taxonomy":"category","embeddable":true,"href":"https:\/\/macite.tg\/index.php?rest_route=%2Fwp%2Fv2%2Fcategories&post=6751"},{"taxonomy":"post_tag","embeddable":true,"href":"https:\/\/macite.tg\/index.php?rest_route=%2Fwp%2Fv2%2Ftags&post=6751"}],"curies":[{"name":"wp","href":"https:\/\/api.w.org\/{rel}","templated":true}]}}