{"id":6742,"date":"2023-06-27T11:27:52","date_gmt":"2023-06-27T11:27:52","guid":{"rendered":"https:\/\/macite.tg\/?p=6742"},"modified":"2023-06-27T11:28:04","modified_gmt":"2023-06-27T11:28:04","slug":"en-vacances-au-senegal-pour-la-premiere-fois-sadio-mane-evoque-sa-bagarre-avec-leroy-sane","status":"publish","type":"post","link":"https:\/\/macite.tg\/?p=6742","title":{"rendered":"EN VACANCES AU S\u00c9N\u00c9GAL : Pour la premi\u00e8re fois, Sadio Man\u00e9 \u00e9voque sa bagarre avec Leroy San\u00e9"},"content":{"rendered":"\n<p class=\"wp-block-paragraph\"><\/p>\n\n\n\n<p class=\"wp-block-paragraph\"><strong><em>Auteur d\u2019un tr\u00e8s bon match en amical face au Br\u00e9sil, 4 buts \u00e0 2 en faveur du S\u00e9n\u00e9gal, la star des Lions de la Tenranga, Sadio Man\u00e9, actuellement en vacances au S\u00e9n\u00e9gal, a accord\u00e9 une interview \u00e0 nos confr\u00e8res de 2STV.<\/em><\/strong><\/p>\n\n\n\n<p class=\"wp-block-paragraph\"><em>\u00ab&nbsp;\u00c7a se passe bien. Je suis avec la famille et, en m\u00eame temps, je me repose. C\u2019\u00e9tait une saison tr\u00e8s compliqu\u00e9e, mais \u00e7a arrive parfois dans la vie d\u2019un \u00eatre humain, comme moi. Ce n\u2019est pas une surprise parce que je m\u2019attendais que les choses soient un peu compliqu\u00e9es.<\/em><\/p>\n\n\n<div class=\"wp-block-image\">\n<figure class=\"aligncenter size-large is-resized\"><img loading=\"lazy\" decoding=\"async\" src=\"https:\/\/macite.tg\/wp-content\/uploads\/2023\/06\/Panneau-1-12m2-bis-2-1024x768.jpg\" alt=\"\" class=\"wp-image-6710\" width=\"536\" height=\"402\" srcset=\"https:\/\/macite.tg\/wp-content\/uploads\/2023\/06\/Panneau-1-12m2-bis-2-1024x768.jpg 1024w, https:\/\/macite.tg\/wp-content\/uploads\/2023\/06\/Panneau-1-12m2-bis-2-300x225.jpg 300w, https:\/\/macite.tg\/wp-content\/uploads\/2023\/06\/Panneau-1-12m2-bis-2-768x576.jpg 768w, https:\/\/macite.tg\/wp-content\/uploads\/2023\/06\/Panneau-1-12m2-bis-2-1536x1152.jpg 1536w, https:\/\/macite.tg\/wp-content\/uploads\/2023\/06\/Panneau-1-12m2-bis-2-2048x1536.jpg 2048w\" sizes=\"auto, (max-width: 536px) 100vw, 536px\" \/><\/figure>\n<\/div>\n\n\n<p class=\"wp-block-paragraph\"><em>C\u2019est normal. Nous sommes des footballeurs qui aiment relever les d\u00e9fis, et le Bayern est un gros d\u00e9fi. C\u2019est \u00e0 moi de tout faire pour relever ce d\u00e9fi<\/em>&nbsp;\u00bb, a-t-il d\u00e9clar\u00e9 concernant ses vacances.<\/p>\n\n\n\n<p class=\"wp-block-paragraph\">Dans son argumentaire, Sadio Man\u00e9 est revenu, pour la premi\u00e8re fois, sur son altercation avec Leroy San\u00e9. \u00ab&nbsp;<em>Je n\u2019ai jamais aim\u00e9 le confort. Mais ce genre d\u2019incident peut arriver. C\u2019est pass\u00e9&nbsp;! On a pu r\u00e9gler ce petit probl\u00e8me.<\/em><\/p>\n\n\n\n<p class=\"wp-block-paragraph\"><em>D\u00e8s fois, c\u2019est bien de r\u00e9gler certains probl\u00e8mes, mais peut-\u00eatre pas avec cette mani\u00e8re. C\u2019est derni\u00e8re nous. Maintenant, on va essayer de se battre, tous ensemble, pour aider le club \u00e0 atteindre ses objectifs la saison prochaine&nbsp;\u00bb<\/em>.<\/p>\n\n\n\n<figure class=\"wp-block-image size-large\"><img loading=\"lazy\" decoding=\"async\" width=\"1024\" height=\"212\" src=\"https:\/\/macite.tg\/wp-content\/uploads\/2023\/06\/IMG-20230514-WA00962-4-1024x212.jpg\" alt=\"\" class=\"wp-image-6709\" srcset=\"https:\/\/macite.tg\/wp-content\/uploads\/2023\/06\/IMG-20230514-WA00962-4-1024x212.jpg 1024w, https:\/\/macite.tg\/wp-content\/uploads\/2023\/06\/IMG-20230514-WA00962-4-300x62.jpg 300w, https:\/\/macite.tg\/wp-content\/uploads\/2023\/06\/IMG-20230514-WA00962-4-768x159.jpg 768w, https:\/\/macite.tg\/wp-content\/uploads\/2023\/06\/IMG-20230514-WA00962-4-1536x318.jpg 1536w, https:\/\/macite.tg\/wp-content\/uploads\/2023\/06\/IMG-20230514-WA00962-4.jpg 1600w\" sizes=\"auto, (max-width: 1024px) 100vw, 1024px\" \/><\/figure>\n\n\n\n<p class=\"wp-block-paragraph\">Sadio Man\u00e9 a enfin \u00e9voqu\u00e9 son avenir, alors que les rumeurs, sur une suppos\u00e9e offre que des clubs saoudiens lui auraient faites, vont bon train. Le Ballon d\u2019Or africain en titre est cat\u00e9gorique : \u00ab&nbsp;<em>Si tout va bien, je vais retourner au Bayern<\/em>&nbsp;\u00bb.<\/p>\n\n\n\n<p class=\"wp-block-paragraph\"><strong>Avec SeneNews<\/strong><\/p>\n\n\n\n<p class=\"wp-block-paragraph\"><strong><em>@macite.tg&nbsp;&nbsp;&nbsp;&nbsp;&nbsp;&nbsp;&nbsp;&nbsp;<\/em><\/strong><\/p>\n\n\n\n<p class=\"wp-block-paragraph\"><strong><em>E-mail&nbsp;: <\/em><\/strong><a href=\"mailto:maciteinfo@gmail.com\"><strong><em>maciteinfo@gmail.com<\/em><\/strong><\/a><strong><em>; <\/em><\/strong><a href=\"mailto:bawela1@gmail.com\"><strong><em>bawela1@gmail.com<\/em><\/strong><\/a><strong><em><\/em><\/strong><\/p>\n\n\n\n<p class=\"wp-block-paragraph\"><strong><em>Pour vos annonces, (publi)reportages, etc., joignez nous au (00228)91515309\/<strong>79872224 <\/strong>www.macite.tg, L\u2019information, la bonne&nbsp;!<\/em><\/strong><\/p>\n","protected":false},"excerpt":{"rendered":"<p class=\"text-justify mb-2\" >Auteur d\u2019un tr\u00e8s bon match en amical face au Br\u00e9sil, 4 buts \u00e0 2 en faveur du S\u00e9n\u00e9gal, la star des Lions de la Tenranga, Sadio Man\u00e9, actuellement en vacances au S\u00e9n\u00e9gal, a accord\u00e9 une interview \u00e0 nos confr\u00e8res de 2STV. \u00ab&nbsp;\u00c7a se passe bien. [&hellip;]<\/p>\n","protected":false},"author":2,"featured_media":6744,"comment_status":"open","ping_status":"open","sticky":false,"template":"","format":"standard","meta":{"footnotes":""},"categories":[7],"tags":[],"class_list":["post-6742","post","type-post","status-publish","format-standard","has-post-thumbnail","hentry","category-sports"],"yoast_head":"<!-- This site is optimized with the Yoast SEO plugin v28.4 - https:\/\/yoast.com\/product\/yoast-seo-wordpress\/ -->\n<title>EN VACANCES AU S\u00c9N\u00c9GAL : Pour la premi\u00e8re fois, Sadio Man\u00e9 \u00e9voque sa bagarre avec Leroy San\u00e9 -<\/title>\n<meta name=\"robots\" content=\"index, follow, max-snippet:-1, max-image-preview:large, max-video-preview:-1\" \/>\n<link rel=\"canonical\" href=\"https:\/\/macite.tg\/?p=6742\" \/>\n<meta property=\"og:locale\" content=\"fr_FR\" \/>\n<meta property=\"og:type\" content=\"article\" \/>\n<meta property=\"og:title\" content=\"EN VACANCES AU S\u00c9N\u00c9GAL : Pour la premi\u00e8re fois, Sadio Man\u00e9 \u00e9voque sa bagarre avec Leroy San\u00e9 -\" \/>\n<meta property=\"og:description\" content=\"Auteur d\u2019un tr\u00e8s bon match en amical face au Br\u00e9sil, 4 buts \u00e0 2 en faveur du S\u00e9n\u00e9gal, la star des Lions de la Tenranga, Sadio Man\u00e9, actuellement en vacances au S\u00e9n\u00e9gal, a accord\u00e9 une interview \u00e0 nos confr\u00e8res de 2STV. \u00ab&nbsp;\u00c7a se passe bien. [&hellip;]\" \/>\n<meta property=\"og:url\" content=\"https:\/\/macite.tg\/?p=6742\" \/>\n<meta property=\"article:published_time\" content=\"2023-06-27T11:27:52+00:00\" \/>\n<meta property=\"article:modified_time\" content=\"2023-06-27T11:28:04+00:00\" \/>\n<meta property=\"og:image\" content=\"https:\/\/macite.tg\/wp-content\/uploads\/2023\/06\/sadio-mane.jpg\" \/>\n\t<meta property=\"og:image:width\" content=\"1058\" \/>\n\t<meta property=\"og:image:height\" content=\"647\" \/>\n\t<meta property=\"og:image:type\" content=\"image\/jpeg\" \/>\n<meta name=\"author\" content=\"Jean Pierre BAWELA\" \/>\n<meta name=\"twitter:card\" content=\"summary_large_image\" \/>\n<meta name=\"twitter:label1\" content=\"\u00c9crit par\" \/>\n\t<meta name=\"twitter:data1\" content=\"Jean Pierre BAWELA\" \/>\n\t<meta name=\"twitter:label2\" content=\"Dur\u00e9e de lecture estim\u00e9e\" \/>\n\t<meta name=\"twitter:data2\" content=\"2 minutes\" \/>\n<script type=\"application\/ld+json\" class=\"yoast-schema-graph\">{\"@context\":\"https:\\\/\\\/schema.org\",\"@graph\":[{\"@type\":\"Article\",\"@id\":\"https:\\\/\\\/macite.tg\\\/?p=6742#article\",\"isPartOf\":{\"@id\":\"https:\\\/\\\/macite.tg\\\/?p=6742\"},\"author\":{\"name\":\"Jean Pierre BAWELA\",\"@id\":\"https:\\\/\\\/macite.tg\\\/#\\\/schema\\\/person\\\/e9f2de7e5dbbe7770a9402c7ce82f5c2\"},\"headline\":\"EN VACANCES AU S\u00c9N\u00c9GAL : Pour la premi\u00e8re fois, Sadio Man\u00e9 \u00e9voque sa bagarre avec Leroy San\u00e9\",\"datePublished\":\"2023-06-27T11:27:52+00:00\",\"dateModified\":\"2023-06-27T11:28:04+00:00\",\"mainEntityOfPage\":{\"@id\":\"https:\\\/\\\/macite.tg\\\/?p=6742\"},\"wordCount\":336,\"commentCount\":0,\"image\":{\"@id\":\"https:\\\/\\\/macite.tg\\\/?p=6742#primaryimage\"},\"thumbnailUrl\":\"https:\\\/\\\/macite.tg\\\/wp-content\\\/uploads\\\/2023\\\/06\\\/sadio-mane.jpg\",\"articleSection\":[\"SPORTS\"],\"inLanguage\":\"fr-FR\",\"potentialAction\":[{\"@type\":\"CommentAction\",\"name\":\"Comment\",\"target\":[\"https:\\\/\\\/macite.tg\\\/?p=6742#respond\"]}]},{\"@type\":\"WebPage\",\"@id\":\"https:\\\/\\\/macite.tg\\\/?p=6742\",\"url\":\"https:\\\/\\\/macite.tg\\\/?p=6742\",\"name\":\"EN VACANCES AU S\u00c9N\u00c9GAL : Pour la premi\u00e8re fois, Sadio Man\u00e9 \u00e9voque sa bagarre avec Leroy San\u00e9 -\",\"isPartOf\":{\"@id\":\"https:\\\/\\\/macite.tg\\\/#website\"},\"primaryImageOfPage\":{\"@id\":\"https:\\\/\\\/macite.tg\\\/?p=6742#primaryimage\"},\"image\":{\"@id\":\"https:\\\/\\\/macite.tg\\\/?p=6742#primaryimage\"},\"thumbnailUrl\":\"https:\\\/\\\/macite.tg\\\/wp-content\\\/uploads\\\/2023\\\/06\\\/sadio-mane.jpg\",\"datePublished\":\"2023-06-27T11:27:52+00:00\",\"dateModified\":\"2023-06-27T11:28:04+00:00\",\"author\":{\"@id\":\"https:\\\/\\\/macite.tg\\\/#\\\/schema\\\/person\\\/e9f2de7e5dbbe7770a9402c7ce82f5c2\"},\"breadcrumb\":{\"@id\":\"https:\\\/\\\/macite.tg\\\/?p=6742#breadcrumb\"},\"inLanguage\":\"fr-FR\",\"potentialAction\":[{\"@type\":\"ReadAction\",\"target\":[\"https:\\\/\\\/macite.tg\\\/?p=6742\"]}]},{\"@type\":\"ImageObject\",\"inLanguage\":\"fr-FR\",\"@id\":\"https:\\\/\\\/macite.tg\\\/?p=6742#primaryimage\",\"url\":\"https:\\\/\\\/macite.tg\\\/wp-content\\\/uploads\\\/2023\\\/06\\\/sadio-mane.jpg\",\"contentUrl\":\"https:\\\/\\\/macite.tg\\\/wp-content\\\/uploads\\\/2023\\\/06\\\/sadio-mane.jpg\",\"width\":1058,\"height\":647},{\"@type\":\"BreadcrumbList\",\"@id\":\"https:\\\/\\\/macite.tg\\\/?p=6742#breadcrumb\",\"itemListElement\":[{\"@type\":\"ListItem\",\"position\":1,\"name\":\"Accueil\",\"item\":\"https:\\\/\\\/macite.tg\\\/\"},{\"@type\":\"ListItem\",\"position\":2,\"name\":\"EN VACANCES AU S\u00c9N\u00c9GAL : Pour la premi\u00e8re fois, Sadio Man\u00e9 \u00e9voque sa bagarre avec Leroy San\u00e9\"}]},{\"@type\":\"WebSite\",\"@id\":\"https:\\\/\\\/macite.tg\\\/#website\",\"url\":\"https:\\\/\\\/macite.tg\\\/\",\"name\":\"\",\"description\":\"L&#039;information, la bonne!!!\",\"potentialAction\":[{\"@type\":\"SearchAction\",\"target\":{\"@type\":\"EntryPoint\",\"urlTemplate\":\"https:\\\/\\\/macite.tg\\\/?s={search_term_string}\"},\"query-input\":{\"@type\":\"PropertyValueSpecification\",\"valueRequired\":true,\"valueName\":\"search_term_string\"}}],\"inLanguage\":\"fr-FR\"},{\"@type\":\"Person\",\"@id\":\"https:\\\/\\\/macite.tg\\\/#\\\/schema\\\/person\\\/e9f2de7e5dbbe7770a9402c7ce82f5c2\",\"name\":\"Jean Pierre BAWELA\",\"image\":{\"@type\":\"ImageObject\",\"inLanguage\":\"fr-FR\",\"@id\":\"https:\\\/\\\/macite.tg\\\/wp-content\\\/uploads\\\/2023\\\/09\\\/WhatsApp-Image-2023-09-19-at-14.44.41-122x122.jpeg\",\"url\":\"https:\\\/\\\/macite.tg\\\/wp-content\\\/uploads\\\/2023\\\/09\\\/WhatsApp-Image-2023-09-19-at-14.44.41-122x122.jpeg\",\"contentUrl\":\"https:\\\/\\\/macite.tg\\\/wp-content\\\/uploads\\\/2023\\\/09\\\/WhatsApp-Image-2023-09-19-at-14.44.41-122x122.jpeg\",\"caption\":\"Jean Pierre BAWELA\"},\"url\":\"https:\\\/\\\/macite.tg\\\/?author=2\"}]}<\/script>\n<!-- \/ Yoast SEO plugin. -->","yoast_head_json":{"title":"EN VACANCES AU S\u00c9N\u00c9GAL : Pour la premi\u00e8re fois, Sadio Man\u00e9 \u00e9voque sa bagarre avec Leroy San\u00e9 -","robots":{"index":"index","follow":"follow","max-snippet":"max-snippet:-1","max-image-preview":"max-image-preview:large","max-video-preview":"max-video-preview:-1"},"canonical":"https:\/\/macite.tg\/?p=6742","og_locale":"fr_FR","og_type":"article","og_title":"EN VACANCES AU S\u00c9N\u00c9GAL : Pour la premi\u00e8re fois, Sadio Man\u00e9 \u00e9voque sa bagarre avec Leroy San\u00e9 -","og_description":"Auteur d\u2019un tr\u00e8s bon match en amical face au Br\u00e9sil, 4 buts \u00e0 2 en faveur du S\u00e9n\u00e9gal, la star des Lions de la Tenranga, Sadio Man\u00e9, actuellement en vacances au S\u00e9n\u00e9gal, a accord\u00e9 une interview \u00e0 nos confr\u00e8res de 2STV. \u00ab&nbsp;\u00c7a se passe bien. [&hellip;]","og_url":"https:\/\/macite.tg\/?p=6742","article_published_time":"2023-06-27T11:27:52+00:00","article_modified_time":"2023-06-27T11:28:04+00:00","og_image":[{"width":1058,"height":647,"url":"https:\/\/macite.tg\/wp-content\/uploads\/2023\/06\/sadio-mane.jpg","type":"image\/jpeg"}],"author":"Jean Pierre BAWELA","twitter_card":"summary_large_image","twitter_misc":{"\u00c9crit par":"Jean Pierre BAWELA","Dur\u00e9e de lecture estim\u00e9e":"2 minutes"},"schema":{"@context":"https:\/\/schema.org","@graph":[{"@type":"Article","@id":"https:\/\/macite.tg\/?p=6742#article","isPartOf":{"@id":"https:\/\/macite.tg\/?p=6742"},"author":{"name":"Jean Pierre BAWELA","@id":"https:\/\/macite.tg\/#\/schema\/person\/e9f2de7e5dbbe7770a9402c7ce82f5c2"},"headline":"EN VACANCES AU S\u00c9N\u00c9GAL : Pour la premi\u00e8re fois, Sadio Man\u00e9 \u00e9voque sa bagarre avec Leroy San\u00e9","datePublished":"2023-06-27T11:27:52+00:00","dateModified":"2023-06-27T11:28:04+00:00","mainEntityOfPage":{"@id":"https:\/\/macite.tg\/?p=6742"},"wordCount":336,"commentCount":0,"image":{"@id":"https:\/\/macite.tg\/?p=6742#primaryimage"},"thumbnailUrl":"https:\/\/macite.tg\/wp-content\/uploads\/2023\/06\/sadio-mane.jpg","articleSection":["SPORTS"],"inLanguage":"fr-FR","potentialAction":[{"@type":"CommentAction","name":"Comment","target":["https:\/\/macite.tg\/?p=6742#respond"]}]},{"@type":"WebPage","@id":"https:\/\/macite.tg\/?p=6742","url":"https:\/\/macite.tg\/?p=6742","name":"EN VACANCES AU S\u00c9N\u00c9GAL : Pour la premi\u00e8re fois, Sadio Man\u00e9 \u00e9voque sa bagarre avec Leroy San\u00e9 -","isPartOf":{"@id":"https:\/\/macite.tg\/#website"},"primaryImageOfPage":{"@id":"https:\/\/macite.tg\/?p=6742#primaryimage"},"image":{"@id":"https:\/\/macite.tg\/?p=6742#primaryimage"},"thumbnailUrl":"https:\/\/macite.tg\/wp-content\/uploads\/2023\/06\/sadio-mane.jpg","datePublished":"2023-06-27T11:27:52+00:00","dateModified":"2023-06-27T11:28:04+00:00","author":{"@id":"https:\/\/macite.tg\/#\/schema\/person\/e9f2de7e5dbbe7770a9402c7ce82f5c2"},"breadcrumb":{"@id":"https:\/\/macite.tg\/?p=6742#breadcrumb"},"inLanguage":"fr-FR","potentialAction":[{"@type":"ReadAction","target":["https:\/\/macite.tg\/?p=6742"]}]},{"@type":"ImageObject","inLanguage":"fr-FR","@id":"https:\/\/macite.tg\/?p=6742#primaryimage","url":"https:\/\/macite.tg\/wp-content\/uploads\/2023\/06\/sadio-mane.jpg","contentUrl":"https:\/\/macite.tg\/wp-content\/uploads\/2023\/06\/sadio-mane.jpg","width":1058,"height":647},{"@type":"BreadcrumbList","@id":"https:\/\/macite.tg\/?p=6742#breadcrumb","itemListElement":[{"@type":"ListItem","position":1,"name":"Accueil","item":"https:\/\/macite.tg\/"},{"@type":"ListItem","position":2,"name":"EN VACANCES AU S\u00c9N\u00c9GAL : Pour la premi\u00e8re fois, Sadio Man\u00e9 \u00e9voque sa bagarre avec Leroy San\u00e9"}]},{"@type":"WebSite","@id":"https:\/\/macite.tg\/#website","url":"https:\/\/macite.tg\/","name":"","description":"L&#039;information, la bonne!!!","potentialAction":[{"@type":"SearchAction","target":{"@type":"EntryPoint","urlTemplate":"https:\/\/macite.tg\/?s={search_term_string}"},"query-input":{"@type":"PropertyValueSpecification","valueRequired":true,"valueName":"search_term_string"}}],"inLanguage":"fr-FR"},{"@type":"Person","@id":"https:\/\/macite.tg\/#\/schema\/person\/e9f2de7e5dbbe7770a9402c7ce82f5c2","name":"Jean Pierre BAWELA","image":{"@type":"ImageObject","inLanguage":"fr-FR","@id":"https:\/\/macite.tg\/wp-content\/uploads\/2023\/09\/WhatsApp-Image-2023-09-19-at-14.44.41-122x122.jpeg","url":"https:\/\/macite.tg\/wp-content\/uploads\/2023\/09\/WhatsApp-Image-2023-09-19-at-14.44.41-122x122.jpeg","contentUrl":"https:\/\/macite.tg\/wp-content\/uploads\/2023\/09\/WhatsApp-Image-2023-09-19-at-14.44.41-122x122.jpeg","caption":"Jean Pierre BAWELA"},"url":"https:\/\/macite.tg\/?author=2"}]}},"_links":{"self":[{"href":"https:\/\/macite.tg\/index.php?rest_route=\/wp\/v2\/posts\/6742","targetHints":{"allow":["GET"]}}],"collection":[{"href":"https:\/\/macite.tg\/index.php?rest_route=\/wp\/v2\/posts"}],"about":[{"href":"https:\/\/macite.tg\/index.php?rest_route=\/wp\/v2\/types\/post"}],"author":[{"embeddable":true,"href":"https:\/\/macite.tg\/index.php?rest_route=\/wp\/v2\/users\/2"}],"replies":[{"embeddable":true,"href":"https:\/\/macite.tg\/index.php?rest_route=%2Fwp%2Fv2%2Fcomments&post=6742"}],"version-history":[{"count":0,"href":"https:\/\/macite.tg\/index.php?rest_route=\/wp\/v2\/posts\/6742\/revisions"}],"wp:featuredmedia":[{"embeddable":true,"href":"https:\/\/macite.tg\/index.php?rest_route=\/wp\/v2\/media\/6744"}],"wp:attachment":[{"href":"https:\/\/macite.tg\/index.php?rest_route=%2Fwp%2Fv2%2Fmedia&parent=6742"}],"wp:term":[{"taxonomy":"category","embeddable":true,"href":"https:\/\/macite.tg\/index.php?rest_route=%2Fwp%2Fv2%2Fcategories&post=6742"},{"taxonomy":"post_tag","embeddable":true,"href":"https:\/\/macite.tg\/index.php?rest_route=%2Fwp%2Fv2%2Ftags&post=6742"}],"curies":[{"name":"wp","href":"https:\/\/api.w.org\/{rel}","templated":true}]}}