{"id":6736,"date":"2023-06-27T10:40:16","date_gmt":"2023-06-27T10:40:16","guid":{"rendered":"https:\/\/macite.tg\/?p=6736"},"modified":"2023-06-27T10:40:17","modified_gmt":"2023-06-27T10:40:17","slug":"le-president-touadera-chez-faure-gnassingbe-ce-mardi-le-renforcement-de-laxe-bangui-lome","status":"publish","type":"post","link":"https:\/\/macite.tg\/?p=6736","title":{"rendered":"LE PR\u00c9SIDENT TOUAD\u00c9RA CHEZ FAURE GNASSINGB\u00c9 CE MARDI : Le renforcement de l\u2019axe Bangui \u2013 Lom\u00e9 \u2026"},"content":{"rendered":"\n<p class=\"wp-block-paragraph\"><strong><em>A l\u2019invitation de son homologue togolais, Faure <strong>\u00c9<\/strong>ssozimna Gnassingb\u00e9, le Pr\u00e9sident centrafricain, Faustin-Archange Touad\u00e9ra, est attendu, ce mardi 27 juin, \u00e0 Lom\u00e9.<\/em><\/strong><\/p>\n\n\n\n<p class=\"wp-block-paragraph\">Cette visite de travail et d\u2019amiti\u00e9, premi\u00e8re du genre, est l\u2019expression de la volont\u00e9 du num\u00e9ro togolais, Faure Gnassingb\u00e9, de renforcer la coop\u00e9ration entre les deux pays, dont les relations remontent&nbsp; \u00e0 de longues dates.<\/p>\n\n\n\n<figure class=\"wp-block-image size-large\"><img loading=\"lazy\" decoding=\"async\" width=\"1024\" height=\"212\" src=\"https:\/\/macite.tg\/wp-content\/uploads\/2023\/06\/IMG-20230514-WA00962-4-1024x212.jpg\" alt=\"\" class=\"wp-image-6709\" srcset=\"https:\/\/macite.tg\/wp-content\/uploads\/2023\/06\/IMG-20230514-WA00962-4-1024x212.jpg 1024w, https:\/\/macite.tg\/wp-content\/uploads\/2023\/06\/IMG-20230514-WA00962-4-300x62.jpg 300w, https:\/\/macite.tg\/wp-content\/uploads\/2023\/06\/IMG-20230514-WA00962-4-768x159.jpg 768w, https:\/\/macite.tg\/wp-content\/uploads\/2023\/06\/IMG-20230514-WA00962-4-1536x318.jpg 1536w, https:\/\/macite.tg\/wp-content\/uploads\/2023\/06\/IMG-20230514-WA00962-4.jpg 1600w\" sizes=\"auto, (max-width: 1024px) 100vw, 1024px\" \/><\/figure>\n\n\n\n<p class=\"wp-block-paragraph\">Les \u00e9changes entre les deux personnalit\u00e9s porteront donc sur les moyens \u00e0 mettre en \u0153uvre pour approfondir les relations entre Bangui et Lom\u00e9 qui, d\u2019ailleurs ont connu un regain de dynamisme ces derni\u00e8res ann\u00e9es, mais aussi sur des sujets d\u2019actualit\u00e9 d\u2019int\u00e9r\u00eats communs.<\/p>\n\n\n\n<p class=\"wp-block-paragraph\">Notons que fin avril dernier, le pr\u00e9sident centrafricain avait d\u00e9p\u00each\u00e9 dans la capitale togolaise, son chef de la diplomatie, Sylvie Ba\u00efpo-Temon.<\/p>\n\n\n\n<p class=\"wp-block-paragraph\"><strong>La R\u00e9daction<\/strong><\/p>\n\n\n\n<p class=\"wp-block-paragraph\"><strong><em>@macite.tg&nbsp;&nbsp;&nbsp;&nbsp;&nbsp;&nbsp;&nbsp;&nbsp;<\/em><\/strong><\/p>\n\n\n\n<p class=\"wp-block-paragraph\"><strong><em>E-mail&nbsp;: <\/em><\/strong><a href=\"mailto:maciteinfo@gmail.com\"><strong><em>maciteinfo@gmail.com<\/em><\/strong><\/a><strong><em>; <\/em><\/strong><a href=\"mailto:bawela1@gmail.com\"><strong><em>bawela1@gmail.com<\/em><\/strong><\/a><\/p>\n\n\n\n<p class=\"wp-block-paragraph\"><strong><em>Pour vos annonces, (publi)reportages, etc., joignez nous au (00228)91515309\/<strong>79872224 <\/strong>www.macite.tg, L\u2019information, la bonne&nbsp;!<\/em><\/strong><\/p>\n","protected":false},"excerpt":{"rendered":"<p class=\"text-justify mb-2\" >A l\u2019invitation de son homologue togolais, Faure \u00c9ssozimna Gnassingb\u00e9, le Pr\u00e9sident centrafricain, Faustin-Archange Touad\u00e9ra, est attendu, ce mardi 27 juin, \u00e0 Lom\u00e9. Cette visite de travail et d\u2019amiti\u00e9, premi\u00e8re du genre, est l\u2019expression de la volont\u00e9 du num\u00e9ro togolais, Faure Gnassingb\u00e9, de renforcer la coop\u00e9ration [&hellip;]<\/p>\n","protected":false},"author":2,"featured_media":6738,"comment_status":"open","ping_status":"open","sticky":false,"template":"","format":"standard","meta":{"footnotes":""},"categories":[20],"tags":[],"class_list":["post-6736","post","type-post","status-publish","format-standard","has-post-thumbnail","hentry","category-actualite"],"yoast_head":"<!-- This site is optimized with the Yoast SEO plugin v28.4 - https:\/\/yoast.com\/product\/yoast-seo-wordpress\/ -->\n<title>LE PR\u00c9SIDENT TOUAD\u00c9RA CHEZ FAURE GNASSINGB\u00c9 CE MARDI : Le renforcement de l\u2019axe Bangui \u2013 Lom\u00e9 \u2026 -<\/title>\n<meta name=\"robots\" content=\"index, follow, max-snippet:-1, max-image-preview:large, max-video-preview:-1\" \/>\n<link rel=\"canonical\" href=\"https:\/\/macite.tg\/?p=6736\" \/>\n<meta property=\"og:locale\" content=\"fr_FR\" \/>\n<meta property=\"og:type\" content=\"article\" \/>\n<meta property=\"og:title\" content=\"LE PR\u00c9SIDENT TOUAD\u00c9RA CHEZ FAURE GNASSINGB\u00c9 CE MARDI : Le renforcement de l\u2019axe Bangui \u2013 Lom\u00e9 \u2026 -\" \/>\n<meta property=\"og:description\" content=\"A l\u2019invitation de son homologue togolais, Faure \u00c9ssozimna Gnassingb\u00e9, le Pr\u00e9sident centrafricain, Faustin-Archange Touad\u00e9ra, est attendu, ce mardi 27 juin, \u00e0 Lom\u00e9. Cette visite de travail et d\u2019amiti\u00e9, premi\u00e8re du genre, est l\u2019expression de la volont\u00e9 du num\u00e9ro togolais, Faure Gnassingb\u00e9, de renforcer la coop\u00e9ration [&hellip;]\" \/>\n<meta property=\"og:url\" content=\"https:\/\/macite.tg\/?p=6736\" \/>\n<meta property=\"article:published_time\" content=\"2023-06-27T10:40:16+00:00\" \/>\n<meta property=\"article:modified_time\" content=\"2023-06-27T10:40:17+00:00\" \/>\n<meta property=\"og:image\" content=\"https:\/\/macite.tg\/wp-content\/uploads\/2023\/06\/Arcange-Touadera.jpg\" \/>\n\t<meta property=\"og:image:width\" content=\"770\" \/>\n\t<meta property=\"og:image:height\" content=\"433\" \/>\n\t<meta property=\"og:image:type\" content=\"image\/jpeg\" \/>\n<meta name=\"author\" content=\"Jean Pierre BAWELA\" \/>\n<meta name=\"twitter:card\" content=\"summary_large_image\" \/>\n<meta name=\"twitter:label1\" content=\"\u00c9crit par\" \/>\n\t<meta name=\"twitter:data1\" content=\"Jean Pierre BAWELA\" \/>\n\t<meta name=\"twitter:label2\" content=\"Dur\u00e9e de lecture estim\u00e9e\" \/>\n\t<meta name=\"twitter:data2\" content=\"1 minute\" \/>\n<script type=\"application\/ld+json\" class=\"yoast-schema-graph\">{\"@context\":\"https:\\\/\\\/schema.org\",\"@graph\":[{\"@type\":\"Article\",\"@id\":\"https:\\\/\\\/macite.tg\\\/?p=6736#article\",\"isPartOf\":{\"@id\":\"https:\\\/\\\/macite.tg\\\/?p=6736\"},\"author\":{\"name\":\"Jean Pierre BAWELA\",\"@id\":\"https:\\\/\\\/macite.tg\\\/#\\\/schema\\\/person\\\/e9f2de7e5dbbe7770a9402c7ce82f5c2\"},\"headline\":\"LE PR\u00c9SIDENT TOUAD\u00c9RA CHEZ FAURE GNASSINGB\u00c9 CE MARDI : Le renforcement de l\u2019axe Bangui \u2013 Lom\u00e9 \u2026\",\"datePublished\":\"2023-06-27T10:40:16+00:00\",\"dateModified\":\"2023-06-27T10:40:17+00:00\",\"mainEntityOfPage\":{\"@id\":\"https:\\\/\\\/macite.tg\\\/?p=6736\"},\"wordCount\":192,\"commentCount\":0,\"image\":{\"@id\":\"https:\\\/\\\/macite.tg\\\/?p=6736#primaryimage\"},\"thumbnailUrl\":\"https:\\\/\\\/macite.tg\\\/wp-content\\\/uploads\\\/2023\\\/06\\\/Arcange-Touadera.jpg\",\"articleSection\":[\"ACTUALITE\"],\"inLanguage\":\"fr-FR\",\"potentialAction\":[{\"@type\":\"CommentAction\",\"name\":\"Comment\",\"target\":[\"https:\\\/\\\/macite.tg\\\/?p=6736#respond\"]}]},{\"@type\":\"WebPage\",\"@id\":\"https:\\\/\\\/macite.tg\\\/?p=6736\",\"url\":\"https:\\\/\\\/macite.tg\\\/?p=6736\",\"name\":\"LE PR\u00c9SIDENT TOUAD\u00c9RA CHEZ FAURE GNASSINGB\u00c9 CE MARDI : Le renforcement de l\u2019axe Bangui \u2013 Lom\u00e9 \u2026 -\",\"isPartOf\":{\"@id\":\"https:\\\/\\\/macite.tg\\\/#website\"},\"primaryImageOfPage\":{\"@id\":\"https:\\\/\\\/macite.tg\\\/?p=6736#primaryimage\"},\"image\":{\"@id\":\"https:\\\/\\\/macite.tg\\\/?p=6736#primaryimage\"},\"thumbnailUrl\":\"https:\\\/\\\/macite.tg\\\/wp-content\\\/uploads\\\/2023\\\/06\\\/Arcange-Touadera.jpg\",\"datePublished\":\"2023-06-27T10:40:16+00:00\",\"dateModified\":\"2023-06-27T10:40:17+00:00\",\"author\":{\"@id\":\"https:\\\/\\\/macite.tg\\\/#\\\/schema\\\/person\\\/e9f2de7e5dbbe7770a9402c7ce82f5c2\"},\"breadcrumb\":{\"@id\":\"https:\\\/\\\/macite.tg\\\/?p=6736#breadcrumb\"},\"inLanguage\":\"fr-FR\",\"potentialAction\":[{\"@type\":\"ReadAction\",\"target\":[\"https:\\\/\\\/macite.tg\\\/?p=6736\"]}]},{\"@type\":\"ImageObject\",\"inLanguage\":\"fr-FR\",\"@id\":\"https:\\\/\\\/macite.tg\\\/?p=6736#primaryimage\",\"url\":\"https:\\\/\\\/macite.tg\\\/wp-content\\\/uploads\\\/2023\\\/06\\\/Arcange-Touadera.jpg\",\"contentUrl\":\"https:\\\/\\\/macite.tg\\\/wp-content\\\/uploads\\\/2023\\\/06\\\/Arcange-Touadera.jpg\",\"width\":770,\"height\":433},{\"@type\":\"BreadcrumbList\",\"@id\":\"https:\\\/\\\/macite.tg\\\/?p=6736#breadcrumb\",\"itemListElement\":[{\"@type\":\"ListItem\",\"position\":1,\"name\":\"Accueil\",\"item\":\"https:\\\/\\\/macite.tg\\\/\"},{\"@type\":\"ListItem\",\"position\":2,\"name\":\"LE PR\u00c9SIDENT TOUAD\u00c9RA CHEZ FAURE GNASSINGB\u00c9 CE MARDI : Le renforcement de l\u2019axe Bangui \u2013 Lom\u00e9 \u2026\"}]},{\"@type\":\"WebSite\",\"@id\":\"https:\\\/\\\/macite.tg\\\/#website\",\"url\":\"https:\\\/\\\/macite.tg\\\/\",\"name\":\"\",\"description\":\"L&#039;information, la bonne!!!\",\"potentialAction\":[{\"@type\":\"SearchAction\",\"target\":{\"@type\":\"EntryPoint\",\"urlTemplate\":\"https:\\\/\\\/macite.tg\\\/?s={search_term_string}\"},\"query-input\":{\"@type\":\"PropertyValueSpecification\",\"valueRequired\":true,\"valueName\":\"search_term_string\"}}],\"inLanguage\":\"fr-FR\"},{\"@type\":\"Person\",\"@id\":\"https:\\\/\\\/macite.tg\\\/#\\\/schema\\\/person\\\/e9f2de7e5dbbe7770a9402c7ce82f5c2\",\"name\":\"Jean Pierre BAWELA\",\"image\":{\"@type\":\"ImageObject\",\"inLanguage\":\"fr-FR\",\"@id\":\"https:\\\/\\\/macite.tg\\\/wp-content\\\/uploads\\\/2023\\\/09\\\/WhatsApp-Image-2023-09-19-at-14.44.41-122x122.jpeg\",\"url\":\"https:\\\/\\\/macite.tg\\\/wp-content\\\/uploads\\\/2023\\\/09\\\/WhatsApp-Image-2023-09-19-at-14.44.41-122x122.jpeg\",\"contentUrl\":\"https:\\\/\\\/macite.tg\\\/wp-content\\\/uploads\\\/2023\\\/09\\\/WhatsApp-Image-2023-09-19-at-14.44.41-122x122.jpeg\",\"caption\":\"Jean Pierre BAWELA\"},\"url\":\"https:\\\/\\\/macite.tg\\\/?author=2\"}]}<\/script>\n<!-- \/ Yoast SEO plugin. -->","yoast_head_json":{"title":"LE PR\u00c9SIDENT TOUAD\u00c9RA CHEZ FAURE GNASSINGB\u00c9 CE MARDI : Le renforcement de l\u2019axe Bangui \u2013 Lom\u00e9 \u2026 -","robots":{"index":"index","follow":"follow","max-snippet":"max-snippet:-1","max-image-preview":"max-image-preview:large","max-video-preview":"max-video-preview:-1"},"canonical":"https:\/\/macite.tg\/?p=6736","og_locale":"fr_FR","og_type":"article","og_title":"LE PR\u00c9SIDENT TOUAD\u00c9RA CHEZ FAURE GNASSINGB\u00c9 CE MARDI : Le renforcement de l\u2019axe Bangui \u2013 Lom\u00e9 \u2026 -","og_description":"A l\u2019invitation de son homologue togolais, Faure \u00c9ssozimna Gnassingb\u00e9, le Pr\u00e9sident centrafricain, Faustin-Archange Touad\u00e9ra, est attendu, ce mardi 27 juin, \u00e0 Lom\u00e9. Cette visite de travail et d\u2019amiti\u00e9, premi\u00e8re du genre, est l\u2019expression de la volont\u00e9 du num\u00e9ro togolais, Faure Gnassingb\u00e9, de renforcer la coop\u00e9ration [&hellip;]","og_url":"https:\/\/macite.tg\/?p=6736","article_published_time":"2023-06-27T10:40:16+00:00","article_modified_time":"2023-06-27T10:40:17+00:00","og_image":[{"width":770,"height":433,"url":"https:\/\/macite.tg\/wp-content\/uploads\/2023\/06\/Arcange-Touadera.jpg","type":"image\/jpeg"}],"author":"Jean Pierre BAWELA","twitter_card":"summary_large_image","twitter_misc":{"\u00c9crit par":"Jean Pierre BAWELA","Dur\u00e9e de lecture estim\u00e9e":"1 minute"},"schema":{"@context":"https:\/\/schema.org","@graph":[{"@type":"Article","@id":"https:\/\/macite.tg\/?p=6736#article","isPartOf":{"@id":"https:\/\/macite.tg\/?p=6736"},"author":{"name":"Jean Pierre BAWELA","@id":"https:\/\/macite.tg\/#\/schema\/person\/e9f2de7e5dbbe7770a9402c7ce82f5c2"},"headline":"LE PR\u00c9SIDENT TOUAD\u00c9RA CHEZ FAURE GNASSINGB\u00c9 CE MARDI : Le renforcement de l\u2019axe Bangui \u2013 Lom\u00e9 \u2026","datePublished":"2023-06-27T10:40:16+00:00","dateModified":"2023-06-27T10:40:17+00:00","mainEntityOfPage":{"@id":"https:\/\/macite.tg\/?p=6736"},"wordCount":192,"commentCount":0,"image":{"@id":"https:\/\/macite.tg\/?p=6736#primaryimage"},"thumbnailUrl":"https:\/\/macite.tg\/wp-content\/uploads\/2023\/06\/Arcange-Touadera.jpg","articleSection":["ACTUALITE"],"inLanguage":"fr-FR","potentialAction":[{"@type":"CommentAction","name":"Comment","target":["https:\/\/macite.tg\/?p=6736#respond"]}]},{"@type":"WebPage","@id":"https:\/\/macite.tg\/?p=6736","url":"https:\/\/macite.tg\/?p=6736","name":"LE PR\u00c9SIDENT TOUAD\u00c9RA CHEZ FAURE GNASSINGB\u00c9 CE MARDI : Le renforcement de l\u2019axe Bangui \u2013 Lom\u00e9 \u2026 -","isPartOf":{"@id":"https:\/\/macite.tg\/#website"},"primaryImageOfPage":{"@id":"https:\/\/macite.tg\/?p=6736#primaryimage"},"image":{"@id":"https:\/\/macite.tg\/?p=6736#primaryimage"},"thumbnailUrl":"https:\/\/macite.tg\/wp-content\/uploads\/2023\/06\/Arcange-Touadera.jpg","datePublished":"2023-06-27T10:40:16+00:00","dateModified":"2023-06-27T10:40:17+00:00","author":{"@id":"https:\/\/macite.tg\/#\/schema\/person\/e9f2de7e5dbbe7770a9402c7ce82f5c2"},"breadcrumb":{"@id":"https:\/\/macite.tg\/?p=6736#breadcrumb"},"inLanguage":"fr-FR","potentialAction":[{"@type":"ReadAction","target":["https:\/\/macite.tg\/?p=6736"]}]},{"@type":"ImageObject","inLanguage":"fr-FR","@id":"https:\/\/macite.tg\/?p=6736#primaryimage","url":"https:\/\/macite.tg\/wp-content\/uploads\/2023\/06\/Arcange-Touadera.jpg","contentUrl":"https:\/\/macite.tg\/wp-content\/uploads\/2023\/06\/Arcange-Touadera.jpg","width":770,"height":433},{"@type":"BreadcrumbList","@id":"https:\/\/macite.tg\/?p=6736#breadcrumb","itemListElement":[{"@type":"ListItem","position":1,"name":"Accueil","item":"https:\/\/macite.tg\/"},{"@type":"ListItem","position":2,"name":"LE PR\u00c9SIDENT TOUAD\u00c9RA CHEZ FAURE GNASSINGB\u00c9 CE MARDI : Le renforcement de l\u2019axe Bangui \u2013 Lom\u00e9 \u2026"}]},{"@type":"WebSite","@id":"https:\/\/macite.tg\/#website","url":"https:\/\/macite.tg\/","name":"","description":"L&#039;information, la bonne!!!","potentialAction":[{"@type":"SearchAction","target":{"@type":"EntryPoint","urlTemplate":"https:\/\/macite.tg\/?s={search_term_string}"},"query-input":{"@type":"PropertyValueSpecification","valueRequired":true,"valueName":"search_term_string"}}],"inLanguage":"fr-FR"},{"@type":"Person","@id":"https:\/\/macite.tg\/#\/schema\/person\/e9f2de7e5dbbe7770a9402c7ce82f5c2","name":"Jean Pierre BAWELA","image":{"@type":"ImageObject","inLanguage":"fr-FR","@id":"https:\/\/macite.tg\/wp-content\/uploads\/2023\/09\/WhatsApp-Image-2023-09-19-at-14.44.41-122x122.jpeg","url":"https:\/\/macite.tg\/wp-content\/uploads\/2023\/09\/WhatsApp-Image-2023-09-19-at-14.44.41-122x122.jpeg","contentUrl":"https:\/\/macite.tg\/wp-content\/uploads\/2023\/09\/WhatsApp-Image-2023-09-19-at-14.44.41-122x122.jpeg","caption":"Jean Pierre BAWELA"},"url":"https:\/\/macite.tg\/?author=2"}]}},"_links":{"self":[{"href":"https:\/\/macite.tg\/index.php?rest_route=\/wp\/v2\/posts\/6736","targetHints":{"allow":["GET"]}}],"collection":[{"href":"https:\/\/macite.tg\/index.php?rest_route=\/wp\/v2\/posts"}],"about":[{"href":"https:\/\/macite.tg\/index.php?rest_route=\/wp\/v2\/types\/post"}],"author":[{"embeddable":true,"href":"https:\/\/macite.tg\/index.php?rest_route=\/wp\/v2\/users\/2"}],"replies":[{"embeddable":true,"href":"https:\/\/macite.tg\/index.php?rest_route=%2Fwp%2Fv2%2Fcomments&post=6736"}],"version-history":[{"count":0,"href":"https:\/\/macite.tg\/index.php?rest_route=\/wp\/v2\/posts\/6736\/revisions"}],"wp:featuredmedia":[{"embeddable":true,"href":"https:\/\/macite.tg\/index.php?rest_route=\/wp\/v2\/media\/6738"}],"wp:attachment":[{"href":"https:\/\/macite.tg\/index.php?rest_route=%2Fwp%2Fv2%2Fmedia&parent=6736"}],"wp:term":[{"taxonomy":"category","embeddable":true,"href":"https:\/\/macite.tg\/index.php?rest_route=%2Fwp%2Fv2%2Fcategories&post=6736"},{"taxonomy":"post_tag","embeddable":true,"href":"https:\/\/macite.tg\/index.php?rest_route=%2Fwp%2Fv2%2Ftags&post=6736"}],"curies":[{"name":"wp","href":"https:\/\/api.w.org\/{rel}","templated":true}]}}