{"id":6733,"date":"2023-06-26T18:51:19","date_gmt":"2023-06-26T18:51:19","guid":{"rendered":"https:\/\/macite.tg\/?p=6733"},"modified":"2023-06-26T18:51:21","modified_gmt":"2023-06-26T18:51:21","slug":"senegal-fin-du-dialogue-politique-ces-conclusions-meneront-vers-des-elections-apaisees-macky-sall","status":"publish","type":"post","link":"https:\/\/macite.tg\/?p=6733","title":{"rendered":"S\u00c9N\u00c9GAL \/ FIN DU DIALOGUE POLITIQUE\u00a0: \u00ab\u00a0(\u2026) Ces conclusions m\u00e8neront vers des \u00e9lections apais\u00e9es\u00a0\u00bb (Macky Sall)"},"content":{"rendered":"\n<p class=\"wp-block-paragraph\"><strong><em>Initi\u00e9 par le Pr\u00e9sident de la R\u00e9publique,Macky Sall, le dialogue national qui a d\u00e9but\u00e9 depuis le 31 mai 2023, et regroup\u00e9 le camp pr\u00e9sidentiel, des partis de l\u2019opposition, de la soci\u00e9t\u00e9 civile, des acteurs \u00e9conomiques, sociaux, culturels, des chefs religieux et coutumiers, des jeunes et des femmes, a finalement pris fin.<\/em><\/strong><\/p>\n\n\n\n<figure class=\"wp-block-image size-large\"><img loading=\"lazy\" decoding=\"async\" width=\"1024\" height=\"212\" src=\"https:\/\/macite.tg\/wp-content\/uploads\/2023\/06\/IMG-20230514-WA00962-4-1024x212.jpg\" alt=\"\" class=\"wp-image-6709\" srcset=\"https:\/\/macite.tg\/wp-content\/uploads\/2023\/06\/IMG-20230514-WA00962-4-1024x212.jpg 1024w, https:\/\/macite.tg\/wp-content\/uploads\/2023\/06\/IMG-20230514-WA00962-4-300x62.jpg 300w, https:\/\/macite.tg\/wp-content\/uploads\/2023\/06\/IMG-20230514-WA00962-4-768x159.jpg 768w, https:\/\/macite.tg\/wp-content\/uploads\/2023\/06\/IMG-20230514-WA00962-4-1536x318.jpg 1536w, https:\/\/macite.tg\/wp-content\/uploads\/2023\/06\/IMG-20230514-WA00962-4.jpg 1600w\" sizes=\"auto, (max-width: 1024px) 100vw, 1024px\" \/><\/figure>\n\n\n\n<p class=\"wp-block-paragraph\">Le samedi 24 juin 2023, toutes les commissions ont \u00e9t\u00e9 re\u00e7ues par le chef de l\u2019\u00c9tat Macky Sall \u00e0 la salle des Banques du Palais de la R\u00e9publique pour remettre leurs conclusions.<\/p>\n\n\n\n<p class=\"wp-block-paragraph\">Ainsi, lors de son discours de cl\u00f4ture, le pr\u00e9sident Macky Sall a, de prime abord, salu\u00e9 un dialogue de qualit\u00e9 avec des propositions pertinentes et r\u00e9alistes qu\u2019il dit accepter globalement : <em>\u00ab&nbsp;Je dis bien globalement ces conclusions m\u00e8neront vers des \u00e9lections apais\u00e9es&nbsp;\u00bb.<\/em><\/p>\n\n\n\n<p class=\"wp-block-paragraph\">SeneNews.<\/p>\n\n\n\n<p class=\"wp-block-paragraph\"><strong><em>@macite.tg&nbsp;&nbsp;&nbsp;&nbsp;&nbsp;&nbsp;&nbsp;&nbsp;<\/em><\/strong><\/p>\n\n\n\n<p class=\"wp-block-paragraph\"><strong><em>E-mail&nbsp;: <\/em><\/strong><a href=\"mailto:maciteinfo@gmail.com\"><strong><em>maciteinfo@gmail.com<\/em><\/strong><\/a><strong><em>; <\/em><\/strong><a href=\"mailto:bawela1@gmail.com\"><strong><em>bawela1@gmail.com<\/em><\/strong><\/a><strong><em><\/em><\/strong><\/p>\n\n\n\n<p class=\"wp-block-paragraph\"><strong><em>Pour vos annonces, (publi)reportages, etc., joignez nous au (00228)91515309\/<strong>79872224 <\/strong>www.macite.tg, L\u2019information, la bonne&nbsp;!<\/em><\/strong><\/p>\n","protected":false},"excerpt":{"rendered":"<p class=\"text-justify mb-2\" >Initi\u00e9 par le Pr\u00e9sident de la R\u00e9publique,Macky Sall, le dialogue national qui a d\u00e9but\u00e9 depuis le 31 mai 2023, et regroup\u00e9 le camp pr\u00e9sidentiel, des partis de l\u2019opposition, de la soci\u00e9t\u00e9 civile, des acteurs \u00e9conomiques, sociaux, culturels, des chefs religieux et coutumiers, des jeunes et [&hellip;]<\/p>\n","protected":false},"author":2,"featured_media":6734,"comment_status":"open","ping_status":"open","sticky":false,"template":"","format":"standard","meta":{"footnotes":""},"categories":[20,1],"tags":[],"class_list":["post-6733","post","type-post","status-publish","format-standard","has-post-thumbnail","hentry","category-actualite","category-politique"],"yoast_head":"<!-- This site is optimized with the Yoast SEO plugin v28.4 - https:\/\/yoast.com\/product\/yoast-seo-wordpress\/ -->\n<title>S\u00c9N\u00c9GAL \/ FIN DU DIALOGUE POLITIQUE\u00a0: \u00ab\u00a0(\u2026) Ces conclusions m\u00e8neront vers des \u00e9lections apais\u00e9es\u00a0\u00bb (Macky Sall) -<\/title>\n<meta name=\"robots\" content=\"index, follow, max-snippet:-1, max-image-preview:large, max-video-preview:-1\" \/>\n<link rel=\"canonical\" href=\"https:\/\/macite.tg\/?p=6733\" \/>\n<meta property=\"og:locale\" content=\"fr_FR\" \/>\n<meta property=\"og:type\" content=\"article\" \/>\n<meta property=\"og:title\" content=\"S\u00c9N\u00c9GAL \/ FIN DU DIALOGUE POLITIQUE\u00a0: \u00ab\u00a0(\u2026) Ces conclusions m\u00e8neront vers des \u00e9lections apais\u00e9es\u00a0\u00bb (Macky Sall) -\" \/>\n<meta property=\"og:description\" content=\"Initi\u00e9 par le Pr\u00e9sident de la R\u00e9publique,Macky Sall, le dialogue national qui a d\u00e9but\u00e9 depuis le 31 mai 2023, et regroup\u00e9 le camp pr\u00e9sidentiel, des partis de l\u2019opposition, de la soci\u00e9t\u00e9 civile, des acteurs \u00e9conomiques, sociaux, culturels, des chefs religieux et coutumiers, des jeunes et [&hellip;]\" \/>\n<meta property=\"og:url\" content=\"https:\/\/macite.tg\/?p=6733\" \/>\n<meta property=\"article:published_time\" content=\"2023-06-26T18:51:19+00:00\" \/>\n<meta property=\"article:modified_time\" content=\"2023-06-26T18:51:21+00:00\" \/>\n<meta property=\"og:image\" content=\"https:\/\/macite.tg\/wp-content\/uploads\/2023\/06\/ADialogue-politiuqe.jpg\" \/>\n\t<meta property=\"og:image:width\" content=\"275\" \/>\n\t<meta property=\"og:image:height\" content=\"183\" \/>\n\t<meta property=\"og:image:type\" content=\"image\/jpeg\" \/>\n<meta name=\"author\" content=\"Jean Pierre BAWELA\" \/>\n<meta name=\"twitter:card\" content=\"summary_large_image\" \/>\n<meta name=\"twitter:label1\" content=\"\u00c9crit par\" \/>\n\t<meta name=\"twitter:data1\" content=\"Jean Pierre BAWELA\" \/>\n\t<meta name=\"twitter:label2\" content=\"Dur\u00e9e de lecture estim\u00e9e\" \/>\n\t<meta name=\"twitter:data2\" content=\"1 minute\" \/>\n<script type=\"application\/ld+json\" class=\"yoast-schema-graph\">{\"@context\":\"https:\\\/\\\/schema.org\",\"@graph\":[{\"@type\":\"Article\",\"@id\":\"https:\\\/\\\/macite.tg\\\/?p=6733#article\",\"isPartOf\":{\"@id\":\"https:\\\/\\\/macite.tg\\\/?p=6733\"},\"author\":{\"name\":\"Jean Pierre BAWELA\",\"@id\":\"https:\\\/\\\/macite.tg\\\/#\\\/schema\\\/person\\\/e9f2de7e5dbbe7770a9402c7ce82f5c2\"},\"headline\":\"S\u00c9N\u00c9GAL \\\/ FIN DU DIALOGUE POLITIQUE\u00a0: \u00ab\u00a0(\u2026) Ces conclusions m\u00e8neront vers des \u00e9lections apais\u00e9es\u00a0\u00bb (Macky Sall)\",\"datePublished\":\"2023-06-26T18:51:19+00:00\",\"dateModified\":\"2023-06-26T18:51:21+00:00\",\"mainEntityOfPage\":{\"@id\":\"https:\\\/\\\/macite.tg\\\/?p=6733\"},\"wordCount\":191,\"commentCount\":0,\"image\":{\"@id\":\"https:\\\/\\\/macite.tg\\\/?p=6733#primaryimage\"},\"thumbnailUrl\":\"https:\\\/\\\/macite.tg\\\/wp-content\\\/uploads\\\/2023\\\/06\\\/ADialogue-politiuqe.jpg\",\"articleSection\":[\"ACTUALITE\",\"POLITIQUE\"],\"inLanguage\":\"fr-FR\",\"potentialAction\":[{\"@type\":\"CommentAction\",\"name\":\"Comment\",\"target\":[\"https:\\\/\\\/macite.tg\\\/?p=6733#respond\"]}]},{\"@type\":\"WebPage\",\"@id\":\"https:\\\/\\\/macite.tg\\\/?p=6733\",\"url\":\"https:\\\/\\\/macite.tg\\\/?p=6733\",\"name\":\"S\u00c9N\u00c9GAL \\\/ FIN DU DIALOGUE POLITIQUE\u00a0: \u00ab\u00a0(\u2026) Ces conclusions m\u00e8neront vers des \u00e9lections apais\u00e9es\u00a0\u00bb (Macky Sall) -\",\"isPartOf\":{\"@id\":\"https:\\\/\\\/macite.tg\\\/#website\"},\"primaryImageOfPage\":{\"@id\":\"https:\\\/\\\/macite.tg\\\/?p=6733#primaryimage\"},\"image\":{\"@id\":\"https:\\\/\\\/macite.tg\\\/?p=6733#primaryimage\"},\"thumbnailUrl\":\"https:\\\/\\\/macite.tg\\\/wp-content\\\/uploads\\\/2023\\\/06\\\/ADialogue-politiuqe.jpg\",\"datePublished\":\"2023-06-26T18:51:19+00:00\",\"dateModified\":\"2023-06-26T18:51:21+00:00\",\"author\":{\"@id\":\"https:\\\/\\\/macite.tg\\\/#\\\/schema\\\/person\\\/e9f2de7e5dbbe7770a9402c7ce82f5c2\"},\"breadcrumb\":{\"@id\":\"https:\\\/\\\/macite.tg\\\/?p=6733#breadcrumb\"},\"inLanguage\":\"fr-FR\",\"potentialAction\":[{\"@type\":\"ReadAction\",\"target\":[\"https:\\\/\\\/macite.tg\\\/?p=6733\"]}]},{\"@type\":\"ImageObject\",\"inLanguage\":\"fr-FR\",\"@id\":\"https:\\\/\\\/macite.tg\\\/?p=6733#primaryimage\",\"url\":\"https:\\\/\\\/macite.tg\\\/wp-content\\\/uploads\\\/2023\\\/06\\\/ADialogue-politiuqe.jpg\",\"contentUrl\":\"https:\\\/\\\/macite.tg\\\/wp-content\\\/uploads\\\/2023\\\/06\\\/ADialogue-politiuqe.jpg\",\"width\":275,\"height\":183},{\"@type\":\"BreadcrumbList\",\"@id\":\"https:\\\/\\\/macite.tg\\\/?p=6733#breadcrumb\",\"itemListElement\":[{\"@type\":\"ListItem\",\"position\":1,\"name\":\"Accueil\",\"item\":\"https:\\\/\\\/macite.tg\\\/\"},{\"@type\":\"ListItem\",\"position\":2,\"name\":\"S\u00c9N\u00c9GAL \\\/ FIN DU DIALOGUE POLITIQUE\u00a0: \u00ab\u00a0(\u2026) Ces conclusions m\u00e8neront vers des \u00e9lections apais\u00e9es\u00a0\u00bb (Macky Sall)\"}]},{\"@type\":\"WebSite\",\"@id\":\"https:\\\/\\\/macite.tg\\\/#website\",\"url\":\"https:\\\/\\\/macite.tg\\\/\",\"name\":\"\",\"description\":\"L&#039;information, la bonne!!!\",\"potentialAction\":[{\"@type\":\"SearchAction\",\"target\":{\"@type\":\"EntryPoint\",\"urlTemplate\":\"https:\\\/\\\/macite.tg\\\/?s={search_term_string}\"},\"query-input\":{\"@type\":\"PropertyValueSpecification\",\"valueRequired\":true,\"valueName\":\"search_term_string\"}}],\"inLanguage\":\"fr-FR\"},{\"@type\":\"Person\",\"@id\":\"https:\\\/\\\/macite.tg\\\/#\\\/schema\\\/person\\\/e9f2de7e5dbbe7770a9402c7ce82f5c2\",\"name\":\"Jean Pierre BAWELA\",\"image\":{\"@type\":\"ImageObject\",\"inLanguage\":\"fr-FR\",\"@id\":\"https:\\\/\\\/macite.tg\\\/wp-content\\\/uploads\\\/2023\\\/09\\\/WhatsApp-Image-2023-09-19-at-14.44.41-122x122.jpeg\",\"url\":\"https:\\\/\\\/macite.tg\\\/wp-content\\\/uploads\\\/2023\\\/09\\\/WhatsApp-Image-2023-09-19-at-14.44.41-122x122.jpeg\",\"contentUrl\":\"https:\\\/\\\/macite.tg\\\/wp-content\\\/uploads\\\/2023\\\/09\\\/WhatsApp-Image-2023-09-19-at-14.44.41-122x122.jpeg\",\"caption\":\"Jean Pierre BAWELA\"},\"url\":\"https:\\\/\\\/macite.tg\\\/?author=2\"}]}<\/script>\n<!-- \/ Yoast SEO plugin. -->","yoast_head_json":{"title":"S\u00c9N\u00c9GAL \/ FIN DU DIALOGUE POLITIQUE\u00a0: \u00ab\u00a0(\u2026) Ces conclusions m\u00e8neront vers des \u00e9lections apais\u00e9es\u00a0\u00bb (Macky Sall) -","robots":{"index":"index","follow":"follow","max-snippet":"max-snippet:-1","max-image-preview":"max-image-preview:large","max-video-preview":"max-video-preview:-1"},"canonical":"https:\/\/macite.tg\/?p=6733","og_locale":"fr_FR","og_type":"article","og_title":"S\u00c9N\u00c9GAL \/ FIN DU DIALOGUE POLITIQUE\u00a0: \u00ab\u00a0(\u2026) Ces conclusions m\u00e8neront vers des \u00e9lections apais\u00e9es\u00a0\u00bb (Macky Sall) -","og_description":"Initi\u00e9 par le Pr\u00e9sident de la R\u00e9publique,Macky Sall, le dialogue national qui a d\u00e9but\u00e9 depuis le 31 mai 2023, et regroup\u00e9 le camp pr\u00e9sidentiel, des partis de l\u2019opposition, de la soci\u00e9t\u00e9 civile, des acteurs \u00e9conomiques, sociaux, culturels, des chefs religieux et coutumiers, des jeunes et [&hellip;]","og_url":"https:\/\/macite.tg\/?p=6733","article_published_time":"2023-06-26T18:51:19+00:00","article_modified_time":"2023-06-26T18:51:21+00:00","og_image":[{"width":275,"height":183,"url":"https:\/\/macite.tg\/wp-content\/uploads\/2023\/06\/ADialogue-politiuqe.jpg","type":"image\/jpeg"}],"author":"Jean Pierre BAWELA","twitter_card":"summary_large_image","twitter_misc":{"\u00c9crit par":"Jean Pierre BAWELA","Dur\u00e9e de lecture estim\u00e9e":"1 minute"},"schema":{"@context":"https:\/\/schema.org","@graph":[{"@type":"Article","@id":"https:\/\/macite.tg\/?p=6733#article","isPartOf":{"@id":"https:\/\/macite.tg\/?p=6733"},"author":{"name":"Jean Pierre BAWELA","@id":"https:\/\/macite.tg\/#\/schema\/person\/e9f2de7e5dbbe7770a9402c7ce82f5c2"},"headline":"S\u00c9N\u00c9GAL \/ FIN DU DIALOGUE POLITIQUE\u00a0: \u00ab\u00a0(\u2026) Ces conclusions m\u00e8neront vers des \u00e9lections apais\u00e9es\u00a0\u00bb (Macky Sall)","datePublished":"2023-06-26T18:51:19+00:00","dateModified":"2023-06-26T18:51:21+00:00","mainEntityOfPage":{"@id":"https:\/\/macite.tg\/?p=6733"},"wordCount":191,"commentCount":0,"image":{"@id":"https:\/\/macite.tg\/?p=6733#primaryimage"},"thumbnailUrl":"https:\/\/macite.tg\/wp-content\/uploads\/2023\/06\/ADialogue-politiuqe.jpg","articleSection":["ACTUALITE","POLITIQUE"],"inLanguage":"fr-FR","potentialAction":[{"@type":"CommentAction","name":"Comment","target":["https:\/\/macite.tg\/?p=6733#respond"]}]},{"@type":"WebPage","@id":"https:\/\/macite.tg\/?p=6733","url":"https:\/\/macite.tg\/?p=6733","name":"S\u00c9N\u00c9GAL \/ FIN DU DIALOGUE POLITIQUE\u00a0: \u00ab\u00a0(\u2026) Ces conclusions m\u00e8neront vers des \u00e9lections apais\u00e9es\u00a0\u00bb (Macky Sall) -","isPartOf":{"@id":"https:\/\/macite.tg\/#website"},"primaryImageOfPage":{"@id":"https:\/\/macite.tg\/?p=6733#primaryimage"},"image":{"@id":"https:\/\/macite.tg\/?p=6733#primaryimage"},"thumbnailUrl":"https:\/\/macite.tg\/wp-content\/uploads\/2023\/06\/ADialogue-politiuqe.jpg","datePublished":"2023-06-26T18:51:19+00:00","dateModified":"2023-06-26T18:51:21+00:00","author":{"@id":"https:\/\/macite.tg\/#\/schema\/person\/e9f2de7e5dbbe7770a9402c7ce82f5c2"},"breadcrumb":{"@id":"https:\/\/macite.tg\/?p=6733#breadcrumb"},"inLanguage":"fr-FR","potentialAction":[{"@type":"ReadAction","target":["https:\/\/macite.tg\/?p=6733"]}]},{"@type":"ImageObject","inLanguage":"fr-FR","@id":"https:\/\/macite.tg\/?p=6733#primaryimage","url":"https:\/\/macite.tg\/wp-content\/uploads\/2023\/06\/ADialogue-politiuqe.jpg","contentUrl":"https:\/\/macite.tg\/wp-content\/uploads\/2023\/06\/ADialogue-politiuqe.jpg","width":275,"height":183},{"@type":"BreadcrumbList","@id":"https:\/\/macite.tg\/?p=6733#breadcrumb","itemListElement":[{"@type":"ListItem","position":1,"name":"Accueil","item":"https:\/\/macite.tg\/"},{"@type":"ListItem","position":2,"name":"S\u00c9N\u00c9GAL \/ FIN DU DIALOGUE POLITIQUE\u00a0: \u00ab\u00a0(\u2026) Ces conclusions m\u00e8neront vers des \u00e9lections apais\u00e9es\u00a0\u00bb (Macky Sall)"}]},{"@type":"WebSite","@id":"https:\/\/macite.tg\/#website","url":"https:\/\/macite.tg\/","name":"","description":"L&#039;information, la bonne!!!","potentialAction":[{"@type":"SearchAction","target":{"@type":"EntryPoint","urlTemplate":"https:\/\/macite.tg\/?s={search_term_string}"},"query-input":{"@type":"PropertyValueSpecification","valueRequired":true,"valueName":"search_term_string"}}],"inLanguage":"fr-FR"},{"@type":"Person","@id":"https:\/\/macite.tg\/#\/schema\/person\/e9f2de7e5dbbe7770a9402c7ce82f5c2","name":"Jean Pierre BAWELA","image":{"@type":"ImageObject","inLanguage":"fr-FR","@id":"https:\/\/macite.tg\/wp-content\/uploads\/2023\/09\/WhatsApp-Image-2023-09-19-at-14.44.41-122x122.jpeg","url":"https:\/\/macite.tg\/wp-content\/uploads\/2023\/09\/WhatsApp-Image-2023-09-19-at-14.44.41-122x122.jpeg","contentUrl":"https:\/\/macite.tg\/wp-content\/uploads\/2023\/09\/WhatsApp-Image-2023-09-19-at-14.44.41-122x122.jpeg","caption":"Jean Pierre BAWELA"},"url":"https:\/\/macite.tg\/?author=2"}]}},"_links":{"self":[{"href":"https:\/\/macite.tg\/index.php?rest_route=\/wp\/v2\/posts\/6733","targetHints":{"allow":["GET"]}}],"collection":[{"href":"https:\/\/macite.tg\/index.php?rest_route=\/wp\/v2\/posts"}],"about":[{"href":"https:\/\/macite.tg\/index.php?rest_route=\/wp\/v2\/types\/post"}],"author":[{"embeddable":true,"href":"https:\/\/macite.tg\/index.php?rest_route=\/wp\/v2\/users\/2"}],"replies":[{"embeddable":true,"href":"https:\/\/macite.tg\/index.php?rest_route=%2Fwp%2Fv2%2Fcomments&post=6733"}],"version-history":[{"count":0,"href":"https:\/\/macite.tg\/index.php?rest_route=\/wp\/v2\/posts\/6733\/revisions"}],"wp:featuredmedia":[{"embeddable":true,"href":"https:\/\/macite.tg\/index.php?rest_route=\/wp\/v2\/media\/6734"}],"wp:attachment":[{"href":"https:\/\/macite.tg\/index.php?rest_route=%2Fwp%2Fv2%2Fmedia&parent=6733"}],"wp:term":[{"taxonomy":"category","embeddable":true,"href":"https:\/\/macite.tg\/index.php?rest_route=%2Fwp%2Fv2%2Fcategories&post=6733"},{"taxonomy":"post_tag","embeddable":true,"href":"https:\/\/macite.tg\/index.php?rest_route=%2Fwp%2Fv2%2Ftags&post=6733"}],"curies":[{"name":"wp","href":"https:\/\/api.w.org\/{rel}","templated":true}]}}