{"id":6728,"date":"2023-06-26T16:57:27","date_gmt":"2023-06-26T16:57:27","guid":{"rendered":"https:\/\/macite.tg\/?p=6728"},"modified":"2023-06-26T17:18:21","modified_gmt":"2023-06-26T17:18:21","slug":"situation-securitaire-dans-le-sahel-limplication-du-polisarion-dans-le-terrorisme-pointee-du-doigt-par-lobservatoire-geopolitique-de-geneve","status":"publish","type":"post","link":"https:\/\/macite.tg\/?p=6728","title":{"rendered":"SITUATION S\u00c9CURITAIRE DANS LE SAHEL\u00a0: L\u2019implication du Polisario dans le terrorisme, point\u00e9e du doigt par l\u2019Observatoire G\u00e9opolitique de Gen\u00e8ve"},"content":{"rendered":"\n<p class=\"wp-block-paragraph\"><strong><em>Une conf\u00e9rence-d\u00e9bat sur la th\u00e9matique du terrorisme au Sahel, a eu lieu, le 22 juin 2023, \u00e0 l&rsquo;Universit\u00e9 Gen\u00e8ve. Organis\u00e9e par le think tank suisse \u2018\u2019Observatoire G\u00e9opolitique de Gen\u00e8ve\u2019\u2019, cette conf\u00e9rence-d\u00e9bat anim\u00e9e par un panel d\u2019experts internationaux du monde universitaire et du renseignement, a connu la participation des \u00e9tudiants et professeurs de l&rsquo;Universit\u00e9 de Gen\u00e8ve et d&rsquo;Instituts de recherche \u00e9trangers, des repr\u00e9sentants d&rsquo;organisations internationales, des diplomates ainsi qu\u2019un parterre de journalistes.<\/em><\/strong><\/p>\n\n\n\n<p class=\"wp-block-paragraph\">Cette rencontre a \u00e9t\u00e9 une occasion pour les pan\u00e9listes de faire un tour d\u2019horizon sur la situation s\u00e9curitaire dans le Sahel, mais aussi d\u2019\u00e9tablir la relation entre le terrorisme et le s\u00e9paratisme en Afrique.<\/p>\n\n\n\n<figure class=\"wp-block-image size-large\"><img loading=\"lazy\" decoding=\"async\" width=\"1024\" height=\"212\" src=\"https:\/\/macite.tg\/wp-content\/uploads\/2023\/06\/IMG-20230514-WA00962-4-1024x212.jpg\" alt=\"\" class=\"wp-image-6709\" srcset=\"https:\/\/macite.tg\/wp-content\/uploads\/2023\/06\/IMG-20230514-WA00962-4-1024x212.jpg 1024w, https:\/\/macite.tg\/wp-content\/uploads\/2023\/06\/IMG-20230514-WA00962-4-300x62.jpg 300w, https:\/\/macite.tg\/wp-content\/uploads\/2023\/06\/IMG-20230514-WA00962-4-768x159.jpg 768w, https:\/\/macite.tg\/wp-content\/uploads\/2023\/06\/IMG-20230514-WA00962-4-1536x318.jpg 1536w, https:\/\/macite.tg\/wp-content\/uploads\/2023\/06\/IMG-20230514-WA00962-4.jpg 1600w\" sizes=\"auto, (max-width: 1024px) 100vw, 1024px\" \/><\/figure>\n\n\n\n<h4 class=\"wp-block-heading\"><i class=\"fas fa-pencil-alt\"> <\/i><span><strong>Tout en passant en revue la situation s\u00e9curitaire qui pr\u00e9vaut dans la bande sah\u00e9lienne, caract\u00e9ris\u00e9e par l\u2019expansion du terrorisme, l\u2019ancien Directeur du renseignement de la Direction g\u00e9n\u00e9rale de la s\u00e9curit\u00e9 ext\u00e9rieure (DGSE) de la France, Alain Juillet, a dress\u00e9 une cartographie des groupes terroristes qui s\u00e9vissent dans cette r\u00e9gion de l\u2019Afrique.<\/strong><\/h4>\n\n\n\n<p class=\"wp-block-paragraph\">Une situation qui a \u00e9t\u00e9 corrobor\u00e9e par les participants qui ont mis un accent sur l\u2019implication des mouvements s\u00e9paratistes, notamment le Front Polisario, dans les r\u00e9seaux criminels op\u00e9rant dans la bande sah\u00e9lo-saharienne.<\/p>\n\n\n\n<p class=\"wp-block-paragraph\">A cet sujet, le Pr\u00e9sident de l\u2019Observatoire G\u00e9ostrat\u00e9gique de Gen\u00e8ve,&nbsp;Alain Jourdan, a expliqu\u00e9 que <em>\u00ab le d\u00e9litement de ce mouvement, financ\u00e9 par l\u2019Alg\u00e9rie, et jadis arm\u00e9 et agit\u00e9 par Kadhafi pour asseoir son influence dans la r\u00e9gion, est aujourd\u2019hui un vrai sujet de pr\u00e9occupation&nbsp;\u00bb.<\/em><\/p>\n\n\n\n<p class=\"wp-block-paragraph\">Revenant \u00e0 la charge, l\u2019ancien Directeur du renseignement de la DGSE, Alain Juillet, a relev\u00e9, de son c\u00f4t\u00e9, l\u2019implication de l\u2019Alg\u00e9rie dans ce conflit qui retarde encore le d\u00e9nouement dans ce dossier. Selon Alain Juillet, <em>\u00ab l\u2019Alg\u00e9rie qui a fait part de sa disponibilit\u00e9 \u00e0 aider \u00e0 lutter contre le terrorisme au Sahel ne peut pas \u00eatre consid\u00e9r\u00e9 comme un partenaire de confiance. Son soutien au Polisario apparait plus que jamais comme une man\u0153uvre de d\u00e9stabilisation extr\u00eamement dangereuse dans un contexte r\u00e9gional d\u00e9j\u00e0 explosif&nbsp;\u00bb<\/em>.<\/p>\n\n\n\n<p class=\"wp-block-paragraph\">Cette situation a pouss\u00e9 les participants \u00e0 cette conf\u00e9rence-d\u00e9bat \u00e0 s\u2019interroger sur les r\u00e9elles intentions de l\u2019Alg\u00e9rie qui, pr\u00e9tend jouer un r\u00f4le dans la lutte contre le terrorisme dans le Sahel, mais, en m\u00eame temps, soutient le Polisario dont certains des membres sont soit mis en cause dans des affaires de terrorisme, soit impliqu\u00e9s dans des trafics divers. Ces derniers&nbsp;<em>\u00ab frayent autant avec les groupes criminels qui ont la main sur le trafic d\u2019\u00eatres humains et de marchandises vol\u00e9es qu\u2019avec les cellules terroriste li\u00e9es \u00e0 Al-Qaida \u00bb, <\/em>ont not\u00e9 les participants au symposium.<\/p>\n\n\n<div class=\"wp-block-image\">\n<figure class=\"aligncenter size-large is-resized\"><img loading=\"lazy\" decoding=\"async\" src=\"https:\/\/macite.tg\/wp-content\/uploads\/2023\/06\/Panneau-1-12m2-bis-2-1024x768.jpg\" alt=\"\" class=\"wp-image-6710\" width=\"507\" height=\"380\" srcset=\"https:\/\/macite.tg\/wp-content\/uploads\/2023\/06\/Panneau-1-12m2-bis-2-1024x768.jpg 1024w, https:\/\/macite.tg\/wp-content\/uploads\/2023\/06\/Panneau-1-12m2-bis-2-300x225.jpg 300w, https:\/\/macite.tg\/wp-content\/uploads\/2023\/06\/Panneau-1-12m2-bis-2-768x576.jpg 768w, https:\/\/macite.tg\/wp-content\/uploads\/2023\/06\/Panneau-1-12m2-bis-2-1536x1152.jpg 1536w, https:\/\/macite.tg\/wp-content\/uploads\/2023\/06\/Panneau-1-12m2-bis-2-2048x1536.jpg 2048w\" sizes=\"auto, (max-width: 507px) 100vw, 507px\" \/><\/figure>\n<\/div>\n\n\n<p class=\"wp-block-paragraph\">Pour Alain Joudan, <em>\u00ab&nbsp;le d\u00e9litement de ce mouvement, financ\u00e9 par l\u2019Alg\u00e9rie, et jadis arm\u00e9 et agit\u00e9 par Kadhafi pour asseoir son influence dans la r\u00e9gion, est aujourd\u2019hui un vrai sujet de pr\u00e9occupation&nbsp;\u00bb. <\/em>Il poursuit que <em>\u00ab l\u2019Alg\u00e9rie qui a fait part de sa disponibilit\u00e9 \u00e0 aider \u00e0 lutter contre le terrorisme au Sahel, ne peut pas \u00eatre consid\u00e9r\u00e9 comme un partenaire de confiance. Son soutien au Polisario apparait plus que jamais comme une man\u0153uvre de d\u00e9stabilisation extr\u00eamement dangereuse dans un contexte r\u00e9gional d\u00e9j\u00e0 explosif&nbsp;\u00bb.<\/em><\/p>\n\n\n\n<p class=\"wp-block-paragraph\">Avec ces \u00e9clairages, on comprend ainsi mieux <em>\u00ab&nbsp;les efforts que l\u2019Alg\u00e9rie d\u00e9ploie pour passer sous silence l\u2019implication de membres du Polisario dans des projets terroristes et des trafics en tous genres \u00bb.<\/em><\/p>\n\n\n\n<p class=\"wp-block-paragraph\"><strong><em>@macite.tg&nbsp;&nbsp;&nbsp;&nbsp;&nbsp;&nbsp;&nbsp;&nbsp;<\/em><\/strong><\/p>\n\n\n\n<p class=\"wp-block-paragraph\"><strong><em>E-mail&nbsp;: <\/em><\/strong><a href=\"mailto:maciteinfo@gmail.com\"><strong><em>maciteinfo@gmail.com<\/em><\/strong><\/a><strong><em>; <\/em><\/strong><a href=\"mailto:bawela1@gmail.com\"><strong><em>bawela1@gmail.com<\/em><\/strong><\/a><strong><em><\/em><\/strong><\/p>\n\n\n\n<p class=\"wp-block-paragraph\"><strong><em>Pour vos annonces, (publi)reportages, etc., joignez nous au (00228)91515309\/<strong>79872224 <\/strong>www.macite.tg, L\u2019information, la bonne&nbsp;!<\/em><\/strong><\/p>\n","protected":false},"excerpt":{"rendered":"<p class=\"text-justify mb-2\" >Une conf\u00e9rence-d\u00e9bat sur la th\u00e9matique du terrorisme au Sahel, a eu lieu, le 22 juin 2023, \u00e0 l&rsquo;Universit\u00e9 Gen\u00e8ve. Organis\u00e9e par le think tank suisse \u2018\u2019Observatoire G\u00e9opolitique de Gen\u00e8ve\u2019\u2019, cette conf\u00e9rence-d\u00e9bat anim\u00e9e par un panel d\u2019experts internationaux du monde universitaire et du renseignement, a connu [&hellip;]<\/p>\n","protected":false},"author":2,"featured_media":6729,"comment_status":"open","ping_status":"open","sticky":false,"template":"","format":"standard","meta":{"footnotes":""},"categories":[20,28],"tags":[],"class_list":["post-6728","post","type-post","status-publish","format-standard","has-post-thumbnail","hentry","category-actualite","category-securite"],"yoast_head":"<!-- This site is optimized with the Yoast SEO plugin v28.4 - https:\/\/yoast.com\/product\/yoast-seo-wordpress\/ -->\n<title>SITUATION S\u00c9CURITAIRE DANS LE SAHEL\u00a0: L\u2019implication du Polisario dans le terrorisme, point\u00e9e du doigt par l\u2019Observatoire G\u00e9opolitique de Gen\u00e8ve -<\/title>\n<meta name=\"robots\" content=\"index, follow, max-snippet:-1, max-image-preview:large, max-video-preview:-1\" \/>\n<link rel=\"canonical\" href=\"https:\/\/macite.tg\/?p=6728\" \/>\n<meta property=\"og:locale\" content=\"fr_FR\" \/>\n<meta property=\"og:type\" content=\"article\" \/>\n<meta property=\"og:title\" content=\"SITUATION S\u00c9CURITAIRE DANS LE SAHEL\u00a0: L\u2019implication du Polisario dans le terrorisme, point\u00e9e du doigt par l\u2019Observatoire G\u00e9opolitique de Gen\u00e8ve -\" \/>\n<meta property=\"og:description\" content=\"Une conf\u00e9rence-d\u00e9bat sur la th\u00e9matique du terrorisme au Sahel, a eu lieu, le 22 juin 2023, \u00e0 l&rsquo;Universit\u00e9 Gen\u00e8ve. Organis\u00e9e par le think tank suisse \u2018\u2019Observatoire G\u00e9opolitique de Gen\u00e8ve\u2019\u2019, cette conf\u00e9rence-d\u00e9bat anim\u00e9e par un panel d\u2019experts internationaux du monde universitaire et du renseignement, a connu [&hellip;]\" \/>\n<meta property=\"og:url\" content=\"https:\/\/macite.tg\/?p=6728\" \/>\n<meta property=\"article:published_time\" content=\"2023-06-26T16:57:27+00:00\" \/>\n<meta property=\"article:modified_time\" content=\"2023-06-26T17:18:21+00:00\" \/>\n<meta property=\"og:image\" content=\"https:\/\/macite.tg\/wp-content\/uploads\/2023\/06\/IMG-20230626-WA0132.jpg\" \/>\n\t<meta property=\"og:image:width\" content=\"1024\" \/>\n\t<meta property=\"og:image:height\" content=\"768\" \/>\n\t<meta property=\"og:image:type\" content=\"image\/jpeg\" \/>\n<meta name=\"author\" content=\"Jean Pierre BAWELA\" \/>\n<meta name=\"twitter:card\" content=\"summary_large_image\" \/>\n<meta name=\"twitter:label1\" content=\"\u00c9crit par\" \/>\n\t<meta name=\"twitter:data1\" content=\"Jean Pierre BAWELA\" \/>\n\t<meta name=\"twitter:label2\" content=\"Dur\u00e9e de lecture estim\u00e9e\" \/>\n\t<meta name=\"twitter:data2\" content=\"3 minutes\" \/>\n<script type=\"application\/ld+json\" class=\"yoast-schema-graph\">{\"@context\":\"https:\\\/\\\/schema.org\",\"@graph\":[{\"@type\":\"Article\",\"@id\":\"https:\\\/\\\/macite.tg\\\/?p=6728#article\",\"isPartOf\":{\"@id\":\"https:\\\/\\\/macite.tg\\\/?p=6728\"},\"author\":{\"name\":\"Jean Pierre BAWELA\",\"@id\":\"https:\\\/\\\/macite.tg\\\/#\\\/schema\\\/person\\\/e9f2de7e5dbbe7770a9402c7ce82f5c2\"},\"headline\":\"SITUATION S\u00c9CURITAIRE DANS LE SAHEL\u00a0: L\u2019implication du Polisario dans le terrorisme, point\u00e9e du doigt par l\u2019Observatoire G\u00e9opolitique de Gen\u00e8ve\",\"datePublished\":\"2023-06-26T16:57:27+00:00\",\"dateModified\":\"2023-06-26T17:18:21+00:00\",\"mainEntityOfPage\":{\"@id\":\"https:\\\/\\\/macite.tg\\\/?p=6728\"},\"wordCount\":678,\"commentCount\":0,\"image\":{\"@id\":\"https:\\\/\\\/macite.tg\\\/?p=6728#primaryimage\"},\"thumbnailUrl\":\"https:\\\/\\\/macite.tg\\\/wp-content\\\/uploads\\\/2023\\\/06\\\/IMG-20230626-WA0132.jpg\",\"articleSection\":[\"ACTUALITE\",\"SECURITE\"],\"inLanguage\":\"fr-FR\",\"potentialAction\":[{\"@type\":\"CommentAction\",\"name\":\"Comment\",\"target\":[\"https:\\\/\\\/macite.tg\\\/?p=6728#respond\"]}]},{\"@type\":\"WebPage\",\"@id\":\"https:\\\/\\\/macite.tg\\\/?p=6728\",\"url\":\"https:\\\/\\\/macite.tg\\\/?p=6728\",\"name\":\"SITUATION S\u00c9CURITAIRE DANS LE SAHEL\u00a0: L\u2019implication du Polisario dans le terrorisme, point\u00e9e du doigt par l\u2019Observatoire G\u00e9opolitique de Gen\u00e8ve -\",\"isPartOf\":{\"@id\":\"https:\\\/\\\/macite.tg\\\/#website\"},\"primaryImageOfPage\":{\"@id\":\"https:\\\/\\\/macite.tg\\\/?p=6728#primaryimage\"},\"image\":{\"@id\":\"https:\\\/\\\/macite.tg\\\/?p=6728#primaryimage\"},\"thumbnailUrl\":\"https:\\\/\\\/macite.tg\\\/wp-content\\\/uploads\\\/2023\\\/06\\\/IMG-20230626-WA0132.jpg\",\"datePublished\":\"2023-06-26T16:57:27+00:00\",\"dateModified\":\"2023-06-26T17:18:21+00:00\",\"author\":{\"@id\":\"https:\\\/\\\/macite.tg\\\/#\\\/schema\\\/person\\\/e9f2de7e5dbbe7770a9402c7ce82f5c2\"},\"breadcrumb\":{\"@id\":\"https:\\\/\\\/macite.tg\\\/?p=6728#breadcrumb\"},\"inLanguage\":\"fr-FR\",\"potentialAction\":[{\"@type\":\"ReadAction\",\"target\":[\"https:\\\/\\\/macite.tg\\\/?p=6728\"]}]},{\"@type\":\"ImageObject\",\"inLanguage\":\"fr-FR\",\"@id\":\"https:\\\/\\\/macite.tg\\\/?p=6728#primaryimage\",\"url\":\"https:\\\/\\\/macite.tg\\\/wp-content\\\/uploads\\\/2023\\\/06\\\/IMG-20230626-WA0132.jpg\",\"contentUrl\":\"https:\\\/\\\/macite.tg\\\/wp-content\\\/uploads\\\/2023\\\/06\\\/IMG-20230626-WA0132.jpg\",\"width\":1024,\"height\":768},{\"@type\":\"BreadcrumbList\",\"@id\":\"https:\\\/\\\/macite.tg\\\/?p=6728#breadcrumb\",\"itemListElement\":[{\"@type\":\"ListItem\",\"position\":1,\"name\":\"Accueil\",\"item\":\"https:\\\/\\\/macite.tg\\\/\"},{\"@type\":\"ListItem\",\"position\":2,\"name\":\"SITUATION S\u00c9CURITAIRE DANS LE SAHEL\u00a0: L\u2019implication du Polisario dans le terrorisme, point\u00e9e du doigt par l\u2019Observatoire G\u00e9opolitique de Gen\u00e8ve\"}]},{\"@type\":\"WebSite\",\"@id\":\"https:\\\/\\\/macite.tg\\\/#website\",\"url\":\"https:\\\/\\\/macite.tg\\\/\",\"name\":\"\",\"description\":\"L&#039;information, la bonne!!!\",\"potentialAction\":[{\"@type\":\"SearchAction\",\"target\":{\"@type\":\"EntryPoint\",\"urlTemplate\":\"https:\\\/\\\/macite.tg\\\/?s={search_term_string}\"},\"query-input\":{\"@type\":\"PropertyValueSpecification\",\"valueRequired\":true,\"valueName\":\"search_term_string\"}}],\"inLanguage\":\"fr-FR\"},{\"@type\":\"Person\",\"@id\":\"https:\\\/\\\/macite.tg\\\/#\\\/schema\\\/person\\\/e9f2de7e5dbbe7770a9402c7ce82f5c2\",\"name\":\"Jean Pierre BAWELA\",\"image\":{\"@type\":\"ImageObject\",\"inLanguage\":\"fr-FR\",\"@id\":\"https:\\\/\\\/macite.tg\\\/wp-content\\\/uploads\\\/2023\\\/09\\\/WhatsApp-Image-2023-09-19-at-14.44.41-122x122.jpeg\",\"url\":\"https:\\\/\\\/macite.tg\\\/wp-content\\\/uploads\\\/2023\\\/09\\\/WhatsApp-Image-2023-09-19-at-14.44.41-122x122.jpeg\",\"contentUrl\":\"https:\\\/\\\/macite.tg\\\/wp-content\\\/uploads\\\/2023\\\/09\\\/WhatsApp-Image-2023-09-19-at-14.44.41-122x122.jpeg\",\"caption\":\"Jean Pierre BAWELA\"},\"url\":\"https:\\\/\\\/macite.tg\\\/?author=2\"}]}<\/script>\n<!-- \/ Yoast SEO plugin. -->","yoast_head_json":{"title":"SITUATION S\u00c9CURITAIRE DANS LE SAHEL\u00a0: L\u2019implication du Polisario dans le terrorisme, point\u00e9e du doigt par l\u2019Observatoire G\u00e9opolitique de Gen\u00e8ve -","robots":{"index":"index","follow":"follow","max-snippet":"max-snippet:-1","max-image-preview":"max-image-preview:large","max-video-preview":"max-video-preview:-1"},"canonical":"https:\/\/macite.tg\/?p=6728","og_locale":"fr_FR","og_type":"article","og_title":"SITUATION S\u00c9CURITAIRE DANS LE SAHEL\u00a0: L\u2019implication du Polisario dans le terrorisme, point\u00e9e du doigt par l\u2019Observatoire G\u00e9opolitique de Gen\u00e8ve -","og_description":"Une conf\u00e9rence-d\u00e9bat sur la th\u00e9matique du terrorisme au Sahel, a eu lieu, le 22 juin 2023, \u00e0 l&rsquo;Universit\u00e9 Gen\u00e8ve. Organis\u00e9e par le think tank suisse \u2018\u2019Observatoire G\u00e9opolitique de Gen\u00e8ve\u2019\u2019, cette conf\u00e9rence-d\u00e9bat anim\u00e9e par un panel d\u2019experts internationaux du monde universitaire et du renseignement, a connu [&hellip;]","og_url":"https:\/\/macite.tg\/?p=6728","article_published_time":"2023-06-26T16:57:27+00:00","article_modified_time":"2023-06-26T17:18:21+00:00","og_image":[{"width":1024,"height":768,"url":"https:\/\/macite.tg\/wp-content\/uploads\/2023\/06\/IMG-20230626-WA0132.jpg","type":"image\/jpeg"}],"author":"Jean Pierre BAWELA","twitter_card":"summary_large_image","twitter_misc":{"\u00c9crit par":"Jean Pierre BAWELA","Dur\u00e9e de lecture estim\u00e9e":"3 minutes"},"schema":{"@context":"https:\/\/schema.org","@graph":[{"@type":"Article","@id":"https:\/\/macite.tg\/?p=6728#article","isPartOf":{"@id":"https:\/\/macite.tg\/?p=6728"},"author":{"name":"Jean Pierre BAWELA","@id":"https:\/\/macite.tg\/#\/schema\/person\/e9f2de7e5dbbe7770a9402c7ce82f5c2"},"headline":"SITUATION S\u00c9CURITAIRE DANS LE SAHEL\u00a0: L\u2019implication du Polisario dans le terrorisme, point\u00e9e du doigt par l\u2019Observatoire G\u00e9opolitique de Gen\u00e8ve","datePublished":"2023-06-26T16:57:27+00:00","dateModified":"2023-06-26T17:18:21+00:00","mainEntityOfPage":{"@id":"https:\/\/macite.tg\/?p=6728"},"wordCount":678,"commentCount":0,"image":{"@id":"https:\/\/macite.tg\/?p=6728#primaryimage"},"thumbnailUrl":"https:\/\/macite.tg\/wp-content\/uploads\/2023\/06\/IMG-20230626-WA0132.jpg","articleSection":["ACTUALITE","SECURITE"],"inLanguage":"fr-FR","potentialAction":[{"@type":"CommentAction","name":"Comment","target":["https:\/\/macite.tg\/?p=6728#respond"]}]},{"@type":"WebPage","@id":"https:\/\/macite.tg\/?p=6728","url":"https:\/\/macite.tg\/?p=6728","name":"SITUATION S\u00c9CURITAIRE DANS LE SAHEL\u00a0: L\u2019implication du Polisario dans le terrorisme, point\u00e9e du doigt par l\u2019Observatoire G\u00e9opolitique de Gen\u00e8ve -","isPartOf":{"@id":"https:\/\/macite.tg\/#website"},"primaryImageOfPage":{"@id":"https:\/\/macite.tg\/?p=6728#primaryimage"},"image":{"@id":"https:\/\/macite.tg\/?p=6728#primaryimage"},"thumbnailUrl":"https:\/\/macite.tg\/wp-content\/uploads\/2023\/06\/IMG-20230626-WA0132.jpg","datePublished":"2023-06-26T16:57:27+00:00","dateModified":"2023-06-26T17:18:21+00:00","author":{"@id":"https:\/\/macite.tg\/#\/schema\/person\/e9f2de7e5dbbe7770a9402c7ce82f5c2"},"breadcrumb":{"@id":"https:\/\/macite.tg\/?p=6728#breadcrumb"},"inLanguage":"fr-FR","potentialAction":[{"@type":"ReadAction","target":["https:\/\/macite.tg\/?p=6728"]}]},{"@type":"ImageObject","inLanguage":"fr-FR","@id":"https:\/\/macite.tg\/?p=6728#primaryimage","url":"https:\/\/macite.tg\/wp-content\/uploads\/2023\/06\/IMG-20230626-WA0132.jpg","contentUrl":"https:\/\/macite.tg\/wp-content\/uploads\/2023\/06\/IMG-20230626-WA0132.jpg","width":1024,"height":768},{"@type":"BreadcrumbList","@id":"https:\/\/macite.tg\/?p=6728#breadcrumb","itemListElement":[{"@type":"ListItem","position":1,"name":"Accueil","item":"https:\/\/macite.tg\/"},{"@type":"ListItem","position":2,"name":"SITUATION S\u00c9CURITAIRE DANS LE SAHEL\u00a0: L\u2019implication du Polisario dans le terrorisme, point\u00e9e du doigt par l\u2019Observatoire G\u00e9opolitique de Gen\u00e8ve"}]},{"@type":"WebSite","@id":"https:\/\/macite.tg\/#website","url":"https:\/\/macite.tg\/","name":"","description":"L&#039;information, la bonne!!!","potentialAction":[{"@type":"SearchAction","target":{"@type":"EntryPoint","urlTemplate":"https:\/\/macite.tg\/?s={search_term_string}"},"query-input":{"@type":"PropertyValueSpecification","valueRequired":true,"valueName":"search_term_string"}}],"inLanguage":"fr-FR"},{"@type":"Person","@id":"https:\/\/macite.tg\/#\/schema\/person\/e9f2de7e5dbbe7770a9402c7ce82f5c2","name":"Jean Pierre BAWELA","image":{"@type":"ImageObject","inLanguage":"fr-FR","@id":"https:\/\/macite.tg\/wp-content\/uploads\/2023\/09\/WhatsApp-Image-2023-09-19-at-14.44.41-122x122.jpeg","url":"https:\/\/macite.tg\/wp-content\/uploads\/2023\/09\/WhatsApp-Image-2023-09-19-at-14.44.41-122x122.jpeg","contentUrl":"https:\/\/macite.tg\/wp-content\/uploads\/2023\/09\/WhatsApp-Image-2023-09-19-at-14.44.41-122x122.jpeg","caption":"Jean Pierre BAWELA"},"url":"https:\/\/macite.tg\/?author=2"}]}},"_links":{"self":[{"href":"https:\/\/macite.tg\/index.php?rest_route=\/wp\/v2\/posts\/6728","targetHints":{"allow":["GET"]}}],"collection":[{"href":"https:\/\/macite.tg\/index.php?rest_route=\/wp\/v2\/posts"}],"about":[{"href":"https:\/\/macite.tg\/index.php?rest_route=\/wp\/v2\/types\/post"}],"author":[{"embeddable":true,"href":"https:\/\/macite.tg\/index.php?rest_route=\/wp\/v2\/users\/2"}],"replies":[{"embeddable":true,"href":"https:\/\/macite.tg\/index.php?rest_route=%2Fwp%2Fv2%2Fcomments&post=6728"}],"version-history":[{"count":0,"href":"https:\/\/macite.tg\/index.php?rest_route=\/wp\/v2\/posts\/6728\/revisions"}],"wp:featuredmedia":[{"embeddable":true,"href":"https:\/\/macite.tg\/index.php?rest_route=\/wp\/v2\/media\/6729"}],"wp:attachment":[{"href":"https:\/\/macite.tg\/index.php?rest_route=%2Fwp%2Fv2%2Fmedia&parent=6728"}],"wp:term":[{"taxonomy":"category","embeddable":true,"href":"https:\/\/macite.tg\/index.php?rest_route=%2Fwp%2Fv2%2Fcategories&post=6728"},{"taxonomy":"post_tag","embeddable":true,"href":"https:\/\/macite.tg\/index.php?rest_route=%2Fwp%2Fv2%2Ftags&post=6728"}],"curies":[{"name":"wp","href":"https:\/\/api.w.org\/{rel}","templated":true}]}}