{"id":6703,"date":"2023-06-26T12:13:15","date_gmt":"2023-06-26T12:13:15","guid":{"rendered":"https:\/\/macite.tg\/?p=6703"},"modified":"2023-06-26T12:13:16","modified_gmt":"2023-06-26T12:13:16","slug":"foot-championnat-national-2eme-division-gbikinti-de-bassar-celebre-son-titre-de-champion","status":"publish","type":"post","link":"https:\/\/macite.tg\/?p=6703","title":{"rendered":"FOOT \/ CHAMPIONNAT national 2\u00e8me DIVISION\u00a0: Gbikinti de Bassar c\u00e9l\u00e8bre son titre de champion"},"content":{"rendered":"\n<p class=\"wp-block-paragraph\"><strong><em>Le championnat national de deuxi\u00e8me division pour la saison 2022-2023 a pris fin avec le sacre des Lions des Monts Bassar, \u2018\u2019Gbikinti de Bassar\u2019\u2019.<\/em><\/strong><\/p>\n\n\n\n<p class=\"wp-block-paragraph\"><strong><em>Premier avec 52 points devant Doumb\u00e9 de Mango, &nbsp;l\u2019\u00e9quipe de football, Gbikinti de Bassar, qui a eu \u00e0 faire parler d\u2019elle dans les ann\u00e9es 90, regagne ainsi l\u2019\u00e9lite pour la saison prochaine 2023-2024. Et c\u2019est &nbsp;pour f\u00eater leurs h\u00e9ros, que le public sportif de Bassar et toute la population se sont retrouv\u00e9s ensemble avec les joueurs, le samedi 24 juin 2023 \u00e0 l\u2019h\u00f4tel Bassar pour c\u00e9l\u00e9brer le titre. Baptis\u00e9 \u00abJourn\u00e9e des r\u00e9compenses&nbsp;\u00bb, l\u2019\u00e9v\u00e9nement initi\u00e9 par le bureau ex\u00e9cutif de l\u2019\u00e9quipe, a \u00e9t\u00e9 l\u2019occasion de pr\u00e9senter le troph\u00e9e de champion au public sportif &nbsp;de Bassar et de r\u00e9compenser toute l\u2019\u00e9quipe et les joueurs qui se sont distingu\u00e9s durant tout le long du championnat.<\/em><\/strong><\/p>\n\n\n<div class=\"wp-block-image\">\n<figure class=\"aligncenter size-full is-resized\"><img loading=\"lazy\" decoding=\"async\" src=\"https:\/\/macite.tg\/wp-content\/uploads\/2023\/06\/Abassar.jpg\" alt=\"\" class=\"wp-image-6713\" width=\"586\" height=\"500\" srcset=\"https:\/\/macite.tg\/wp-content\/uploads\/2023\/06\/Abassar.jpg 500w, https:\/\/macite.tg\/wp-content\/uploads\/2023\/06\/Abassar-300x256.jpg 300w\" sizes=\"auto, (max-width: 586px) 100vw, 586px\" \/><figcaption class=\"wp-element-caption\"><em><strong>Quelques clich\u00e9s de la rencontre&#8230;<\/strong><\/em><\/figcaption><\/figure>\n<\/div>\n\n\n<p class=\"wp-block-paragraph\">La c\u00e9r\u00e9monie de remise des r\u00e9compenses a \u00e9t\u00e9 pr\u00e9c\u00e9d\u00e9e par un match d\u2019exhibition entre Gbikinti de Bassar et l\u2019\u00e9quipe Kalengbasse de Lom\u00e9 (une \u00e9quipe compos\u00e9e en majorit\u00e9 des ressortissants du Grand Bassar r\u00e9sidents \u00e0 Lom\u00e9). Ladite rencontre a vu la victoire de l\u2019\u00e9quipe de Kalengbasse par 1 but \u00e0 0, \u00e0 la fin du temps r\u00e9glementaire.<\/p>\n\n\n\n<p class=\"wp-block-paragraph\">Meilleur joueur de Gbikinti, meilleur buteur, meilleure r\u00e9v\u00e9lation et meilleur staff, sont les diff\u00e9rentes r\u00e9compenses qui ont \u00e9t\u00e9 attribu\u00e9es en pr\u00e9sence des supporters et les fans clubs de Gbikinti de la diaspora occidentale.<\/p>\n\n\n\n<figure class=\"wp-block-image size-large\"><img loading=\"lazy\" decoding=\"async\" width=\"1024\" height=\"212\" src=\"https:\/\/macite.tg\/wp-content\/uploads\/2023\/06\/IMG-20230514-WA00962-4-1024x212.jpg\" alt=\"\" class=\"wp-image-6709\" srcset=\"https:\/\/macite.tg\/wp-content\/uploads\/2023\/06\/IMG-20230514-WA00962-4-1024x212.jpg 1024w, https:\/\/macite.tg\/wp-content\/uploads\/2023\/06\/IMG-20230514-WA00962-4-300x62.jpg 300w, https:\/\/macite.tg\/wp-content\/uploads\/2023\/06\/IMG-20230514-WA00962-4-768x159.jpg 768w, https:\/\/macite.tg\/wp-content\/uploads\/2023\/06\/IMG-20230514-WA00962-4-1536x318.jpg 1536w, https:\/\/macite.tg\/wp-content\/uploads\/2023\/06\/IMG-20230514-WA00962-4.jpg 1600w\" sizes=\"auto, (max-width: 1024px) 100vw, 1024px\" \/><\/figure>\n\n\n\n<p class=\"wp-block-paragraph\">Peu avant, le troph\u00e9e de champion a&nbsp; \u00e9t\u00e9 pr\u00e9sent\u00e9 officiellement au pr\u00e9sident d\u2019honneur de l\u2019\u00e9quipe, le chef de canton de Bassar, Yawank\u00e9 Bitembe Djintidja. Ce dernier s\u2019est r\u00e9joui du parcours de l\u2019\u00e9quipe et f\u00e9licit\u00e9 les joueurs, le staff d\u2019encadrement et le bureau ex\u00e9cutif pour le travail abattu.<\/p>\n\n\n\n<p class=\"wp-block-paragraph\">\u00ab&nbsp;<em>N\u2019est pas premier qui le veut. Il faut le m\u00e9riter, et Gbikinti de Bassar a m\u00e9rit\u00e9 ce troph\u00e9e<\/em>&nbsp;\u00bb, a laiss\u00e9 entendre le pr\u00e9sident d\u2019honneur.&nbsp;<\/p>\n\n\n\n<p class=\"wp-block-paragraph\">Le pr\u00e9sident de l\u2019\u00e9quipe, Gbati Komi, &nbsp;a saisi l\u2019occasion pour f\u00e9liciter les joueurs pour leur exploit qui a fait encore une fois honneur au public sportif de Bassar et \u00e0 toute la population. Aux supporters, \u00e0 toutes les bonnes volont\u00e9s qui ont soutenu le staff, le bureau et les joueurs de quelque mani\u00e8re que ce soit, et \u00e0 la population, il a dit un grand merci.<\/p>\n\n\n\n<p class=\"wp-block-paragraph\">&nbsp;\u00ab&nbsp;<em>C\u2019est gr\u00e2ce \u00e0 vous que nous sommes l\u00e0 o\u00f9 nous sommes aujourd\u2019hui. Et ce n\u2019est pas encore termin\u00e9. Aujourd\u2019hui, c\u2019est un grand d\u00e9fi que d\u2019\u00e9voluer la saison prochaine en premi\u00e8re division. Nous aurons encore besoin de vous pour pousser notre \u00e9quipe \u00e0 aller de l\u2019avant&nbsp;<\/em>\u00bb, a fait savoir le pr\u00e9sident de Gbikinti de Bassar.<\/p>\n\n\n<div class=\"wp-block-image\">\n<figure class=\"aligncenter size-large is-resized\"><img loading=\"lazy\" decoding=\"async\" src=\"https:\/\/macite.tg\/wp-content\/uploads\/2023\/06\/Panneau-1-12m2-bis-2-1024x768.jpg\" alt=\"\" class=\"wp-image-6710\" width=\"559\" height=\"419\" srcset=\"https:\/\/macite.tg\/wp-content\/uploads\/2023\/06\/Panneau-1-12m2-bis-2-1024x768.jpg 1024w, https:\/\/macite.tg\/wp-content\/uploads\/2023\/06\/Panneau-1-12m2-bis-2-300x225.jpg 300w, https:\/\/macite.tg\/wp-content\/uploads\/2023\/06\/Panneau-1-12m2-bis-2-768x576.jpg 768w, https:\/\/macite.tg\/wp-content\/uploads\/2023\/06\/Panneau-1-12m2-bis-2-1536x1152.jpg 1536w, https:\/\/macite.tg\/wp-content\/uploads\/2023\/06\/Panneau-1-12m2-bis-2-2048x1536.jpg 2048w\" sizes=\"auto, (max-width: 559px) 100vw, 559px\" \/><\/figure>\n<\/div>\n\n\n<p class=\"wp-block-paragraph\">Les autorit\u00e9s administratives et locales, quelques cadres de Bassar, les chefs de canton de la pr\u00e9fecture de Bassar, le groupe des sages ont \u00e9galement pris part \u00e0 cet \u00e9v\u00e9nement qui a vu le sponsor officiel de l\u2019\u00e9quipe, l\u2019entreprise des BTP \u00ab&nbsp;MNS GROUPE&nbsp;\u00bb, r\u00e9compens\u00e9. &nbsp;&nbsp;<\/p>\n\n\n\n<p class=\"wp-block-paragraph\">La f\u00eate s\u2019est poursuivie avec une grande r\u00e9ception, agr\u00e9ment\u00e9e par les jeunes artistes qui ont eu \u00e0 composer les chansons en l\u2019honneur des champions Gbikinti &nbsp;FC de Bassar. &nbsp;&nbsp;&nbsp;<\/p>\n\n\n\n<p class=\"wp-block-paragraph\"><strong><em>@macite.tg&nbsp;&nbsp;&nbsp;&nbsp;&nbsp;&nbsp;&nbsp;&nbsp;<\/em><\/strong><\/p>\n\n\n\n<p class=\"wp-block-paragraph\"><strong><em>E-mail&nbsp;: <\/em><\/strong><a href=\"mailto:maciteinfo@gmail.com\"><strong><em>maciteinfo@gmail.com<\/em><\/strong><\/a><strong><em>; <\/em><\/strong><a href=\"mailto:bawela1@gmail.com\"><strong><em>bawela1@gmail.com<\/em><\/strong><\/a><strong><em><\/em><\/strong><\/p>\n\n\n\n<p class=\"wp-block-paragraph\"><strong><em>Pour vos annonces, (publi)reportages, etc., joignez nous au (00228)91515309\/<strong>79872224 <\/strong>www.macite.tg, L\u2019information, la bonne&nbsp;!<\/em><\/strong><\/p>\n","protected":false},"excerpt":{"rendered":"<p class=\"text-justify mb-2\" >Le championnat national de deuxi\u00e8me division pour la saison 2022-2023 a pris fin avec le sacre des Lions des Monts Bassar, \u2018\u2019Gbikinti de Bassar\u2019\u2019. Premier avec 52 points devant Doumb\u00e9 de Mango, &nbsp;l\u2019\u00e9quipe de football, Gbikinti de Bassar, qui a eu \u00e0 faire parler d\u2019elle [&hellip;]<\/p>\n","protected":false},"author":2,"featured_media":6712,"comment_status":"open","ping_status":"open","sticky":false,"template":"","format":"standard","meta":{"footnotes":""},"categories":[7],"tags":[],"class_list":["post-6703","post","type-post","status-publish","format-standard","has-post-thumbnail","hentry","category-sports"],"yoast_head":"<!-- This site is optimized with the Yoast SEO plugin v28.4 - https:\/\/yoast.com\/product\/yoast-seo-wordpress\/ -->\n<title>FOOT \/ CHAMPIONNAT national 2\u00e8me DIVISION\u00a0: Gbikinti de Bassar c\u00e9l\u00e8bre son titre de champion -<\/title>\n<meta name=\"robots\" content=\"index, follow, max-snippet:-1, max-image-preview:large, max-video-preview:-1\" \/>\n<link rel=\"canonical\" href=\"https:\/\/macite.tg\/?p=6703\" \/>\n<meta property=\"og:locale\" content=\"fr_FR\" \/>\n<meta property=\"og:type\" content=\"article\" \/>\n<meta property=\"og:title\" content=\"FOOT \/ CHAMPIONNAT national 2\u00e8me DIVISION\u00a0: Gbikinti de Bassar c\u00e9l\u00e8bre son titre de champion -\" \/>\n<meta property=\"og:description\" content=\"Le championnat national de deuxi\u00e8me division pour la saison 2022-2023 a pris fin avec le sacre des Lions des Monts Bassar, \u2018\u2019Gbikinti de Bassar\u2019\u2019. Premier avec 52 points devant Doumb\u00e9 de Mango, &nbsp;l\u2019\u00e9quipe de football, Gbikinti de Bassar, qui a eu \u00e0 faire parler d\u2019elle [&hellip;]\" \/>\n<meta property=\"og:url\" content=\"https:\/\/macite.tg\/?p=6703\" \/>\n<meta property=\"article:published_time\" content=\"2023-06-26T12:13:15+00:00\" \/>\n<meta property=\"article:modified_time\" content=\"2023-06-26T12:13:16+00:00\" \/>\n<meta property=\"og:image\" content=\"https:\/\/macite.tg\/wp-content\/uploads\/2023\/06\/Aaa-1.jpg\" \/>\n\t<meta property=\"og:image:width\" content=\"500\" \/>\n\t<meta property=\"og:image:height\" content=\"361\" \/>\n\t<meta property=\"og:image:type\" content=\"image\/jpeg\" \/>\n<meta name=\"author\" content=\"Jean Pierre BAWELA\" \/>\n<meta name=\"twitter:card\" content=\"summary_large_image\" \/>\n<meta name=\"twitter:label1\" content=\"\u00c9crit par\" \/>\n\t<meta name=\"twitter:data1\" content=\"Jean Pierre BAWELA\" \/>\n\t<meta name=\"twitter:label2\" content=\"Dur\u00e9e de lecture estim\u00e9e\" \/>\n\t<meta name=\"twitter:data2\" content=\"3 minutes\" \/>\n<script type=\"application\/ld+json\" class=\"yoast-schema-graph\">{\"@context\":\"https:\\\/\\\/schema.org\",\"@graph\":[{\"@type\":\"Article\",\"@id\":\"https:\\\/\\\/macite.tg\\\/?p=6703#article\",\"isPartOf\":{\"@id\":\"https:\\\/\\\/macite.tg\\\/?p=6703\"},\"author\":{\"name\":\"Jean Pierre BAWELA\",\"@id\":\"https:\\\/\\\/macite.tg\\\/#\\\/schema\\\/person\\\/e9f2de7e5dbbe7770a9402c7ce82f5c2\"},\"headline\":\"FOOT \\\/ CHAMPIONNAT national 2\u00e8me DIVISION\u00a0: Gbikinti de Bassar c\u00e9l\u00e8bre son titre de champion\",\"datePublished\":\"2023-06-26T12:13:15+00:00\",\"dateModified\":\"2023-06-26T12:13:16+00:00\",\"mainEntityOfPage\":{\"@id\":\"https:\\\/\\\/macite.tg\\\/?p=6703\"},\"wordCount\":634,\"commentCount\":0,\"image\":{\"@id\":\"https:\\\/\\\/macite.tg\\\/?p=6703#primaryimage\"},\"thumbnailUrl\":\"https:\\\/\\\/macite.tg\\\/wp-content\\\/uploads\\\/2023\\\/06\\\/Aaa-1.jpg\",\"articleSection\":[\"SPORTS\"],\"inLanguage\":\"fr-FR\",\"potentialAction\":[{\"@type\":\"CommentAction\",\"name\":\"Comment\",\"target\":[\"https:\\\/\\\/macite.tg\\\/?p=6703#respond\"]}]},{\"@type\":\"WebPage\",\"@id\":\"https:\\\/\\\/macite.tg\\\/?p=6703\",\"url\":\"https:\\\/\\\/macite.tg\\\/?p=6703\",\"name\":\"FOOT \\\/ CHAMPIONNAT national 2\u00e8me DIVISION\u00a0: Gbikinti de Bassar c\u00e9l\u00e8bre son titre de champion -\",\"isPartOf\":{\"@id\":\"https:\\\/\\\/macite.tg\\\/#website\"},\"primaryImageOfPage\":{\"@id\":\"https:\\\/\\\/macite.tg\\\/?p=6703#primaryimage\"},\"image\":{\"@id\":\"https:\\\/\\\/macite.tg\\\/?p=6703#primaryimage\"},\"thumbnailUrl\":\"https:\\\/\\\/macite.tg\\\/wp-content\\\/uploads\\\/2023\\\/06\\\/Aaa-1.jpg\",\"datePublished\":\"2023-06-26T12:13:15+00:00\",\"dateModified\":\"2023-06-26T12:13:16+00:00\",\"author\":{\"@id\":\"https:\\\/\\\/macite.tg\\\/#\\\/schema\\\/person\\\/e9f2de7e5dbbe7770a9402c7ce82f5c2\"},\"breadcrumb\":{\"@id\":\"https:\\\/\\\/macite.tg\\\/?p=6703#breadcrumb\"},\"inLanguage\":\"fr-FR\",\"potentialAction\":[{\"@type\":\"ReadAction\",\"target\":[\"https:\\\/\\\/macite.tg\\\/?p=6703\"]}]},{\"@type\":\"ImageObject\",\"inLanguage\":\"fr-FR\",\"@id\":\"https:\\\/\\\/macite.tg\\\/?p=6703#primaryimage\",\"url\":\"https:\\\/\\\/macite.tg\\\/wp-content\\\/uploads\\\/2023\\\/06\\\/Aaa-1.jpg\",\"contentUrl\":\"https:\\\/\\\/macite.tg\\\/wp-content\\\/uploads\\\/2023\\\/06\\\/Aaa-1.jpg\",\"width\":500,\"height\":361},{\"@type\":\"BreadcrumbList\",\"@id\":\"https:\\\/\\\/macite.tg\\\/?p=6703#breadcrumb\",\"itemListElement\":[{\"@type\":\"ListItem\",\"position\":1,\"name\":\"Accueil\",\"item\":\"https:\\\/\\\/macite.tg\\\/\"},{\"@type\":\"ListItem\",\"position\":2,\"name\":\"FOOT \\\/ CHAMPIONNAT national 2\u00e8me DIVISION\u00a0: Gbikinti de Bassar c\u00e9l\u00e8bre son titre de champion\"}]},{\"@type\":\"WebSite\",\"@id\":\"https:\\\/\\\/macite.tg\\\/#website\",\"url\":\"https:\\\/\\\/macite.tg\\\/\",\"name\":\"\",\"description\":\"L&#039;information, la bonne!!!\",\"potentialAction\":[{\"@type\":\"SearchAction\",\"target\":{\"@type\":\"EntryPoint\",\"urlTemplate\":\"https:\\\/\\\/macite.tg\\\/?s={search_term_string}\"},\"query-input\":{\"@type\":\"PropertyValueSpecification\",\"valueRequired\":true,\"valueName\":\"search_term_string\"}}],\"inLanguage\":\"fr-FR\"},{\"@type\":\"Person\",\"@id\":\"https:\\\/\\\/macite.tg\\\/#\\\/schema\\\/person\\\/e9f2de7e5dbbe7770a9402c7ce82f5c2\",\"name\":\"Jean Pierre BAWELA\",\"image\":{\"@type\":\"ImageObject\",\"inLanguage\":\"fr-FR\",\"@id\":\"https:\\\/\\\/macite.tg\\\/wp-content\\\/uploads\\\/2023\\\/09\\\/WhatsApp-Image-2023-09-19-at-14.44.41-122x122.jpeg\",\"url\":\"https:\\\/\\\/macite.tg\\\/wp-content\\\/uploads\\\/2023\\\/09\\\/WhatsApp-Image-2023-09-19-at-14.44.41-122x122.jpeg\",\"contentUrl\":\"https:\\\/\\\/macite.tg\\\/wp-content\\\/uploads\\\/2023\\\/09\\\/WhatsApp-Image-2023-09-19-at-14.44.41-122x122.jpeg\",\"caption\":\"Jean Pierre BAWELA\"},\"url\":\"https:\\\/\\\/macite.tg\\\/?author=2\"}]}<\/script>\n<!-- \/ Yoast SEO plugin. -->","yoast_head_json":{"title":"FOOT \/ CHAMPIONNAT national 2\u00e8me DIVISION\u00a0: Gbikinti de Bassar c\u00e9l\u00e8bre son titre de champion -","robots":{"index":"index","follow":"follow","max-snippet":"max-snippet:-1","max-image-preview":"max-image-preview:large","max-video-preview":"max-video-preview:-1"},"canonical":"https:\/\/macite.tg\/?p=6703","og_locale":"fr_FR","og_type":"article","og_title":"FOOT \/ CHAMPIONNAT national 2\u00e8me DIVISION\u00a0: Gbikinti de Bassar c\u00e9l\u00e8bre son titre de champion -","og_description":"Le championnat national de deuxi\u00e8me division pour la saison 2022-2023 a pris fin avec le sacre des Lions des Monts Bassar, \u2018\u2019Gbikinti de Bassar\u2019\u2019. Premier avec 52 points devant Doumb\u00e9 de Mango, &nbsp;l\u2019\u00e9quipe de football, Gbikinti de Bassar, qui a eu \u00e0 faire parler d\u2019elle [&hellip;]","og_url":"https:\/\/macite.tg\/?p=6703","article_published_time":"2023-06-26T12:13:15+00:00","article_modified_time":"2023-06-26T12:13:16+00:00","og_image":[{"width":500,"height":361,"url":"https:\/\/macite.tg\/wp-content\/uploads\/2023\/06\/Aaa-1.jpg","type":"image\/jpeg"}],"author":"Jean Pierre BAWELA","twitter_card":"summary_large_image","twitter_misc":{"\u00c9crit par":"Jean Pierre BAWELA","Dur\u00e9e de lecture estim\u00e9e":"3 minutes"},"schema":{"@context":"https:\/\/schema.org","@graph":[{"@type":"Article","@id":"https:\/\/macite.tg\/?p=6703#article","isPartOf":{"@id":"https:\/\/macite.tg\/?p=6703"},"author":{"name":"Jean Pierre BAWELA","@id":"https:\/\/macite.tg\/#\/schema\/person\/e9f2de7e5dbbe7770a9402c7ce82f5c2"},"headline":"FOOT \/ CHAMPIONNAT national 2\u00e8me DIVISION\u00a0: Gbikinti de Bassar c\u00e9l\u00e8bre son titre de champion","datePublished":"2023-06-26T12:13:15+00:00","dateModified":"2023-06-26T12:13:16+00:00","mainEntityOfPage":{"@id":"https:\/\/macite.tg\/?p=6703"},"wordCount":634,"commentCount":0,"image":{"@id":"https:\/\/macite.tg\/?p=6703#primaryimage"},"thumbnailUrl":"https:\/\/macite.tg\/wp-content\/uploads\/2023\/06\/Aaa-1.jpg","articleSection":["SPORTS"],"inLanguage":"fr-FR","potentialAction":[{"@type":"CommentAction","name":"Comment","target":["https:\/\/macite.tg\/?p=6703#respond"]}]},{"@type":"WebPage","@id":"https:\/\/macite.tg\/?p=6703","url":"https:\/\/macite.tg\/?p=6703","name":"FOOT \/ CHAMPIONNAT national 2\u00e8me DIVISION\u00a0: Gbikinti de Bassar c\u00e9l\u00e8bre son titre de champion -","isPartOf":{"@id":"https:\/\/macite.tg\/#website"},"primaryImageOfPage":{"@id":"https:\/\/macite.tg\/?p=6703#primaryimage"},"image":{"@id":"https:\/\/macite.tg\/?p=6703#primaryimage"},"thumbnailUrl":"https:\/\/macite.tg\/wp-content\/uploads\/2023\/06\/Aaa-1.jpg","datePublished":"2023-06-26T12:13:15+00:00","dateModified":"2023-06-26T12:13:16+00:00","author":{"@id":"https:\/\/macite.tg\/#\/schema\/person\/e9f2de7e5dbbe7770a9402c7ce82f5c2"},"breadcrumb":{"@id":"https:\/\/macite.tg\/?p=6703#breadcrumb"},"inLanguage":"fr-FR","potentialAction":[{"@type":"ReadAction","target":["https:\/\/macite.tg\/?p=6703"]}]},{"@type":"ImageObject","inLanguage":"fr-FR","@id":"https:\/\/macite.tg\/?p=6703#primaryimage","url":"https:\/\/macite.tg\/wp-content\/uploads\/2023\/06\/Aaa-1.jpg","contentUrl":"https:\/\/macite.tg\/wp-content\/uploads\/2023\/06\/Aaa-1.jpg","width":500,"height":361},{"@type":"BreadcrumbList","@id":"https:\/\/macite.tg\/?p=6703#breadcrumb","itemListElement":[{"@type":"ListItem","position":1,"name":"Accueil","item":"https:\/\/macite.tg\/"},{"@type":"ListItem","position":2,"name":"FOOT \/ CHAMPIONNAT national 2\u00e8me DIVISION\u00a0: Gbikinti de Bassar c\u00e9l\u00e8bre son titre de champion"}]},{"@type":"WebSite","@id":"https:\/\/macite.tg\/#website","url":"https:\/\/macite.tg\/","name":"","description":"L&#039;information, la bonne!!!","potentialAction":[{"@type":"SearchAction","target":{"@type":"EntryPoint","urlTemplate":"https:\/\/macite.tg\/?s={search_term_string}"},"query-input":{"@type":"PropertyValueSpecification","valueRequired":true,"valueName":"search_term_string"}}],"inLanguage":"fr-FR"},{"@type":"Person","@id":"https:\/\/macite.tg\/#\/schema\/person\/e9f2de7e5dbbe7770a9402c7ce82f5c2","name":"Jean Pierre BAWELA","image":{"@type":"ImageObject","inLanguage":"fr-FR","@id":"https:\/\/macite.tg\/wp-content\/uploads\/2023\/09\/WhatsApp-Image-2023-09-19-at-14.44.41-122x122.jpeg","url":"https:\/\/macite.tg\/wp-content\/uploads\/2023\/09\/WhatsApp-Image-2023-09-19-at-14.44.41-122x122.jpeg","contentUrl":"https:\/\/macite.tg\/wp-content\/uploads\/2023\/09\/WhatsApp-Image-2023-09-19-at-14.44.41-122x122.jpeg","caption":"Jean Pierre BAWELA"},"url":"https:\/\/macite.tg\/?author=2"}]}},"_links":{"self":[{"href":"https:\/\/macite.tg\/index.php?rest_route=\/wp\/v2\/posts\/6703","targetHints":{"allow":["GET"]}}],"collection":[{"href":"https:\/\/macite.tg\/index.php?rest_route=\/wp\/v2\/posts"}],"about":[{"href":"https:\/\/macite.tg\/index.php?rest_route=\/wp\/v2\/types\/post"}],"author":[{"embeddable":true,"href":"https:\/\/macite.tg\/index.php?rest_route=\/wp\/v2\/users\/2"}],"replies":[{"embeddable":true,"href":"https:\/\/macite.tg\/index.php?rest_route=%2Fwp%2Fv2%2Fcomments&post=6703"}],"version-history":[{"count":0,"href":"https:\/\/macite.tg\/index.php?rest_route=\/wp\/v2\/posts\/6703\/revisions"}],"wp:featuredmedia":[{"embeddable":true,"href":"https:\/\/macite.tg\/index.php?rest_route=\/wp\/v2\/media\/6712"}],"wp:attachment":[{"href":"https:\/\/macite.tg\/index.php?rest_route=%2Fwp%2Fv2%2Fmedia&parent=6703"}],"wp:term":[{"taxonomy":"category","embeddable":true,"href":"https:\/\/macite.tg\/index.php?rest_route=%2Fwp%2Fv2%2Fcategories&post=6703"},{"taxonomy":"post_tag","embeddable":true,"href":"https:\/\/macite.tg\/index.php?rest_route=%2Fwp%2Fv2%2Ftags&post=6703"}],"curies":[{"name":"wp","href":"https:\/\/api.w.org\/{rel}","templated":true}]}}