{"id":6697,"date":"2023-06-25T07:07:34","date_gmt":"2023-06-25T07:07:34","guid":{"rendered":"https:\/\/macite.tg\/?p=6697"},"modified":"2023-06-25T07:11:08","modified_gmt":"2023-06-25T07:11:08","slug":"togo-rencontre-dechange-entre-lassociation-aavoed-et-les-etudiants","status":"publish","type":"post","link":"https:\/\/macite.tg\/?p=6697","title":{"rendered":"TOGO\u00a0: Rencontre d\u2019\u00e9change entre l\u2019association AAVOED et les \u00e9tudiants"},"content":{"rendered":"\n<p class=\"wp-block-paragraph\"><br><strong><em>L\u2019association Aide et Action \u00e0 la Veuve, \u00e0 l\u2019Orphelin et \u00e0 l\u2019Enfant D\u00e9sh\u00e9rit\u00e9 a entrepris de renforcer les capacit\u00e9s des jeunes \u00e9tudiants. L\u2019objectif est de leur permettre de gagner le pari de leur insertion professionnelle.<\/em><\/strong><br>AAVOED tenait ce samedi 24 juin 2023 \u00e0 Lom\u00e9 une s\u00e9ance d\u2019information et de partage d\u2019exp\u00e9rience relative au march\u00e9 du travail. Ils \u00e9taient environ 200 jeunes \u00e0 r\u00e9pondre \u00e0 ce rendez-vous. Face \u00e0 eux, la pr\u00e9sidente de l\u2019AAVOED, l\u2019honorable Fran\u00e7oise Molgah Abougnima-Kadjaka qui \u00e9tait entour\u00e9 du premier vice-pr\u00e9sident de l\u2019Universit\u00e9 de Lom\u00e9, Pr Komlan Batawila, du Directeur du Centre de l\u2019employabilit\u00e9 francophone de Lom\u00e9, Arnaud Am\u00e9lina. Alors que le march\u00e9 de l\u2019emploi est exigeant et\/ou satur\u00e9, cette rencontre a eu le m\u00e9rite de fournir aux candidats \u00e0 la vie professionnelle les outils n\u00e9cessaires pour mieux vendre leur profil aux potentiels employeurs ou cr\u00e9er leurs propres entreprises.<\/p>\n\n\n\n<figure class=\"wp-block-image size-large\"><img loading=\"lazy\" decoding=\"async\" width=\"1024\" height=\"212\" src=\"https:\/\/macite.tg\/wp-content\/uploads\/2023\/06\/IMG-20230514-WA00962-3-1024x212.jpg\" alt=\"\" class=\"wp-image-6399\" srcset=\"https:\/\/macite.tg\/wp-content\/uploads\/2023\/06\/IMG-20230514-WA00962-3-1024x212.jpg 1024w, https:\/\/macite.tg\/wp-content\/uploads\/2023\/06\/IMG-20230514-WA00962-3-300x62.jpg 300w, https:\/\/macite.tg\/wp-content\/uploads\/2023\/06\/IMG-20230514-WA00962-3-768x159.jpg 768w, https:\/\/macite.tg\/wp-content\/uploads\/2023\/06\/IMG-20230514-WA00962-3-1536x318.jpg 1536w, https:\/\/macite.tg\/wp-content\/uploads\/2023\/06\/IMG-20230514-WA00962-3.jpg 1600w\" sizes=\"auto, (max-width: 1024px) 100vw, 1024px\" \/><\/figure>\n\n\n\n<p class=\"wp-block-paragraph\"> \u00ab&nbsp;<em>La r\u00e9alit\u00e9 nouvelle, comporte aussi des d\u00e9fis, notamment, pour les jeunes. Et, telle est la raison qui justifie la pr\u00e9sente rencontre. La r\u00e9alit\u00e9 nouvelle, comporte aussi des d\u00e9fis, notamment, pour les jeunes. Et, telle est la raison qui justifie la pr\u00e9sente rencontre. \u00catre avertis, form\u00e9s, inform\u00e9s, \u00eatre guid\u00e9s, permettent, de profiter de cette chance unique, de mettre \u00e0 profit son temps, et de prendre r\u00e9solument en main sa destin\u00e9e. Dans une Afrique porteuse, des plus grandes opportunit\u00e9s d\u2019avenir, \u00e0 cause de ses ressources, de sa forte population, et du dynamisme de sa jeunesse, ces le\u00e7ons deviennent importantes \u00e0 saisir et \u00e0 utiliser&nbsp;\u00bb<\/em> a lanc\u00e9 Me Fran\u00e7oise Molgah Abougnima-Kadjaka \u00e0 son assistance. Dipl\u00f4m\u00e9s ou en cours de formation, les jeunes sont pr\u00e9occup\u00e9s quant \u00e0 leur avenir professionnel.&nbsp;<\/p>\n\n\n\n<p class=\"wp-block-paragraph\"><em>\u00ab&nbsp; L\u2019Etat providence n\u2019existe plus. Mettez-vous dans une situation telle que votre emploi, c\u2019est vous qui devez le cr\u00e9er. Et un projet d\u2019entrepreneuriat cherche \u00e0 trouver une solution \u00e0 un probl\u00e8me&nbsp;\u00bb<\/em>, leur a r\u00e9pondu M.Abdoul Aziz Arnaud Am\u00e9lina, le Directeur du Centre d\u2019Employabilit\u00e9 Francophone. Au Togo, l\u2019\u00e9cosyst\u00e8me entrepreneurial b\u00e9n\u00e9ficie de l\u2019accompagnement de l\u2019Etat avec \u00e0 la cl\u00e9 la mise en place des m\u00e9canismes de financement.&nbsp;<\/p>\n\n\n<div class=\"wp-block-image\">\n<figure class=\"aligncenter size-full is-resized\"><img loading=\"lazy\" decoding=\"async\" src=\"https:\/\/macite.tg\/wp-content\/uploads\/2023\/06\/Panneau-2-12m2-1024x768-1.jpg\" alt=\"\" class=\"wp-image-6592\" width=\"516\" height=\"387\" srcset=\"https:\/\/macite.tg\/wp-content\/uploads\/2023\/06\/Panneau-2-12m2-1024x768-1.jpg 1024w, https:\/\/macite.tg\/wp-content\/uploads\/2023\/06\/Panneau-2-12m2-1024x768-1-300x225.jpg 300w, https:\/\/macite.tg\/wp-content\/uploads\/2023\/06\/Panneau-2-12m2-1024x768-1-768x576.jpg 768w\" sizes=\"auto, (max-width: 516px) 100vw, 516px\" \/><\/figure>\n<\/div>\n\n\n<p class=\"wp-block-paragraph\"><em>\u00ab\u00a0Afin d\u2019accompagner cette dynamique l\u2019Universit\u00e9 de Lom\u00e9 se dote d\u2019un P\u00f4le Universitaire d&rsquo;Innovation et de Technologie (PUIT)\u00a0 avec pour ambition d\u2019accueillir et former les porteurs de projets d\u2019entreprises\u00a0\u00bb<\/em>, a rench\u00e9ri le premier vice-pr\u00e9sident de l\u2019UL, Prof Komlan Batawila.<br>Plac\u00e9e sous le th\u00e8me, Jeunesse et pr\u00e9paration face aux d\u00e9fis pr\u00e9sents et \u00e0 venir du monde professionnel et entrepreneurial, cette rencontre d\u2019information et de formation avec les jeunes \u00e9tudiants sur les perspectives du monde professionnel et entrepreneurial a accueilli plusieurs chefs d\u2019entreprises qui ont tour \u00e0 tour partag\u00e9 leur exp\u00e9rience professionnelles avec l\u2019assistance. L\u2019association Aide et Action \u00e0 la Veuve, \u00e0 l\u2019Orphelin et \u00e0 l\u2019Enfant D\u00e9sh\u00e9rit\u00e9, envisage \u00e0 l\u2019avenir d\u2019autres s\u00e9ances de ce genre.<\/p>\n\n\n\n<p class=\"wp-block-paragraph\"><strong><em>@macite.tg&nbsp;&nbsp;&nbsp;&nbsp;&nbsp;&nbsp;&nbsp;&nbsp;<\/em><\/strong><\/p>\n\n\n\n<p class=\"wp-block-paragraph\"><strong><em>E-mail&nbsp;:&nbsp;<\/em><\/strong><a href=\"mailto:maciteinfo@gmail.com\"><strong><em>maciteinfo@gmail.com<\/em><\/strong><\/a><strong><em>;&nbsp;<\/em><\/strong><a href=\"mailto:bawela1@gmail.com\"><strong><em>bawela1@gmail.com<\/em><\/strong><\/a><strong><em><\/em><\/strong><\/p>\n\n\n\n<p class=\"wp-block-paragraph\"><strong><em>Pour vos annonces, (publi)reportages, etc., joignez nous au (00228)91515309\/<strong>79872224&nbsp;<\/strong>www.macite.tg, L\u2019information, la bonne&nbsp;!<\/em><\/strong><\/p>\n","protected":false},"excerpt":{"rendered":"<p class=\"text-justify mb-2\" >L\u2019association Aide et Action \u00e0 la Veuve, \u00e0 l\u2019Orphelin et \u00e0 l\u2019Enfant D\u00e9sh\u00e9rit\u00e9 a entrepris de renforcer les capacit\u00e9s des jeunes \u00e9tudiants. L\u2019objectif est de leur permettre de gagner le pari de leur insertion professionnelle.AAVOED tenait ce samedi 24 juin 2023 \u00e0 Lom\u00e9 une s\u00e9ance [&hellip;]<\/p>\n","protected":false},"author":2,"featured_media":6699,"comment_status":"open","ping_status":"open","sticky":false,"template":"","format":"standard","meta":{"footnotes":""},"categories":[20],"tags":[],"class_list":["post-6697","post","type-post","status-publish","format-standard","has-post-thumbnail","hentry","category-actualite"],"yoast_head":"<!-- This site is optimized with the Yoast SEO plugin v28.4 - https:\/\/yoast.com\/product\/yoast-seo-wordpress\/ -->\n<title>TOGO\u00a0: Rencontre d\u2019\u00e9change entre l\u2019association AAVOED et les \u00e9tudiants -<\/title>\n<meta name=\"robots\" content=\"index, follow, max-snippet:-1, max-image-preview:large, max-video-preview:-1\" \/>\n<link rel=\"canonical\" href=\"https:\/\/macite.tg\/?p=6697\" \/>\n<meta property=\"og:locale\" content=\"fr_FR\" \/>\n<meta property=\"og:type\" content=\"article\" \/>\n<meta property=\"og:title\" content=\"TOGO\u00a0: Rencontre d\u2019\u00e9change entre l\u2019association AAVOED et les \u00e9tudiants -\" \/>\n<meta property=\"og:description\" content=\"L\u2019association Aide et Action \u00e0 la Veuve, \u00e0 l\u2019Orphelin et \u00e0 l\u2019Enfant D\u00e9sh\u00e9rit\u00e9 a entrepris de renforcer les capacit\u00e9s des jeunes \u00e9tudiants. L\u2019objectif est de leur permettre de gagner le pari de leur insertion professionnelle.AAVOED tenait ce samedi 24 juin 2023 \u00e0 Lom\u00e9 une s\u00e9ance [&hellip;]\" \/>\n<meta property=\"og:url\" content=\"https:\/\/macite.tg\/?p=6697\" \/>\n<meta property=\"article:published_time\" content=\"2023-06-25T07:07:34+00:00\" \/>\n<meta property=\"article:modified_time\" content=\"2023-06-25T07:11:08+00:00\" \/>\n<meta property=\"og:image\" content=\"https:\/\/macite.tg\/wp-content\/uploads\/2023\/06\/IMG-20230624-WA0067.jpg\" \/>\n\t<meta property=\"og:image:width\" content=\"1181\" \/>\n\t<meta property=\"og:image:height\" content=\"787\" \/>\n\t<meta property=\"og:image:type\" content=\"image\/jpeg\" \/>\n<meta name=\"author\" content=\"Jean Pierre BAWELA\" \/>\n<meta name=\"twitter:card\" content=\"summary_large_image\" \/>\n<meta name=\"twitter:label1\" content=\"\u00c9crit par\" \/>\n\t<meta name=\"twitter:data1\" content=\"Jean Pierre BAWELA\" \/>\n\t<meta name=\"twitter:label2\" content=\"Dur\u00e9e de lecture estim\u00e9e\" \/>\n\t<meta name=\"twitter:data2\" content=\"3 minutes\" \/>\n<script type=\"application\/ld+json\" class=\"yoast-schema-graph\">{\"@context\":\"https:\\\/\\\/schema.org\",\"@graph\":[{\"@type\":\"Article\",\"@id\":\"https:\\\/\\\/macite.tg\\\/?p=6697#article\",\"isPartOf\":{\"@id\":\"https:\\\/\\\/macite.tg\\\/?p=6697\"},\"author\":{\"name\":\"Jean Pierre BAWELA\",\"@id\":\"https:\\\/\\\/macite.tg\\\/#\\\/schema\\\/person\\\/e9f2de7e5dbbe7770a9402c7ce82f5c2\"},\"headline\":\"TOGO\u00a0: Rencontre d\u2019\u00e9change entre l\u2019association AAVOED et les \u00e9tudiants\",\"datePublished\":\"2023-06-25T07:07:34+00:00\",\"dateModified\":\"2023-06-25T07:11:08+00:00\",\"mainEntityOfPage\":{\"@id\":\"https:\\\/\\\/macite.tg\\\/?p=6697\"},\"wordCount\":560,\"commentCount\":0,\"image\":{\"@id\":\"https:\\\/\\\/macite.tg\\\/?p=6697#primaryimage\"},\"thumbnailUrl\":\"https:\\\/\\\/macite.tg\\\/wp-content\\\/uploads\\\/2023\\\/06\\\/IMG-20230624-WA0067.jpg\",\"articleSection\":[\"ACTUALITE\"],\"inLanguage\":\"fr-FR\",\"potentialAction\":[{\"@type\":\"CommentAction\",\"name\":\"Comment\",\"target\":[\"https:\\\/\\\/macite.tg\\\/?p=6697#respond\"]}]},{\"@type\":\"WebPage\",\"@id\":\"https:\\\/\\\/macite.tg\\\/?p=6697\",\"url\":\"https:\\\/\\\/macite.tg\\\/?p=6697\",\"name\":\"TOGO\u00a0: Rencontre d\u2019\u00e9change entre l\u2019association AAVOED et les \u00e9tudiants -\",\"isPartOf\":{\"@id\":\"https:\\\/\\\/macite.tg\\\/#website\"},\"primaryImageOfPage\":{\"@id\":\"https:\\\/\\\/macite.tg\\\/?p=6697#primaryimage\"},\"image\":{\"@id\":\"https:\\\/\\\/macite.tg\\\/?p=6697#primaryimage\"},\"thumbnailUrl\":\"https:\\\/\\\/macite.tg\\\/wp-content\\\/uploads\\\/2023\\\/06\\\/IMG-20230624-WA0067.jpg\",\"datePublished\":\"2023-06-25T07:07:34+00:00\",\"dateModified\":\"2023-06-25T07:11:08+00:00\",\"author\":{\"@id\":\"https:\\\/\\\/macite.tg\\\/#\\\/schema\\\/person\\\/e9f2de7e5dbbe7770a9402c7ce82f5c2\"},\"breadcrumb\":{\"@id\":\"https:\\\/\\\/macite.tg\\\/?p=6697#breadcrumb\"},\"inLanguage\":\"fr-FR\",\"potentialAction\":[{\"@type\":\"ReadAction\",\"target\":[\"https:\\\/\\\/macite.tg\\\/?p=6697\"]}]},{\"@type\":\"ImageObject\",\"inLanguage\":\"fr-FR\",\"@id\":\"https:\\\/\\\/macite.tg\\\/?p=6697#primaryimage\",\"url\":\"https:\\\/\\\/macite.tg\\\/wp-content\\\/uploads\\\/2023\\\/06\\\/IMG-20230624-WA0067.jpg\",\"contentUrl\":\"https:\\\/\\\/macite.tg\\\/wp-content\\\/uploads\\\/2023\\\/06\\\/IMG-20230624-WA0067.jpg\",\"width\":1181,\"height\":787},{\"@type\":\"BreadcrumbList\",\"@id\":\"https:\\\/\\\/macite.tg\\\/?p=6697#breadcrumb\",\"itemListElement\":[{\"@type\":\"ListItem\",\"position\":1,\"name\":\"Accueil\",\"item\":\"https:\\\/\\\/macite.tg\\\/\"},{\"@type\":\"ListItem\",\"position\":2,\"name\":\"TOGO\u00a0: Rencontre d\u2019\u00e9change entre l\u2019association AAVOED et les \u00e9tudiants\"}]},{\"@type\":\"WebSite\",\"@id\":\"https:\\\/\\\/macite.tg\\\/#website\",\"url\":\"https:\\\/\\\/macite.tg\\\/\",\"name\":\"\",\"description\":\"L&#039;information, la bonne!!!\",\"potentialAction\":[{\"@type\":\"SearchAction\",\"target\":{\"@type\":\"EntryPoint\",\"urlTemplate\":\"https:\\\/\\\/macite.tg\\\/?s={search_term_string}\"},\"query-input\":{\"@type\":\"PropertyValueSpecification\",\"valueRequired\":true,\"valueName\":\"search_term_string\"}}],\"inLanguage\":\"fr-FR\"},{\"@type\":\"Person\",\"@id\":\"https:\\\/\\\/macite.tg\\\/#\\\/schema\\\/person\\\/e9f2de7e5dbbe7770a9402c7ce82f5c2\",\"name\":\"Jean Pierre BAWELA\",\"image\":{\"@type\":\"ImageObject\",\"inLanguage\":\"fr-FR\",\"@id\":\"https:\\\/\\\/macite.tg\\\/wp-content\\\/uploads\\\/2023\\\/09\\\/WhatsApp-Image-2023-09-19-at-14.44.41-122x122.jpeg\",\"url\":\"https:\\\/\\\/macite.tg\\\/wp-content\\\/uploads\\\/2023\\\/09\\\/WhatsApp-Image-2023-09-19-at-14.44.41-122x122.jpeg\",\"contentUrl\":\"https:\\\/\\\/macite.tg\\\/wp-content\\\/uploads\\\/2023\\\/09\\\/WhatsApp-Image-2023-09-19-at-14.44.41-122x122.jpeg\",\"caption\":\"Jean Pierre BAWELA\"},\"url\":\"https:\\\/\\\/macite.tg\\\/?author=2\"}]}<\/script>\n<!-- \/ Yoast SEO plugin. -->","yoast_head_json":{"title":"TOGO\u00a0: Rencontre d\u2019\u00e9change entre l\u2019association AAVOED et les \u00e9tudiants -","robots":{"index":"index","follow":"follow","max-snippet":"max-snippet:-1","max-image-preview":"max-image-preview:large","max-video-preview":"max-video-preview:-1"},"canonical":"https:\/\/macite.tg\/?p=6697","og_locale":"fr_FR","og_type":"article","og_title":"TOGO\u00a0: Rencontre d\u2019\u00e9change entre l\u2019association AAVOED et les \u00e9tudiants -","og_description":"L\u2019association Aide et Action \u00e0 la Veuve, \u00e0 l\u2019Orphelin et \u00e0 l\u2019Enfant D\u00e9sh\u00e9rit\u00e9 a entrepris de renforcer les capacit\u00e9s des jeunes \u00e9tudiants. L\u2019objectif est de leur permettre de gagner le pari de leur insertion professionnelle.AAVOED tenait ce samedi 24 juin 2023 \u00e0 Lom\u00e9 une s\u00e9ance [&hellip;]","og_url":"https:\/\/macite.tg\/?p=6697","article_published_time":"2023-06-25T07:07:34+00:00","article_modified_time":"2023-06-25T07:11:08+00:00","og_image":[{"width":1181,"height":787,"url":"https:\/\/macite.tg\/wp-content\/uploads\/2023\/06\/IMG-20230624-WA0067.jpg","type":"image\/jpeg"}],"author":"Jean Pierre BAWELA","twitter_card":"summary_large_image","twitter_misc":{"\u00c9crit par":"Jean Pierre BAWELA","Dur\u00e9e de lecture estim\u00e9e":"3 minutes"},"schema":{"@context":"https:\/\/schema.org","@graph":[{"@type":"Article","@id":"https:\/\/macite.tg\/?p=6697#article","isPartOf":{"@id":"https:\/\/macite.tg\/?p=6697"},"author":{"name":"Jean Pierre BAWELA","@id":"https:\/\/macite.tg\/#\/schema\/person\/e9f2de7e5dbbe7770a9402c7ce82f5c2"},"headline":"TOGO\u00a0: Rencontre d\u2019\u00e9change entre l\u2019association AAVOED et les \u00e9tudiants","datePublished":"2023-06-25T07:07:34+00:00","dateModified":"2023-06-25T07:11:08+00:00","mainEntityOfPage":{"@id":"https:\/\/macite.tg\/?p=6697"},"wordCount":560,"commentCount":0,"image":{"@id":"https:\/\/macite.tg\/?p=6697#primaryimage"},"thumbnailUrl":"https:\/\/macite.tg\/wp-content\/uploads\/2023\/06\/IMG-20230624-WA0067.jpg","articleSection":["ACTUALITE"],"inLanguage":"fr-FR","potentialAction":[{"@type":"CommentAction","name":"Comment","target":["https:\/\/macite.tg\/?p=6697#respond"]}]},{"@type":"WebPage","@id":"https:\/\/macite.tg\/?p=6697","url":"https:\/\/macite.tg\/?p=6697","name":"TOGO\u00a0: Rencontre d\u2019\u00e9change entre l\u2019association AAVOED et les \u00e9tudiants -","isPartOf":{"@id":"https:\/\/macite.tg\/#website"},"primaryImageOfPage":{"@id":"https:\/\/macite.tg\/?p=6697#primaryimage"},"image":{"@id":"https:\/\/macite.tg\/?p=6697#primaryimage"},"thumbnailUrl":"https:\/\/macite.tg\/wp-content\/uploads\/2023\/06\/IMG-20230624-WA0067.jpg","datePublished":"2023-06-25T07:07:34+00:00","dateModified":"2023-06-25T07:11:08+00:00","author":{"@id":"https:\/\/macite.tg\/#\/schema\/person\/e9f2de7e5dbbe7770a9402c7ce82f5c2"},"breadcrumb":{"@id":"https:\/\/macite.tg\/?p=6697#breadcrumb"},"inLanguage":"fr-FR","potentialAction":[{"@type":"ReadAction","target":["https:\/\/macite.tg\/?p=6697"]}]},{"@type":"ImageObject","inLanguage":"fr-FR","@id":"https:\/\/macite.tg\/?p=6697#primaryimage","url":"https:\/\/macite.tg\/wp-content\/uploads\/2023\/06\/IMG-20230624-WA0067.jpg","contentUrl":"https:\/\/macite.tg\/wp-content\/uploads\/2023\/06\/IMG-20230624-WA0067.jpg","width":1181,"height":787},{"@type":"BreadcrumbList","@id":"https:\/\/macite.tg\/?p=6697#breadcrumb","itemListElement":[{"@type":"ListItem","position":1,"name":"Accueil","item":"https:\/\/macite.tg\/"},{"@type":"ListItem","position":2,"name":"TOGO\u00a0: Rencontre d\u2019\u00e9change entre l\u2019association AAVOED et les \u00e9tudiants"}]},{"@type":"WebSite","@id":"https:\/\/macite.tg\/#website","url":"https:\/\/macite.tg\/","name":"","description":"L&#039;information, la bonne!!!","potentialAction":[{"@type":"SearchAction","target":{"@type":"EntryPoint","urlTemplate":"https:\/\/macite.tg\/?s={search_term_string}"},"query-input":{"@type":"PropertyValueSpecification","valueRequired":true,"valueName":"search_term_string"}}],"inLanguage":"fr-FR"},{"@type":"Person","@id":"https:\/\/macite.tg\/#\/schema\/person\/e9f2de7e5dbbe7770a9402c7ce82f5c2","name":"Jean Pierre BAWELA","image":{"@type":"ImageObject","inLanguage":"fr-FR","@id":"https:\/\/macite.tg\/wp-content\/uploads\/2023\/09\/WhatsApp-Image-2023-09-19-at-14.44.41-122x122.jpeg","url":"https:\/\/macite.tg\/wp-content\/uploads\/2023\/09\/WhatsApp-Image-2023-09-19-at-14.44.41-122x122.jpeg","contentUrl":"https:\/\/macite.tg\/wp-content\/uploads\/2023\/09\/WhatsApp-Image-2023-09-19-at-14.44.41-122x122.jpeg","caption":"Jean Pierre BAWELA"},"url":"https:\/\/macite.tg\/?author=2"}]}},"_links":{"self":[{"href":"https:\/\/macite.tg\/index.php?rest_route=\/wp\/v2\/posts\/6697","targetHints":{"allow":["GET"]}}],"collection":[{"href":"https:\/\/macite.tg\/index.php?rest_route=\/wp\/v2\/posts"}],"about":[{"href":"https:\/\/macite.tg\/index.php?rest_route=\/wp\/v2\/types\/post"}],"author":[{"embeddable":true,"href":"https:\/\/macite.tg\/index.php?rest_route=\/wp\/v2\/users\/2"}],"replies":[{"embeddable":true,"href":"https:\/\/macite.tg\/index.php?rest_route=%2Fwp%2Fv2%2Fcomments&post=6697"}],"version-history":[{"count":0,"href":"https:\/\/macite.tg\/index.php?rest_route=\/wp\/v2\/posts\/6697\/revisions"}],"wp:featuredmedia":[{"embeddable":true,"href":"https:\/\/macite.tg\/index.php?rest_route=\/wp\/v2\/media\/6699"}],"wp:attachment":[{"href":"https:\/\/macite.tg\/index.php?rest_route=%2Fwp%2Fv2%2Fmedia&parent=6697"}],"wp:term":[{"taxonomy":"category","embeddable":true,"href":"https:\/\/macite.tg\/index.php?rest_route=%2Fwp%2Fv2%2Fcategories&post=6697"},{"taxonomy":"post_tag","embeddable":true,"href":"https:\/\/macite.tg\/index.php?rest_route=%2Fwp%2Fv2%2Ftags&post=6697"}],"curies":[{"name":"wp","href":"https:\/\/api.w.org\/{rel}","templated":true}]}}