{"id":6693,"date":"2023-06-23T19:15:53","date_gmt":"2023-06-23T19:15:53","guid":{"rendered":"https:\/\/macite.tg\/?p=6693"},"modified":"2023-06-23T19:16:04","modified_gmt":"2023-06-23T19:16:04","slug":"la-saison-a-peine-terminee-vinicius-jr-fait-jaser-la-toile-avec-son-nouveau-look","status":"publish","type":"post","link":"https:\/\/macite.tg\/?p=6693","title":{"rendered":"LA SAISON A PEINE TERMIN\u00c9E\u00a0: Vinicius Jr fait jaser la toile avec son nouveau look"},"content":{"rendered":"\n<h1 class=\"wp-block-heading\"><i class=\"fas fa-pencil-alt\"> <\/i><span><\/h1>\n\n\n\n<p class=\"wp-block-paragraph\"><strong><em>Le footballeur du Real Madrid a de nouveau surpris avec une coiffure dans le style de son co\u00e9quipier, dans laquelle pr\u00e9dominent les tresses courtes.<\/em><\/strong><\/p>\n\n\n\n<p class=\"wp-block-paragraph\"> La saison est termin\u00e9e, et pour cette raison, de nombreux footballeurs ont fait leurs valises pour profiter des vacances d\u2019\u00e9t\u00e9 tant attendues et recherch\u00e9es avec leurs amis les plus proches et leur famille.<\/p>\n\n\n\n<figure class=\"wp-block-image size-large\"><img loading=\"lazy\" decoding=\"async\" width=\"1024\" height=\"212\" src=\"https:\/\/macite.tg\/wp-content\/uploads\/2023\/06\/IMG-20230514-WA00962-2-1024x212.jpg\" alt=\"\" class=\"wp-image-6397\" srcset=\"https:\/\/macite.tg\/wp-content\/uploads\/2023\/06\/IMG-20230514-WA00962-2-1024x212.jpg 1024w, https:\/\/macite.tg\/wp-content\/uploads\/2023\/06\/IMG-20230514-WA00962-2-300x62.jpg 300w, https:\/\/macite.tg\/wp-content\/uploads\/2023\/06\/IMG-20230514-WA00962-2-768x159.jpg 768w, https:\/\/macite.tg\/wp-content\/uploads\/2023\/06\/IMG-20230514-WA00962-2-1536x318.jpg 1536w, https:\/\/macite.tg\/wp-content\/uploads\/2023\/06\/IMG-20230514-WA00962-2.jpg 1600w\" sizes=\"auto, (max-width: 1024px) 100vw, 1024px\" \/><\/figure>\n\n\n\n<p class=\"wp-block-paragraph\"> D\u2019autres profitent du d\u00e9barquement de la saison estivale pour renouveler leur image avec des looks audacieux qui ne laissent personne indiff\u00e9rent et qui deviennent viraux en quelques secondes. Le dernier \u00e0 avoir chang\u00e9 de coiffure a \u00e9t\u00e9 l\u2019un des footballeurs du moment comme Vinicius Jr.<\/p>\n\n\n\n<p class=\"wp-block-paragraph\">Le joueur du Real Madrid a laiss\u00e9 derri\u00e8re lui sa coupe de cheveux traditionnelle, caract\u00e9ristique de son fondu et de sa finition Mohican, pour un look \u00e0 la Camavinga, dans lequel pr\u00e9dominent les tresses courtes aux pointes blondes.<\/p>\n\n\n\n<p class=\"wp-block-paragraph\">Le Br\u00e9silien, qui est d\u00e9j\u00e0 en mode vacances apr\u00e8s avoir termin\u00e9 ses engagements internationaux avec la canarinha, a partag\u00e9 sa nouvelle coiffure sur les r\u00e9seaux sociaux.<\/p>\n\n\n\n<p class=\"wp-block-paragraph\">L\u2019image montre \u00e9galement \u00e0 quel point une journ\u00e9e de shopping intense et particuli\u00e8re est pour Vini et cela est d\u00e9montr\u00e9 par le nombre de sacs Nike qui inondent l\u2019entr\u00e9e de sa maison.<\/p>\n\n\n<div class=\"wp-block-image\">\n<figure class=\"aligncenter size-full is-resized\"><img loading=\"lazy\" decoding=\"async\" src=\"https:\/\/macite.tg\/wp-content\/uploads\/2023\/06\/Panneau-2-12m2-1024x768-1.jpg\" alt=\"\" class=\"wp-image-6592\" width=\"613\" height=\"460\" srcset=\"https:\/\/macite.tg\/wp-content\/uploads\/2023\/06\/Panneau-2-12m2-1024x768-1.jpg 1024w, https:\/\/macite.tg\/wp-content\/uploads\/2023\/06\/Panneau-2-12m2-1024x768-1-300x225.jpg 300w, https:\/\/macite.tg\/wp-content\/uploads\/2023\/06\/Panneau-2-12m2-1024x768-1-768x576.jpg 768w\" sizes=\"auto, (max-width: 613px) 100vw, 613px\" \/><\/figure>\n<\/div>\n\n\n<p class=\"wp-block-paragraph\"> Ce n\u2019est pas la premi\u00e8re fois que le tout nouveau \u20187\u2019 blanc imite son co\u00e9quipier. Pendant les vacances de l\u2019\u00e9t\u00e9 dernier, le footballeur a surpris avec sa coiffure Camavinga lors d\u2019un match dont il a \u00e9t\u00e9 t\u00e9moin au stade Flamengo, l\u2019\u00e9quipe avec laquelle il \u00e9tait avant d\u2019atterrir au Santiago Bernab\u00e9u. Un look devenu viral sur les r\u00e9seaux sociaux.<\/p>\n\n\n\n<p class=\"wp-block-paragraph\"><strong>Onvoitout<\/strong><\/p>\n\n\n\n<p class=\"wp-block-paragraph\"><strong><em>@macite.tg&nbsp;&nbsp;&nbsp;&nbsp;&nbsp;&nbsp;&nbsp;&nbsp;<\/em><\/strong><\/p>\n\n\n\n<p class=\"wp-block-paragraph\"><strong><em>E-mail&nbsp;: <\/em><\/strong><a href=\"mailto:maciteinfo@gmail.com\"><strong><em>maciteinfo@gmail.com<\/em><\/strong><\/a><strong><em>; <\/em><\/strong><a href=\"mailto:bawela1@gmail.com\"><strong><em>bawela1@gmail.com<\/em><\/strong><\/a><strong><em><\/em><\/strong><\/p>\n\n\n\n<p class=\"wp-block-paragraph\"><strong><em>Pour vos annonces, (publi)reportages, etc., joignez nous au (00228)91515309\/<strong>79872224 <\/strong>www.macite.tg, L\u2019information, la bonne&nbsp;!<\/em><\/strong><\/p>\n","protected":false},"excerpt":{"rendered":"<p class=\"text-justify mb-2\" >Le footballeur du Real Madrid a de nouveau surpris avec une coiffure dans le style de son co\u00e9quipier, dans laquelle pr\u00e9dominent les tresses courtes. La saison est termin\u00e9e, et pour cette raison, de nombreux footballeurs ont fait leurs valises pour profiter des vacances d\u2019\u00e9t\u00e9 tant [&hellip;]<\/p>\n","protected":false},"author":2,"featured_media":6694,"comment_status":"open","ping_status":"open","sticky":false,"template":"","format":"standard","meta":{"footnotes":""},"categories":[7],"tags":[],"class_list":["post-6693","post","type-post","status-publish","format-standard","has-post-thumbnail","hentry","category-sports"],"yoast_head":"<!-- This site is optimized with the Yoast SEO plugin v28.4 - https:\/\/yoast.com\/product\/yoast-seo-wordpress\/ -->\n<title>LA SAISON A PEINE TERMIN\u00c9E\u00a0: Vinicius Jr fait jaser la toile avec son nouveau look -<\/title>\n<meta name=\"robots\" content=\"index, follow, max-snippet:-1, max-image-preview:large, max-video-preview:-1\" \/>\n<link rel=\"canonical\" href=\"https:\/\/macite.tg\/?p=6693\" \/>\n<meta property=\"og:locale\" content=\"fr_FR\" \/>\n<meta property=\"og:type\" content=\"article\" \/>\n<meta property=\"og:title\" content=\"LA SAISON A PEINE TERMIN\u00c9E\u00a0: Vinicius Jr fait jaser la toile avec son nouveau look -\" \/>\n<meta property=\"og:description\" content=\"Le footballeur du Real Madrid a de nouveau surpris avec une coiffure dans le style de son co\u00e9quipier, dans laquelle pr\u00e9dominent les tresses courtes. La saison est termin\u00e9e, et pour cette raison, de nombreux footballeurs ont fait leurs valises pour profiter des vacances d\u2019\u00e9t\u00e9 tant [&hellip;]\" \/>\n<meta property=\"og:url\" content=\"https:\/\/macite.tg\/?p=6693\" \/>\n<meta property=\"article:published_time\" content=\"2023-06-23T19:15:53+00:00\" \/>\n<meta property=\"article:modified_time\" content=\"2023-06-23T19:16:04+00:00\" \/>\n<meta property=\"og:image\" content=\"https:\/\/macite.tg\/wp-content\/uploads\/2023\/06\/E34ATXXK5ZCFFCWEHKSV3WMTZ4.jpeg\" \/>\n\t<meta property=\"og:image:width\" content=\"1288\" \/>\n\t<meta property=\"og:image:height\" content=\"725\" \/>\n\t<meta property=\"og:image:type\" content=\"image\/jpeg\" \/>\n<meta name=\"author\" content=\"Jean Pierre BAWELA\" \/>\n<meta name=\"twitter:card\" content=\"summary_large_image\" \/>\n<meta name=\"twitter:label1\" content=\"\u00c9crit par\" \/>\n\t<meta name=\"twitter:data1\" content=\"Jean Pierre BAWELA\" \/>\n\t<meta name=\"twitter:label2\" content=\"Dur\u00e9e de lecture estim\u00e9e\" \/>\n\t<meta name=\"twitter:data2\" content=\"2 minutes\" \/>\n<script type=\"application\/ld+json\" class=\"yoast-schema-graph\">{\"@context\":\"https:\\\/\\\/schema.org\",\"@graph\":[{\"@type\":\"Article\",\"@id\":\"https:\\\/\\\/macite.tg\\\/?p=6693#article\",\"isPartOf\":{\"@id\":\"https:\\\/\\\/macite.tg\\\/?p=6693\"},\"author\":{\"name\":\"Jean Pierre BAWELA\",\"@id\":\"https:\\\/\\\/macite.tg\\\/#\\\/schema\\\/person\\\/e9f2de7e5dbbe7770a9402c7ce82f5c2\"},\"headline\":\"LA SAISON A PEINE TERMIN\u00c9E\u00a0: Vinicius Jr fait jaser la toile avec son nouveau look\",\"datePublished\":\"2023-06-23T19:15:53+00:00\",\"dateModified\":\"2023-06-23T19:16:04+00:00\",\"mainEntityOfPage\":{\"@id\":\"https:\\\/\\\/macite.tg\\\/?p=6693\"},\"wordCount\":336,\"commentCount\":0,\"image\":{\"@id\":\"https:\\\/\\\/macite.tg\\\/?p=6693#primaryimage\"},\"thumbnailUrl\":\"https:\\\/\\\/macite.tg\\\/wp-content\\\/uploads\\\/2023\\\/06\\\/E34ATXXK5ZCFFCWEHKSV3WMTZ4.jpeg\",\"articleSection\":[\"SPORTS\"],\"inLanguage\":\"fr-FR\",\"potentialAction\":[{\"@type\":\"CommentAction\",\"name\":\"Comment\",\"target\":[\"https:\\\/\\\/macite.tg\\\/?p=6693#respond\"]}]},{\"@type\":\"WebPage\",\"@id\":\"https:\\\/\\\/macite.tg\\\/?p=6693\",\"url\":\"https:\\\/\\\/macite.tg\\\/?p=6693\",\"name\":\"LA SAISON A PEINE TERMIN\u00c9E\u00a0: Vinicius Jr fait jaser la toile avec son nouveau look -\",\"isPartOf\":{\"@id\":\"https:\\\/\\\/macite.tg\\\/#website\"},\"primaryImageOfPage\":{\"@id\":\"https:\\\/\\\/macite.tg\\\/?p=6693#primaryimage\"},\"image\":{\"@id\":\"https:\\\/\\\/macite.tg\\\/?p=6693#primaryimage\"},\"thumbnailUrl\":\"https:\\\/\\\/macite.tg\\\/wp-content\\\/uploads\\\/2023\\\/06\\\/E34ATXXK5ZCFFCWEHKSV3WMTZ4.jpeg\",\"datePublished\":\"2023-06-23T19:15:53+00:00\",\"dateModified\":\"2023-06-23T19:16:04+00:00\",\"author\":{\"@id\":\"https:\\\/\\\/macite.tg\\\/#\\\/schema\\\/person\\\/e9f2de7e5dbbe7770a9402c7ce82f5c2\"},\"breadcrumb\":{\"@id\":\"https:\\\/\\\/macite.tg\\\/?p=6693#breadcrumb\"},\"inLanguage\":\"fr-FR\",\"potentialAction\":[{\"@type\":\"ReadAction\",\"target\":[\"https:\\\/\\\/macite.tg\\\/?p=6693\"]}]},{\"@type\":\"ImageObject\",\"inLanguage\":\"fr-FR\",\"@id\":\"https:\\\/\\\/macite.tg\\\/?p=6693#primaryimage\",\"url\":\"https:\\\/\\\/macite.tg\\\/wp-content\\\/uploads\\\/2023\\\/06\\\/E34ATXXK5ZCFFCWEHKSV3WMTZ4.jpeg\",\"contentUrl\":\"https:\\\/\\\/macite.tg\\\/wp-content\\\/uploads\\\/2023\\\/06\\\/E34ATXXK5ZCFFCWEHKSV3WMTZ4.jpeg\",\"width\":1288,\"height\":725},{\"@type\":\"BreadcrumbList\",\"@id\":\"https:\\\/\\\/macite.tg\\\/?p=6693#breadcrumb\",\"itemListElement\":[{\"@type\":\"ListItem\",\"position\":1,\"name\":\"Accueil\",\"item\":\"https:\\\/\\\/macite.tg\\\/\"},{\"@type\":\"ListItem\",\"position\":2,\"name\":\"LA SAISON A PEINE TERMIN\u00c9E\u00a0: Vinicius Jr fait jaser la toile avec son nouveau look\"}]},{\"@type\":\"WebSite\",\"@id\":\"https:\\\/\\\/macite.tg\\\/#website\",\"url\":\"https:\\\/\\\/macite.tg\\\/\",\"name\":\"\",\"description\":\"L&#039;information, la bonne!!!\",\"potentialAction\":[{\"@type\":\"SearchAction\",\"target\":{\"@type\":\"EntryPoint\",\"urlTemplate\":\"https:\\\/\\\/macite.tg\\\/?s={search_term_string}\"},\"query-input\":{\"@type\":\"PropertyValueSpecification\",\"valueRequired\":true,\"valueName\":\"search_term_string\"}}],\"inLanguage\":\"fr-FR\"},{\"@type\":\"Person\",\"@id\":\"https:\\\/\\\/macite.tg\\\/#\\\/schema\\\/person\\\/e9f2de7e5dbbe7770a9402c7ce82f5c2\",\"name\":\"Jean Pierre BAWELA\",\"image\":{\"@type\":\"ImageObject\",\"inLanguage\":\"fr-FR\",\"@id\":\"https:\\\/\\\/macite.tg\\\/wp-content\\\/uploads\\\/2023\\\/09\\\/WhatsApp-Image-2023-09-19-at-14.44.41-122x122.jpeg\",\"url\":\"https:\\\/\\\/macite.tg\\\/wp-content\\\/uploads\\\/2023\\\/09\\\/WhatsApp-Image-2023-09-19-at-14.44.41-122x122.jpeg\",\"contentUrl\":\"https:\\\/\\\/macite.tg\\\/wp-content\\\/uploads\\\/2023\\\/09\\\/WhatsApp-Image-2023-09-19-at-14.44.41-122x122.jpeg\",\"caption\":\"Jean Pierre BAWELA\"},\"url\":\"https:\\\/\\\/macite.tg\\\/?author=2\"}]}<\/script>\n<!-- \/ Yoast SEO plugin. -->","yoast_head_json":{"title":"LA SAISON A PEINE TERMIN\u00c9E\u00a0: Vinicius Jr fait jaser la toile avec son nouveau look -","robots":{"index":"index","follow":"follow","max-snippet":"max-snippet:-1","max-image-preview":"max-image-preview:large","max-video-preview":"max-video-preview:-1"},"canonical":"https:\/\/macite.tg\/?p=6693","og_locale":"fr_FR","og_type":"article","og_title":"LA SAISON A PEINE TERMIN\u00c9E\u00a0: Vinicius Jr fait jaser la toile avec son nouveau look -","og_description":"Le footballeur du Real Madrid a de nouveau surpris avec une coiffure dans le style de son co\u00e9quipier, dans laquelle pr\u00e9dominent les tresses courtes. La saison est termin\u00e9e, et pour cette raison, de nombreux footballeurs ont fait leurs valises pour profiter des vacances d\u2019\u00e9t\u00e9 tant [&hellip;]","og_url":"https:\/\/macite.tg\/?p=6693","article_published_time":"2023-06-23T19:15:53+00:00","article_modified_time":"2023-06-23T19:16:04+00:00","og_image":[{"width":1288,"height":725,"url":"https:\/\/macite.tg\/wp-content\/uploads\/2023\/06\/E34ATXXK5ZCFFCWEHKSV3WMTZ4.jpeg","type":"image\/jpeg"}],"author":"Jean Pierre BAWELA","twitter_card":"summary_large_image","twitter_misc":{"\u00c9crit par":"Jean Pierre BAWELA","Dur\u00e9e de lecture estim\u00e9e":"2 minutes"},"schema":{"@context":"https:\/\/schema.org","@graph":[{"@type":"Article","@id":"https:\/\/macite.tg\/?p=6693#article","isPartOf":{"@id":"https:\/\/macite.tg\/?p=6693"},"author":{"name":"Jean Pierre BAWELA","@id":"https:\/\/macite.tg\/#\/schema\/person\/e9f2de7e5dbbe7770a9402c7ce82f5c2"},"headline":"LA SAISON A PEINE TERMIN\u00c9E\u00a0: Vinicius Jr fait jaser la toile avec son nouveau look","datePublished":"2023-06-23T19:15:53+00:00","dateModified":"2023-06-23T19:16:04+00:00","mainEntityOfPage":{"@id":"https:\/\/macite.tg\/?p=6693"},"wordCount":336,"commentCount":0,"image":{"@id":"https:\/\/macite.tg\/?p=6693#primaryimage"},"thumbnailUrl":"https:\/\/macite.tg\/wp-content\/uploads\/2023\/06\/E34ATXXK5ZCFFCWEHKSV3WMTZ4.jpeg","articleSection":["SPORTS"],"inLanguage":"fr-FR","potentialAction":[{"@type":"CommentAction","name":"Comment","target":["https:\/\/macite.tg\/?p=6693#respond"]}]},{"@type":"WebPage","@id":"https:\/\/macite.tg\/?p=6693","url":"https:\/\/macite.tg\/?p=6693","name":"LA SAISON A PEINE TERMIN\u00c9E\u00a0: Vinicius Jr fait jaser la toile avec son nouveau look -","isPartOf":{"@id":"https:\/\/macite.tg\/#website"},"primaryImageOfPage":{"@id":"https:\/\/macite.tg\/?p=6693#primaryimage"},"image":{"@id":"https:\/\/macite.tg\/?p=6693#primaryimage"},"thumbnailUrl":"https:\/\/macite.tg\/wp-content\/uploads\/2023\/06\/E34ATXXK5ZCFFCWEHKSV3WMTZ4.jpeg","datePublished":"2023-06-23T19:15:53+00:00","dateModified":"2023-06-23T19:16:04+00:00","author":{"@id":"https:\/\/macite.tg\/#\/schema\/person\/e9f2de7e5dbbe7770a9402c7ce82f5c2"},"breadcrumb":{"@id":"https:\/\/macite.tg\/?p=6693#breadcrumb"},"inLanguage":"fr-FR","potentialAction":[{"@type":"ReadAction","target":["https:\/\/macite.tg\/?p=6693"]}]},{"@type":"ImageObject","inLanguage":"fr-FR","@id":"https:\/\/macite.tg\/?p=6693#primaryimage","url":"https:\/\/macite.tg\/wp-content\/uploads\/2023\/06\/E34ATXXK5ZCFFCWEHKSV3WMTZ4.jpeg","contentUrl":"https:\/\/macite.tg\/wp-content\/uploads\/2023\/06\/E34ATXXK5ZCFFCWEHKSV3WMTZ4.jpeg","width":1288,"height":725},{"@type":"BreadcrumbList","@id":"https:\/\/macite.tg\/?p=6693#breadcrumb","itemListElement":[{"@type":"ListItem","position":1,"name":"Accueil","item":"https:\/\/macite.tg\/"},{"@type":"ListItem","position":2,"name":"LA SAISON A PEINE TERMIN\u00c9E\u00a0: Vinicius Jr fait jaser la toile avec son nouveau look"}]},{"@type":"WebSite","@id":"https:\/\/macite.tg\/#website","url":"https:\/\/macite.tg\/","name":"","description":"L&#039;information, la bonne!!!","potentialAction":[{"@type":"SearchAction","target":{"@type":"EntryPoint","urlTemplate":"https:\/\/macite.tg\/?s={search_term_string}"},"query-input":{"@type":"PropertyValueSpecification","valueRequired":true,"valueName":"search_term_string"}}],"inLanguage":"fr-FR"},{"@type":"Person","@id":"https:\/\/macite.tg\/#\/schema\/person\/e9f2de7e5dbbe7770a9402c7ce82f5c2","name":"Jean Pierre BAWELA","image":{"@type":"ImageObject","inLanguage":"fr-FR","@id":"https:\/\/macite.tg\/wp-content\/uploads\/2023\/09\/WhatsApp-Image-2023-09-19-at-14.44.41-122x122.jpeg","url":"https:\/\/macite.tg\/wp-content\/uploads\/2023\/09\/WhatsApp-Image-2023-09-19-at-14.44.41-122x122.jpeg","contentUrl":"https:\/\/macite.tg\/wp-content\/uploads\/2023\/09\/WhatsApp-Image-2023-09-19-at-14.44.41-122x122.jpeg","caption":"Jean Pierre BAWELA"},"url":"https:\/\/macite.tg\/?author=2"}]}},"_links":{"self":[{"href":"https:\/\/macite.tg\/index.php?rest_route=\/wp\/v2\/posts\/6693","targetHints":{"allow":["GET"]}}],"collection":[{"href":"https:\/\/macite.tg\/index.php?rest_route=\/wp\/v2\/posts"}],"about":[{"href":"https:\/\/macite.tg\/index.php?rest_route=\/wp\/v2\/types\/post"}],"author":[{"embeddable":true,"href":"https:\/\/macite.tg\/index.php?rest_route=\/wp\/v2\/users\/2"}],"replies":[{"embeddable":true,"href":"https:\/\/macite.tg\/index.php?rest_route=%2Fwp%2Fv2%2Fcomments&post=6693"}],"version-history":[{"count":0,"href":"https:\/\/macite.tg\/index.php?rest_route=\/wp\/v2\/posts\/6693\/revisions"}],"wp:featuredmedia":[{"embeddable":true,"href":"https:\/\/macite.tg\/index.php?rest_route=\/wp\/v2\/media\/6694"}],"wp:attachment":[{"href":"https:\/\/macite.tg\/index.php?rest_route=%2Fwp%2Fv2%2Fmedia&parent=6693"}],"wp:term":[{"taxonomy":"category","embeddable":true,"href":"https:\/\/macite.tg\/index.php?rest_route=%2Fwp%2Fv2%2Fcategories&post=6693"},{"taxonomy":"post_tag","embeddable":true,"href":"https:\/\/macite.tg\/index.php?rest_route=%2Fwp%2Fv2%2Ftags&post=6693"}],"curies":[{"name":"wp","href":"https:\/\/api.w.org\/{rel}","templated":true}]}}