{"id":6687,"date":"2023-06-23T18:49:17","date_gmt":"2023-06-23T18:49:17","guid":{"rendered":"https:\/\/macite.tg\/?p=6687"},"modified":"2023-06-23T18:49:19","modified_gmt":"2023-06-23T18:49:19","slug":"en-prison-le-bresilien-dani-alves-se-consacre-a-ce-projet","status":"publish","type":"post","link":"https:\/\/macite.tg\/?p=6687","title":{"rendered":"EN PRISON : Le Br\u00e9silien Dani Alves se consacre \u00e0 ce projet\u2026"},"content":{"rendered":"\n<p class=\"wp-block-paragraph\"><strong><em>La journaliste Mayka Navarro, qui a publi\u00e9 cette semaine une interview exclusive du footballeur en prison, continue de donner de nouveaux d\u00e9tails sur leur rencontre.<\/em><\/strong><\/p>\n\n\n\n<p class=\"wp-block-paragraph\"> La rencontre entre Dani Alves et Mayka Navarro \u00e0 la prison de Brians 2 continue de faire les gros titres. La journaliste de La Vanguardia n\u2019a pas pu pr\u00e9senter la fl\u00fbte \u00e0 bec en prison lors de son face-\u00e0-face avec lui, alors, apr\u00e8s avoir publi\u00e9 une interview en deux parties dans le journal, elle continue de d\u00e9voiler plus de d\u00e9tails du moment lors de ses collaborations sur El programa de Ana rose.<\/p>\n\n\n\n<figure class=\"wp-block-image size-large\"><img loading=\"lazy\" decoding=\"async\" width=\"1024\" height=\"212\" src=\"https:\/\/macite.tg\/wp-content\/uploads\/2023\/06\/IMG-20230514-WA00962-3-1024x212.jpg\" alt=\"\" class=\"wp-image-6399\" srcset=\"https:\/\/macite.tg\/wp-content\/uploads\/2023\/06\/IMG-20230514-WA00962-3-1024x212.jpg 1024w, https:\/\/macite.tg\/wp-content\/uploads\/2023\/06\/IMG-20230514-WA00962-3-300x62.jpg 300w, https:\/\/macite.tg\/wp-content\/uploads\/2023\/06\/IMG-20230514-WA00962-3-768x159.jpg 768w, https:\/\/macite.tg\/wp-content\/uploads\/2023\/06\/IMG-20230514-WA00962-3-1536x318.jpg 1536w, https:\/\/macite.tg\/wp-content\/uploads\/2023\/06\/IMG-20230514-WA00962-3.jpg 1600w\" sizes=\"auto, (max-width: 1024px) 100vw, 1024px\" \/><\/figure>\n\n\n\n<p class=\"wp-block-paragraph\"> L\u2019un des faits les plus curieux extraits de sa nomination concerne le projet que le Br\u00e9silien r\u00e9alise pendant son temps libre en prison, o\u00f9 il est enferm\u00e9 apr\u00e8s avoir \u00e9t\u00e9 d\u00e9nonc\u00e9 par une jeune fille de 23 ans qui l\u2019accuse de sexualit\u00e9 l\u2019agressant dans les toilettes priv\u00e9es de la discoth\u00e8que Sutton \u00e0 Barcelone dans la nuit du 30 d\u00e9cembre :<\/p>\n\n\n\n<p class=\"wp-block-paragraph\"><em>\u00abJe passe beaucoup de temps \u00e0 lire et \u00e0 \u00e9crire. J\u2019ai plusieurs projets, dont un sur ma biographie, centr\u00e9 sur l\u2019exp\u00e9rience que je vis ici. Les enseignements vitaux de tout ce processus qui aident quelqu\u2019un.\u00a0\u00bb<\/em><\/p>\n\n\n\n<p class=\"wp-block-paragraph\"> De plus, il profite aussi de la t\u00e9l\u00e9vision :<strong><em> <\/em><\/strong><em>\u00abJ\u2019ai la t\u00e9l\u00e9, mais pour regarder le foot et la cha\u00eene qui diffuse tout le temps les \u00e9pisodes de la s\u00e9rie La que se avecina, je les connais par c\u0153ur. Je suis capable de reproduire les monologues\u00bb.<\/em><\/p>\n\n\n\n<h4 class=\"wp-block-heading\"><i class=\"fas fa-pencil-alt\"> <\/i><span>Votre exp\u00e9rience en prison<\/h4>\n\n\n\n<p class=\"wp-block-paragraph\">Alves, assez d\u00e9t\u00e9rior\u00e9e selon les propos de la journaliste, qui dit ne pas l\u2019avoir reconnu lorsqu\u2019il a assist\u00e9 \u00e0 la r\u00e9union, explique comment s\u2019est pass\u00e9e son entr\u00e9e dans la prison :<\/p>\n\n\n\n<p class=\"wp-block-paragraph\"><em> \u00abQuand je suis entr\u00e9 par cette porte, le premier surveillant de la prison qui a assist\u00e9 Je lui ai dit : \u2018Je suis Dani Alves, le footballeur de renomm\u00e9e internationale est rest\u00e9 derri\u00e8re les barreaux, voici l\u2019homme\u2019\u00bb<\/em><\/p>\n\n\n<div class=\"wp-block-image\">\n<figure class=\"aligncenter size-full is-resized\"><img loading=\"lazy\" decoding=\"async\" src=\"https:\/\/macite.tg\/wp-content\/uploads\/2023\/06\/Panneau-2-12m2-1024x768-1.jpg\" alt=\"\" class=\"wp-image-6592\" width=\"551\" height=\"413\" srcset=\"https:\/\/macite.tg\/wp-content\/uploads\/2023\/06\/Panneau-2-12m2-1024x768-1.jpg 1024w, https:\/\/macite.tg\/wp-content\/uploads\/2023\/06\/Panneau-2-12m2-1024x768-1-300x225.jpg 300w, https:\/\/macite.tg\/wp-content\/uploads\/2023\/06\/Panneau-2-12m2-1024x768-1-768x576.jpg 768w\" sizes=\"auto, (max-width: 551px) 100vw, 551px\" \/><\/figure>\n<\/div>\n\n\n<p class=\"wp-block-paragraph\"><em>\u00abJ\u2019ai \u00e9t\u00e9 dans des endroits et des situations bien pires. En prison, vous perdez votre libert\u00e9, mais les gens ici sont tr\u00e8s amicaux. Je n\u2019ai rien \u00e0 redire\u00bb<\/em>, r\u00e9v\u00e8le-t-il.<\/p>\n\n\n\n<p class=\"wp-block-paragraph\">Et il continue de se d\u00e9fendre : <em>\u00abIl n\u2019y a pas eu une seule nuit o\u00f9 je n\u2019ai pas dormi paisiblement. Pas une seule nuit. J\u2019ai la conscience tranquille. Je n\u2019ai jamais volontairement bless\u00e9 personne, et elle non plus cette nuit-l\u00e0\u00bb<\/em><\/p>\n\n\n\n<p class=\"wp-block-paragraph\"><strong>Onvoitout<\/strong><\/p>\n\n\n\n<p class=\"wp-block-paragraph\"><strong><em>@macite.tg&nbsp;&nbsp;&nbsp;&nbsp;&nbsp;&nbsp;&nbsp;&nbsp;<\/em><\/strong><\/p>\n\n\n\n<p class=\"wp-block-paragraph\"><strong><em>E-mail&nbsp;: <\/em><\/strong><a href=\"mailto:maciteinfo@gmail.com\"><strong><em>maciteinfo@gmail.com<\/em><\/strong><\/a><strong><em>; <\/em><\/strong><a href=\"mailto:bawela1@gmail.com\"><strong><em>bawela1@gmail.com<\/em><\/strong><\/a><strong><em><\/em><\/strong><\/p>\n\n\n\n<p class=\"wp-block-paragraph\"><strong><em>Pour vos annonces, (publi)reportages, etc., joignez nous au (00228)91515309\/<strong>79872224 <\/strong>www.macite.tg, L\u2019information, la bonne&nbsp;!<\/em><\/strong><\/p>\n","protected":false},"excerpt":{"rendered":"<p class=\"text-justify mb-2\" >La journaliste Mayka Navarro, qui a publi\u00e9 cette semaine une interview exclusive du footballeur en prison, continue de donner de nouveaux d\u00e9tails sur leur rencontre. La rencontre entre Dani Alves et Mayka Navarro \u00e0 la prison de Brians 2 continue de faire les gros titres. [&hellip;]<\/p>\n","protected":false},"author":2,"featured_media":6691,"comment_status":"open","ping_status":"open","sticky":false,"template":"","format":"standard","meta":{"footnotes":""},"categories":[6],"tags":[],"class_list":["post-6687","post","type-post","status-publish","format-standard","has-post-thumbnail","hentry","category-societe"],"yoast_head":"<!-- This site is optimized with the Yoast SEO plugin v28.4 - https:\/\/yoast.com\/product\/yoast-seo-wordpress\/ -->\n<title>EN PRISON : Le Br\u00e9silien Dani Alves se consacre \u00e0 ce projet\u2026 -<\/title>\n<meta name=\"robots\" content=\"index, follow, max-snippet:-1, max-image-preview:large, max-video-preview:-1\" \/>\n<link rel=\"canonical\" href=\"https:\/\/macite.tg\/?p=6687\" \/>\n<meta property=\"og:locale\" content=\"fr_FR\" \/>\n<meta property=\"og:type\" content=\"article\" \/>\n<meta property=\"og:title\" content=\"EN PRISON : Le Br\u00e9silien Dani Alves se consacre \u00e0 ce projet\u2026 -\" \/>\n<meta property=\"og:description\" content=\"La journaliste Mayka Navarro, qui a publi\u00e9 cette semaine une interview exclusive du footballeur en prison, continue de donner de nouveaux d\u00e9tails sur leur rencontre. La rencontre entre Dani Alves et Mayka Navarro \u00e0 la prison de Brians 2 continue de faire les gros titres. [&hellip;]\" \/>\n<meta property=\"og:url\" content=\"https:\/\/macite.tg\/?p=6687\" \/>\n<meta property=\"article:published_time\" content=\"2023-06-23T18:49:17+00:00\" \/>\n<meta property=\"article:modified_time\" content=\"2023-06-23T18:49:19+00:00\" \/>\n<meta property=\"og:image\" content=\"https:\/\/macite.tg\/wp-content\/uploads\/2023\/06\/2T65TCWPGBNVVNRAHLZZZLOUXQ.jpeg\" \/>\n\t<meta property=\"og:image:width\" content=\"1288\" \/>\n\t<meta property=\"og:image:height\" content=\"725\" \/>\n\t<meta property=\"og:image:type\" content=\"image\/jpeg\" \/>\n<meta name=\"author\" content=\"Jean Pierre BAWELA\" \/>\n<meta name=\"twitter:card\" content=\"summary_large_image\" \/>\n<meta name=\"twitter:label1\" content=\"\u00c9crit par\" \/>\n\t<meta name=\"twitter:data1\" content=\"Jean Pierre BAWELA\" \/>\n\t<meta name=\"twitter:label2\" content=\"Dur\u00e9e de lecture estim\u00e9e\" \/>\n\t<meta name=\"twitter:data2\" content=\"2 minutes\" \/>\n<script type=\"application\/ld+json\" class=\"yoast-schema-graph\">{\"@context\":\"https:\\\/\\\/schema.org\",\"@graph\":[{\"@type\":\"Article\",\"@id\":\"https:\\\/\\\/macite.tg\\\/?p=6687#article\",\"isPartOf\":{\"@id\":\"https:\\\/\\\/macite.tg\\\/?p=6687\"},\"author\":{\"name\":\"Jean Pierre BAWELA\",\"@id\":\"https:\\\/\\\/macite.tg\\\/#\\\/schema\\\/person\\\/e9f2de7e5dbbe7770a9402c7ce82f5c2\"},\"headline\":\"EN PRISON : Le Br\u00e9silien Dani Alves se consacre \u00e0 ce projet\u2026\",\"datePublished\":\"2023-06-23T18:49:17+00:00\",\"dateModified\":\"2023-06-23T18:49:19+00:00\",\"mainEntityOfPage\":{\"@id\":\"https:\\\/\\\/macite.tg\\\/?p=6687\"},\"wordCount\":464,\"commentCount\":0,\"image\":{\"@id\":\"https:\\\/\\\/macite.tg\\\/?p=6687#primaryimage\"},\"thumbnailUrl\":\"https:\\\/\\\/macite.tg\\\/wp-content\\\/uploads\\\/2023\\\/06\\\/2T65TCWPGBNVVNRAHLZZZLOUXQ.jpeg\",\"articleSection\":[\"SOCIETE\"],\"inLanguage\":\"fr-FR\",\"potentialAction\":[{\"@type\":\"CommentAction\",\"name\":\"Comment\",\"target\":[\"https:\\\/\\\/macite.tg\\\/?p=6687#respond\"]}]},{\"@type\":\"WebPage\",\"@id\":\"https:\\\/\\\/macite.tg\\\/?p=6687\",\"url\":\"https:\\\/\\\/macite.tg\\\/?p=6687\",\"name\":\"EN PRISON : Le Br\u00e9silien Dani Alves se consacre \u00e0 ce projet\u2026 -\",\"isPartOf\":{\"@id\":\"https:\\\/\\\/macite.tg\\\/#website\"},\"primaryImageOfPage\":{\"@id\":\"https:\\\/\\\/macite.tg\\\/?p=6687#primaryimage\"},\"image\":{\"@id\":\"https:\\\/\\\/macite.tg\\\/?p=6687#primaryimage\"},\"thumbnailUrl\":\"https:\\\/\\\/macite.tg\\\/wp-content\\\/uploads\\\/2023\\\/06\\\/2T65TCWPGBNVVNRAHLZZZLOUXQ.jpeg\",\"datePublished\":\"2023-06-23T18:49:17+00:00\",\"dateModified\":\"2023-06-23T18:49:19+00:00\",\"author\":{\"@id\":\"https:\\\/\\\/macite.tg\\\/#\\\/schema\\\/person\\\/e9f2de7e5dbbe7770a9402c7ce82f5c2\"},\"breadcrumb\":{\"@id\":\"https:\\\/\\\/macite.tg\\\/?p=6687#breadcrumb\"},\"inLanguage\":\"fr-FR\",\"potentialAction\":[{\"@type\":\"ReadAction\",\"target\":[\"https:\\\/\\\/macite.tg\\\/?p=6687\"]}]},{\"@type\":\"ImageObject\",\"inLanguage\":\"fr-FR\",\"@id\":\"https:\\\/\\\/macite.tg\\\/?p=6687#primaryimage\",\"url\":\"https:\\\/\\\/macite.tg\\\/wp-content\\\/uploads\\\/2023\\\/06\\\/2T65TCWPGBNVVNRAHLZZZLOUXQ.jpeg\",\"contentUrl\":\"https:\\\/\\\/macite.tg\\\/wp-content\\\/uploads\\\/2023\\\/06\\\/2T65TCWPGBNVVNRAHLZZZLOUXQ.jpeg\",\"width\":1288,\"height\":725},{\"@type\":\"BreadcrumbList\",\"@id\":\"https:\\\/\\\/macite.tg\\\/?p=6687#breadcrumb\",\"itemListElement\":[{\"@type\":\"ListItem\",\"position\":1,\"name\":\"Accueil\",\"item\":\"https:\\\/\\\/macite.tg\\\/\"},{\"@type\":\"ListItem\",\"position\":2,\"name\":\"EN PRISON : Le Br\u00e9silien Dani Alves se consacre \u00e0 ce projet\u2026\"}]},{\"@type\":\"WebSite\",\"@id\":\"https:\\\/\\\/macite.tg\\\/#website\",\"url\":\"https:\\\/\\\/macite.tg\\\/\",\"name\":\"\",\"description\":\"L&#039;information, la bonne!!!\",\"potentialAction\":[{\"@type\":\"SearchAction\",\"target\":{\"@type\":\"EntryPoint\",\"urlTemplate\":\"https:\\\/\\\/macite.tg\\\/?s={search_term_string}\"},\"query-input\":{\"@type\":\"PropertyValueSpecification\",\"valueRequired\":true,\"valueName\":\"search_term_string\"}}],\"inLanguage\":\"fr-FR\"},{\"@type\":\"Person\",\"@id\":\"https:\\\/\\\/macite.tg\\\/#\\\/schema\\\/person\\\/e9f2de7e5dbbe7770a9402c7ce82f5c2\",\"name\":\"Jean Pierre BAWELA\",\"image\":{\"@type\":\"ImageObject\",\"inLanguage\":\"fr-FR\",\"@id\":\"https:\\\/\\\/macite.tg\\\/wp-content\\\/uploads\\\/2023\\\/09\\\/WhatsApp-Image-2023-09-19-at-14.44.41-122x122.jpeg\",\"url\":\"https:\\\/\\\/macite.tg\\\/wp-content\\\/uploads\\\/2023\\\/09\\\/WhatsApp-Image-2023-09-19-at-14.44.41-122x122.jpeg\",\"contentUrl\":\"https:\\\/\\\/macite.tg\\\/wp-content\\\/uploads\\\/2023\\\/09\\\/WhatsApp-Image-2023-09-19-at-14.44.41-122x122.jpeg\",\"caption\":\"Jean Pierre BAWELA\"},\"url\":\"https:\\\/\\\/macite.tg\\\/?author=2\"}]}<\/script>\n<!-- \/ Yoast SEO plugin. -->","yoast_head_json":{"title":"EN PRISON : Le Br\u00e9silien Dani Alves se consacre \u00e0 ce projet\u2026 -","robots":{"index":"index","follow":"follow","max-snippet":"max-snippet:-1","max-image-preview":"max-image-preview:large","max-video-preview":"max-video-preview:-1"},"canonical":"https:\/\/macite.tg\/?p=6687","og_locale":"fr_FR","og_type":"article","og_title":"EN PRISON : Le Br\u00e9silien Dani Alves se consacre \u00e0 ce projet\u2026 -","og_description":"La journaliste Mayka Navarro, qui a publi\u00e9 cette semaine une interview exclusive du footballeur en prison, continue de donner de nouveaux d\u00e9tails sur leur rencontre. La rencontre entre Dani Alves et Mayka Navarro \u00e0 la prison de Brians 2 continue de faire les gros titres. [&hellip;]","og_url":"https:\/\/macite.tg\/?p=6687","article_published_time":"2023-06-23T18:49:17+00:00","article_modified_time":"2023-06-23T18:49:19+00:00","og_image":[{"width":1288,"height":725,"url":"https:\/\/macite.tg\/wp-content\/uploads\/2023\/06\/2T65TCWPGBNVVNRAHLZZZLOUXQ.jpeg","type":"image\/jpeg"}],"author":"Jean Pierre BAWELA","twitter_card":"summary_large_image","twitter_misc":{"\u00c9crit par":"Jean Pierre BAWELA","Dur\u00e9e de lecture estim\u00e9e":"2 minutes"},"schema":{"@context":"https:\/\/schema.org","@graph":[{"@type":"Article","@id":"https:\/\/macite.tg\/?p=6687#article","isPartOf":{"@id":"https:\/\/macite.tg\/?p=6687"},"author":{"name":"Jean Pierre BAWELA","@id":"https:\/\/macite.tg\/#\/schema\/person\/e9f2de7e5dbbe7770a9402c7ce82f5c2"},"headline":"EN PRISON : Le Br\u00e9silien Dani Alves se consacre \u00e0 ce projet\u2026","datePublished":"2023-06-23T18:49:17+00:00","dateModified":"2023-06-23T18:49:19+00:00","mainEntityOfPage":{"@id":"https:\/\/macite.tg\/?p=6687"},"wordCount":464,"commentCount":0,"image":{"@id":"https:\/\/macite.tg\/?p=6687#primaryimage"},"thumbnailUrl":"https:\/\/macite.tg\/wp-content\/uploads\/2023\/06\/2T65TCWPGBNVVNRAHLZZZLOUXQ.jpeg","articleSection":["SOCIETE"],"inLanguage":"fr-FR","potentialAction":[{"@type":"CommentAction","name":"Comment","target":["https:\/\/macite.tg\/?p=6687#respond"]}]},{"@type":"WebPage","@id":"https:\/\/macite.tg\/?p=6687","url":"https:\/\/macite.tg\/?p=6687","name":"EN PRISON : Le Br\u00e9silien Dani Alves se consacre \u00e0 ce projet\u2026 -","isPartOf":{"@id":"https:\/\/macite.tg\/#website"},"primaryImageOfPage":{"@id":"https:\/\/macite.tg\/?p=6687#primaryimage"},"image":{"@id":"https:\/\/macite.tg\/?p=6687#primaryimage"},"thumbnailUrl":"https:\/\/macite.tg\/wp-content\/uploads\/2023\/06\/2T65TCWPGBNVVNRAHLZZZLOUXQ.jpeg","datePublished":"2023-06-23T18:49:17+00:00","dateModified":"2023-06-23T18:49:19+00:00","author":{"@id":"https:\/\/macite.tg\/#\/schema\/person\/e9f2de7e5dbbe7770a9402c7ce82f5c2"},"breadcrumb":{"@id":"https:\/\/macite.tg\/?p=6687#breadcrumb"},"inLanguage":"fr-FR","potentialAction":[{"@type":"ReadAction","target":["https:\/\/macite.tg\/?p=6687"]}]},{"@type":"ImageObject","inLanguage":"fr-FR","@id":"https:\/\/macite.tg\/?p=6687#primaryimage","url":"https:\/\/macite.tg\/wp-content\/uploads\/2023\/06\/2T65TCWPGBNVVNRAHLZZZLOUXQ.jpeg","contentUrl":"https:\/\/macite.tg\/wp-content\/uploads\/2023\/06\/2T65TCWPGBNVVNRAHLZZZLOUXQ.jpeg","width":1288,"height":725},{"@type":"BreadcrumbList","@id":"https:\/\/macite.tg\/?p=6687#breadcrumb","itemListElement":[{"@type":"ListItem","position":1,"name":"Accueil","item":"https:\/\/macite.tg\/"},{"@type":"ListItem","position":2,"name":"EN PRISON : Le Br\u00e9silien Dani Alves se consacre \u00e0 ce projet\u2026"}]},{"@type":"WebSite","@id":"https:\/\/macite.tg\/#website","url":"https:\/\/macite.tg\/","name":"","description":"L&#039;information, la bonne!!!","potentialAction":[{"@type":"SearchAction","target":{"@type":"EntryPoint","urlTemplate":"https:\/\/macite.tg\/?s={search_term_string}"},"query-input":{"@type":"PropertyValueSpecification","valueRequired":true,"valueName":"search_term_string"}}],"inLanguage":"fr-FR"},{"@type":"Person","@id":"https:\/\/macite.tg\/#\/schema\/person\/e9f2de7e5dbbe7770a9402c7ce82f5c2","name":"Jean Pierre BAWELA","image":{"@type":"ImageObject","inLanguage":"fr-FR","@id":"https:\/\/macite.tg\/wp-content\/uploads\/2023\/09\/WhatsApp-Image-2023-09-19-at-14.44.41-122x122.jpeg","url":"https:\/\/macite.tg\/wp-content\/uploads\/2023\/09\/WhatsApp-Image-2023-09-19-at-14.44.41-122x122.jpeg","contentUrl":"https:\/\/macite.tg\/wp-content\/uploads\/2023\/09\/WhatsApp-Image-2023-09-19-at-14.44.41-122x122.jpeg","caption":"Jean Pierre BAWELA"},"url":"https:\/\/macite.tg\/?author=2"}]}},"_links":{"self":[{"href":"https:\/\/macite.tg\/index.php?rest_route=\/wp\/v2\/posts\/6687","targetHints":{"allow":["GET"]}}],"collection":[{"href":"https:\/\/macite.tg\/index.php?rest_route=\/wp\/v2\/posts"}],"about":[{"href":"https:\/\/macite.tg\/index.php?rest_route=\/wp\/v2\/types\/post"}],"author":[{"embeddable":true,"href":"https:\/\/macite.tg\/index.php?rest_route=\/wp\/v2\/users\/2"}],"replies":[{"embeddable":true,"href":"https:\/\/macite.tg\/index.php?rest_route=%2Fwp%2Fv2%2Fcomments&post=6687"}],"version-history":[{"count":0,"href":"https:\/\/macite.tg\/index.php?rest_route=\/wp\/v2\/posts\/6687\/revisions"}],"wp:featuredmedia":[{"embeddable":true,"href":"https:\/\/macite.tg\/index.php?rest_route=\/wp\/v2\/media\/6691"}],"wp:attachment":[{"href":"https:\/\/macite.tg\/index.php?rest_route=%2Fwp%2Fv2%2Fmedia&parent=6687"}],"wp:term":[{"taxonomy":"category","embeddable":true,"href":"https:\/\/macite.tg\/index.php?rest_route=%2Fwp%2Fv2%2Fcategories&post=6687"},{"taxonomy":"post_tag","embeddable":true,"href":"https:\/\/macite.tg\/index.php?rest_route=%2Fwp%2Fv2%2Ftags&post=6687"}],"curies":[{"name":"wp","href":"https:\/\/api.w.org\/{rel}","templated":true}]}}