{"id":6681,"date":"2023-06-23T14:20:47","date_gmt":"2023-06-23T14:20:47","guid":{"rendered":"https:\/\/macite.tg\/?p=6681"},"modified":"2023-06-23T14:20:58","modified_gmt":"2023-06-23T14:20:58","slug":"recensement-electoral-bientot-laffichage-des-listes-provisoires-dans-les-crv-ceni","status":"publish","type":"post","link":"https:\/\/macite.tg\/?p=6681","title":{"rendered":"RECENSEMENT \u00c9LECTORAL : Bient\u00f4t, l\u2019affichage des listes provisoires dans les CRV (Ceni)"},"content":{"rendered":"\n<p class=\"wp-block-paragraph\"><strong><em>Une semaine apr\u00e8s la fin du recensement \u00e9lectoral, en vue des \u00e9lections l\u00e9gislatives et r\u00e9gionales prochaines, la Commission \u00e9lectorale nationale ind\u00e9pendante (Ceni), annonce l\u2019affichage prochain des listes provisoires.<\/em><\/strong><\/p>\n\n\n\n<p class=\"wp-block-paragraph\">Les op\u00e9rations d\u2019enr\u00f4lement des \u00e9lecteurs des \u00e9lecteurs ont officiellement pris fin le 14 juin dernier dans la zone 3, au Nord-Togo. &nbsp;Place d\u00e9sormais \u00e0 la confection du fichier \u00e9lectoral.<\/p>\n\n\n\n<figure class=\"wp-block-image size-large\"><img loading=\"lazy\" decoding=\"async\" width=\"1024\" height=\"212\" src=\"https:\/\/macite.tg\/wp-content\/uploads\/2023\/06\/IMG-20230514-WA00962-2-1024x212.jpg\" alt=\"\" class=\"wp-image-6397\" srcset=\"https:\/\/macite.tg\/wp-content\/uploads\/2023\/06\/IMG-20230514-WA00962-2-1024x212.jpg 1024w, https:\/\/macite.tg\/wp-content\/uploads\/2023\/06\/IMG-20230514-WA00962-2-300x62.jpg 300w, https:\/\/macite.tg\/wp-content\/uploads\/2023\/06\/IMG-20230514-WA00962-2-768x159.jpg 768w, https:\/\/macite.tg\/wp-content\/uploads\/2023\/06\/IMG-20230514-WA00962-2-1536x318.jpg 1536w, https:\/\/macite.tg\/wp-content\/uploads\/2023\/06\/IMG-20230514-WA00962-2.jpg 1600w\" sizes=\"auto, (max-width: 1024px) 100vw, 1024px\" \/><\/figure>\n\n\n\n<p class=\"wp-block-paragraph\">Dans cette optique, la Ceni &nbsp;a annonc\u00e9, hier jeudi, que les listes \u00e9lectorales seront affich\u00e9es dans les Centres de recensement et de vote (Crv). <em>\u00ab&nbsp;Les<\/em> <em>listes \u00e9lectorales provisoires seront affich\u00e9es dans tous les centres de recensement et de vote (CRV)&nbsp;\u00bb, <\/em>informe le pr\u00e9sident de l\u2019organe charg\u00e9 de l\u2019organisation et la supervision des \u00e9lections au Togo, Dabr\u00e9 Yago.<\/p>\n\n\n\n<p class=\"wp-block-paragraph\">Cette \u00e9tape vise ainsi, aux citoyens inscrits de s\u2019assurer que leur nom est sur la liste des \u00e9lecteurs, notamment. Elle permet \u00e9galement de signaler toute irr\u00e9gularit\u00e9 qui serait constat\u00e9e sur les listes provisoires.<\/p>\n\n\n<div class=\"wp-block-image\">\n<figure class=\"aligncenter size-full is-resized\"><img loading=\"lazy\" decoding=\"async\" src=\"https:\/\/macite.tg\/wp-content\/uploads\/2023\/06\/Panneau-2-12m2-1024x768-1.jpg\" alt=\"\" class=\"wp-image-6592\" width=\"549\" height=\"412\" srcset=\"https:\/\/macite.tg\/wp-content\/uploads\/2023\/06\/Panneau-2-12m2-1024x768-1.jpg 1024w, https:\/\/macite.tg\/wp-content\/uploads\/2023\/06\/Panneau-2-12m2-1024x768-1-300x225.jpg 300w, https:\/\/macite.tg\/wp-content\/uploads\/2023\/06\/Panneau-2-12m2-1024x768-1-768x576.jpg 768w\" sizes=\"auto, (max-width: 549px) 100vw, 549px\" \/><\/figure>\n<\/div>\n\n\n<p class=\"wp-block-paragraph\">Notons que quelques 6.585 Crv ont \u00e9t\u00e9 retenues pour les op\u00e9rations de recensement des \u00e9lecteurs.<\/p>\n\n\n\n<p class=\"wp-block-paragraph\"><strong>La R\u00e9daction<\/strong><\/p>\n\n\n\n<p class=\"wp-block-paragraph\"><strong><em>@macite.tg&nbsp;&nbsp;&nbsp;&nbsp;&nbsp;&nbsp;&nbsp;&nbsp;<\/em><\/strong><\/p>\n\n\n\n<p class=\"wp-block-paragraph\"><strong><em>E-mail&nbsp;: <\/em><\/strong><a href=\"mailto:maciteinfo@gmail.com\"><strong><em>maciteinfo@gmail.com<\/em><\/strong><\/a><strong><em>; <\/em><\/strong><a href=\"mailto:bawela1@gmail.com\"><strong><em>bawela1@gmail.com<\/em><\/strong><\/a><strong><em><\/em><\/strong><\/p>\n\n\n\n<p class=\"wp-block-paragraph\"><strong><em>Pour vos annonces, (publi)reportages, etc., joignez nous au (00228)91515309\/<strong>79872224 <\/strong>www.macite.tg, L\u2019information, la bonne&nbsp;!<\/em><\/strong><\/p>\n","protected":false},"excerpt":{"rendered":"<p class=\"text-justify mb-2\" >Une semaine apr\u00e8s la fin du recensement \u00e9lectoral, en vue des \u00e9lections l\u00e9gislatives et r\u00e9gionales prochaines, la Commission \u00e9lectorale nationale ind\u00e9pendante (Ceni), annonce l\u2019affichage prochain des listes provisoires. Les op\u00e9rations d\u2019enr\u00f4lement des \u00e9lecteurs des \u00e9lecteurs ont officiellement pris fin le 14 juin dernier dans la [&hellip;]<\/p>\n","protected":false},"author":2,"featured_media":6683,"comment_status":"open","ping_status":"open","sticky":false,"template":"","format":"standard","meta":{"footnotes":""},"categories":[20,1],"tags":[],"class_list":["post-6681","post","type-post","status-publish","format-standard","has-post-thumbnail","hentry","category-actualite","category-politique"],"yoast_head":"<!-- This site is optimized with the Yoast SEO plugin v28.4 - https:\/\/yoast.com\/product\/yoast-seo-wordpress\/ -->\n<title>RECENSEMENT \u00c9LECTORAL : Bient\u00f4t, l\u2019affichage des listes provisoires dans les CRV (Ceni) -<\/title>\n<meta name=\"robots\" content=\"index, follow, max-snippet:-1, max-image-preview:large, max-video-preview:-1\" \/>\n<link rel=\"canonical\" href=\"https:\/\/macite.tg\/?p=6681\" \/>\n<meta property=\"og:locale\" content=\"fr_FR\" \/>\n<meta property=\"og:type\" content=\"article\" \/>\n<meta property=\"og:title\" content=\"RECENSEMENT \u00c9LECTORAL : Bient\u00f4t, l\u2019affichage des listes provisoires dans les CRV (Ceni) -\" \/>\n<meta property=\"og:description\" content=\"Une semaine apr\u00e8s la fin du recensement \u00e9lectoral, en vue des \u00e9lections l\u00e9gislatives et r\u00e9gionales prochaines, la Commission \u00e9lectorale nationale ind\u00e9pendante (Ceni), annonce l\u2019affichage prochain des listes provisoires. Les op\u00e9rations d\u2019enr\u00f4lement des \u00e9lecteurs des \u00e9lecteurs ont officiellement pris fin le 14 juin dernier dans la [&hellip;]\" \/>\n<meta property=\"og:url\" content=\"https:\/\/macite.tg\/?p=6681\" \/>\n<meta property=\"article:published_time\" content=\"2023-06-23T14:20:47+00:00\" \/>\n<meta property=\"article:modified_time\" content=\"2023-06-23T14:20:58+00:00\" \/>\n<meta property=\"og:image\" content=\"https:\/\/macite.tg\/wp-content\/uploads\/2023\/06\/5ae05111c2dabb956f6e9581e765e020_XL.jpg\" \/>\n\t<meta property=\"og:image:width\" content=\"602\" \/>\n\t<meta property=\"og:image:height\" content=\"394\" \/>\n\t<meta property=\"og:image:type\" content=\"image\/jpeg\" \/>\n<meta name=\"author\" content=\"Jean Pierre BAWELA\" \/>\n<meta name=\"twitter:card\" content=\"summary_large_image\" \/>\n<meta name=\"twitter:label1\" content=\"\u00c9crit par\" \/>\n\t<meta name=\"twitter:data1\" content=\"Jean Pierre BAWELA\" \/>\n\t<meta name=\"twitter:label2\" content=\"Dur\u00e9e de lecture estim\u00e9e\" \/>\n\t<meta name=\"twitter:data2\" content=\"1 minute\" \/>\n<script type=\"application\/ld+json\" class=\"yoast-schema-graph\">{\"@context\":\"https:\\\/\\\/schema.org\",\"@graph\":[{\"@type\":\"Article\",\"@id\":\"https:\\\/\\\/macite.tg\\\/?p=6681#article\",\"isPartOf\":{\"@id\":\"https:\\\/\\\/macite.tg\\\/?p=6681\"},\"author\":{\"name\":\"Jean Pierre BAWELA\",\"@id\":\"https:\\\/\\\/macite.tg\\\/#\\\/schema\\\/person\\\/e9f2de7e5dbbe7770a9402c7ce82f5c2\"},\"headline\":\"RECENSEMENT \u00c9LECTORAL : Bient\u00f4t, l\u2019affichage des listes provisoires dans les CRV (Ceni)\",\"datePublished\":\"2023-06-23T14:20:47+00:00\",\"dateModified\":\"2023-06-23T14:20:58+00:00\",\"mainEntityOfPage\":{\"@id\":\"https:\\\/\\\/macite.tg\\\/?p=6681\"},\"wordCount\":231,\"commentCount\":0,\"image\":{\"@id\":\"https:\\\/\\\/macite.tg\\\/?p=6681#primaryimage\"},\"thumbnailUrl\":\"https:\\\/\\\/macite.tg\\\/wp-content\\\/uploads\\\/2023\\\/06\\\/5ae05111c2dabb956f6e9581e765e020_XL.jpg\",\"articleSection\":[\"ACTUALITE\",\"POLITIQUE\"],\"inLanguage\":\"fr-FR\",\"potentialAction\":[{\"@type\":\"CommentAction\",\"name\":\"Comment\",\"target\":[\"https:\\\/\\\/macite.tg\\\/?p=6681#respond\"]}]},{\"@type\":\"WebPage\",\"@id\":\"https:\\\/\\\/macite.tg\\\/?p=6681\",\"url\":\"https:\\\/\\\/macite.tg\\\/?p=6681\",\"name\":\"RECENSEMENT \u00c9LECTORAL : Bient\u00f4t, l\u2019affichage des listes provisoires dans les CRV (Ceni) -\",\"isPartOf\":{\"@id\":\"https:\\\/\\\/macite.tg\\\/#website\"},\"primaryImageOfPage\":{\"@id\":\"https:\\\/\\\/macite.tg\\\/?p=6681#primaryimage\"},\"image\":{\"@id\":\"https:\\\/\\\/macite.tg\\\/?p=6681#primaryimage\"},\"thumbnailUrl\":\"https:\\\/\\\/macite.tg\\\/wp-content\\\/uploads\\\/2023\\\/06\\\/5ae05111c2dabb956f6e9581e765e020_XL.jpg\",\"datePublished\":\"2023-06-23T14:20:47+00:00\",\"dateModified\":\"2023-06-23T14:20:58+00:00\",\"author\":{\"@id\":\"https:\\\/\\\/macite.tg\\\/#\\\/schema\\\/person\\\/e9f2de7e5dbbe7770a9402c7ce82f5c2\"},\"breadcrumb\":{\"@id\":\"https:\\\/\\\/macite.tg\\\/?p=6681#breadcrumb\"},\"inLanguage\":\"fr-FR\",\"potentialAction\":[{\"@type\":\"ReadAction\",\"target\":[\"https:\\\/\\\/macite.tg\\\/?p=6681\"]}]},{\"@type\":\"ImageObject\",\"inLanguage\":\"fr-FR\",\"@id\":\"https:\\\/\\\/macite.tg\\\/?p=6681#primaryimage\",\"url\":\"https:\\\/\\\/macite.tg\\\/wp-content\\\/uploads\\\/2023\\\/06\\\/5ae05111c2dabb956f6e9581e765e020_XL.jpg\",\"contentUrl\":\"https:\\\/\\\/macite.tg\\\/wp-content\\\/uploads\\\/2023\\\/06\\\/5ae05111c2dabb956f6e9581e765e020_XL.jpg\",\"width\":602,\"height\":394},{\"@type\":\"BreadcrumbList\",\"@id\":\"https:\\\/\\\/macite.tg\\\/?p=6681#breadcrumb\",\"itemListElement\":[{\"@type\":\"ListItem\",\"position\":1,\"name\":\"Accueil\",\"item\":\"https:\\\/\\\/macite.tg\\\/\"},{\"@type\":\"ListItem\",\"position\":2,\"name\":\"RECENSEMENT \u00c9LECTORAL : Bient\u00f4t, l\u2019affichage des listes provisoires dans les CRV (Ceni)\"}]},{\"@type\":\"WebSite\",\"@id\":\"https:\\\/\\\/macite.tg\\\/#website\",\"url\":\"https:\\\/\\\/macite.tg\\\/\",\"name\":\"\",\"description\":\"L&#039;information, la bonne!!!\",\"potentialAction\":[{\"@type\":\"SearchAction\",\"target\":{\"@type\":\"EntryPoint\",\"urlTemplate\":\"https:\\\/\\\/macite.tg\\\/?s={search_term_string}\"},\"query-input\":{\"@type\":\"PropertyValueSpecification\",\"valueRequired\":true,\"valueName\":\"search_term_string\"}}],\"inLanguage\":\"fr-FR\"},{\"@type\":\"Person\",\"@id\":\"https:\\\/\\\/macite.tg\\\/#\\\/schema\\\/person\\\/e9f2de7e5dbbe7770a9402c7ce82f5c2\",\"name\":\"Jean Pierre BAWELA\",\"image\":{\"@type\":\"ImageObject\",\"inLanguage\":\"fr-FR\",\"@id\":\"https:\\\/\\\/macite.tg\\\/wp-content\\\/uploads\\\/2023\\\/09\\\/WhatsApp-Image-2023-09-19-at-14.44.41-122x122.jpeg\",\"url\":\"https:\\\/\\\/macite.tg\\\/wp-content\\\/uploads\\\/2023\\\/09\\\/WhatsApp-Image-2023-09-19-at-14.44.41-122x122.jpeg\",\"contentUrl\":\"https:\\\/\\\/macite.tg\\\/wp-content\\\/uploads\\\/2023\\\/09\\\/WhatsApp-Image-2023-09-19-at-14.44.41-122x122.jpeg\",\"caption\":\"Jean Pierre BAWELA\"},\"url\":\"https:\\\/\\\/macite.tg\\\/?author=2\"}]}<\/script>\n<!-- \/ Yoast SEO plugin. -->","yoast_head_json":{"title":"RECENSEMENT \u00c9LECTORAL : Bient\u00f4t, l\u2019affichage des listes provisoires dans les CRV (Ceni) -","robots":{"index":"index","follow":"follow","max-snippet":"max-snippet:-1","max-image-preview":"max-image-preview:large","max-video-preview":"max-video-preview:-1"},"canonical":"https:\/\/macite.tg\/?p=6681","og_locale":"fr_FR","og_type":"article","og_title":"RECENSEMENT \u00c9LECTORAL : Bient\u00f4t, l\u2019affichage des listes provisoires dans les CRV (Ceni) -","og_description":"Une semaine apr\u00e8s la fin du recensement \u00e9lectoral, en vue des \u00e9lections l\u00e9gislatives et r\u00e9gionales prochaines, la Commission \u00e9lectorale nationale ind\u00e9pendante (Ceni), annonce l\u2019affichage prochain des listes provisoires. Les op\u00e9rations d\u2019enr\u00f4lement des \u00e9lecteurs des \u00e9lecteurs ont officiellement pris fin le 14 juin dernier dans la [&hellip;]","og_url":"https:\/\/macite.tg\/?p=6681","article_published_time":"2023-06-23T14:20:47+00:00","article_modified_time":"2023-06-23T14:20:58+00:00","og_image":[{"width":602,"height":394,"url":"https:\/\/macite.tg\/wp-content\/uploads\/2023\/06\/5ae05111c2dabb956f6e9581e765e020_XL.jpg","type":"image\/jpeg"}],"author":"Jean Pierre BAWELA","twitter_card":"summary_large_image","twitter_misc":{"\u00c9crit par":"Jean Pierre BAWELA","Dur\u00e9e de lecture estim\u00e9e":"1 minute"},"schema":{"@context":"https:\/\/schema.org","@graph":[{"@type":"Article","@id":"https:\/\/macite.tg\/?p=6681#article","isPartOf":{"@id":"https:\/\/macite.tg\/?p=6681"},"author":{"name":"Jean Pierre BAWELA","@id":"https:\/\/macite.tg\/#\/schema\/person\/e9f2de7e5dbbe7770a9402c7ce82f5c2"},"headline":"RECENSEMENT \u00c9LECTORAL : Bient\u00f4t, l\u2019affichage des listes provisoires dans les CRV (Ceni)","datePublished":"2023-06-23T14:20:47+00:00","dateModified":"2023-06-23T14:20:58+00:00","mainEntityOfPage":{"@id":"https:\/\/macite.tg\/?p=6681"},"wordCount":231,"commentCount":0,"image":{"@id":"https:\/\/macite.tg\/?p=6681#primaryimage"},"thumbnailUrl":"https:\/\/macite.tg\/wp-content\/uploads\/2023\/06\/5ae05111c2dabb956f6e9581e765e020_XL.jpg","articleSection":["ACTUALITE","POLITIQUE"],"inLanguage":"fr-FR","potentialAction":[{"@type":"CommentAction","name":"Comment","target":["https:\/\/macite.tg\/?p=6681#respond"]}]},{"@type":"WebPage","@id":"https:\/\/macite.tg\/?p=6681","url":"https:\/\/macite.tg\/?p=6681","name":"RECENSEMENT \u00c9LECTORAL : Bient\u00f4t, l\u2019affichage des listes provisoires dans les CRV (Ceni) -","isPartOf":{"@id":"https:\/\/macite.tg\/#website"},"primaryImageOfPage":{"@id":"https:\/\/macite.tg\/?p=6681#primaryimage"},"image":{"@id":"https:\/\/macite.tg\/?p=6681#primaryimage"},"thumbnailUrl":"https:\/\/macite.tg\/wp-content\/uploads\/2023\/06\/5ae05111c2dabb956f6e9581e765e020_XL.jpg","datePublished":"2023-06-23T14:20:47+00:00","dateModified":"2023-06-23T14:20:58+00:00","author":{"@id":"https:\/\/macite.tg\/#\/schema\/person\/e9f2de7e5dbbe7770a9402c7ce82f5c2"},"breadcrumb":{"@id":"https:\/\/macite.tg\/?p=6681#breadcrumb"},"inLanguage":"fr-FR","potentialAction":[{"@type":"ReadAction","target":["https:\/\/macite.tg\/?p=6681"]}]},{"@type":"ImageObject","inLanguage":"fr-FR","@id":"https:\/\/macite.tg\/?p=6681#primaryimage","url":"https:\/\/macite.tg\/wp-content\/uploads\/2023\/06\/5ae05111c2dabb956f6e9581e765e020_XL.jpg","contentUrl":"https:\/\/macite.tg\/wp-content\/uploads\/2023\/06\/5ae05111c2dabb956f6e9581e765e020_XL.jpg","width":602,"height":394},{"@type":"BreadcrumbList","@id":"https:\/\/macite.tg\/?p=6681#breadcrumb","itemListElement":[{"@type":"ListItem","position":1,"name":"Accueil","item":"https:\/\/macite.tg\/"},{"@type":"ListItem","position":2,"name":"RECENSEMENT \u00c9LECTORAL : Bient\u00f4t, l\u2019affichage des listes provisoires dans les CRV (Ceni)"}]},{"@type":"WebSite","@id":"https:\/\/macite.tg\/#website","url":"https:\/\/macite.tg\/","name":"","description":"L&#039;information, la bonne!!!","potentialAction":[{"@type":"SearchAction","target":{"@type":"EntryPoint","urlTemplate":"https:\/\/macite.tg\/?s={search_term_string}"},"query-input":{"@type":"PropertyValueSpecification","valueRequired":true,"valueName":"search_term_string"}}],"inLanguage":"fr-FR"},{"@type":"Person","@id":"https:\/\/macite.tg\/#\/schema\/person\/e9f2de7e5dbbe7770a9402c7ce82f5c2","name":"Jean Pierre BAWELA","image":{"@type":"ImageObject","inLanguage":"fr-FR","@id":"https:\/\/macite.tg\/wp-content\/uploads\/2023\/09\/WhatsApp-Image-2023-09-19-at-14.44.41-122x122.jpeg","url":"https:\/\/macite.tg\/wp-content\/uploads\/2023\/09\/WhatsApp-Image-2023-09-19-at-14.44.41-122x122.jpeg","contentUrl":"https:\/\/macite.tg\/wp-content\/uploads\/2023\/09\/WhatsApp-Image-2023-09-19-at-14.44.41-122x122.jpeg","caption":"Jean Pierre BAWELA"},"url":"https:\/\/macite.tg\/?author=2"}]}},"_links":{"self":[{"href":"https:\/\/macite.tg\/index.php?rest_route=\/wp\/v2\/posts\/6681","targetHints":{"allow":["GET"]}}],"collection":[{"href":"https:\/\/macite.tg\/index.php?rest_route=\/wp\/v2\/posts"}],"about":[{"href":"https:\/\/macite.tg\/index.php?rest_route=\/wp\/v2\/types\/post"}],"author":[{"embeddable":true,"href":"https:\/\/macite.tg\/index.php?rest_route=\/wp\/v2\/users\/2"}],"replies":[{"embeddable":true,"href":"https:\/\/macite.tg\/index.php?rest_route=%2Fwp%2Fv2%2Fcomments&post=6681"}],"version-history":[{"count":0,"href":"https:\/\/macite.tg\/index.php?rest_route=\/wp\/v2\/posts\/6681\/revisions"}],"wp:featuredmedia":[{"embeddable":true,"href":"https:\/\/macite.tg\/index.php?rest_route=\/wp\/v2\/media\/6683"}],"wp:attachment":[{"href":"https:\/\/macite.tg\/index.php?rest_route=%2Fwp%2Fv2%2Fmedia&parent=6681"}],"wp:term":[{"taxonomy":"category","embeddable":true,"href":"https:\/\/macite.tg\/index.php?rest_route=%2Fwp%2Fv2%2Fcategories&post=6681"},{"taxonomy":"post_tag","embeddable":true,"href":"https:\/\/macite.tg\/index.php?rest_route=%2Fwp%2Fv2%2Ftags&post=6681"}],"curies":[{"name":"wp","href":"https:\/\/api.w.org\/{rel}","templated":true}]}}