{"id":6672,"date":"2023-06-23T13:24:16","date_gmt":"2023-06-23T13:24:16","guid":{"rendered":"https:\/\/macite.tg\/?p=6672"},"modified":"2023-06-23T13:24:18","modified_gmt":"2023-06-23T13:24:18","slug":"semaine-nationale-du-cinema-togolais-2023-le-ministre-lamadokou-invite-les-cineastes-a-soutiller-pour-mieux-vendre-le-7e-art-national","status":"publish","type":"post","link":"https:\/\/macite.tg\/?p=6672","title":{"rendered":"SEMAINE NATIONALE DU CIN\u00c9MA TOGOLAIS 2023\u00a0: Le ministre Lamadokou invite les cin\u00e9astes \u00e0 s\u2019outiller pour mieux vendre le 7\u00e8 art national"},"content":{"rendered":"\n<p class=\"wp-block-paragraph\"><strong><em>Le cin\u00e9ma togolais retrouve, peu \u00e0 peu, des couleurs gr\u00e2ce aux r\u00e9formes initi\u00e9es par le gouvernement togolais. Le 7\u00e8 art togolais sera \u00e0 l\u2019honneur avec l\u2019\u00e9dition 7 de la Semaine nationale du cin\u00e9ma togolais (Snct), du 22 au 29 juillet 2023, \u00e0 Canal Olympia Godop\u00e9 de Lom\u00e9. L\u2019annonce a \u00e9t\u00e9 faite, hier jeudi 22 juin, par le ministre de la Culture et du tourisme, Dr Kossi Gb\u00e9nyo Lamadoko.<\/em><\/strong><\/p>\n\n\n\n<p class=\"wp-block-paragraph\">L\u2019\u00e9dition 2023 de la Semaine nationale du cin\u00e9ma togolais (Snct) a officiellement \u00e9t\u00e9 lanc\u00e9e hier jeudi 22 juin, par le ministre en charge de la Culture, en pr\u00e9sence des acteurs dudit secteur mais aussi du pays invit\u00e9 d\u2019honneur, le Niger, repr\u00e9sent\u00e9 par son Ambassadeur, Sidi Zakari, et des partenaires tels BOA-Togo, Canal+, Asky, l\u2019Institut Fran\u00e7ais de Lom\u00e9, la BB, \u2026<\/p>\n\n\n<div class=\"wp-block-image\">\n<figure class=\"aligncenter size-full is-resized\"><img loading=\"lazy\" decoding=\"async\" src=\"https:\/\/macite.tg\/wp-content\/uploads\/2023\/06\/Assistance-1.jpg\" alt=\"\" class=\"wp-image-6675\" width=\"652\" height=\"316\" srcset=\"https:\/\/macite.tg\/wp-content\/uploads\/2023\/06\/Assistance-1.jpg 500w, https:\/\/macite.tg\/wp-content\/uploads\/2023\/06\/Assistance-1-300x145.jpg 300w\" sizes=\"auto, (max-width: 652px) 100vw, 652px\" \/><figcaption class=\"wp-element-caption\"><strong><em>Une vue de l&rsquo;assistance lors du lancement&#8230;<\/em><\/strong><\/figcaption><\/figure>\n<\/div>\n\n\n<p class=\"wp-block-paragraph\"><em>\u00ab Contribution des cin\u00e9astes au processus de r\u00e9forme du cin\u00e9ma et de l\u2019audiovisuel togolais \u00bb,<\/em> tel est le th\u00e8me de l\u2019\u00e9dition 2023 de la Snct, qui ambitionne d\u2019offrir, d\u2019une part, un grand espace d\u2019\u00e9changes entre les cin\u00e9astes togolais et ceux de la sous-r\u00e9gion, notamment mais aussi de les aguerrir en vue d\u2019une professionnalisation du secteur, d\u2019autre part. Ainsi, la coop\u00e9ration cin\u00e9matographique serait davantage renforc\u00e9e pour assurer une meilleure visibilit\u00e9 du cin\u00e9ma togolais qui, gr\u00e2ce au volet formation introduite cette ann\u00e9e, devrait permettre au 7\u00e8 art togolais &nbsp;de se hisser au rang des grandes nations cin\u00e9matographiques et de l\u2019audiovisuel.<\/p>\n\n\n\n<p class=\"wp-block-paragraph\">De quoi faire dire au ministre de la Culture et du tourisme, que <em>\u00ab&nbsp;le <\/em><em>cin\u00e9ma togolais est dans un nouveau tournant depuis que le Chef de l\u2019Etat a d\u00e9cid\u00e9 d\u2019insuffler une nouvelle dynamique \u00e0 ce secteur. Les avanc\u00e9es sont aujourd\u2019hui palpables. Nous disposons aujourd\u2019hui d\u2019une loi en la mati\u00e8re, d\u2019un fonds sp\u00e9cialement d\u00e9di\u00e9 au cin\u00e9ma, et un Centre national du cin\u00e9ma et de l\u2019image anim\u00e9e (Cncia&nbsp;\u00bb.<\/em> Ainsi, l\u2019environnement juridique est d\u00e9sormais favorable, et les conditions financi\u00e8res se mettent \u00e9galement en place avec l\u2019implication effective des institutions bancaires\u2026<\/p>\n\n\n\n<figure class=\"wp-block-image size-large\"><img loading=\"lazy\" decoding=\"async\" width=\"1024\" height=\"212\" src=\"https:\/\/macite.tg\/wp-content\/uploads\/2023\/06\/IMG-20230514-WA00962-2-1024x212.jpg\" alt=\"\" class=\"wp-image-6397\" srcset=\"https:\/\/macite.tg\/wp-content\/uploads\/2023\/06\/IMG-20230514-WA00962-2-1024x212.jpg 1024w, https:\/\/macite.tg\/wp-content\/uploads\/2023\/06\/IMG-20230514-WA00962-2-300x62.jpg 300w, https:\/\/macite.tg\/wp-content\/uploads\/2023\/06\/IMG-20230514-WA00962-2-768x159.jpg 768w, https:\/\/macite.tg\/wp-content\/uploads\/2023\/06\/IMG-20230514-WA00962-2-1536x318.jpg 1536w, https:\/\/macite.tg\/wp-content\/uploads\/2023\/06\/IMG-20230514-WA00962-2.jpg 1600w\" sizes=\"auto, (max-width: 1024px) 100vw, 1024px\" \/><\/figure>\n\n\n\n<p class=\"wp-block-paragraph\">La balle est, selon le ministre Lamadokou, d\u00e9sormais dans le camp des acteurs de ce secteur, qui doivent jouer leur partition. <em>\u00ab&nbsp;Au regard de la vision du gouvernement, il est n\u00e9cessaire que les acteurs du secteur s\u2019engagent sur la voie du professionnalisme \u00bb<\/em>, a-t-il soutenu.<\/p>\n\n\n\n<p class=\"wp-block-paragraph\">Plusieurs activit\u00e9s sont au programme de cette \u00e9dition 2023 de la Snct, \u00e0 savoir&nbsp;des ateliers de formation, notamment en adaptation d\u2019\u0153uvre litt\u00e9raires en \u0153uvres cin\u00e9matographiques, en \u00e9laboration de plans d\u2019affaires&nbsp;; des masters class&nbsp;; des rencontres d\u2019\u00e9changes entre professionnels&nbsp;et partenaires ; des projections de films&nbsp;; etc.<\/p>\n\n\n\n<p class=\"wp-block-paragraph\">Sur ce dernier point, <em>\u00ab au total, 85 films tous genres confondus ont \u00e9t\u00e9 re\u00e7us par le Cncia\u2026Le Comit\u00e9 de pr\u00e9s\u00e9lection a retenu 51 films pour les comp\u00e9titions de la Semaine nationale du cin\u00e9ma togolais et le Clap Ivoire. Nous allons projeter ces 51 films togolais\u2026\u00bb,<\/em> a expliqu\u00e9 le Koutom Essohanam Denis, Directeur du Cncia.<\/p>\n\n\n\n<p class=\"wp-block-paragraph\">Au rang des r\u00e9compenses, a indiqu\u00e9 le Directeur du Cncia, \u00ab&nbsp;p<em>r\u00e8s d\u2019une vingtaine de prix seront d\u00e9cern\u00e9s aux meilleures productions et acteurs du secteur \u00bb.<\/em><\/p>\n\n\n\n<p class=\"wp-block-paragraph\">L\u2019ambition de faire de la Snct un festival de renom, a pouss\u00e9 les autorit\u00e9s togolaises \u00e0 penser \u00e0 s\u2019ouvrir \u00e0 la sous-r\u00e9gion, d\u2019o\u00f9 la pr\u00e9sence, pour un d\u00e9but, du Niger, invit\u00e9 d\u2019honneur, qui a un pass\u00e9 cin\u00e9matographique riche.<\/p>\n\n\n<div class=\"wp-block-image\">\n<figure class=\"aligncenter size-full is-resized\"><img loading=\"lazy\" decoding=\"async\" src=\"https:\/\/macite.tg\/wp-content\/uploads\/2023\/06\/Panneau-2-12m2-1024x768-1.jpg\" alt=\"\" class=\"wp-image-6592\" width=\"587\" height=\"440\" srcset=\"https:\/\/macite.tg\/wp-content\/uploads\/2023\/06\/Panneau-2-12m2-1024x768-1.jpg 1024w, https:\/\/macite.tg\/wp-content\/uploads\/2023\/06\/Panneau-2-12m2-1024x768-1-300x225.jpg 300w, https:\/\/macite.tg\/wp-content\/uploads\/2023\/06\/Panneau-2-12m2-1024x768-1-768x576.jpg 768w\" sizes=\"auto, (max-width: 587px) 100vw, 587px\" \/><\/figure>\n<\/div>\n\n\n<p class=\"wp-block-paragraph\">D\u00e9sormais, note le ministre Lamadokou, <em>\u00ab&nbsp;nous devons travailler ensemble pour renforcer la visibilit\u00e9 du cin\u00e9ma togolais (\u2026)&nbsp;\u00bb.<\/em> Il a annonc\u00e9 des innovations pour les prochaines \u00e9ditions dans l\u2019optique de <em>\u00ab&nbsp;cr\u00e9er un cadre qui nous permet de nous frotter aux autres, qui permet \u00e0 tous les acteurs du secteur, au niveau international, d\u2019\u00eatre \u00e9galement chez nous, pour appr\u00e9cier nos produits et donner davantage d\u2019opportunit\u00e9s \u00e0 nos acteurs \u00bb,<\/em> a confi\u00e9 Dr Kossi Gb\u00e9nyo Lamadokou.<\/p>\n\n\n\n<p class=\"wp-block-paragraph\"><strong>JPB<\/strong><\/p>\n\n\n\n<p class=\"wp-block-paragraph\"><strong><em>@macite.tg&nbsp;&nbsp;&nbsp;&nbsp;&nbsp;&nbsp;&nbsp;&nbsp;<\/em><\/strong><\/p>\n\n\n\n<p class=\"wp-block-paragraph\"><strong><em>E-mail&nbsp;: <\/em><\/strong><a href=\"mailto:maciteinfo@gmail.com\"><strong><em>maciteinfo@gmail.com<\/em><\/strong><\/a><strong><em>; <\/em><\/strong><a href=\"mailto:bawela1@gmail.com\"><strong><em>bawela1@gmail.com<\/em><\/strong><\/a><strong><em><\/em><\/strong><\/p>\n\n\n\n<p class=\"wp-block-paragraph\"><strong><em>Pour vos annonces, (publi)reportages, etc., joignez nous au (00228)91515309\/<strong>79872224 <\/strong>www.macite.tg, L\u2019information, la bonne&nbsp;!<\/em><\/strong><\/p>\n","protected":false},"excerpt":{"rendered":"<p class=\"text-justify mb-2\" >Le cin\u00e9ma togolais retrouve, peu \u00e0 peu, des couleurs gr\u00e2ce aux r\u00e9formes initi\u00e9es par le gouvernement togolais. Le 7\u00e8 art togolais sera \u00e0 l\u2019honneur avec l\u2019\u00e9dition 7 de la Semaine nationale du cin\u00e9ma togolais (Snct), du 22 au 29 juillet 2023, \u00e0 Canal Olympia Godop\u00e9 [&hellip;]<\/p>\n","protected":false},"author":2,"featured_media":6676,"comment_status":"open","ping_status":"open","sticky":false,"template":"","format":"standard","meta":{"footnotes":""},"categories":[20,18],"tags":[],"class_list":["post-6672","post","type-post","status-publish","format-standard","has-post-thumbnail","hentry","category-actualite","category-culture"],"yoast_head":"<!-- This site is optimized with the Yoast SEO plugin v28.4 - https:\/\/yoast.com\/product\/yoast-seo-wordpress\/ -->\n<title>SEMAINE NATIONALE DU CIN\u00c9MA TOGOLAIS 2023\u00a0: Le ministre Lamadokou invite les cin\u00e9astes \u00e0 s\u2019outiller pour mieux vendre le 7\u00e8 art national -<\/title>\n<meta name=\"robots\" content=\"index, follow, max-snippet:-1, max-image-preview:large, max-video-preview:-1\" \/>\n<link rel=\"canonical\" href=\"https:\/\/macite.tg\/?p=6672\" \/>\n<meta property=\"og:locale\" content=\"fr_FR\" \/>\n<meta property=\"og:type\" content=\"article\" \/>\n<meta property=\"og:title\" content=\"SEMAINE NATIONALE DU CIN\u00c9MA TOGOLAIS 2023\u00a0: Le ministre Lamadokou invite les cin\u00e9astes \u00e0 s\u2019outiller pour mieux vendre le 7\u00e8 art national -\" \/>\n<meta property=\"og:description\" content=\"Le cin\u00e9ma togolais retrouve, peu \u00e0 peu, des couleurs gr\u00e2ce aux r\u00e9formes initi\u00e9es par le gouvernement togolais. Le 7\u00e8 art togolais sera \u00e0 l\u2019honneur avec l\u2019\u00e9dition 7 de la Semaine nationale du cin\u00e9ma togolais (Snct), du 22 au 29 juillet 2023, \u00e0 Canal Olympia Godop\u00e9 [&hellip;]\" \/>\n<meta property=\"og:url\" content=\"https:\/\/macite.tg\/?p=6672\" \/>\n<meta property=\"article:published_time\" content=\"2023-06-23T13:24:16+00:00\" \/>\n<meta property=\"article:modified_time\" content=\"2023-06-23T13:24:18+00:00\" \/>\n<meta property=\"og:image\" content=\"https:\/\/macite.tg\/wp-content\/uploads\/2023\/06\/cinema.jpg\" \/>\n\t<meta property=\"og:image:width\" content=\"500\" \/>\n\t<meta property=\"og:image:height\" content=\"341\" \/>\n\t<meta property=\"og:image:type\" content=\"image\/jpeg\" \/>\n<meta name=\"author\" content=\"Jean Pierre BAWELA\" \/>\n<meta name=\"twitter:card\" content=\"summary_large_image\" \/>\n<meta name=\"twitter:label1\" content=\"\u00c9crit par\" \/>\n\t<meta name=\"twitter:data1\" content=\"Jean Pierre BAWELA\" \/>\n\t<meta name=\"twitter:label2\" content=\"Dur\u00e9e de lecture estim\u00e9e\" \/>\n\t<meta name=\"twitter:data2\" content=\"4 minutes\" \/>\n<script type=\"application\/ld+json\" class=\"yoast-schema-graph\">{\"@context\":\"https:\\\/\\\/schema.org\",\"@graph\":[{\"@type\":\"Article\",\"@id\":\"https:\\\/\\\/macite.tg\\\/?p=6672#article\",\"isPartOf\":{\"@id\":\"https:\\\/\\\/macite.tg\\\/?p=6672\"},\"author\":{\"name\":\"Jean Pierre BAWELA\",\"@id\":\"https:\\\/\\\/macite.tg\\\/#\\\/schema\\\/person\\\/e9f2de7e5dbbe7770a9402c7ce82f5c2\"},\"headline\":\"SEMAINE NATIONALE DU CIN\u00c9MA TOGOLAIS 2023\u00a0: Le ministre Lamadokou invite les cin\u00e9astes \u00e0 s\u2019outiller pour mieux vendre le 7\u00e8 art national\",\"datePublished\":\"2023-06-23T13:24:16+00:00\",\"dateModified\":\"2023-06-23T13:24:18+00:00\",\"mainEntityOfPage\":{\"@id\":\"https:\\\/\\\/macite.tg\\\/?p=6672\"},\"wordCount\":737,\"commentCount\":0,\"image\":{\"@id\":\"https:\\\/\\\/macite.tg\\\/?p=6672#primaryimage\"},\"thumbnailUrl\":\"https:\\\/\\\/macite.tg\\\/wp-content\\\/uploads\\\/2023\\\/06\\\/cinema.jpg\",\"articleSection\":[\"ACTUALITE\",\"CULTURE\"],\"inLanguage\":\"fr-FR\",\"potentialAction\":[{\"@type\":\"CommentAction\",\"name\":\"Comment\",\"target\":[\"https:\\\/\\\/macite.tg\\\/?p=6672#respond\"]}]},{\"@type\":\"WebPage\",\"@id\":\"https:\\\/\\\/macite.tg\\\/?p=6672\",\"url\":\"https:\\\/\\\/macite.tg\\\/?p=6672\",\"name\":\"SEMAINE NATIONALE DU CIN\u00c9MA TOGOLAIS 2023\u00a0: Le ministre Lamadokou invite les cin\u00e9astes \u00e0 s\u2019outiller pour mieux vendre le 7\u00e8 art national -\",\"isPartOf\":{\"@id\":\"https:\\\/\\\/macite.tg\\\/#website\"},\"primaryImageOfPage\":{\"@id\":\"https:\\\/\\\/macite.tg\\\/?p=6672#primaryimage\"},\"image\":{\"@id\":\"https:\\\/\\\/macite.tg\\\/?p=6672#primaryimage\"},\"thumbnailUrl\":\"https:\\\/\\\/macite.tg\\\/wp-content\\\/uploads\\\/2023\\\/06\\\/cinema.jpg\",\"datePublished\":\"2023-06-23T13:24:16+00:00\",\"dateModified\":\"2023-06-23T13:24:18+00:00\",\"author\":{\"@id\":\"https:\\\/\\\/macite.tg\\\/#\\\/schema\\\/person\\\/e9f2de7e5dbbe7770a9402c7ce82f5c2\"},\"breadcrumb\":{\"@id\":\"https:\\\/\\\/macite.tg\\\/?p=6672#breadcrumb\"},\"inLanguage\":\"fr-FR\",\"potentialAction\":[{\"@type\":\"ReadAction\",\"target\":[\"https:\\\/\\\/macite.tg\\\/?p=6672\"]}]},{\"@type\":\"ImageObject\",\"inLanguage\":\"fr-FR\",\"@id\":\"https:\\\/\\\/macite.tg\\\/?p=6672#primaryimage\",\"url\":\"https:\\\/\\\/macite.tg\\\/wp-content\\\/uploads\\\/2023\\\/06\\\/cinema.jpg\",\"contentUrl\":\"https:\\\/\\\/macite.tg\\\/wp-content\\\/uploads\\\/2023\\\/06\\\/cinema.jpg\",\"width\":500,\"height\":341},{\"@type\":\"BreadcrumbList\",\"@id\":\"https:\\\/\\\/macite.tg\\\/?p=6672#breadcrumb\",\"itemListElement\":[{\"@type\":\"ListItem\",\"position\":1,\"name\":\"Accueil\",\"item\":\"https:\\\/\\\/macite.tg\\\/\"},{\"@type\":\"ListItem\",\"position\":2,\"name\":\"SEMAINE NATIONALE DU CIN\u00c9MA TOGOLAIS 2023\u00a0: Le ministre Lamadokou invite les cin\u00e9astes \u00e0 s\u2019outiller pour mieux vendre le 7\u00e8 art national\"}]},{\"@type\":\"WebSite\",\"@id\":\"https:\\\/\\\/macite.tg\\\/#website\",\"url\":\"https:\\\/\\\/macite.tg\\\/\",\"name\":\"\",\"description\":\"L&#039;information, la bonne!!!\",\"potentialAction\":[{\"@type\":\"SearchAction\",\"target\":{\"@type\":\"EntryPoint\",\"urlTemplate\":\"https:\\\/\\\/macite.tg\\\/?s={search_term_string}\"},\"query-input\":{\"@type\":\"PropertyValueSpecification\",\"valueRequired\":true,\"valueName\":\"search_term_string\"}}],\"inLanguage\":\"fr-FR\"},{\"@type\":\"Person\",\"@id\":\"https:\\\/\\\/macite.tg\\\/#\\\/schema\\\/person\\\/e9f2de7e5dbbe7770a9402c7ce82f5c2\",\"name\":\"Jean Pierre BAWELA\",\"image\":{\"@type\":\"ImageObject\",\"inLanguage\":\"fr-FR\",\"@id\":\"https:\\\/\\\/macite.tg\\\/wp-content\\\/uploads\\\/2023\\\/09\\\/WhatsApp-Image-2023-09-19-at-14.44.41-122x122.jpeg\",\"url\":\"https:\\\/\\\/macite.tg\\\/wp-content\\\/uploads\\\/2023\\\/09\\\/WhatsApp-Image-2023-09-19-at-14.44.41-122x122.jpeg\",\"contentUrl\":\"https:\\\/\\\/macite.tg\\\/wp-content\\\/uploads\\\/2023\\\/09\\\/WhatsApp-Image-2023-09-19-at-14.44.41-122x122.jpeg\",\"caption\":\"Jean Pierre BAWELA\"},\"url\":\"https:\\\/\\\/macite.tg\\\/?author=2\"}]}<\/script>\n<!-- \/ Yoast SEO plugin. -->","yoast_head_json":{"title":"SEMAINE NATIONALE DU CIN\u00c9MA TOGOLAIS 2023\u00a0: Le ministre Lamadokou invite les cin\u00e9astes \u00e0 s\u2019outiller pour mieux vendre le 7\u00e8 art national -","robots":{"index":"index","follow":"follow","max-snippet":"max-snippet:-1","max-image-preview":"max-image-preview:large","max-video-preview":"max-video-preview:-1"},"canonical":"https:\/\/macite.tg\/?p=6672","og_locale":"fr_FR","og_type":"article","og_title":"SEMAINE NATIONALE DU CIN\u00c9MA TOGOLAIS 2023\u00a0: Le ministre Lamadokou invite les cin\u00e9astes \u00e0 s\u2019outiller pour mieux vendre le 7\u00e8 art national -","og_description":"Le cin\u00e9ma togolais retrouve, peu \u00e0 peu, des couleurs gr\u00e2ce aux r\u00e9formes initi\u00e9es par le gouvernement togolais. Le 7\u00e8 art togolais sera \u00e0 l\u2019honneur avec l\u2019\u00e9dition 7 de la Semaine nationale du cin\u00e9ma togolais (Snct), du 22 au 29 juillet 2023, \u00e0 Canal Olympia Godop\u00e9 [&hellip;]","og_url":"https:\/\/macite.tg\/?p=6672","article_published_time":"2023-06-23T13:24:16+00:00","article_modified_time":"2023-06-23T13:24:18+00:00","og_image":[{"width":500,"height":341,"url":"https:\/\/macite.tg\/wp-content\/uploads\/2023\/06\/cinema.jpg","type":"image\/jpeg"}],"author":"Jean Pierre BAWELA","twitter_card":"summary_large_image","twitter_misc":{"\u00c9crit par":"Jean Pierre BAWELA","Dur\u00e9e de lecture estim\u00e9e":"4 minutes"},"schema":{"@context":"https:\/\/schema.org","@graph":[{"@type":"Article","@id":"https:\/\/macite.tg\/?p=6672#article","isPartOf":{"@id":"https:\/\/macite.tg\/?p=6672"},"author":{"name":"Jean Pierre BAWELA","@id":"https:\/\/macite.tg\/#\/schema\/person\/e9f2de7e5dbbe7770a9402c7ce82f5c2"},"headline":"SEMAINE NATIONALE DU CIN\u00c9MA TOGOLAIS 2023\u00a0: Le ministre Lamadokou invite les cin\u00e9astes \u00e0 s\u2019outiller pour mieux vendre le 7\u00e8 art national","datePublished":"2023-06-23T13:24:16+00:00","dateModified":"2023-06-23T13:24:18+00:00","mainEntityOfPage":{"@id":"https:\/\/macite.tg\/?p=6672"},"wordCount":737,"commentCount":0,"image":{"@id":"https:\/\/macite.tg\/?p=6672#primaryimage"},"thumbnailUrl":"https:\/\/macite.tg\/wp-content\/uploads\/2023\/06\/cinema.jpg","articleSection":["ACTUALITE","CULTURE"],"inLanguage":"fr-FR","potentialAction":[{"@type":"CommentAction","name":"Comment","target":["https:\/\/macite.tg\/?p=6672#respond"]}]},{"@type":"WebPage","@id":"https:\/\/macite.tg\/?p=6672","url":"https:\/\/macite.tg\/?p=6672","name":"SEMAINE NATIONALE DU CIN\u00c9MA TOGOLAIS 2023\u00a0: Le ministre Lamadokou invite les cin\u00e9astes \u00e0 s\u2019outiller pour mieux vendre le 7\u00e8 art national -","isPartOf":{"@id":"https:\/\/macite.tg\/#website"},"primaryImageOfPage":{"@id":"https:\/\/macite.tg\/?p=6672#primaryimage"},"image":{"@id":"https:\/\/macite.tg\/?p=6672#primaryimage"},"thumbnailUrl":"https:\/\/macite.tg\/wp-content\/uploads\/2023\/06\/cinema.jpg","datePublished":"2023-06-23T13:24:16+00:00","dateModified":"2023-06-23T13:24:18+00:00","author":{"@id":"https:\/\/macite.tg\/#\/schema\/person\/e9f2de7e5dbbe7770a9402c7ce82f5c2"},"breadcrumb":{"@id":"https:\/\/macite.tg\/?p=6672#breadcrumb"},"inLanguage":"fr-FR","potentialAction":[{"@type":"ReadAction","target":["https:\/\/macite.tg\/?p=6672"]}]},{"@type":"ImageObject","inLanguage":"fr-FR","@id":"https:\/\/macite.tg\/?p=6672#primaryimage","url":"https:\/\/macite.tg\/wp-content\/uploads\/2023\/06\/cinema.jpg","contentUrl":"https:\/\/macite.tg\/wp-content\/uploads\/2023\/06\/cinema.jpg","width":500,"height":341},{"@type":"BreadcrumbList","@id":"https:\/\/macite.tg\/?p=6672#breadcrumb","itemListElement":[{"@type":"ListItem","position":1,"name":"Accueil","item":"https:\/\/macite.tg\/"},{"@type":"ListItem","position":2,"name":"SEMAINE NATIONALE DU CIN\u00c9MA TOGOLAIS 2023\u00a0: Le ministre Lamadokou invite les cin\u00e9astes \u00e0 s\u2019outiller pour mieux vendre le 7\u00e8 art national"}]},{"@type":"WebSite","@id":"https:\/\/macite.tg\/#website","url":"https:\/\/macite.tg\/","name":"","description":"L&#039;information, la bonne!!!","potentialAction":[{"@type":"SearchAction","target":{"@type":"EntryPoint","urlTemplate":"https:\/\/macite.tg\/?s={search_term_string}"},"query-input":{"@type":"PropertyValueSpecification","valueRequired":true,"valueName":"search_term_string"}}],"inLanguage":"fr-FR"},{"@type":"Person","@id":"https:\/\/macite.tg\/#\/schema\/person\/e9f2de7e5dbbe7770a9402c7ce82f5c2","name":"Jean Pierre BAWELA","image":{"@type":"ImageObject","inLanguage":"fr-FR","@id":"https:\/\/macite.tg\/wp-content\/uploads\/2023\/09\/WhatsApp-Image-2023-09-19-at-14.44.41-122x122.jpeg","url":"https:\/\/macite.tg\/wp-content\/uploads\/2023\/09\/WhatsApp-Image-2023-09-19-at-14.44.41-122x122.jpeg","contentUrl":"https:\/\/macite.tg\/wp-content\/uploads\/2023\/09\/WhatsApp-Image-2023-09-19-at-14.44.41-122x122.jpeg","caption":"Jean Pierre BAWELA"},"url":"https:\/\/macite.tg\/?author=2"}]}},"_links":{"self":[{"href":"https:\/\/macite.tg\/index.php?rest_route=\/wp\/v2\/posts\/6672","targetHints":{"allow":["GET"]}}],"collection":[{"href":"https:\/\/macite.tg\/index.php?rest_route=\/wp\/v2\/posts"}],"about":[{"href":"https:\/\/macite.tg\/index.php?rest_route=\/wp\/v2\/types\/post"}],"author":[{"embeddable":true,"href":"https:\/\/macite.tg\/index.php?rest_route=\/wp\/v2\/users\/2"}],"replies":[{"embeddable":true,"href":"https:\/\/macite.tg\/index.php?rest_route=%2Fwp%2Fv2%2Fcomments&post=6672"}],"version-history":[{"count":0,"href":"https:\/\/macite.tg\/index.php?rest_route=\/wp\/v2\/posts\/6672\/revisions"}],"wp:featuredmedia":[{"embeddable":true,"href":"https:\/\/macite.tg\/index.php?rest_route=\/wp\/v2\/media\/6676"}],"wp:attachment":[{"href":"https:\/\/macite.tg\/index.php?rest_route=%2Fwp%2Fv2%2Fmedia&parent=6672"}],"wp:term":[{"taxonomy":"category","embeddable":true,"href":"https:\/\/macite.tg\/index.php?rest_route=%2Fwp%2Fv2%2Fcategories&post=6672"},{"taxonomy":"post_tag","embeddable":true,"href":"https:\/\/macite.tg\/index.php?rest_route=%2Fwp%2Fv2%2Ftags&post=6672"}],"curies":[{"name":"wp","href":"https:\/\/api.w.org\/{rel}","templated":true}]}}