{"id":6664,"date":"2023-06-23T11:24:39","date_gmt":"2023-06-23T11:24:39","guid":{"rendered":"https:\/\/macite.tg\/?p=6664"},"modified":"2023-06-23T11:24:40","modified_gmt":"2023-06-23T11:24:40","slug":"jo-2024-la-flamme-olympique-va-traverser-la-france-du-mont-saint-michel-aux-antilles","status":"publish","type":"post","link":"https:\/\/macite.tg\/?p=6664","title":{"rendered":"JO 2024: La flamme olympique va traverser la France du Mont-Saint-Michel aux Antilles"},"content":{"rendered":"\n<p class=\"wp-block-paragraph\"><strong><em>La flamme olympique va traverser pendant 80 jours la France sur pr\u00e8s de 12 000 kilom\u00e8tres \u00e0 partir du 8 mai 2024, et passera par le Mont-Saint-Michel, les Antilles ou encore le Ch\u00e2teau de Versailles, ont annonc\u00e9 vendredi 23 juin les organisateurs des JO de Paris.<\/em><\/strong><\/p>\n\n\n\n<p class=\"wp-block-paragraph\">Le parcours est d\u00e9sormais officiel. Port\u00e9e par 10 000 relayeurs, la flamme olympique, allum\u00e9e le 16 avril en Gr\u00e8ce, arrivera par bateau le 8 mai \u00e0 Marseille avant de traverser plus de 400 villes, et cinq territoires ultra-marins, pour arriver \u00e0 Paris le 26 juillet. Mont-Saint-Michel, Antilles, ch\u00e2teau de Versailles : pendant plus de deux mois, la flamme olympique fera un p\u00e9riple qui se veut \u00ab&nbsp;<em>festif&nbsp;<\/em>\u00bb malgr\u00e9 les menaces de perturbation par des activistes.<\/p>\n\n\n\n<figure class=\"wp-block-image size-large\"><img loading=\"lazy\" decoding=\"async\" width=\"1024\" height=\"212\" src=\"https:\/\/macite.tg\/wp-content\/uploads\/2023\/06\/IMG-20230514-WA00962-2-1024x212.jpg\" alt=\"\" class=\"wp-image-6397\" srcset=\"https:\/\/macite.tg\/wp-content\/uploads\/2023\/06\/IMG-20230514-WA00962-2-1024x212.jpg 1024w, https:\/\/macite.tg\/wp-content\/uploads\/2023\/06\/IMG-20230514-WA00962-2-300x62.jpg 300w, https:\/\/macite.tg\/wp-content\/uploads\/2023\/06\/IMG-20230514-WA00962-2-768x159.jpg 768w, https:\/\/macite.tg\/wp-content\/uploads\/2023\/06\/IMG-20230514-WA00962-2-1536x318.jpg 1536w, https:\/\/macite.tg\/wp-content\/uploads\/2023\/06\/IMG-20230514-WA00962-2.jpg 1600w\" sizes=\"auto, (max-width: 1024px) 100vw, 1024px\" \/><\/figure>\n\n\n\n<p class=\"wp-block-paragraph\"><strong>La torche allum\u00e9e \u00e0 Olympie<\/strong><\/p>\n\n\n\n<p class=\"wp-block-paragraph\">Si toutes les collectivit\u00e9s locales n&rsquo;ont pas r\u00e9pondu \u00e0 l&rsquo;appel, en partie pour certaines en raison du co\u00fbt jug\u00e9 excessif, la flamme olympique va tout de m\u00eame traverser 64 territoires pendant plus de deux mois. Apr\u00e8s avoir \u00e9t\u00e9 allum\u00e9e le 16 avril \u00e0 Olympie, la torche va effectuer neuf jours de relais en Gr\u00e8ce avant de prendre le bateau pour rejoindre la France. La flamme va naviguer sur la M\u00e9diterran\u00e9e \u00e0 bord du mythique B\u00e9lem, un des plus anciens trois-m\u00e2ts europ\u00e9ens, pour arriver \u00e0 Marseille.<\/p>\n\n\n\n<p class=\"wp-block-paragraph\">Le lieu de l&rsquo;allumage de la vasque \u00e0 Paris n&rsquo;est officiellement toujours pas arr\u00eat\u00e9, l&rsquo;hypoth\u00e8se de la Tour Eiffel, plusieurs fois \u00e9voqu\u00e9e, n&rsquo;a pas \u00e9t\u00e9 confirm\u00e9e par le patron du Cojo, Tony Estanguet. Le parcours ne sera pas lin\u00e9aire, avec des sauts de puce pour relier les territoires partenaires. \u00c9videmment, \u00e0 l&rsquo;instar du parcours du Tour de France, la flamme, trait\u00e9e avec les \u00e9gards dignes d&rsquo;un chef d&rsquo;\u00c9tat, sera accompagn\u00e9e d&rsquo;une caravane, compos\u00e9e de sponsors. Et comme pour le Tour de France, elle passera dans des lieux embl\u00e9matiques du pays.<\/p>\n\n\n\n<p class=\"wp-block-paragraph\">Un tiers des porteurs de flamme sera s\u00e9lectionn\u00e9 par le comit\u00e9 d&rsquo;organisation et le mouvement sportif, un autre tiers par les parrains du relais de la flamme BPCE (banque et assurance) et Coca-Cola, un autre tiers par les autres partenaires des JO et les derniers 10% par les territoires accueillant la flamme.<\/p>\n\n\n<div class=\"wp-block-image\">\n<figure class=\"aligncenter size-large is-resized\"><img loading=\"lazy\" decoding=\"async\" src=\"https:\/\/macite.tg\/wp-content\/uploads\/2023\/06\/IMG-20230620-WA00631-713x1024.jpg\" alt=\"\" class=\"wp-image-6591\" width=\"631\" height=\"906\" srcset=\"https:\/\/macite.tg\/wp-content\/uploads\/2023\/06\/IMG-20230620-WA00631-713x1024.jpg 713w, https:\/\/macite.tg\/wp-content\/uploads\/2023\/06\/IMG-20230620-WA00631-209x300.jpg 209w, https:\/\/macite.tg\/wp-content\/uploads\/2023\/06\/IMG-20230620-WA00631.jpg 716w\" sizes=\"auto, (max-width: 631px) 100vw, 631px\" \/><\/figure>\n<\/div>\n\n\n<p class=\"wp-block-paragraph\"><strong>Dernier passage en France en 2008<\/strong><\/p>\n\n\n\n<p class=\"wp-block-paragraph\">La flamme olympique n&rsquo;est plus pass\u00e9e en France depuis 2008 \u00e0 Paris, une journ\u00e9e du mois d&rsquo;avril qui avait tourn\u00e9 au fiasco. Le passage de la torche dans la capitale avait en effet \u00e9t\u00e9 \u00e9maill\u00e9 de nombreux incidents, sur fond de tension entre P\u00e9kin, organisateur des JO et le Tibet, dont de nombreux sympathisants \u00e9taient venus sur le parcours d\u00e9noncer l&rsquo;attitude de la Chine.<\/p>\n\n\n\n<p class=\"wp-block-paragraph\">La s\u00e9curisation du parcours est assur\u00e9e par les services de l&rsquo;\u00c9tat qui ont pris \u00ab&nbsp;<em>tr\u00e8s au s\u00e9rieux<\/em>&nbsp;\u00bb, selon une source proche du Cojo, les menaces pesant sur la travers\u00e9e de la flamme, notamment en raison du climat social n\u00e9 de la r\u00e9forme des retraites et de nombreux et \u00e9parpill\u00e9s appels \u00e0 perturber le parcours. Sans vouloir d\u00e9tailler le dispositif, le comit\u00e9 a assur\u00e9 que la flamme serait prot\u00e9g\u00e9e par une \u00ab<em>&nbsp;bulle itin\u00e9rante de s\u00e9curit\u00e9&nbsp;<\/em>\u00bb qui prot\u00e8gera la flamme et ses porteurs.<\/p>\n\n\n\n<p class=\"wp-block-paragraph\">(<em>Avec<\/em> AFP<em>)<\/em><\/p>\n\n\n\n<p class=\"wp-block-paragraph\"><strong><em>@macite.tg&nbsp;&nbsp;&nbsp;&nbsp;&nbsp;&nbsp;&nbsp;&nbsp;<\/em><\/strong><\/p>\n\n\n\n<p class=\"wp-block-paragraph\"><strong><em>E-mail&nbsp;: <\/em><\/strong><a href=\"mailto:maciteinfo@gmail.com\"><strong><em>maciteinfo@gmail.com<\/em><\/strong><\/a><strong><em>; <\/em><\/strong><a href=\"mailto:bawela1@gmail.com\"><strong><em>bawela1@gmail.com<\/em><\/strong><\/a><\/p>\n\n\n\n<p class=\"wp-block-paragraph\"><strong><em>Pour vos annonces, (publi)reportages, etc., joignez nous au (00228)91515309\/<strong>79872224 <\/strong>www.macite.tg, L\u2019information, la bonne&nbsp;!<\/em><\/strong><\/p>\n","protected":false},"excerpt":{"rendered":"<p class=\"text-justify mb-2\" >La flamme olympique va traverser pendant 80 jours la France sur pr\u00e8s de 12 000 kilom\u00e8tres \u00e0 partir du 8 mai 2024, et passera par le Mont-Saint-Michel, les Antilles ou encore le Ch\u00e2teau de Versailles, ont annonc\u00e9 vendredi 23 juin les organisateurs des JO de [&hellip;]<\/p>\n","protected":false},"author":2,"featured_media":6666,"comment_status":"open","ping_status":"open","sticky":false,"template":"","format":"standard","meta":{"footnotes":""},"categories":[7],"tags":[],"class_list":["post-6664","post","type-post","status-publish","format-standard","has-post-thumbnail","hentry","category-sports"],"yoast_head":"<!-- This site is optimized with the Yoast SEO plugin v28.4 - https:\/\/yoast.com\/product\/yoast-seo-wordpress\/ -->\n<title>JO 2024: La flamme olympique va traverser la France du Mont-Saint-Michel aux Antilles -<\/title>\n<meta name=\"robots\" content=\"index, follow, max-snippet:-1, max-image-preview:large, max-video-preview:-1\" \/>\n<link rel=\"canonical\" href=\"https:\/\/macite.tg\/?p=6664\" \/>\n<meta property=\"og:locale\" content=\"fr_FR\" \/>\n<meta property=\"og:type\" content=\"article\" \/>\n<meta property=\"og:title\" content=\"JO 2024: La flamme olympique va traverser la France du Mont-Saint-Michel aux Antilles -\" \/>\n<meta property=\"og:description\" content=\"La flamme olympique va traverser pendant 80 jours la France sur pr\u00e8s de 12 000 kilom\u00e8tres \u00e0 partir du 8 mai 2024, et passera par le Mont-Saint-Michel, les Antilles ou encore le Ch\u00e2teau de Versailles, ont annonc\u00e9 vendredi 23 juin les organisateurs des JO de [&hellip;]\" \/>\n<meta property=\"og:url\" content=\"https:\/\/macite.tg\/?p=6664\" \/>\n<meta property=\"article:published_time\" content=\"2023-06-23T11:24:39+00:00\" \/>\n<meta property=\"article:modified_time\" content=\"2023-06-23T11:24:40+00:00\" \/>\n<meta property=\"og:image\" content=\"https:\/\/macite.tg\/wp-content\/uploads\/2023\/06\/Flamme.jpg\" \/>\n\t<meta property=\"og:image:width\" content=\"287\" \/>\n\t<meta property=\"og:image:height\" content=\"176\" \/>\n\t<meta property=\"og:image:type\" content=\"image\/jpeg\" \/>\n<meta name=\"author\" content=\"Jean Pierre BAWELA\" \/>\n<meta name=\"twitter:card\" content=\"summary_large_image\" \/>\n<meta name=\"twitter:label1\" content=\"\u00c9crit par\" \/>\n\t<meta name=\"twitter:data1\" content=\"Jean Pierre BAWELA\" \/>\n\t<meta name=\"twitter:label2\" content=\"Dur\u00e9e de lecture estim\u00e9e\" \/>\n\t<meta name=\"twitter:data2\" content=\"3 minutes\" \/>\n<script type=\"application\/ld+json\" class=\"yoast-schema-graph\">{\"@context\":\"https:\\\/\\\/schema.org\",\"@graph\":[{\"@type\":\"Article\",\"@id\":\"https:\\\/\\\/macite.tg\\\/?p=6664#article\",\"isPartOf\":{\"@id\":\"https:\\\/\\\/macite.tg\\\/?p=6664\"},\"author\":{\"name\":\"Jean Pierre BAWELA\",\"@id\":\"https:\\\/\\\/macite.tg\\\/#\\\/schema\\\/person\\\/e9f2de7e5dbbe7770a9402c7ce82f5c2\"},\"headline\":\"JO 2024: La flamme olympique va traverser la France du Mont-Saint-Michel aux Antilles\",\"datePublished\":\"2023-06-23T11:24:39+00:00\",\"dateModified\":\"2023-06-23T11:24:40+00:00\",\"mainEntityOfPage\":{\"@id\":\"https:\\\/\\\/macite.tg\\\/?p=6664\"},\"wordCount\":592,\"commentCount\":0,\"image\":{\"@id\":\"https:\\\/\\\/macite.tg\\\/?p=6664#primaryimage\"},\"thumbnailUrl\":\"https:\\\/\\\/macite.tg\\\/wp-content\\\/uploads\\\/2023\\\/06\\\/Flamme.jpg\",\"articleSection\":[\"SPORTS\"],\"inLanguage\":\"fr-FR\",\"potentialAction\":[{\"@type\":\"CommentAction\",\"name\":\"Comment\",\"target\":[\"https:\\\/\\\/macite.tg\\\/?p=6664#respond\"]}]},{\"@type\":\"WebPage\",\"@id\":\"https:\\\/\\\/macite.tg\\\/?p=6664\",\"url\":\"https:\\\/\\\/macite.tg\\\/?p=6664\",\"name\":\"JO 2024: La flamme olympique va traverser la France du Mont-Saint-Michel aux Antilles -\",\"isPartOf\":{\"@id\":\"https:\\\/\\\/macite.tg\\\/#website\"},\"primaryImageOfPage\":{\"@id\":\"https:\\\/\\\/macite.tg\\\/?p=6664#primaryimage\"},\"image\":{\"@id\":\"https:\\\/\\\/macite.tg\\\/?p=6664#primaryimage\"},\"thumbnailUrl\":\"https:\\\/\\\/macite.tg\\\/wp-content\\\/uploads\\\/2023\\\/06\\\/Flamme.jpg\",\"datePublished\":\"2023-06-23T11:24:39+00:00\",\"dateModified\":\"2023-06-23T11:24:40+00:00\",\"author\":{\"@id\":\"https:\\\/\\\/macite.tg\\\/#\\\/schema\\\/person\\\/e9f2de7e5dbbe7770a9402c7ce82f5c2\"},\"breadcrumb\":{\"@id\":\"https:\\\/\\\/macite.tg\\\/?p=6664#breadcrumb\"},\"inLanguage\":\"fr-FR\",\"potentialAction\":[{\"@type\":\"ReadAction\",\"target\":[\"https:\\\/\\\/macite.tg\\\/?p=6664\"]}]},{\"@type\":\"ImageObject\",\"inLanguage\":\"fr-FR\",\"@id\":\"https:\\\/\\\/macite.tg\\\/?p=6664#primaryimage\",\"url\":\"https:\\\/\\\/macite.tg\\\/wp-content\\\/uploads\\\/2023\\\/06\\\/Flamme.jpg\",\"contentUrl\":\"https:\\\/\\\/macite.tg\\\/wp-content\\\/uploads\\\/2023\\\/06\\\/Flamme.jpg\",\"width\":287,\"height\":176},{\"@type\":\"BreadcrumbList\",\"@id\":\"https:\\\/\\\/macite.tg\\\/?p=6664#breadcrumb\",\"itemListElement\":[{\"@type\":\"ListItem\",\"position\":1,\"name\":\"Accueil\",\"item\":\"https:\\\/\\\/macite.tg\\\/\"},{\"@type\":\"ListItem\",\"position\":2,\"name\":\"JO 2024: La flamme olympique va traverser la France du Mont-Saint-Michel aux Antilles\"}]},{\"@type\":\"WebSite\",\"@id\":\"https:\\\/\\\/macite.tg\\\/#website\",\"url\":\"https:\\\/\\\/macite.tg\\\/\",\"name\":\"\",\"description\":\"L&#039;information, la bonne!!!\",\"potentialAction\":[{\"@type\":\"SearchAction\",\"target\":{\"@type\":\"EntryPoint\",\"urlTemplate\":\"https:\\\/\\\/macite.tg\\\/?s={search_term_string}\"},\"query-input\":{\"@type\":\"PropertyValueSpecification\",\"valueRequired\":true,\"valueName\":\"search_term_string\"}}],\"inLanguage\":\"fr-FR\"},{\"@type\":\"Person\",\"@id\":\"https:\\\/\\\/macite.tg\\\/#\\\/schema\\\/person\\\/e9f2de7e5dbbe7770a9402c7ce82f5c2\",\"name\":\"Jean Pierre BAWELA\",\"image\":{\"@type\":\"ImageObject\",\"inLanguage\":\"fr-FR\",\"@id\":\"https:\\\/\\\/macite.tg\\\/wp-content\\\/uploads\\\/2023\\\/09\\\/WhatsApp-Image-2023-09-19-at-14.44.41-122x122.jpeg\",\"url\":\"https:\\\/\\\/macite.tg\\\/wp-content\\\/uploads\\\/2023\\\/09\\\/WhatsApp-Image-2023-09-19-at-14.44.41-122x122.jpeg\",\"contentUrl\":\"https:\\\/\\\/macite.tg\\\/wp-content\\\/uploads\\\/2023\\\/09\\\/WhatsApp-Image-2023-09-19-at-14.44.41-122x122.jpeg\",\"caption\":\"Jean Pierre BAWELA\"},\"url\":\"https:\\\/\\\/macite.tg\\\/?author=2\"}]}<\/script>\n<!-- \/ Yoast SEO plugin. -->","yoast_head_json":{"title":"JO 2024: La flamme olympique va traverser la France du Mont-Saint-Michel aux Antilles -","robots":{"index":"index","follow":"follow","max-snippet":"max-snippet:-1","max-image-preview":"max-image-preview:large","max-video-preview":"max-video-preview:-1"},"canonical":"https:\/\/macite.tg\/?p=6664","og_locale":"fr_FR","og_type":"article","og_title":"JO 2024: La flamme olympique va traverser la France du Mont-Saint-Michel aux Antilles -","og_description":"La flamme olympique va traverser pendant 80 jours la France sur pr\u00e8s de 12 000 kilom\u00e8tres \u00e0 partir du 8 mai 2024, et passera par le Mont-Saint-Michel, les Antilles ou encore le Ch\u00e2teau de Versailles, ont annonc\u00e9 vendredi 23 juin les organisateurs des JO de [&hellip;]","og_url":"https:\/\/macite.tg\/?p=6664","article_published_time":"2023-06-23T11:24:39+00:00","article_modified_time":"2023-06-23T11:24:40+00:00","og_image":[{"width":287,"height":176,"url":"https:\/\/macite.tg\/wp-content\/uploads\/2023\/06\/Flamme.jpg","type":"image\/jpeg"}],"author":"Jean Pierre BAWELA","twitter_card":"summary_large_image","twitter_misc":{"\u00c9crit par":"Jean Pierre BAWELA","Dur\u00e9e de lecture estim\u00e9e":"3 minutes"},"schema":{"@context":"https:\/\/schema.org","@graph":[{"@type":"Article","@id":"https:\/\/macite.tg\/?p=6664#article","isPartOf":{"@id":"https:\/\/macite.tg\/?p=6664"},"author":{"name":"Jean Pierre BAWELA","@id":"https:\/\/macite.tg\/#\/schema\/person\/e9f2de7e5dbbe7770a9402c7ce82f5c2"},"headline":"JO 2024: La flamme olympique va traverser la France du Mont-Saint-Michel aux Antilles","datePublished":"2023-06-23T11:24:39+00:00","dateModified":"2023-06-23T11:24:40+00:00","mainEntityOfPage":{"@id":"https:\/\/macite.tg\/?p=6664"},"wordCount":592,"commentCount":0,"image":{"@id":"https:\/\/macite.tg\/?p=6664#primaryimage"},"thumbnailUrl":"https:\/\/macite.tg\/wp-content\/uploads\/2023\/06\/Flamme.jpg","articleSection":["SPORTS"],"inLanguage":"fr-FR","potentialAction":[{"@type":"CommentAction","name":"Comment","target":["https:\/\/macite.tg\/?p=6664#respond"]}]},{"@type":"WebPage","@id":"https:\/\/macite.tg\/?p=6664","url":"https:\/\/macite.tg\/?p=6664","name":"JO 2024: La flamme olympique va traverser la France du Mont-Saint-Michel aux Antilles -","isPartOf":{"@id":"https:\/\/macite.tg\/#website"},"primaryImageOfPage":{"@id":"https:\/\/macite.tg\/?p=6664#primaryimage"},"image":{"@id":"https:\/\/macite.tg\/?p=6664#primaryimage"},"thumbnailUrl":"https:\/\/macite.tg\/wp-content\/uploads\/2023\/06\/Flamme.jpg","datePublished":"2023-06-23T11:24:39+00:00","dateModified":"2023-06-23T11:24:40+00:00","author":{"@id":"https:\/\/macite.tg\/#\/schema\/person\/e9f2de7e5dbbe7770a9402c7ce82f5c2"},"breadcrumb":{"@id":"https:\/\/macite.tg\/?p=6664#breadcrumb"},"inLanguage":"fr-FR","potentialAction":[{"@type":"ReadAction","target":["https:\/\/macite.tg\/?p=6664"]}]},{"@type":"ImageObject","inLanguage":"fr-FR","@id":"https:\/\/macite.tg\/?p=6664#primaryimage","url":"https:\/\/macite.tg\/wp-content\/uploads\/2023\/06\/Flamme.jpg","contentUrl":"https:\/\/macite.tg\/wp-content\/uploads\/2023\/06\/Flamme.jpg","width":287,"height":176},{"@type":"BreadcrumbList","@id":"https:\/\/macite.tg\/?p=6664#breadcrumb","itemListElement":[{"@type":"ListItem","position":1,"name":"Accueil","item":"https:\/\/macite.tg\/"},{"@type":"ListItem","position":2,"name":"JO 2024: La flamme olympique va traverser la France du Mont-Saint-Michel aux Antilles"}]},{"@type":"WebSite","@id":"https:\/\/macite.tg\/#website","url":"https:\/\/macite.tg\/","name":"","description":"L&#039;information, la bonne!!!","potentialAction":[{"@type":"SearchAction","target":{"@type":"EntryPoint","urlTemplate":"https:\/\/macite.tg\/?s={search_term_string}"},"query-input":{"@type":"PropertyValueSpecification","valueRequired":true,"valueName":"search_term_string"}}],"inLanguage":"fr-FR"},{"@type":"Person","@id":"https:\/\/macite.tg\/#\/schema\/person\/e9f2de7e5dbbe7770a9402c7ce82f5c2","name":"Jean Pierre BAWELA","image":{"@type":"ImageObject","inLanguage":"fr-FR","@id":"https:\/\/macite.tg\/wp-content\/uploads\/2023\/09\/WhatsApp-Image-2023-09-19-at-14.44.41-122x122.jpeg","url":"https:\/\/macite.tg\/wp-content\/uploads\/2023\/09\/WhatsApp-Image-2023-09-19-at-14.44.41-122x122.jpeg","contentUrl":"https:\/\/macite.tg\/wp-content\/uploads\/2023\/09\/WhatsApp-Image-2023-09-19-at-14.44.41-122x122.jpeg","caption":"Jean Pierre BAWELA"},"url":"https:\/\/macite.tg\/?author=2"}]}},"_links":{"self":[{"href":"https:\/\/macite.tg\/index.php?rest_route=\/wp\/v2\/posts\/6664","targetHints":{"allow":["GET"]}}],"collection":[{"href":"https:\/\/macite.tg\/index.php?rest_route=\/wp\/v2\/posts"}],"about":[{"href":"https:\/\/macite.tg\/index.php?rest_route=\/wp\/v2\/types\/post"}],"author":[{"embeddable":true,"href":"https:\/\/macite.tg\/index.php?rest_route=\/wp\/v2\/users\/2"}],"replies":[{"embeddable":true,"href":"https:\/\/macite.tg\/index.php?rest_route=%2Fwp%2Fv2%2Fcomments&post=6664"}],"version-history":[{"count":0,"href":"https:\/\/macite.tg\/index.php?rest_route=\/wp\/v2\/posts\/6664\/revisions"}],"wp:featuredmedia":[{"embeddable":true,"href":"https:\/\/macite.tg\/index.php?rest_route=\/wp\/v2\/media\/6666"}],"wp:attachment":[{"href":"https:\/\/macite.tg\/index.php?rest_route=%2Fwp%2Fv2%2Fmedia&parent=6664"}],"wp:term":[{"taxonomy":"category","embeddable":true,"href":"https:\/\/macite.tg\/index.php?rest_route=%2Fwp%2Fv2%2Fcategories&post=6664"},{"taxonomy":"post_tag","embeddable":true,"href":"https:\/\/macite.tg\/index.php?rest_route=%2Fwp%2Fv2%2Ftags&post=6664"}],"curies":[{"name":"wp","href":"https:\/\/api.w.org\/{rel}","templated":true}]}}