{"id":6660,"date":"2023-06-23T10:41:30","date_gmt":"2023-06-23T10:41:30","guid":{"rendered":"https:\/\/macite.tg\/?p=6660"},"modified":"2023-06-23T10:41:32","modified_gmt":"2023-06-23T10:41:32","slug":"commande-publique-lacrop-adopte-une-politique-nationale","status":"publish","type":"post","link":"https:\/\/macite.tg\/?p=6660","title":{"rendered":"COMMANDE PUBLIQUE\u00a0: L\u2019ACROP adopte une politique nationale\u2026"},"content":{"rendered":"\n<p class=\"wp-block-paragraph\"><strong><em>Afin de faire de la Politique\u00a0 Nationale Commande Publique (PNCP)\u00a0 un\u00a0 v\u00e9ritable outil de d\u00e9veloppement \u00e9conomique local, l\u2019Autorit\u00e9 de R\u00e9gulation de la Commande Publique (ARCOP) est en pleine action pour une nouvelle r\u00e9forme importante. Un atelier de trois jours (20 et 22 juin 2023) qui prend fin aujourd\u2019hui \u00e0 Lom\u00e9 est une initiative de l\u2019ARCOP visant \u00e0 amener les acteurs de la Commande Publique et d\u2019autres partenaires intervenant dans ce domaine, \u00e0 amender et valider un document contenant des mesures et propositions destin\u00e9es \u00e0 renforcer la place de la commande publique dans l\u2019\u00e9conomie togolaise.\u00a0<\/em><\/strong><\/p>\n\n\n\n<p class=\"wp-block-paragraph\">Le document soumis \u00e0 l\u2019examen des participants renferme les grandes lignes de la politique nationale de la commande publique. Il s\u2019inscrit dans la vision visant \u00e0 <em>\u00abfaire du Togo un pays en paix, une nation moderne avec une croissance \u00e9conomique inclusive et durable \u00bb,<\/em> conform\u00e9ment aux engagements contenus dans la feuille de route gouvernementale 2025. Plusieurs raisons sous-tendent la mise en place de cette Politique Nationale de la Commande Publique (PNCP).<\/p>\n\n\n\n<figure class=\"wp-block-image size-large\"><img loading=\"lazy\" decoding=\"async\" width=\"1024\" height=\"212\" src=\"https:\/\/macite.tg\/wp-content\/uploads\/2023\/06\/IMG-20230514-WA00962-2-1024x212.jpg\" alt=\"\" class=\"wp-image-6397\" srcset=\"https:\/\/macite.tg\/wp-content\/uploads\/2023\/06\/IMG-20230514-WA00962-2-1024x212.jpg 1024w, https:\/\/macite.tg\/wp-content\/uploads\/2023\/06\/IMG-20230514-WA00962-2-300x62.jpg 300w, https:\/\/macite.tg\/wp-content\/uploads\/2023\/06\/IMG-20230514-WA00962-2-768x159.jpg 768w, https:\/\/macite.tg\/wp-content\/uploads\/2023\/06\/IMG-20230514-WA00962-2-1536x318.jpg 1536w, https:\/\/macite.tg\/wp-content\/uploads\/2023\/06\/IMG-20230514-WA00962-2.jpg 1600w\" sizes=\"auto, (max-width: 1024px) 100vw, 1024px\" \/><\/figure>\n\n\n\n<p class=\"wp-block-paragraph\">Il s\u2019agit notamment d\u2019utiliser la Commande Publique comme un outil de d\u00e9veloppement. Son objectif est d\u2019aider \u00e0 la promotion de l\u2019\u00e9conomie locale, \u00e0 travers des politiques d\u2019acc\u00e8s aux march\u00e9s \u00e0 des cat\u00e9gories d\u2019entreprises, d\u2019incitations \u00e0 l\u2019embauche de certaines cat\u00e9gories de travailleurs dans certaines zones d\u2019adoption de comportement s \u00e9cologiques vertueux et de d\u00e9veloppement durable harmonieux.<\/p>\n\n\n\n<p class=\"wp-block-paragraph\">Plusieurs \u00e9l\u00e9ments poussent aujourd\u2019hui \u00e0 adopter une politique nationale au Togo. Ils sont d\u2019ordre industriel, social et environnemental. Prenant part aux travaux d\u2019ouverture, l\u2019ancien directeur de l\u2019ARMP, aujourd\u2019hui Conseiller sp\u00e9cial du Chef de l\u2019Etat et repr\u00e9sentant le ministre, Secr\u00e9taire g\u00e9n\u00e9rale de la Pr\u00e9sidence de la R\u00e9publique \u00e0 la c\u00e9r\u00e9monie, R\u00e9n\u00e9 Kapou n\u2019a pas manqu\u00e9 de saluer cette initiative qui va aboutir \u00e0 l\u2019instauration de cette politique nationale.<\/p>\n\n\n\n<p class=\"wp-block-paragraph\">C\u2019est ainsi, dans son speech&nbsp; d\u2019ouverture des travaux, Ren\u00e9 Kapou a rappel\u00e9 aux participants que l\u2019atelier national de validation leur offre une occasion d\u2019appr\u00e9cier et d\u2019am\u00e9liorer toutes les actions propos\u00e9es dans le cadre de cette politique nationale de la commande publique, qui, faut-il le signaler, est une premi\u00e8re dans l\u2019espace UEMOA.<\/p>\n\n\n\n<p class=\"wp-block-paragraph\"><em>\u00abLe Togo ambitionne de faire de la commande publique un catalyseur important de la redynamisation de son activit\u00e9 \u00e9conomique. Bref, c\u2019est l\u2019ensemble des actions pr\u00e9conis\u00e9es pour assurer cette coh\u00e9rence entre la commande publique et le d\u00e9veloppement \u00e9conomique national que vous aurez \u00e0 analyser \u00e0 la lumi\u00e8re de vos expertises et exp\u00e9riences respectives\u00bb,<\/em> a-t-il d\u00e9clar\u00e9.<\/p>\n\n\n\n<p class=\"wp-block-paragraph\">A en croire Aftar Tour\u00e9 Morou, Directeur G\u00e9n\u00e9ral de l\u2019ARCOP, le premier axe vise \u00e0 rendre la gestion de la commande publique plus efficace et efficiente \u00e0 travers la mise en place d\u2019un cadre favorable au d\u00e9veloppement de l\u2019expertise en gestion de la commande publique et la cr\u00e9ation d\u2019un ordre des professionnels de la commande publique.<\/p>\n\n\n<div class=\"wp-block-image\">\n<figure class=\"aligncenter size-large is-resized\"><img loading=\"lazy\" decoding=\"async\" src=\"https:\/\/macite.tg\/wp-content\/uploads\/2023\/06\/IMG-20230620-WA00631-713x1024.jpg\" alt=\"\" class=\"wp-image-6591\" width=\"669\" height=\"961\" srcset=\"https:\/\/macite.tg\/wp-content\/uploads\/2023\/06\/IMG-20230620-WA00631-713x1024.jpg 713w, https:\/\/macite.tg\/wp-content\/uploads\/2023\/06\/IMG-20230620-WA00631-209x300.jpg 209w, https:\/\/macite.tg\/wp-content\/uploads\/2023\/06\/IMG-20230620-WA00631.jpg 716w\" sizes=\"auto, (max-width: 669px) 100vw, 669px\" \/><\/figure>\n<\/div>\n\n\n<p class=\"wp-block-paragraph\">S\u2019agissant du deuxi\u00e8me axe, il se projette sur la promotion et la valorisation des achats durables et locaux dans la commande publique. Ce deuxi\u00e8me axe explique Aftar Tour\u00e9 Morou, DG de l\u2019ARCOP, promeut le d\u00e9veloppement des entreprises nationales et locales ainsi que le d\u00e9veloppement durable \u00e0 travers une r\u00e9f\u00e9rence syst\u00e9matique aux normes de qualit\u00e9 et de durabilit\u00e9, un accompagnement aux artisans et entrepreneurs locaux candidats \u00e0 la commande publique et le renforcement de la consommation des produits locaux dans la commande publique.<\/p>\n\n\n\n<p class=\"wp-block-paragraph\">Le troisi\u00e8me axe, dont l\u2019effet attendu est <em>\u00able syst\u00e8me de gestion de la commande publique est fiable, transparent et cr\u00e9dible&nbsp;\u00bb,<\/em> permettra de renforcer la transparence dans la gestion de la commande publique et de mettre en \u0153uvre les innovations introduites par les nouveaux textes relatifs \u00e0 la commande publique.<\/p>\n\n\n\n<p class=\"wp-block-paragraph\"><strong>Essobiou A. (In CF+HRONIQUE DE LA SEMAINE n\u00b0696 du 22 Juin 2023)<\/strong><\/p>\n\n\n\n<p class=\"wp-block-paragraph\"><strong><em>@macite.tg&nbsp;&nbsp;&nbsp;&nbsp;<\/em><\/strong><\/p>\n\n\n\n<p class=\"wp-block-paragraph\"><strong><em>E-mail&nbsp;: <\/em><\/strong><a href=\"mailto:maciteinfo@gmail.com\"><strong><em>maciteinfo@gmail.com<\/em><\/strong><\/a><strong><em>; <\/em><\/strong><a href=\"mailto:bawela1@gmail.com\"><strong><em>bawela1@gmail.com<\/em><\/strong><\/a><strong><em><\/em><\/strong><\/p>\n\n\n\n<p class=\"wp-block-paragraph\"><strong><em>Pour vos annonces, (publi)reportages, etc., joignez nous au (00228)91515309\/<strong>79872224 <\/strong>www.macite.tg, L\u2019information, la bonne&nbsp;!<\/em><\/strong><\/p>\n","protected":false},"excerpt":{"rendered":"<p class=\"text-justify mb-2\" >Afin de faire de la Politique\u00a0 Nationale Commande Publique (PNCP)\u00a0 un\u00a0 v\u00e9ritable outil de d\u00e9veloppement \u00e9conomique local, l\u2019Autorit\u00e9 de R\u00e9gulation de la Commande Publique (ARCOP) est en pleine action pour une nouvelle r\u00e9forme importante. Un atelier de trois jours (20 et 22 juin 2023) qui [&hellip;]<\/p>\n","protected":false},"author":2,"featured_media":6661,"comment_status":"open","ping_status":"open","sticky":false,"template":"","format":"standard","meta":{"footnotes":""},"categories":[3],"tags":[],"class_list":["post-6660","post","type-post","status-publish","format-standard","has-post-thumbnail","hentry","category-economie"],"yoast_head":"<!-- This site is optimized with the Yoast SEO plugin v28.4 - https:\/\/yoast.com\/product\/yoast-seo-wordpress\/ -->\n<title>COMMANDE PUBLIQUE\u00a0: L\u2019ACROP adopte une politique nationale\u2026 -<\/title>\n<meta name=\"robots\" content=\"index, follow, max-snippet:-1, max-image-preview:large, max-video-preview:-1\" \/>\n<link rel=\"canonical\" href=\"https:\/\/macite.tg\/?p=6660\" \/>\n<meta property=\"og:locale\" content=\"fr_FR\" \/>\n<meta property=\"og:type\" content=\"article\" \/>\n<meta property=\"og:title\" content=\"COMMANDE PUBLIQUE\u00a0: L\u2019ACROP adopte une politique nationale\u2026 -\" \/>\n<meta property=\"og:description\" content=\"Afin de faire de la Politique\u00a0 Nationale Commande Publique (PNCP)\u00a0 un\u00a0 v\u00e9ritable outil de d\u00e9veloppement \u00e9conomique local, l\u2019Autorit\u00e9 de R\u00e9gulation de la Commande Publique (ARCOP) est en pleine action pour une nouvelle r\u00e9forme importante. Un atelier de trois jours (20 et 22 juin 2023) qui [&hellip;]\" \/>\n<meta property=\"og:url\" content=\"https:\/\/macite.tg\/?p=6660\" \/>\n<meta property=\"article:published_time\" content=\"2023-06-23T10:41:30+00:00\" \/>\n<meta property=\"article:modified_time\" content=\"2023-06-23T10:41:32+00:00\" \/>\n<meta property=\"og:image\" content=\"https:\/\/macite.tg\/wp-content\/uploads\/2023\/06\/IMG-20230620-WA0103.jpg\" \/>\n\t<meta property=\"og:image:width\" content=\"1080\" \/>\n\t<meta property=\"og:image:height\" content=\"720\" \/>\n\t<meta property=\"og:image:type\" content=\"image\/jpeg\" \/>\n<meta name=\"author\" content=\"Jean Pierre BAWELA\" \/>\n<meta name=\"twitter:card\" content=\"summary_large_image\" \/>\n<meta name=\"twitter:label1\" content=\"\u00c9crit par\" \/>\n\t<meta name=\"twitter:data1\" content=\"Jean Pierre BAWELA\" \/>\n\t<meta name=\"twitter:label2\" content=\"Dur\u00e9e de lecture estim\u00e9e\" \/>\n\t<meta name=\"twitter:data2\" content=\"3 minutes\" \/>\n<script type=\"application\/ld+json\" class=\"yoast-schema-graph\">{\"@context\":\"https:\\\/\\\/schema.org\",\"@graph\":[{\"@type\":\"Article\",\"@id\":\"https:\\\/\\\/macite.tg\\\/?p=6660#article\",\"isPartOf\":{\"@id\":\"https:\\\/\\\/macite.tg\\\/?p=6660\"},\"author\":{\"name\":\"Jean Pierre BAWELA\",\"@id\":\"https:\\\/\\\/macite.tg\\\/#\\\/schema\\\/person\\\/e9f2de7e5dbbe7770a9402c7ce82f5c2\"},\"headline\":\"COMMANDE PUBLIQUE\u00a0: L\u2019ACROP adopte une politique nationale\u2026\",\"datePublished\":\"2023-06-23T10:41:30+00:00\",\"dateModified\":\"2023-06-23T10:41:32+00:00\",\"mainEntityOfPage\":{\"@id\":\"https:\\\/\\\/macite.tg\\\/?p=6660\"},\"wordCount\":694,\"commentCount\":0,\"image\":{\"@id\":\"https:\\\/\\\/macite.tg\\\/?p=6660#primaryimage\"},\"thumbnailUrl\":\"https:\\\/\\\/macite.tg\\\/wp-content\\\/uploads\\\/2023\\\/06\\\/IMG-20230620-WA0103.jpg\",\"articleSection\":[\"ECONOMIE\"],\"inLanguage\":\"fr-FR\",\"potentialAction\":[{\"@type\":\"CommentAction\",\"name\":\"Comment\",\"target\":[\"https:\\\/\\\/macite.tg\\\/?p=6660#respond\"]}]},{\"@type\":\"WebPage\",\"@id\":\"https:\\\/\\\/macite.tg\\\/?p=6660\",\"url\":\"https:\\\/\\\/macite.tg\\\/?p=6660\",\"name\":\"COMMANDE PUBLIQUE\u00a0: L\u2019ACROP adopte une politique nationale\u2026 -\",\"isPartOf\":{\"@id\":\"https:\\\/\\\/macite.tg\\\/#website\"},\"primaryImageOfPage\":{\"@id\":\"https:\\\/\\\/macite.tg\\\/?p=6660#primaryimage\"},\"image\":{\"@id\":\"https:\\\/\\\/macite.tg\\\/?p=6660#primaryimage\"},\"thumbnailUrl\":\"https:\\\/\\\/macite.tg\\\/wp-content\\\/uploads\\\/2023\\\/06\\\/IMG-20230620-WA0103.jpg\",\"datePublished\":\"2023-06-23T10:41:30+00:00\",\"dateModified\":\"2023-06-23T10:41:32+00:00\",\"author\":{\"@id\":\"https:\\\/\\\/macite.tg\\\/#\\\/schema\\\/person\\\/e9f2de7e5dbbe7770a9402c7ce82f5c2\"},\"breadcrumb\":{\"@id\":\"https:\\\/\\\/macite.tg\\\/?p=6660#breadcrumb\"},\"inLanguage\":\"fr-FR\",\"potentialAction\":[{\"@type\":\"ReadAction\",\"target\":[\"https:\\\/\\\/macite.tg\\\/?p=6660\"]}]},{\"@type\":\"ImageObject\",\"inLanguage\":\"fr-FR\",\"@id\":\"https:\\\/\\\/macite.tg\\\/?p=6660#primaryimage\",\"url\":\"https:\\\/\\\/macite.tg\\\/wp-content\\\/uploads\\\/2023\\\/06\\\/IMG-20230620-WA0103.jpg\",\"contentUrl\":\"https:\\\/\\\/macite.tg\\\/wp-content\\\/uploads\\\/2023\\\/06\\\/IMG-20230620-WA0103.jpg\",\"width\":1080,\"height\":720},{\"@type\":\"BreadcrumbList\",\"@id\":\"https:\\\/\\\/macite.tg\\\/?p=6660#breadcrumb\",\"itemListElement\":[{\"@type\":\"ListItem\",\"position\":1,\"name\":\"Accueil\",\"item\":\"https:\\\/\\\/macite.tg\\\/\"},{\"@type\":\"ListItem\",\"position\":2,\"name\":\"COMMANDE PUBLIQUE\u00a0: L\u2019ACROP adopte une politique nationale\u2026\"}]},{\"@type\":\"WebSite\",\"@id\":\"https:\\\/\\\/macite.tg\\\/#website\",\"url\":\"https:\\\/\\\/macite.tg\\\/\",\"name\":\"\",\"description\":\"L&#039;information, la bonne!!!\",\"potentialAction\":[{\"@type\":\"SearchAction\",\"target\":{\"@type\":\"EntryPoint\",\"urlTemplate\":\"https:\\\/\\\/macite.tg\\\/?s={search_term_string}\"},\"query-input\":{\"@type\":\"PropertyValueSpecification\",\"valueRequired\":true,\"valueName\":\"search_term_string\"}}],\"inLanguage\":\"fr-FR\"},{\"@type\":\"Person\",\"@id\":\"https:\\\/\\\/macite.tg\\\/#\\\/schema\\\/person\\\/e9f2de7e5dbbe7770a9402c7ce82f5c2\",\"name\":\"Jean Pierre BAWELA\",\"image\":{\"@type\":\"ImageObject\",\"inLanguage\":\"fr-FR\",\"@id\":\"https:\\\/\\\/macite.tg\\\/wp-content\\\/uploads\\\/2023\\\/09\\\/WhatsApp-Image-2023-09-19-at-14.44.41-122x122.jpeg\",\"url\":\"https:\\\/\\\/macite.tg\\\/wp-content\\\/uploads\\\/2023\\\/09\\\/WhatsApp-Image-2023-09-19-at-14.44.41-122x122.jpeg\",\"contentUrl\":\"https:\\\/\\\/macite.tg\\\/wp-content\\\/uploads\\\/2023\\\/09\\\/WhatsApp-Image-2023-09-19-at-14.44.41-122x122.jpeg\",\"caption\":\"Jean Pierre BAWELA\"},\"url\":\"https:\\\/\\\/macite.tg\\\/?author=2\"}]}<\/script>\n<!-- \/ Yoast SEO plugin. -->","yoast_head_json":{"title":"COMMANDE PUBLIQUE\u00a0: L\u2019ACROP adopte une politique nationale\u2026 -","robots":{"index":"index","follow":"follow","max-snippet":"max-snippet:-1","max-image-preview":"max-image-preview:large","max-video-preview":"max-video-preview:-1"},"canonical":"https:\/\/macite.tg\/?p=6660","og_locale":"fr_FR","og_type":"article","og_title":"COMMANDE PUBLIQUE\u00a0: L\u2019ACROP adopte une politique nationale\u2026 -","og_description":"Afin de faire de la Politique\u00a0 Nationale Commande Publique (PNCP)\u00a0 un\u00a0 v\u00e9ritable outil de d\u00e9veloppement \u00e9conomique local, l\u2019Autorit\u00e9 de R\u00e9gulation de la Commande Publique (ARCOP) est en pleine action pour une nouvelle r\u00e9forme importante. Un atelier de trois jours (20 et 22 juin 2023) qui [&hellip;]","og_url":"https:\/\/macite.tg\/?p=6660","article_published_time":"2023-06-23T10:41:30+00:00","article_modified_time":"2023-06-23T10:41:32+00:00","og_image":[{"width":1080,"height":720,"url":"https:\/\/macite.tg\/wp-content\/uploads\/2023\/06\/IMG-20230620-WA0103.jpg","type":"image\/jpeg"}],"author":"Jean Pierre BAWELA","twitter_card":"summary_large_image","twitter_misc":{"\u00c9crit par":"Jean Pierre BAWELA","Dur\u00e9e de lecture estim\u00e9e":"3 minutes"},"schema":{"@context":"https:\/\/schema.org","@graph":[{"@type":"Article","@id":"https:\/\/macite.tg\/?p=6660#article","isPartOf":{"@id":"https:\/\/macite.tg\/?p=6660"},"author":{"name":"Jean Pierre BAWELA","@id":"https:\/\/macite.tg\/#\/schema\/person\/e9f2de7e5dbbe7770a9402c7ce82f5c2"},"headline":"COMMANDE PUBLIQUE\u00a0: L\u2019ACROP adopte une politique nationale\u2026","datePublished":"2023-06-23T10:41:30+00:00","dateModified":"2023-06-23T10:41:32+00:00","mainEntityOfPage":{"@id":"https:\/\/macite.tg\/?p=6660"},"wordCount":694,"commentCount":0,"image":{"@id":"https:\/\/macite.tg\/?p=6660#primaryimage"},"thumbnailUrl":"https:\/\/macite.tg\/wp-content\/uploads\/2023\/06\/IMG-20230620-WA0103.jpg","articleSection":["ECONOMIE"],"inLanguage":"fr-FR","potentialAction":[{"@type":"CommentAction","name":"Comment","target":["https:\/\/macite.tg\/?p=6660#respond"]}]},{"@type":"WebPage","@id":"https:\/\/macite.tg\/?p=6660","url":"https:\/\/macite.tg\/?p=6660","name":"COMMANDE PUBLIQUE\u00a0: L\u2019ACROP adopte une politique nationale\u2026 -","isPartOf":{"@id":"https:\/\/macite.tg\/#website"},"primaryImageOfPage":{"@id":"https:\/\/macite.tg\/?p=6660#primaryimage"},"image":{"@id":"https:\/\/macite.tg\/?p=6660#primaryimage"},"thumbnailUrl":"https:\/\/macite.tg\/wp-content\/uploads\/2023\/06\/IMG-20230620-WA0103.jpg","datePublished":"2023-06-23T10:41:30+00:00","dateModified":"2023-06-23T10:41:32+00:00","author":{"@id":"https:\/\/macite.tg\/#\/schema\/person\/e9f2de7e5dbbe7770a9402c7ce82f5c2"},"breadcrumb":{"@id":"https:\/\/macite.tg\/?p=6660#breadcrumb"},"inLanguage":"fr-FR","potentialAction":[{"@type":"ReadAction","target":["https:\/\/macite.tg\/?p=6660"]}]},{"@type":"ImageObject","inLanguage":"fr-FR","@id":"https:\/\/macite.tg\/?p=6660#primaryimage","url":"https:\/\/macite.tg\/wp-content\/uploads\/2023\/06\/IMG-20230620-WA0103.jpg","contentUrl":"https:\/\/macite.tg\/wp-content\/uploads\/2023\/06\/IMG-20230620-WA0103.jpg","width":1080,"height":720},{"@type":"BreadcrumbList","@id":"https:\/\/macite.tg\/?p=6660#breadcrumb","itemListElement":[{"@type":"ListItem","position":1,"name":"Accueil","item":"https:\/\/macite.tg\/"},{"@type":"ListItem","position":2,"name":"COMMANDE PUBLIQUE\u00a0: L\u2019ACROP adopte une politique nationale\u2026"}]},{"@type":"WebSite","@id":"https:\/\/macite.tg\/#website","url":"https:\/\/macite.tg\/","name":"","description":"L&#039;information, la bonne!!!","potentialAction":[{"@type":"SearchAction","target":{"@type":"EntryPoint","urlTemplate":"https:\/\/macite.tg\/?s={search_term_string}"},"query-input":{"@type":"PropertyValueSpecification","valueRequired":true,"valueName":"search_term_string"}}],"inLanguage":"fr-FR"},{"@type":"Person","@id":"https:\/\/macite.tg\/#\/schema\/person\/e9f2de7e5dbbe7770a9402c7ce82f5c2","name":"Jean Pierre BAWELA","image":{"@type":"ImageObject","inLanguage":"fr-FR","@id":"https:\/\/macite.tg\/wp-content\/uploads\/2023\/09\/WhatsApp-Image-2023-09-19-at-14.44.41-122x122.jpeg","url":"https:\/\/macite.tg\/wp-content\/uploads\/2023\/09\/WhatsApp-Image-2023-09-19-at-14.44.41-122x122.jpeg","contentUrl":"https:\/\/macite.tg\/wp-content\/uploads\/2023\/09\/WhatsApp-Image-2023-09-19-at-14.44.41-122x122.jpeg","caption":"Jean Pierre BAWELA"},"url":"https:\/\/macite.tg\/?author=2"}]}},"_links":{"self":[{"href":"https:\/\/macite.tg\/index.php?rest_route=\/wp\/v2\/posts\/6660","targetHints":{"allow":["GET"]}}],"collection":[{"href":"https:\/\/macite.tg\/index.php?rest_route=\/wp\/v2\/posts"}],"about":[{"href":"https:\/\/macite.tg\/index.php?rest_route=\/wp\/v2\/types\/post"}],"author":[{"embeddable":true,"href":"https:\/\/macite.tg\/index.php?rest_route=\/wp\/v2\/users\/2"}],"replies":[{"embeddable":true,"href":"https:\/\/macite.tg\/index.php?rest_route=%2Fwp%2Fv2%2Fcomments&post=6660"}],"version-history":[{"count":0,"href":"https:\/\/macite.tg\/index.php?rest_route=\/wp\/v2\/posts\/6660\/revisions"}],"wp:featuredmedia":[{"embeddable":true,"href":"https:\/\/macite.tg\/index.php?rest_route=\/wp\/v2\/media\/6661"}],"wp:attachment":[{"href":"https:\/\/macite.tg\/index.php?rest_route=%2Fwp%2Fv2%2Fmedia&parent=6660"}],"wp:term":[{"taxonomy":"category","embeddable":true,"href":"https:\/\/macite.tg\/index.php?rest_route=%2Fwp%2Fv2%2Fcategories&post=6660"},{"taxonomy":"post_tag","embeddable":true,"href":"https:\/\/macite.tg\/index.php?rest_route=%2Fwp%2Fv2%2Ftags&post=6660"}],"curies":[{"name":"wp","href":"https:\/\/api.w.org\/{rel}","templated":true}]}}