{"id":6659,"date":"2023-06-23T11:26:16","date_gmt":"2023-06-23T11:26:16","guid":{"rendered":"https:\/\/macite.tg\/?p=6659"},"modified":"2023-06-23T11:32:25","modified_gmt":"2023-06-23T11:32:25","slug":"bresil-le-pere-du-footballeur-neymar-a-ete-arrete","status":"publish","type":"post","link":"https:\/\/macite.tg\/?p=6659","title":{"rendered":"BR\u00c9SIL : Le p\u00e8re du footballeur Neymar a \u00e9t\u00e9 arr\u00eat\u00e9"},"content":{"rendered":"\n<p class=\"wp-block-paragraph\"><strong><em>Le p\u00e8re de Neymar a \u00e9t\u00e9 arr\u00eat\u00e9 par la police, annonce le confr\u00e8re UOL Esporte.<\/em><\/strong><\/p>\n\n\n\n<p class=\"wp-block-paragraph\">L\u2019incident s\u2019est produit chez lui, dans sa maison de Mangaratiba, ville situ\u00e9e dans l&rsquo;ouest de l&rsquo;\u00c9tat de Rio de Janeiro, lorsque les autorit\u00e9s sont intervenues pour stopper les travaux en cours.<\/p>\n\n\n\n<figure class=\"wp-block-image size-large\"><img loading=\"lazy\" decoding=\"async\" width=\"1024\" height=\"212\" src=\"https:\/\/macite.tg\/wp-content\/uploads\/2023\/06\/IMG-20230514-WA00962-3-1024x212.jpg\" alt=\"\" class=\"wp-image-6399\" srcset=\"https:\/\/macite.tg\/wp-content\/uploads\/2023\/06\/IMG-20230514-WA00962-3-1024x212.jpg 1024w, https:\/\/macite.tg\/wp-content\/uploads\/2023\/06\/IMG-20230514-WA00962-3-300x62.jpg 300w, https:\/\/macite.tg\/wp-content\/uploads\/2023\/06\/IMG-20230514-WA00962-3-768x159.jpg 768w, https:\/\/macite.tg\/wp-content\/uploads\/2023\/06\/IMG-20230514-WA00962-3-1536x318.jpg 1536w, https:\/\/macite.tg\/wp-content\/uploads\/2023\/06\/IMG-20230514-WA00962-3.jpg 1600w\" sizes=\"auto, (max-width: 1024px) 100vw, 1024px\" \/><\/figure>\n\n\n\n<p class=\"wp-block-paragraph\">https:\/\/ac376bd38de0ef95f5b6a148448fe5ab.safeframe.googlesyndication.com\/safeframe\/1-0-40\/html\/container.html La raison de cette intervention ? Le p\u00e8re du joueur du PSG aurait \u00e9t\u00e9 accus\u00e9 de d\u00e9lit environnemental, notamment de d\u00e9tournement d\u2019un cours d\u2019eau, de pr\u00e9l\u00e8vement d\u2019eau d\u2019une rivi\u00e8re sans autorisation, de pr\u00e9l\u00e8vement d\u2019eau pour un lac artificiel.<\/p>\n\n\n\n<p class=\"wp-block-paragraph\">Il est \u00e9galement accus\u00e9 de terrassement, excavation et d\u00e9placement de pierres et de rochers sans autorisation.<\/p>\n\n\n<div class=\"wp-block-image\">\n<figure class=\"aligncenter size-large is-resized\"><img loading=\"lazy\" decoding=\"async\" src=\"https:\/\/macite.tg\/wp-content\/uploads\/2023\/06\/IMG-20230620-WA00631-713x1024.jpg\" alt=\"\" class=\"wp-image-6591\" width=\"625\" height=\"898\" srcset=\"https:\/\/macite.tg\/wp-content\/uploads\/2023\/06\/IMG-20230620-WA00631-713x1024.jpg 713w, https:\/\/macite.tg\/wp-content\/uploads\/2023\/06\/IMG-20230620-WA00631-209x300.jpg 209w, https:\/\/macite.tg\/wp-content\/uploads\/2023\/06\/IMG-20230620-WA00631.jpg 716w\" sizes=\"auto, (max-width: 625px) 100vw, 625px\" \/><\/figure>\n<\/div>\n\n\n<p class=\"wp-block-paragraph\">Neymar Sr n\u2019a pas \u00e9t\u00e9 envoy\u00e9 en prison, mais il devra payer une amende d\u2019environ 960 000\u20ac.<\/p>\n\n\n\n<p class=\"wp-block-paragraph\"><strong>SeneNews<\/strong><\/p>\n\n\n\n<p class=\"wp-block-paragraph\"><strong><em>@macite.tg&nbsp;&nbsp;&nbsp;&nbsp;&nbsp;&nbsp;&nbsp;&nbsp;<\/em><\/strong><\/p>\n\n\n\n<p class=\"wp-block-paragraph\"><strong><em>E-mail&nbsp;: <\/em><\/strong><a href=\"mailto:maciteinfo@gmail.com\"><strong><em>maciteinfo@gmail.com<\/em><\/strong><\/a><strong><em>; <\/em><\/strong><a href=\"mailto:bawela1@gmail.com\"><strong><em>bawela1@gmail.com<\/em><\/strong><\/a><strong><em><\/em><\/strong><\/p>\n\n\n\n<p class=\"wp-block-paragraph\"><strong><em>Pour vos annonces, (publi)reportages, etc., joignez nous au (00228)91515309\/<strong>79872224 <\/strong>www.macite.tg, L\u2019information, la bonne&nbsp;!<\/em><\/strong><\/p>\n","protected":false},"excerpt":{"rendered":"<p class=\"text-justify mb-2\" >Le p\u00e8re de Neymar a \u00e9t\u00e9 arr\u00eat\u00e9 par la police, annonce le confr\u00e8re UOL Esporte. L\u2019incident s\u2019est produit chez lui, dans sa maison de Mangaratiba, ville situ\u00e9e dans l&rsquo;ouest de l&rsquo;\u00c9tat de Rio de Janeiro, lorsque les autorit\u00e9s sont intervenues pour stopper les travaux en [&hellip;]<\/p>\n","protected":false},"author":2,"featured_media":6668,"comment_status":"open","ping_status":"open","sticky":false,"template":"","format":"standard","meta":{"footnotes":""},"categories":[20],"tags":[],"class_list":["post-6659","post","type-post","status-publish","format-standard","has-post-thumbnail","hentry","category-actualite"],"yoast_head":"<!-- This site is optimized with the Yoast SEO plugin v28.4 - https:\/\/yoast.com\/product\/yoast-seo-wordpress\/ -->\n<title>BR\u00c9SIL : Le p\u00e8re du footballeur Neymar a \u00e9t\u00e9 arr\u00eat\u00e9 -<\/title>\n<meta name=\"robots\" content=\"index, follow, max-snippet:-1, max-image-preview:large, max-video-preview:-1\" \/>\n<link rel=\"canonical\" href=\"https:\/\/macite.tg\/?p=6659\" \/>\n<meta property=\"og:locale\" content=\"fr_FR\" \/>\n<meta property=\"og:type\" content=\"article\" \/>\n<meta property=\"og:title\" content=\"BR\u00c9SIL : Le p\u00e8re du footballeur Neymar a \u00e9t\u00e9 arr\u00eat\u00e9 -\" \/>\n<meta property=\"og:description\" content=\"Le p\u00e8re de Neymar a \u00e9t\u00e9 arr\u00eat\u00e9 par la police, annonce le confr\u00e8re UOL Esporte. L\u2019incident s\u2019est produit chez lui, dans sa maison de Mangaratiba, ville situ\u00e9e dans l&rsquo;ouest de l&rsquo;\u00c9tat de Rio de Janeiro, lorsque les autorit\u00e9s sont intervenues pour stopper les travaux en [&hellip;]\" \/>\n<meta property=\"og:url\" content=\"https:\/\/macite.tg\/?p=6659\" \/>\n<meta property=\"article:published_time\" content=\"2023-06-23T11:26:16+00:00\" \/>\n<meta property=\"article:modified_time\" content=\"2023-06-23T11:32:25+00:00\" \/>\n<meta property=\"og:image\" content=\"https:\/\/macite.tg\/wp-content\/uploads\/2023\/06\/aNey.jpeg\" \/>\n\t<meta property=\"og:image:width\" content=\"696\" \/>\n\t<meta property=\"og:image:height\" content=\"414\" \/>\n\t<meta property=\"og:image:type\" content=\"image\/jpeg\" \/>\n<meta name=\"author\" content=\"Jean Pierre BAWELA\" \/>\n<meta name=\"twitter:card\" content=\"summary_large_image\" \/>\n<meta name=\"twitter:label1\" content=\"\u00c9crit par\" \/>\n\t<meta name=\"twitter:data1\" content=\"Jean Pierre BAWELA\" \/>\n\t<meta name=\"twitter:label2\" content=\"Dur\u00e9e de lecture estim\u00e9e\" \/>\n\t<meta name=\"twitter:data2\" content=\"1 minute\" \/>\n<script type=\"application\/ld+json\" class=\"yoast-schema-graph\">{\"@context\":\"https:\\\/\\\/schema.org\",\"@graph\":[{\"@type\":\"Article\",\"@id\":\"https:\\\/\\\/macite.tg\\\/?p=6659#article\",\"isPartOf\":{\"@id\":\"https:\\\/\\\/macite.tg\\\/?p=6659\"},\"author\":{\"name\":\"Jean Pierre BAWELA\",\"@id\":\"https:\\\/\\\/macite.tg\\\/#\\\/schema\\\/person\\\/e9f2de7e5dbbe7770a9402c7ce82f5c2\"},\"headline\":\"BR\u00c9SIL : Le p\u00e8re du footballeur Neymar a \u00e9t\u00e9 arr\u00eat\u00e9\",\"datePublished\":\"2023-06-23T11:26:16+00:00\",\"dateModified\":\"2023-06-23T11:32:25+00:00\",\"mainEntityOfPage\":{\"@id\":\"https:\\\/\\\/macite.tg\\\/?p=6659\"},\"wordCount\":206,\"commentCount\":0,\"image\":{\"@id\":\"https:\\\/\\\/macite.tg\\\/?p=6659#primaryimage\"},\"thumbnailUrl\":\"https:\\\/\\\/macite.tg\\\/wp-content\\\/uploads\\\/2023\\\/06\\\/aNey.jpeg\",\"articleSection\":[\"ACTUALITE\"],\"inLanguage\":\"fr-FR\",\"potentialAction\":[{\"@type\":\"CommentAction\",\"name\":\"Comment\",\"target\":[\"https:\\\/\\\/macite.tg\\\/?p=6659#respond\"]}]},{\"@type\":\"WebPage\",\"@id\":\"https:\\\/\\\/macite.tg\\\/?p=6659\",\"url\":\"https:\\\/\\\/macite.tg\\\/?p=6659\",\"name\":\"BR\u00c9SIL : Le p\u00e8re du footballeur Neymar a \u00e9t\u00e9 arr\u00eat\u00e9 -\",\"isPartOf\":{\"@id\":\"https:\\\/\\\/macite.tg\\\/#website\"},\"primaryImageOfPage\":{\"@id\":\"https:\\\/\\\/macite.tg\\\/?p=6659#primaryimage\"},\"image\":{\"@id\":\"https:\\\/\\\/macite.tg\\\/?p=6659#primaryimage\"},\"thumbnailUrl\":\"https:\\\/\\\/macite.tg\\\/wp-content\\\/uploads\\\/2023\\\/06\\\/aNey.jpeg\",\"datePublished\":\"2023-06-23T11:26:16+00:00\",\"dateModified\":\"2023-06-23T11:32:25+00:00\",\"author\":{\"@id\":\"https:\\\/\\\/macite.tg\\\/#\\\/schema\\\/person\\\/e9f2de7e5dbbe7770a9402c7ce82f5c2\"},\"breadcrumb\":{\"@id\":\"https:\\\/\\\/macite.tg\\\/?p=6659#breadcrumb\"},\"inLanguage\":\"fr-FR\",\"potentialAction\":[{\"@type\":\"ReadAction\",\"target\":[\"https:\\\/\\\/macite.tg\\\/?p=6659\"]}]},{\"@type\":\"ImageObject\",\"inLanguage\":\"fr-FR\",\"@id\":\"https:\\\/\\\/macite.tg\\\/?p=6659#primaryimage\",\"url\":\"https:\\\/\\\/macite.tg\\\/wp-content\\\/uploads\\\/2023\\\/06\\\/aNey.jpeg\",\"contentUrl\":\"https:\\\/\\\/macite.tg\\\/wp-content\\\/uploads\\\/2023\\\/06\\\/aNey.jpeg\",\"width\":696,\"height\":414},{\"@type\":\"BreadcrumbList\",\"@id\":\"https:\\\/\\\/macite.tg\\\/?p=6659#breadcrumb\",\"itemListElement\":[{\"@type\":\"ListItem\",\"position\":1,\"name\":\"Accueil\",\"item\":\"https:\\\/\\\/macite.tg\\\/\"},{\"@type\":\"ListItem\",\"position\":2,\"name\":\"BR\u00c9SIL : Le p\u00e8re du footballeur Neymar a \u00e9t\u00e9 arr\u00eat\u00e9\"}]},{\"@type\":\"WebSite\",\"@id\":\"https:\\\/\\\/macite.tg\\\/#website\",\"url\":\"https:\\\/\\\/macite.tg\\\/\",\"name\":\"\",\"description\":\"L&#039;information, la bonne!!!\",\"potentialAction\":[{\"@type\":\"SearchAction\",\"target\":{\"@type\":\"EntryPoint\",\"urlTemplate\":\"https:\\\/\\\/macite.tg\\\/?s={search_term_string}\"},\"query-input\":{\"@type\":\"PropertyValueSpecification\",\"valueRequired\":true,\"valueName\":\"search_term_string\"}}],\"inLanguage\":\"fr-FR\"},{\"@type\":\"Person\",\"@id\":\"https:\\\/\\\/macite.tg\\\/#\\\/schema\\\/person\\\/e9f2de7e5dbbe7770a9402c7ce82f5c2\",\"name\":\"Jean Pierre BAWELA\",\"image\":{\"@type\":\"ImageObject\",\"inLanguage\":\"fr-FR\",\"@id\":\"https:\\\/\\\/macite.tg\\\/wp-content\\\/uploads\\\/2023\\\/09\\\/WhatsApp-Image-2023-09-19-at-14.44.41-122x122.jpeg\",\"url\":\"https:\\\/\\\/macite.tg\\\/wp-content\\\/uploads\\\/2023\\\/09\\\/WhatsApp-Image-2023-09-19-at-14.44.41-122x122.jpeg\",\"contentUrl\":\"https:\\\/\\\/macite.tg\\\/wp-content\\\/uploads\\\/2023\\\/09\\\/WhatsApp-Image-2023-09-19-at-14.44.41-122x122.jpeg\",\"caption\":\"Jean Pierre BAWELA\"},\"url\":\"https:\\\/\\\/macite.tg\\\/?author=2\"}]}<\/script>\n<!-- \/ Yoast SEO plugin. -->","yoast_head_json":{"title":"BR\u00c9SIL : Le p\u00e8re du footballeur Neymar a \u00e9t\u00e9 arr\u00eat\u00e9 -","robots":{"index":"index","follow":"follow","max-snippet":"max-snippet:-1","max-image-preview":"max-image-preview:large","max-video-preview":"max-video-preview:-1"},"canonical":"https:\/\/macite.tg\/?p=6659","og_locale":"fr_FR","og_type":"article","og_title":"BR\u00c9SIL : Le p\u00e8re du footballeur Neymar a \u00e9t\u00e9 arr\u00eat\u00e9 -","og_description":"Le p\u00e8re de Neymar a \u00e9t\u00e9 arr\u00eat\u00e9 par la police, annonce le confr\u00e8re UOL Esporte. L\u2019incident s\u2019est produit chez lui, dans sa maison de Mangaratiba, ville situ\u00e9e dans l&rsquo;ouest de l&rsquo;\u00c9tat de Rio de Janeiro, lorsque les autorit\u00e9s sont intervenues pour stopper les travaux en [&hellip;]","og_url":"https:\/\/macite.tg\/?p=6659","article_published_time":"2023-06-23T11:26:16+00:00","article_modified_time":"2023-06-23T11:32:25+00:00","og_image":[{"width":696,"height":414,"url":"https:\/\/macite.tg\/wp-content\/uploads\/2023\/06\/aNey.jpeg","type":"image\/jpeg"}],"author":"Jean Pierre BAWELA","twitter_card":"summary_large_image","twitter_misc":{"\u00c9crit par":"Jean Pierre BAWELA","Dur\u00e9e de lecture estim\u00e9e":"1 minute"},"schema":{"@context":"https:\/\/schema.org","@graph":[{"@type":"Article","@id":"https:\/\/macite.tg\/?p=6659#article","isPartOf":{"@id":"https:\/\/macite.tg\/?p=6659"},"author":{"name":"Jean Pierre BAWELA","@id":"https:\/\/macite.tg\/#\/schema\/person\/e9f2de7e5dbbe7770a9402c7ce82f5c2"},"headline":"BR\u00c9SIL : Le p\u00e8re du footballeur Neymar a \u00e9t\u00e9 arr\u00eat\u00e9","datePublished":"2023-06-23T11:26:16+00:00","dateModified":"2023-06-23T11:32:25+00:00","mainEntityOfPage":{"@id":"https:\/\/macite.tg\/?p=6659"},"wordCount":206,"commentCount":0,"image":{"@id":"https:\/\/macite.tg\/?p=6659#primaryimage"},"thumbnailUrl":"https:\/\/macite.tg\/wp-content\/uploads\/2023\/06\/aNey.jpeg","articleSection":["ACTUALITE"],"inLanguage":"fr-FR","potentialAction":[{"@type":"CommentAction","name":"Comment","target":["https:\/\/macite.tg\/?p=6659#respond"]}]},{"@type":"WebPage","@id":"https:\/\/macite.tg\/?p=6659","url":"https:\/\/macite.tg\/?p=6659","name":"BR\u00c9SIL : Le p\u00e8re du footballeur Neymar a \u00e9t\u00e9 arr\u00eat\u00e9 -","isPartOf":{"@id":"https:\/\/macite.tg\/#website"},"primaryImageOfPage":{"@id":"https:\/\/macite.tg\/?p=6659#primaryimage"},"image":{"@id":"https:\/\/macite.tg\/?p=6659#primaryimage"},"thumbnailUrl":"https:\/\/macite.tg\/wp-content\/uploads\/2023\/06\/aNey.jpeg","datePublished":"2023-06-23T11:26:16+00:00","dateModified":"2023-06-23T11:32:25+00:00","author":{"@id":"https:\/\/macite.tg\/#\/schema\/person\/e9f2de7e5dbbe7770a9402c7ce82f5c2"},"breadcrumb":{"@id":"https:\/\/macite.tg\/?p=6659#breadcrumb"},"inLanguage":"fr-FR","potentialAction":[{"@type":"ReadAction","target":["https:\/\/macite.tg\/?p=6659"]}]},{"@type":"ImageObject","inLanguage":"fr-FR","@id":"https:\/\/macite.tg\/?p=6659#primaryimage","url":"https:\/\/macite.tg\/wp-content\/uploads\/2023\/06\/aNey.jpeg","contentUrl":"https:\/\/macite.tg\/wp-content\/uploads\/2023\/06\/aNey.jpeg","width":696,"height":414},{"@type":"BreadcrumbList","@id":"https:\/\/macite.tg\/?p=6659#breadcrumb","itemListElement":[{"@type":"ListItem","position":1,"name":"Accueil","item":"https:\/\/macite.tg\/"},{"@type":"ListItem","position":2,"name":"BR\u00c9SIL : Le p\u00e8re du footballeur Neymar a \u00e9t\u00e9 arr\u00eat\u00e9"}]},{"@type":"WebSite","@id":"https:\/\/macite.tg\/#website","url":"https:\/\/macite.tg\/","name":"","description":"L&#039;information, la bonne!!!","potentialAction":[{"@type":"SearchAction","target":{"@type":"EntryPoint","urlTemplate":"https:\/\/macite.tg\/?s={search_term_string}"},"query-input":{"@type":"PropertyValueSpecification","valueRequired":true,"valueName":"search_term_string"}}],"inLanguage":"fr-FR"},{"@type":"Person","@id":"https:\/\/macite.tg\/#\/schema\/person\/e9f2de7e5dbbe7770a9402c7ce82f5c2","name":"Jean Pierre BAWELA","image":{"@type":"ImageObject","inLanguage":"fr-FR","@id":"https:\/\/macite.tg\/wp-content\/uploads\/2023\/09\/WhatsApp-Image-2023-09-19-at-14.44.41-122x122.jpeg","url":"https:\/\/macite.tg\/wp-content\/uploads\/2023\/09\/WhatsApp-Image-2023-09-19-at-14.44.41-122x122.jpeg","contentUrl":"https:\/\/macite.tg\/wp-content\/uploads\/2023\/09\/WhatsApp-Image-2023-09-19-at-14.44.41-122x122.jpeg","caption":"Jean Pierre BAWELA"},"url":"https:\/\/macite.tg\/?author=2"}]}},"_links":{"self":[{"href":"https:\/\/macite.tg\/index.php?rest_route=\/wp\/v2\/posts\/6659","targetHints":{"allow":["GET"]}}],"collection":[{"href":"https:\/\/macite.tg\/index.php?rest_route=\/wp\/v2\/posts"}],"about":[{"href":"https:\/\/macite.tg\/index.php?rest_route=\/wp\/v2\/types\/post"}],"author":[{"embeddable":true,"href":"https:\/\/macite.tg\/index.php?rest_route=\/wp\/v2\/users\/2"}],"replies":[{"embeddable":true,"href":"https:\/\/macite.tg\/index.php?rest_route=%2Fwp%2Fv2%2Fcomments&post=6659"}],"version-history":[{"count":0,"href":"https:\/\/macite.tg\/index.php?rest_route=\/wp\/v2\/posts\/6659\/revisions"}],"wp:featuredmedia":[{"embeddable":true,"href":"https:\/\/macite.tg\/index.php?rest_route=\/wp\/v2\/media\/6668"}],"wp:attachment":[{"href":"https:\/\/macite.tg\/index.php?rest_route=%2Fwp%2Fv2%2Fmedia&parent=6659"}],"wp:term":[{"taxonomy":"category","embeddable":true,"href":"https:\/\/macite.tg\/index.php?rest_route=%2Fwp%2Fv2%2Fcategories&post=6659"},{"taxonomy":"post_tag","embeddable":true,"href":"https:\/\/macite.tg\/index.php?rest_route=%2Fwp%2Fv2%2Ftags&post=6659"}],"curies":[{"name":"wp","href":"https:\/\/api.w.org\/{rel}","templated":true}]}}