{"id":6653,"date":"2023-06-23T10:08:01","date_gmt":"2023-06-23T10:08:01","guid":{"rendered":"https:\/\/macite.tg\/?p=6653"},"modified":"2023-06-23T10:08:03","modified_gmt":"2023-06-23T10:08:03","slug":"depart-de-kylian-mbappe-du-psg-le-champion-de-france-annonce-au-real-madrid","status":"publish","type":"post","link":"https:\/\/macite.tg\/?p=6653","title":{"rendered":"D\u00c9PART DE KYLIAN MBAPP\u00c9 DU PSG\u00a0: Le champion de France annonc\u00e9 au R\u00e9al Madrid"},"content":{"rendered":"\n<p class=\"wp-block-paragraph\"><strong><em>Le PSG et Kylian Mbapp\u00e9 ont officiellement divorc\u00e9. PSG Community annonce en exclusivit\u00e9 cette information qui fera l\u2019effet d\u2019une bombe dans le monde du football.<\/em><\/strong><\/p>\n\n\n\n<p class=\"wp-block-paragraph\">https:\/\/7378c88e61988e71af84b930a959c580.safeframe.googlesyndication.com\/safeframe\/1-0-40\/html\/container.html Dans cette saga <em>\u00ab&nbsp;Mbapp\u00e9 partira, partira pas&nbsp;\u00bb,<\/em> voici l\u2019\u00e9pisode 54564. Il est un secret de polichinelle que Kylian Mbapp\u00e9 a toujours secr\u00e8tement r\u00eav\u00e9 de porter un jour le maillot du Real Madrid. Et bien, ce jeudi 22 juin 2023, PSG Community est en mesure de vous affirmer que ce r\u00eave va enfin se r\u00e9aliser pour le joueur de 24 ans originaire de Bondy.<\/p>\n\n\n\n<figure class=\"wp-block-image size-large\"><img loading=\"lazy\" decoding=\"async\" width=\"1024\" height=\"212\" src=\"https:\/\/macite.tg\/wp-content\/uploads\/2023\/06\/IMG-20230514-WA00962-3-1024x212.jpg\" alt=\"\" class=\"wp-image-6399\" srcset=\"https:\/\/macite.tg\/wp-content\/uploads\/2023\/06\/IMG-20230514-WA00962-3-1024x212.jpg 1024w, https:\/\/macite.tg\/wp-content\/uploads\/2023\/06\/IMG-20230514-WA00962-3-300x62.jpg 300w, https:\/\/macite.tg\/wp-content\/uploads\/2023\/06\/IMG-20230514-WA00962-3-768x159.jpg 768w, https:\/\/macite.tg\/wp-content\/uploads\/2023\/06\/IMG-20230514-WA00962-3-1536x318.jpg 1536w, https:\/\/macite.tg\/wp-content\/uploads\/2023\/06\/IMG-20230514-WA00962-3.jpg 1600w\" sizes=\"auto, (max-width: 1024px) 100vw, 1024px\" \/><\/figure>\n\n\n\n<p class=\"wp-block-paragraph\">Alors que son contrat arrive \u00e0 expiration en juin 2024 (le jeune attaquant francilien ayant refus\u00e9 d\u2019activer l\u2019ann\u00e9e suppl\u00e9mentaire), Kylian Mbapp\u00e9 a exprim\u00e9 sa volont\u00e9 de rester au PSG la saison prochaine. Cependant, qu\u2019en est-il r\u00e9ellement de ses intentions ?<\/p>\n\n\n\n<p class=\"wp-block-paragraph\">Le natif de Bondy ne l\u2019a jamais cach\u00e9, le Real Madrid est son r\u00eave ultime. Tout semble se mettre en place pour que le joueur rejoigne la capitale espagnole d\u00e8s cet \u00e9t\u00e9. En effet, les dirigeants qatariens ne souhaitent pas le voir partir gratuitement l\u2019ann\u00e9e prochaine, le joueur lui-m\u00eame ne souhaite pas prolonger et le club espagnol l\u2019attend.<\/p>\n\n\n\n<p class=\"wp-block-paragraph\">De plus, avec le d\u00e9part de Karim Benzema, laissant vacant le poste de num\u00e9ro 9, l\u2019opportunit\u00e9 est trop belle pour Kylian Mbapp\u00e9 qui sent que le projet parisien tourne en rond.<\/p>\n\n\n\n<p class=\"wp-block-paragraph\">Bien que Kylian Mbapp\u00e9 ait d\u00e9clar\u00e9 qu\u2019il resterait au PSG la saison prochaine, les dirigeants qataris ne sont pas dupes. Ils ont durci le ton ces derniers jours en affirmant une position claire envers le clan du joueur : <em>\u00ab&nbsp;Il prolonge avant la reprise ou il est vendu d\u00e8s cet \u00e9t\u00e9.&nbsp;\u00bb<\/em> PSG Community vous a r\u00e9v\u00e9l\u00e9 ce matin les d\u00e9tails de la r\u00e9union de mercredi \u00e0 ce sujet. Kylian Mbapp\u00e9 a souvent \u00e9t\u00e9 en position de force vis-\u00e0-vis du club et de la direction. Un contrat en or lui a \u00e9t\u00e9 propos\u00e9 il y a un an pour le convaincre de prolonger, mais cela ne suffit pas au champion du monde qui en attend davantage.<\/p>\n\n\n\n<p class=\"wp-block-paragraph\">D\u00e9\u00e7u par le mercato estival, le num\u00e9ro 7 parisien estime que le projet du PSG stagne et qu\u2019il est temps d\u2019explorer d\u2019autres horizons.<\/p>\n\n\n<div class=\"wp-block-image\">\n<figure class=\"aligncenter size-large is-resized\"><img loading=\"lazy\" decoding=\"async\" src=\"https:\/\/macite.tg\/wp-content\/uploads\/2023\/06\/IMG-20230620-WA00631-713x1024.jpg\" alt=\"\" class=\"wp-image-6591\" width=\"666\" height=\"956\" srcset=\"https:\/\/macite.tg\/wp-content\/uploads\/2023\/06\/IMG-20230620-WA00631-713x1024.jpg 713w, https:\/\/macite.tg\/wp-content\/uploads\/2023\/06\/IMG-20230620-WA00631-209x300.jpg 209w, https:\/\/macite.tg\/wp-content\/uploads\/2023\/06\/IMG-20230620-WA00631.jpg 716w\" sizes=\"auto, (max-width: 666px) 100vw, 666px\" \/><\/figure>\n<\/div>\n\n\n<p class=\"wp-block-paragraph\">\u00c0 l\u2019issue de la fameuse r\u00e9union de mercredi entre la direction qatarie et les repr\u00e9sentants du Real Madrid, les n\u00e9gociations se sont acc\u00e9l\u00e9r\u00e9es. Les diff\u00e9rentes parties ont \u00e9t\u00e9 en contact constant jusqu\u2019\u00e0 parvenir \u00e0 un accord. PSG Community est en mesure d\u2019affirmer qu\u2019un accord a \u00e9t\u00e9 trouv\u00e9 entre le PSG et le Real Madrid pour la vente de Kylian Mbapp\u00e9 cet \u00e9t\u00e9. L\u2019\u00c9mir et Florentino P\u00e9rez (pr\u00e9sident du Real Madrid) ont multipli\u00e9 les \u00e9changes ces derni\u00e8res heures. Le propri\u00e9taire du PSG a accept\u00e9 l\u2019id\u00e9e de vendre sa star \u00e0 son homologue madril\u00e8ne, mais pas \u00e0 n\u2019importe quel prix.<\/p>\n\n\n\n<p class=\"wp-block-paragraph\">Selon les informations de PSG Community, la vente de l\u2019attaquant rapportera au moins 250 millions d\u2019euros au PSG. Il s\u2019agit d\u2019une vente s\u00e8che de 200 millions d\u2019euros assortie d\u2019un bonus de 50 millions d\u2019euros (li\u00e9 au nombre de Ballon d\u2019Or). En d\u2019autres termes, si Kylian Mbapp\u00e9 remporte un jour le Ballon d\u2019Or sous le maillot madril\u00e8ne, le PSG empochera une somme <em>\u00ab&nbsp;modique&nbsp;\u00bb<\/em> de 50 millions d\u2019euros.<\/p>\n\n\n\n<p class=\"wp-block-paragraph\"><strong>SeneNews<\/strong><\/p>\n\n\n\n<p class=\"wp-block-paragraph\"><strong><em>@macite.tg&nbsp;&nbsp;&nbsp;&nbsp;&nbsp;&nbsp;&nbsp;&nbsp;<\/em><\/strong><\/p>\n\n\n\n<p class=\"wp-block-paragraph\"><strong><em>E-mail&nbsp;: <\/em><\/strong><a href=\"mailto:maciteinfo@gmail.com\"><strong><em>maciteinfo@gmail.com<\/em><\/strong><\/a><strong><em>; <\/em><\/strong><a href=\"mailto:bawela1@gmail.com\"><strong><em>bawela1@gmail.com<\/em><\/strong><\/a><strong><em><\/em><\/strong><\/p>\n\n\n\n<p class=\"wp-block-paragraph\"><strong><em>Pour vos annonces, (publi)reportages, etc., joignez nous au (00228)91515309\/<strong>79872224 <\/strong>www.macite.tg, L\u2019information, la bonne&nbsp;!<\/em><\/strong><\/p>\n","protected":false},"excerpt":{"rendered":"<p class=\"text-justify mb-2\" >Le PSG et Kylian Mbapp\u00e9 ont officiellement divorc\u00e9. PSG Community annonce en exclusivit\u00e9 cette information qui fera l\u2019effet d\u2019une bombe dans le monde du football. https:\/\/7378c88e61988e71af84b930a959c580.safeframe.googlesyndication.com\/safeframe\/1-0-40\/html\/container.html Dans cette saga \u00ab&nbsp;Mbapp\u00e9 partira, partira pas&nbsp;\u00bb, voici l\u2019\u00e9pisode 54564. Il est un secret de polichinelle que Kylian Mbapp\u00e9 [&hellip;]<\/p>\n","protected":false},"author":2,"featured_media":6654,"comment_status":"open","ping_status":"open","sticky":false,"template":"","format":"standard","meta":{"footnotes":""},"categories":[20,7],"tags":[],"class_list":["post-6653","post","type-post","status-publish","format-standard","has-post-thumbnail","hentry","category-actualite","category-sports"],"yoast_head":"<!-- This site is optimized with the Yoast SEO plugin v28.4 - https:\/\/yoast.com\/product\/yoast-seo-wordpress\/ -->\n<title>D\u00c9PART DE KYLIAN MBAPP\u00c9 DU PSG\u00a0: Le champion de France annonc\u00e9 au R\u00e9al Madrid -<\/title>\n<meta name=\"robots\" content=\"index, follow, max-snippet:-1, max-image-preview:large, max-video-preview:-1\" \/>\n<link rel=\"canonical\" href=\"https:\/\/macite.tg\/?p=6653\" \/>\n<meta property=\"og:locale\" content=\"fr_FR\" \/>\n<meta property=\"og:type\" content=\"article\" \/>\n<meta property=\"og:title\" content=\"D\u00c9PART DE KYLIAN MBAPP\u00c9 DU PSG\u00a0: Le champion de France annonc\u00e9 au R\u00e9al Madrid -\" \/>\n<meta property=\"og:description\" content=\"Le PSG et Kylian Mbapp\u00e9 ont officiellement divorc\u00e9. PSG Community annonce en exclusivit\u00e9 cette information qui fera l\u2019effet d\u2019une bombe dans le monde du football. https:\/\/7378c88e61988e71af84b930a959c580.safeframe.googlesyndication.com\/safeframe\/1-0-40\/html\/container.html Dans cette saga \u00ab&nbsp;Mbapp\u00e9 partira, partira pas&nbsp;\u00bb, voici l\u2019\u00e9pisode 54564. Il est un secret de polichinelle que Kylian Mbapp\u00e9 [&hellip;]\" \/>\n<meta property=\"og:url\" content=\"https:\/\/macite.tg\/?p=6653\" \/>\n<meta property=\"article:published_time\" content=\"2023-06-23T10:08:01+00:00\" \/>\n<meta property=\"article:modified_time\" content=\"2023-06-23T10:08:03+00:00\" \/>\n<meta property=\"og:image\" content=\"https:\/\/macite.tg\/wp-content\/uploads\/2023\/06\/Mbappe.jpg\" \/>\n\t<meta property=\"og:image:width\" content=\"300\" \/>\n\t<meta property=\"og:image:height\" content=\"168\" \/>\n\t<meta property=\"og:image:type\" content=\"image\/jpeg\" \/>\n<meta name=\"author\" content=\"Jean Pierre BAWELA\" \/>\n<meta name=\"twitter:card\" content=\"summary_large_image\" \/>\n<meta name=\"twitter:label1\" content=\"\u00c9crit par\" \/>\n\t<meta name=\"twitter:data1\" content=\"Jean Pierre BAWELA\" \/>\n\t<meta name=\"twitter:label2\" content=\"Dur\u00e9e de lecture estim\u00e9e\" \/>\n\t<meta name=\"twitter:data2\" content=\"3 minutes\" \/>\n<script type=\"application\/ld+json\" class=\"yoast-schema-graph\">{\"@context\":\"https:\\\/\\\/schema.org\",\"@graph\":[{\"@type\":\"Article\",\"@id\":\"https:\\\/\\\/macite.tg\\\/?p=6653#article\",\"isPartOf\":{\"@id\":\"https:\\\/\\\/macite.tg\\\/?p=6653\"},\"author\":{\"name\":\"Jean Pierre BAWELA\",\"@id\":\"https:\\\/\\\/macite.tg\\\/#\\\/schema\\\/person\\\/e9f2de7e5dbbe7770a9402c7ce82f5c2\"},\"headline\":\"D\u00c9PART DE KYLIAN MBAPP\u00c9 DU PSG\u00a0: Le champion de France annonc\u00e9 au R\u00e9al Madrid\",\"datePublished\":\"2023-06-23T10:08:01+00:00\",\"dateModified\":\"2023-06-23T10:08:03+00:00\",\"mainEntityOfPage\":{\"@id\":\"https:\\\/\\\/macite.tg\\\/?p=6653\"},\"wordCount\":643,\"commentCount\":0,\"image\":{\"@id\":\"https:\\\/\\\/macite.tg\\\/?p=6653#primaryimage\"},\"thumbnailUrl\":\"https:\\\/\\\/macite.tg\\\/wp-content\\\/uploads\\\/2023\\\/06\\\/Mbappe.jpg\",\"articleSection\":[\"ACTUALITE\",\"SPORTS\"],\"inLanguage\":\"fr-FR\",\"potentialAction\":[{\"@type\":\"CommentAction\",\"name\":\"Comment\",\"target\":[\"https:\\\/\\\/macite.tg\\\/?p=6653#respond\"]}]},{\"@type\":\"WebPage\",\"@id\":\"https:\\\/\\\/macite.tg\\\/?p=6653\",\"url\":\"https:\\\/\\\/macite.tg\\\/?p=6653\",\"name\":\"D\u00c9PART DE KYLIAN MBAPP\u00c9 DU PSG\u00a0: Le champion de France annonc\u00e9 au R\u00e9al Madrid -\",\"isPartOf\":{\"@id\":\"https:\\\/\\\/macite.tg\\\/#website\"},\"primaryImageOfPage\":{\"@id\":\"https:\\\/\\\/macite.tg\\\/?p=6653#primaryimage\"},\"image\":{\"@id\":\"https:\\\/\\\/macite.tg\\\/?p=6653#primaryimage\"},\"thumbnailUrl\":\"https:\\\/\\\/macite.tg\\\/wp-content\\\/uploads\\\/2023\\\/06\\\/Mbappe.jpg\",\"datePublished\":\"2023-06-23T10:08:01+00:00\",\"dateModified\":\"2023-06-23T10:08:03+00:00\",\"author\":{\"@id\":\"https:\\\/\\\/macite.tg\\\/#\\\/schema\\\/person\\\/e9f2de7e5dbbe7770a9402c7ce82f5c2\"},\"breadcrumb\":{\"@id\":\"https:\\\/\\\/macite.tg\\\/?p=6653#breadcrumb\"},\"inLanguage\":\"fr-FR\",\"potentialAction\":[{\"@type\":\"ReadAction\",\"target\":[\"https:\\\/\\\/macite.tg\\\/?p=6653\"]}]},{\"@type\":\"ImageObject\",\"inLanguage\":\"fr-FR\",\"@id\":\"https:\\\/\\\/macite.tg\\\/?p=6653#primaryimage\",\"url\":\"https:\\\/\\\/macite.tg\\\/wp-content\\\/uploads\\\/2023\\\/06\\\/Mbappe.jpg\",\"contentUrl\":\"https:\\\/\\\/macite.tg\\\/wp-content\\\/uploads\\\/2023\\\/06\\\/Mbappe.jpg\",\"width\":300,\"height\":168},{\"@type\":\"BreadcrumbList\",\"@id\":\"https:\\\/\\\/macite.tg\\\/?p=6653#breadcrumb\",\"itemListElement\":[{\"@type\":\"ListItem\",\"position\":1,\"name\":\"Accueil\",\"item\":\"https:\\\/\\\/macite.tg\\\/\"},{\"@type\":\"ListItem\",\"position\":2,\"name\":\"D\u00c9PART DE KYLIAN MBAPP\u00c9 DU PSG\u00a0: Le champion de France annonc\u00e9 au R\u00e9al Madrid\"}]},{\"@type\":\"WebSite\",\"@id\":\"https:\\\/\\\/macite.tg\\\/#website\",\"url\":\"https:\\\/\\\/macite.tg\\\/\",\"name\":\"\",\"description\":\"L&#039;information, la bonne!!!\",\"potentialAction\":[{\"@type\":\"SearchAction\",\"target\":{\"@type\":\"EntryPoint\",\"urlTemplate\":\"https:\\\/\\\/macite.tg\\\/?s={search_term_string}\"},\"query-input\":{\"@type\":\"PropertyValueSpecification\",\"valueRequired\":true,\"valueName\":\"search_term_string\"}}],\"inLanguage\":\"fr-FR\"},{\"@type\":\"Person\",\"@id\":\"https:\\\/\\\/macite.tg\\\/#\\\/schema\\\/person\\\/e9f2de7e5dbbe7770a9402c7ce82f5c2\",\"name\":\"Jean Pierre BAWELA\",\"image\":{\"@type\":\"ImageObject\",\"inLanguage\":\"fr-FR\",\"@id\":\"https:\\\/\\\/macite.tg\\\/wp-content\\\/uploads\\\/2023\\\/09\\\/WhatsApp-Image-2023-09-19-at-14.44.41-122x122.jpeg\",\"url\":\"https:\\\/\\\/macite.tg\\\/wp-content\\\/uploads\\\/2023\\\/09\\\/WhatsApp-Image-2023-09-19-at-14.44.41-122x122.jpeg\",\"contentUrl\":\"https:\\\/\\\/macite.tg\\\/wp-content\\\/uploads\\\/2023\\\/09\\\/WhatsApp-Image-2023-09-19-at-14.44.41-122x122.jpeg\",\"caption\":\"Jean Pierre BAWELA\"},\"url\":\"https:\\\/\\\/macite.tg\\\/?author=2\"}]}<\/script>\n<!-- \/ Yoast SEO plugin. -->","yoast_head_json":{"title":"D\u00c9PART DE KYLIAN MBAPP\u00c9 DU PSG\u00a0: Le champion de France annonc\u00e9 au R\u00e9al Madrid -","robots":{"index":"index","follow":"follow","max-snippet":"max-snippet:-1","max-image-preview":"max-image-preview:large","max-video-preview":"max-video-preview:-1"},"canonical":"https:\/\/macite.tg\/?p=6653","og_locale":"fr_FR","og_type":"article","og_title":"D\u00c9PART DE KYLIAN MBAPP\u00c9 DU PSG\u00a0: Le champion de France annonc\u00e9 au R\u00e9al Madrid -","og_description":"Le PSG et Kylian Mbapp\u00e9 ont officiellement divorc\u00e9. PSG Community annonce en exclusivit\u00e9 cette information qui fera l\u2019effet d\u2019une bombe dans le monde du football. https:\/\/7378c88e61988e71af84b930a959c580.safeframe.googlesyndication.com\/safeframe\/1-0-40\/html\/container.html Dans cette saga \u00ab&nbsp;Mbapp\u00e9 partira, partira pas&nbsp;\u00bb, voici l\u2019\u00e9pisode 54564. Il est un secret de polichinelle que Kylian Mbapp\u00e9 [&hellip;]","og_url":"https:\/\/macite.tg\/?p=6653","article_published_time":"2023-06-23T10:08:01+00:00","article_modified_time":"2023-06-23T10:08:03+00:00","og_image":[{"width":300,"height":168,"url":"https:\/\/macite.tg\/wp-content\/uploads\/2023\/06\/Mbappe.jpg","type":"image\/jpeg"}],"author":"Jean Pierre BAWELA","twitter_card":"summary_large_image","twitter_misc":{"\u00c9crit par":"Jean Pierre BAWELA","Dur\u00e9e de lecture estim\u00e9e":"3 minutes"},"schema":{"@context":"https:\/\/schema.org","@graph":[{"@type":"Article","@id":"https:\/\/macite.tg\/?p=6653#article","isPartOf":{"@id":"https:\/\/macite.tg\/?p=6653"},"author":{"name":"Jean Pierre BAWELA","@id":"https:\/\/macite.tg\/#\/schema\/person\/e9f2de7e5dbbe7770a9402c7ce82f5c2"},"headline":"D\u00c9PART DE KYLIAN MBAPP\u00c9 DU PSG\u00a0: Le champion de France annonc\u00e9 au R\u00e9al Madrid","datePublished":"2023-06-23T10:08:01+00:00","dateModified":"2023-06-23T10:08:03+00:00","mainEntityOfPage":{"@id":"https:\/\/macite.tg\/?p=6653"},"wordCount":643,"commentCount":0,"image":{"@id":"https:\/\/macite.tg\/?p=6653#primaryimage"},"thumbnailUrl":"https:\/\/macite.tg\/wp-content\/uploads\/2023\/06\/Mbappe.jpg","articleSection":["ACTUALITE","SPORTS"],"inLanguage":"fr-FR","potentialAction":[{"@type":"CommentAction","name":"Comment","target":["https:\/\/macite.tg\/?p=6653#respond"]}]},{"@type":"WebPage","@id":"https:\/\/macite.tg\/?p=6653","url":"https:\/\/macite.tg\/?p=6653","name":"D\u00c9PART DE KYLIAN MBAPP\u00c9 DU PSG\u00a0: Le champion de France annonc\u00e9 au R\u00e9al Madrid -","isPartOf":{"@id":"https:\/\/macite.tg\/#website"},"primaryImageOfPage":{"@id":"https:\/\/macite.tg\/?p=6653#primaryimage"},"image":{"@id":"https:\/\/macite.tg\/?p=6653#primaryimage"},"thumbnailUrl":"https:\/\/macite.tg\/wp-content\/uploads\/2023\/06\/Mbappe.jpg","datePublished":"2023-06-23T10:08:01+00:00","dateModified":"2023-06-23T10:08:03+00:00","author":{"@id":"https:\/\/macite.tg\/#\/schema\/person\/e9f2de7e5dbbe7770a9402c7ce82f5c2"},"breadcrumb":{"@id":"https:\/\/macite.tg\/?p=6653#breadcrumb"},"inLanguage":"fr-FR","potentialAction":[{"@type":"ReadAction","target":["https:\/\/macite.tg\/?p=6653"]}]},{"@type":"ImageObject","inLanguage":"fr-FR","@id":"https:\/\/macite.tg\/?p=6653#primaryimage","url":"https:\/\/macite.tg\/wp-content\/uploads\/2023\/06\/Mbappe.jpg","contentUrl":"https:\/\/macite.tg\/wp-content\/uploads\/2023\/06\/Mbappe.jpg","width":300,"height":168},{"@type":"BreadcrumbList","@id":"https:\/\/macite.tg\/?p=6653#breadcrumb","itemListElement":[{"@type":"ListItem","position":1,"name":"Accueil","item":"https:\/\/macite.tg\/"},{"@type":"ListItem","position":2,"name":"D\u00c9PART DE KYLIAN MBAPP\u00c9 DU PSG\u00a0: Le champion de France annonc\u00e9 au R\u00e9al Madrid"}]},{"@type":"WebSite","@id":"https:\/\/macite.tg\/#website","url":"https:\/\/macite.tg\/","name":"","description":"L&#039;information, la bonne!!!","potentialAction":[{"@type":"SearchAction","target":{"@type":"EntryPoint","urlTemplate":"https:\/\/macite.tg\/?s={search_term_string}"},"query-input":{"@type":"PropertyValueSpecification","valueRequired":true,"valueName":"search_term_string"}}],"inLanguage":"fr-FR"},{"@type":"Person","@id":"https:\/\/macite.tg\/#\/schema\/person\/e9f2de7e5dbbe7770a9402c7ce82f5c2","name":"Jean Pierre BAWELA","image":{"@type":"ImageObject","inLanguage":"fr-FR","@id":"https:\/\/macite.tg\/wp-content\/uploads\/2023\/09\/WhatsApp-Image-2023-09-19-at-14.44.41-122x122.jpeg","url":"https:\/\/macite.tg\/wp-content\/uploads\/2023\/09\/WhatsApp-Image-2023-09-19-at-14.44.41-122x122.jpeg","contentUrl":"https:\/\/macite.tg\/wp-content\/uploads\/2023\/09\/WhatsApp-Image-2023-09-19-at-14.44.41-122x122.jpeg","caption":"Jean Pierre BAWELA"},"url":"https:\/\/macite.tg\/?author=2"}]}},"_links":{"self":[{"href":"https:\/\/macite.tg\/index.php?rest_route=\/wp\/v2\/posts\/6653","targetHints":{"allow":["GET"]}}],"collection":[{"href":"https:\/\/macite.tg\/index.php?rest_route=\/wp\/v2\/posts"}],"about":[{"href":"https:\/\/macite.tg\/index.php?rest_route=\/wp\/v2\/types\/post"}],"author":[{"embeddable":true,"href":"https:\/\/macite.tg\/index.php?rest_route=\/wp\/v2\/users\/2"}],"replies":[{"embeddable":true,"href":"https:\/\/macite.tg\/index.php?rest_route=%2Fwp%2Fv2%2Fcomments&post=6653"}],"version-history":[{"count":0,"href":"https:\/\/macite.tg\/index.php?rest_route=\/wp\/v2\/posts\/6653\/revisions"}],"wp:featuredmedia":[{"embeddable":true,"href":"https:\/\/macite.tg\/index.php?rest_route=\/wp\/v2\/media\/6654"}],"wp:attachment":[{"href":"https:\/\/macite.tg\/index.php?rest_route=%2Fwp%2Fv2%2Fmedia&parent=6653"}],"wp:term":[{"taxonomy":"category","embeddable":true,"href":"https:\/\/macite.tg\/index.php?rest_route=%2Fwp%2Fv2%2Fcategories&post=6653"},{"taxonomy":"post_tag","embeddable":true,"href":"https:\/\/macite.tg\/index.php?rest_route=%2Fwp%2Fv2%2Ftags&post=6653"}],"curies":[{"name":"wp","href":"https:\/\/api.w.org\/{rel}","templated":true}]}}