{"id":6645,"date":"2023-06-22T19:30:47","date_gmt":"2023-06-22T19:30:47","guid":{"rendered":"https:\/\/macite.tg\/?p=6645"},"modified":"2023-06-22T19:30:48","modified_gmt":"2023-06-22T19:30:48","slug":"cop-28-le-president-faure-gnassingbe-invite-a-dubai-en-novembre-prochain","status":"publish","type":"post","link":"https:\/\/macite.tg\/?p=6645","title":{"rendered":"COP 28\u00a0: Le Pr\u00e9sident Faure Gnassingb\u00e9 invit\u00e9 \u00e0 Duba\u00ef en novembre prochain"},"content":{"rendered":"\n<p class=\"wp-block-paragraph\"><strong><em>La 28\u00e8 \u00e9dition de la Conf\u00e9rence des Parties sur les changements climatiques (COP 28) se d\u00e9roulera du 20 novembre au 12 d\u00e9cembre prochains \u00e0 Duba\u00ef, aux Emirats Arabes Unis.<\/em><\/strong><\/p>\n\n\n\n<p class=\"wp-block-paragraph\">Le comit\u00e9 d\u2019organisation est \u00e0 pied d\u2019\u0153uvre pour organiser au mieux cette rencontre internationale qui fera le suivi des engagements souscrits depuis 2015 et \u00e0 la rencontre de Paris de 2022.<\/p>\n\n\n\n<figure class=\"wp-block-image size-large\"><img loading=\"lazy\" decoding=\"async\" width=\"1024\" height=\"212\" src=\"https:\/\/macite.tg\/wp-content\/uploads\/2023\/06\/IMG-20230514-WA00962-2-1024x212.jpg\" alt=\"\" class=\"wp-image-6397\" srcset=\"https:\/\/macite.tg\/wp-content\/uploads\/2023\/06\/IMG-20230514-WA00962-2-1024x212.jpg 1024w, https:\/\/macite.tg\/wp-content\/uploads\/2023\/06\/IMG-20230514-WA00962-2-300x62.jpg 300w, https:\/\/macite.tg\/wp-content\/uploads\/2023\/06\/IMG-20230514-WA00962-2-768x159.jpg 768w, https:\/\/macite.tg\/wp-content\/uploads\/2023\/06\/IMG-20230514-WA00962-2-1536x318.jpg 1536w, https:\/\/macite.tg\/wp-content\/uploads\/2023\/06\/IMG-20230514-WA00962-2.jpg 1600w\" sizes=\"auto, (max-width: 1024px) 100vw, 1024px\" \/><\/figure>\n\n\n\n<p class=\"wp-block-paragraph\">Le Togo qui avait pris part, l\u2019an dernier en \u00c9gypte, aux n\u00e9gociations et avait m\u00eame pr\u00e9sent\u00e9 ses actions et projets dans le sens de la dynamique nouvelle, est tr\u00e8s attendu \u00e0 ce rendez-vous \u00e0 Duba\u00ef.<\/p>\n\n\n\n<p class=\"wp-block-paragraph\">C\u2019est dans ce sens qu\u2019un \u00e9missaire du pr\u00e9sident \u00e9mirati \u00e9tait \u00e0 Lom\u00e9 pour transmettre au Chef de l\u2019Etat togolais, l\u2019invitation de Son Altesse Sheikh Mohamed bin Zayed Al Nahyan.<\/p>\n\n\n<div class=\"wp-block-image\">\n<figure class=\"aligncenter size-full is-resized\"><img loading=\"lazy\" decoding=\"async\" src=\"https:\/\/macite.tg\/wp-content\/uploads\/2023\/06\/Panneau-2-12m2-1024x768-1.jpg\" alt=\"\" class=\"wp-image-6592\" width=\"536\" height=\"403\" srcset=\"https:\/\/macite.tg\/wp-content\/uploads\/2023\/06\/Panneau-2-12m2-1024x768-1.jpg 1024w, https:\/\/macite.tg\/wp-content\/uploads\/2023\/06\/Panneau-2-12m2-1024x768-1-300x225.jpg 300w, https:\/\/macite.tg\/wp-content\/uploads\/2023\/06\/Panneau-2-12m2-1024x768-1-768x576.jpg 768w\" sizes=\"auto, (max-width: 536px) 100vw, 536px\" \/><\/figure>\n<\/div>\n\n\n<p class=\"wp-block-paragraph\">Le de la mission des Emirats Arabes Unis accr\u00e9dit\u00e9 au Togo, Amer Alawi, a saisi l\u2019occasion, pour s\u2019entretenir avec le Pr\u00e9sident Faure Gnassingb\u00e9, sur la entre les deux pays. Ils ont \u00e9galement envisag\u00e9 les moyens \u00e0 mettre en \u0153uvre en vue de son renforcement.<\/p>\n\n\n\n<p class=\"wp-block-paragraph\"><strong>La R\u00e9daction<\/strong><\/p>\n\n\n\n<p class=\"wp-block-paragraph\"><strong><em>@macite.tg&nbsp;&nbsp;&nbsp;&nbsp;&nbsp;&nbsp;&nbsp;&nbsp;<\/em><\/strong><\/p>\n\n\n\n<p class=\"wp-block-paragraph\"><strong><em>E-mail&nbsp;: <\/em><\/strong><a href=\"mailto:maciteinfo@gmail.com\"><strong><em>maciteinfo@gmail.com<\/em><\/strong><\/a><strong><em>; <\/em><\/strong><a href=\"mailto:bawela1@gmail.com\"><strong><em>bawela1@gmail.com<\/em><\/strong><\/a><strong><em><\/em><\/strong><\/p>\n\n\n\n<p class=\"wp-block-paragraph\"><strong><em>Pour vos annonces, (publi)reportages, etc., joignez nous au (00228)91515309\/<strong>79872224 <\/strong>www.macite.tg, L\u2019information, la bonne&nbsp;!<\/em><\/strong><\/p>\n","protected":false},"excerpt":{"rendered":"<p class=\"text-justify mb-2\" >La 28\u00e8 \u00e9dition de la Conf\u00e9rence des Parties sur les changements climatiques (COP 28) se d\u00e9roulera du 20 novembre au 12 d\u00e9cembre prochains \u00e0 Duba\u00ef, aux Emirats Arabes Unis. Le comit\u00e9 d\u2019organisation est \u00e0 pied d\u2019\u0153uvre pour organiser au mieux cette rencontre internationale qui fera [&hellip;]<\/p>\n","protected":false},"author":2,"featured_media":6646,"comment_status":"open","ping_status":"open","sticky":false,"template":"","format":"standard","meta":{"footnotes":""},"categories":[19],"tags":[],"class_list":["post-6645","post","type-post","status-publish","format-standard","has-post-thumbnail","hentry","category-environnement"],"yoast_head":"<!-- This site is optimized with the Yoast SEO plugin v28.4 - https:\/\/yoast.com\/product\/yoast-seo-wordpress\/ -->\n<title>COP 28\u00a0: Le Pr\u00e9sident Faure Gnassingb\u00e9 invit\u00e9 \u00e0 Duba\u00ef en novembre prochain -<\/title>\n<meta name=\"robots\" content=\"index, follow, max-snippet:-1, max-image-preview:large, max-video-preview:-1\" \/>\n<link rel=\"canonical\" href=\"https:\/\/macite.tg\/?p=6645\" \/>\n<meta property=\"og:locale\" content=\"fr_FR\" \/>\n<meta property=\"og:type\" content=\"article\" \/>\n<meta property=\"og:title\" content=\"COP 28\u00a0: Le Pr\u00e9sident Faure Gnassingb\u00e9 invit\u00e9 \u00e0 Duba\u00ef en novembre prochain -\" \/>\n<meta property=\"og:description\" content=\"La 28\u00e8 \u00e9dition de la Conf\u00e9rence des Parties sur les changements climatiques (COP 28) se d\u00e9roulera du 20 novembre au 12 d\u00e9cembre prochains \u00e0 Duba\u00ef, aux Emirats Arabes Unis. Le comit\u00e9 d\u2019organisation est \u00e0 pied d\u2019\u0153uvre pour organiser au mieux cette rencontre internationale qui fera [&hellip;]\" \/>\n<meta property=\"og:url\" content=\"https:\/\/macite.tg\/?p=6645\" \/>\n<meta property=\"article:published_time\" content=\"2023-06-22T19:30:47+00:00\" \/>\n<meta property=\"article:modified_time\" content=\"2023-06-22T19:30:48+00:00\" \/>\n<meta property=\"og:image\" content=\"https:\/\/macite.tg\/wp-content\/uploads\/2023\/06\/fbbf385751ea7a625ce2a9ac02593ee0_L.jpg\" \/>\n\t<meta property=\"og:image:width\" content=\"500\" \/>\n\t<meta property=\"og:image:height\" content=\"333\" \/>\n\t<meta property=\"og:image:type\" content=\"image\/jpeg\" \/>\n<meta name=\"author\" content=\"Jean Pierre BAWELA\" \/>\n<meta name=\"twitter:card\" content=\"summary_large_image\" \/>\n<meta name=\"twitter:label1\" content=\"\u00c9crit par\" \/>\n\t<meta name=\"twitter:data1\" content=\"Jean Pierre BAWELA\" \/>\n\t<meta name=\"twitter:label2\" content=\"Dur\u00e9e de lecture estim\u00e9e\" \/>\n\t<meta name=\"twitter:data2\" content=\"1 minute\" \/>\n<script type=\"application\/ld+json\" class=\"yoast-schema-graph\">{\"@context\":\"https:\\\/\\\/schema.org\",\"@graph\":[{\"@type\":\"Article\",\"@id\":\"https:\\\/\\\/macite.tg\\\/?p=6645#article\",\"isPartOf\":{\"@id\":\"https:\\\/\\\/macite.tg\\\/?p=6645\"},\"author\":{\"name\":\"Jean Pierre BAWELA\",\"@id\":\"https:\\\/\\\/macite.tg\\\/#\\\/schema\\\/person\\\/e9f2de7e5dbbe7770a9402c7ce82f5c2\"},\"headline\":\"COP 28\u00a0: Le Pr\u00e9sident Faure Gnassingb\u00e9 invit\u00e9 \u00e0 Duba\u00ef en novembre prochain\",\"datePublished\":\"2023-06-22T19:30:47+00:00\",\"dateModified\":\"2023-06-22T19:30:48+00:00\",\"mainEntityOfPage\":{\"@id\":\"https:\\\/\\\/macite.tg\\\/?p=6645\"},\"wordCount\":223,\"commentCount\":0,\"image\":{\"@id\":\"https:\\\/\\\/macite.tg\\\/?p=6645#primaryimage\"},\"thumbnailUrl\":\"https:\\\/\\\/macite.tg\\\/wp-content\\\/uploads\\\/2023\\\/06\\\/fbbf385751ea7a625ce2a9ac02593ee0_L.jpg\",\"articleSection\":[\"ENVIRONNEMENT\"],\"inLanguage\":\"fr-FR\",\"potentialAction\":[{\"@type\":\"CommentAction\",\"name\":\"Comment\",\"target\":[\"https:\\\/\\\/macite.tg\\\/?p=6645#respond\"]}]},{\"@type\":\"WebPage\",\"@id\":\"https:\\\/\\\/macite.tg\\\/?p=6645\",\"url\":\"https:\\\/\\\/macite.tg\\\/?p=6645\",\"name\":\"COP 28\u00a0: Le Pr\u00e9sident Faure Gnassingb\u00e9 invit\u00e9 \u00e0 Duba\u00ef en novembre prochain -\",\"isPartOf\":{\"@id\":\"https:\\\/\\\/macite.tg\\\/#website\"},\"primaryImageOfPage\":{\"@id\":\"https:\\\/\\\/macite.tg\\\/?p=6645#primaryimage\"},\"image\":{\"@id\":\"https:\\\/\\\/macite.tg\\\/?p=6645#primaryimage\"},\"thumbnailUrl\":\"https:\\\/\\\/macite.tg\\\/wp-content\\\/uploads\\\/2023\\\/06\\\/fbbf385751ea7a625ce2a9ac02593ee0_L.jpg\",\"datePublished\":\"2023-06-22T19:30:47+00:00\",\"dateModified\":\"2023-06-22T19:30:48+00:00\",\"author\":{\"@id\":\"https:\\\/\\\/macite.tg\\\/#\\\/schema\\\/person\\\/e9f2de7e5dbbe7770a9402c7ce82f5c2\"},\"breadcrumb\":{\"@id\":\"https:\\\/\\\/macite.tg\\\/?p=6645#breadcrumb\"},\"inLanguage\":\"fr-FR\",\"potentialAction\":[{\"@type\":\"ReadAction\",\"target\":[\"https:\\\/\\\/macite.tg\\\/?p=6645\"]}]},{\"@type\":\"ImageObject\",\"inLanguage\":\"fr-FR\",\"@id\":\"https:\\\/\\\/macite.tg\\\/?p=6645#primaryimage\",\"url\":\"https:\\\/\\\/macite.tg\\\/wp-content\\\/uploads\\\/2023\\\/06\\\/fbbf385751ea7a625ce2a9ac02593ee0_L.jpg\",\"contentUrl\":\"https:\\\/\\\/macite.tg\\\/wp-content\\\/uploads\\\/2023\\\/06\\\/fbbf385751ea7a625ce2a9ac02593ee0_L.jpg\",\"width\":500,\"height\":333},{\"@type\":\"BreadcrumbList\",\"@id\":\"https:\\\/\\\/macite.tg\\\/?p=6645#breadcrumb\",\"itemListElement\":[{\"@type\":\"ListItem\",\"position\":1,\"name\":\"Accueil\",\"item\":\"https:\\\/\\\/macite.tg\\\/\"},{\"@type\":\"ListItem\",\"position\":2,\"name\":\"COP 28\u00a0: Le Pr\u00e9sident Faure Gnassingb\u00e9 invit\u00e9 \u00e0 Duba\u00ef en novembre prochain\"}]},{\"@type\":\"WebSite\",\"@id\":\"https:\\\/\\\/macite.tg\\\/#website\",\"url\":\"https:\\\/\\\/macite.tg\\\/\",\"name\":\"\",\"description\":\"L&#039;information, la bonne!!!\",\"potentialAction\":[{\"@type\":\"SearchAction\",\"target\":{\"@type\":\"EntryPoint\",\"urlTemplate\":\"https:\\\/\\\/macite.tg\\\/?s={search_term_string}\"},\"query-input\":{\"@type\":\"PropertyValueSpecification\",\"valueRequired\":true,\"valueName\":\"search_term_string\"}}],\"inLanguage\":\"fr-FR\"},{\"@type\":\"Person\",\"@id\":\"https:\\\/\\\/macite.tg\\\/#\\\/schema\\\/person\\\/e9f2de7e5dbbe7770a9402c7ce82f5c2\",\"name\":\"Jean Pierre BAWELA\",\"image\":{\"@type\":\"ImageObject\",\"inLanguage\":\"fr-FR\",\"@id\":\"https:\\\/\\\/macite.tg\\\/wp-content\\\/uploads\\\/2023\\\/09\\\/WhatsApp-Image-2023-09-19-at-14.44.41-122x122.jpeg\",\"url\":\"https:\\\/\\\/macite.tg\\\/wp-content\\\/uploads\\\/2023\\\/09\\\/WhatsApp-Image-2023-09-19-at-14.44.41-122x122.jpeg\",\"contentUrl\":\"https:\\\/\\\/macite.tg\\\/wp-content\\\/uploads\\\/2023\\\/09\\\/WhatsApp-Image-2023-09-19-at-14.44.41-122x122.jpeg\",\"caption\":\"Jean Pierre BAWELA\"},\"url\":\"https:\\\/\\\/macite.tg\\\/?author=2\"}]}<\/script>\n<!-- \/ Yoast SEO plugin. -->","yoast_head_json":{"title":"COP 28\u00a0: Le Pr\u00e9sident Faure Gnassingb\u00e9 invit\u00e9 \u00e0 Duba\u00ef en novembre prochain -","robots":{"index":"index","follow":"follow","max-snippet":"max-snippet:-1","max-image-preview":"max-image-preview:large","max-video-preview":"max-video-preview:-1"},"canonical":"https:\/\/macite.tg\/?p=6645","og_locale":"fr_FR","og_type":"article","og_title":"COP 28\u00a0: Le Pr\u00e9sident Faure Gnassingb\u00e9 invit\u00e9 \u00e0 Duba\u00ef en novembre prochain -","og_description":"La 28\u00e8 \u00e9dition de la Conf\u00e9rence des Parties sur les changements climatiques (COP 28) se d\u00e9roulera du 20 novembre au 12 d\u00e9cembre prochains \u00e0 Duba\u00ef, aux Emirats Arabes Unis. Le comit\u00e9 d\u2019organisation est \u00e0 pied d\u2019\u0153uvre pour organiser au mieux cette rencontre internationale qui fera [&hellip;]","og_url":"https:\/\/macite.tg\/?p=6645","article_published_time":"2023-06-22T19:30:47+00:00","article_modified_time":"2023-06-22T19:30:48+00:00","og_image":[{"width":500,"height":333,"url":"https:\/\/macite.tg\/wp-content\/uploads\/2023\/06\/fbbf385751ea7a625ce2a9ac02593ee0_L.jpg","type":"image\/jpeg"}],"author":"Jean Pierre BAWELA","twitter_card":"summary_large_image","twitter_misc":{"\u00c9crit par":"Jean Pierre BAWELA","Dur\u00e9e de lecture estim\u00e9e":"1 minute"},"schema":{"@context":"https:\/\/schema.org","@graph":[{"@type":"Article","@id":"https:\/\/macite.tg\/?p=6645#article","isPartOf":{"@id":"https:\/\/macite.tg\/?p=6645"},"author":{"name":"Jean Pierre BAWELA","@id":"https:\/\/macite.tg\/#\/schema\/person\/e9f2de7e5dbbe7770a9402c7ce82f5c2"},"headline":"COP 28\u00a0: Le Pr\u00e9sident Faure Gnassingb\u00e9 invit\u00e9 \u00e0 Duba\u00ef en novembre prochain","datePublished":"2023-06-22T19:30:47+00:00","dateModified":"2023-06-22T19:30:48+00:00","mainEntityOfPage":{"@id":"https:\/\/macite.tg\/?p=6645"},"wordCount":223,"commentCount":0,"image":{"@id":"https:\/\/macite.tg\/?p=6645#primaryimage"},"thumbnailUrl":"https:\/\/macite.tg\/wp-content\/uploads\/2023\/06\/fbbf385751ea7a625ce2a9ac02593ee0_L.jpg","articleSection":["ENVIRONNEMENT"],"inLanguage":"fr-FR","potentialAction":[{"@type":"CommentAction","name":"Comment","target":["https:\/\/macite.tg\/?p=6645#respond"]}]},{"@type":"WebPage","@id":"https:\/\/macite.tg\/?p=6645","url":"https:\/\/macite.tg\/?p=6645","name":"COP 28\u00a0: Le Pr\u00e9sident Faure Gnassingb\u00e9 invit\u00e9 \u00e0 Duba\u00ef en novembre prochain -","isPartOf":{"@id":"https:\/\/macite.tg\/#website"},"primaryImageOfPage":{"@id":"https:\/\/macite.tg\/?p=6645#primaryimage"},"image":{"@id":"https:\/\/macite.tg\/?p=6645#primaryimage"},"thumbnailUrl":"https:\/\/macite.tg\/wp-content\/uploads\/2023\/06\/fbbf385751ea7a625ce2a9ac02593ee0_L.jpg","datePublished":"2023-06-22T19:30:47+00:00","dateModified":"2023-06-22T19:30:48+00:00","author":{"@id":"https:\/\/macite.tg\/#\/schema\/person\/e9f2de7e5dbbe7770a9402c7ce82f5c2"},"breadcrumb":{"@id":"https:\/\/macite.tg\/?p=6645#breadcrumb"},"inLanguage":"fr-FR","potentialAction":[{"@type":"ReadAction","target":["https:\/\/macite.tg\/?p=6645"]}]},{"@type":"ImageObject","inLanguage":"fr-FR","@id":"https:\/\/macite.tg\/?p=6645#primaryimage","url":"https:\/\/macite.tg\/wp-content\/uploads\/2023\/06\/fbbf385751ea7a625ce2a9ac02593ee0_L.jpg","contentUrl":"https:\/\/macite.tg\/wp-content\/uploads\/2023\/06\/fbbf385751ea7a625ce2a9ac02593ee0_L.jpg","width":500,"height":333},{"@type":"BreadcrumbList","@id":"https:\/\/macite.tg\/?p=6645#breadcrumb","itemListElement":[{"@type":"ListItem","position":1,"name":"Accueil","item":"https:\/\/macite.tg\/"},{"@type":"ListItem","position":2,"name":"COP 28\u00a0: Le Pr\u00e9sident Faure Gnassingb\u00e9 invit\u00e9 \u00e0 Duba\u00ef en novembre prochain"}]},{"@type":"WebSite","@id":"https:\/\/macite.tg\/#website","url":"https:\/\/macite.tg\/","name":"","description":"L&#039;information, la bonne!!!","potentialAction":[{"@type":"SearchAction","target":{"@type":"EntryPoint","urlTemplate":"https:\/\/macite.tg\/?s={search_term_string}"},"query-input":{"@type":"PropertyValueSpecification","valueRequired":true,"valueName":"search_term_string"}}],"inLanguage":"fr-FR"},{"@type":"Person","@id":"https:\/\/macite.tg\/#\/schema\/person\/e9f2de7e5dbbe7770a9402c7ce82f5c2","name":"Jean Pierre BAWELA","image":{"@type":"ImageObject","inLanguage":"fr-FR","@id":"https:\/\/macite.tg\/wp-content\/uploads\/2023\/09\/WhatsApp-Image-2023-09-19-at-14.44.41-122x122.jpeg","url":"https:\/\/macite.tg\/wp-content\/uploads\/2023\/09\/WhatsApp-Image-2023-09-19-at-14.44.41-122x122.jpeg","contentUrl":"https:\/\/macite.tg\/wp-content\/uploads\/2023\/09\/WhatsApp-Image-2023-09-19-at-14.44.41-122x122.jpeg","caption":"Jean Pierre BAWELA"},"url":"https:\/\/macite.tg\/?author=2"}]}},"_links":{"self":[{"href":"https:\/\/macite.tg\/index.php?rest_route=\/wp\/v2\/posts\/6645","targetHints":{"allow":["GET"]}}],"collection":[{"href":"https:\/\/macite.tg\/index.php?rest_route=\/wp\/v2\/posts"}],"about":[{"href":"https:\/\/macite.tg\/index.php?rest_route=\/wp\/v2\/types\/post"}],"author":[{"embeddable":true,"href":"https:\/\/macite.tg\/index.php?rest_route=\/wp\/v2\/users\/2"}],"replies":[{"embeddable":true,"href":"https:\/\/macite.tg\/index.php?rest_route=%2Fwp%2Fv2%2Fcomments&post=6645"}],"version-history":[{"count":0,"href":"https:\/\/macite.tg\/index.php?rest_route=\/wp\/v2\/posts\/6645\/revisions"}],"wp:featuredmedia":[{"embeddable":true,"href":"https:\/\/macite.tg\/index.php?rest_route=\/wp\/v2\/media\/6646"}],"wp:attachment":[{"href":"https:\/\/macite.tg\/index.php?rest_route=%2Fwp%2Fv2%2Fmedia&parent=6645"}],"wp:term":[{"taxonomy":"category","embeddable":true,"href":"https:\/\/macite.tg\/index.php?rest_route=%2Fwp%2Fv2%2Fcategories&post=6645"},{"taxonomy":"post_tag","embeddable":true,"href":"https:\/\/macite.tg\/index.php?rest_route=%2Fwp%2Fv2%2Ftags&post=6645"}],"curies":[{"name":"wp","href":"https:\/\/api.w.org\/{rel}","templated":true}]}}