{"id":6639,"date":"2023-06-22T19:12:17","date_gmt":"2023-06-22T19:12:17","guid":{"rendered":"https:\/\/macite.tg\/?p=6639"},"modified":"2023-06-26T17:31:54","modified_gmt":"2023-06-26T17:31:54","slug":"laid-el-kebir-ou-tabaski-2023-la-fete-du-mouton-au-togo-cest-le-28-juin-prochain-umt","status":"publish","type":"post","link":"https:\/\/macite.tg\/?p=6639","title":{"rendered":"L\u2019A\u00cfD EL K\u00c9BIR OU TABASKI 2023\u00a0: La f\u00eate du mouton au Togo, c\u2019est le 28 juin prochain (UMT)"},"content":{"rendered":"\n<p class=\"wp-block-paragraph\"><\/p>\n\n\n\n<p class=\"wp-block-paragraph\"><strong><em>La communaut\u00e9 musulmane va c\u00e9l\u00e9brer la f\u00eate du mouton, ou l\u2019A\u00efd El K\u00e9bir (Tabaski) le mercredi 28 juin prochain. L\u2019annonce a \u00e9t\u00e9 faite, ce 22 juin 2023, par l\u2019Union Musulmane du Togo (UMT).<\/em><\/strong> LOM\u00c9 <\/p>\n\n\n\n<p class=\"wp-block-paragraph\">La f\u00eate de Tabaski ou l\u2019A\u00efd El K\u00e9bir, sera c\u00e9l\u00e9br\u00e9e le mercredi 28 juin 2023 au Togo. C\u2019est ce qu\u2019a annonc\u00e9 l\u2019Union Musulmane du Togo (UMT) dans un communiqu\u00e9 en date de ce 22 juin 2023.<\/p>\n\n\n\n<figure class=\"wp-block-image size-large\"><img loading=\"lazy\" decoding=\"async\" width=\"1024\" height=\"212\" src=\"https:\/\/macite.tg\/wp-content\/uploads\/2023\/06\/IMG-20230514-WA00962-2-1024x212.jpg\" alt=\"\" class=\"wp-image-6397\" srcset=\"https:\/\/macite.tg\/wp-content\/uploads\/2023\/06\/IMG-20230514-WA00962-2-1024x212.jpg 1024w, https:\/\/macite.tg\/wp-content\/uploads\/2023\/06\/IMG-20230514-WA00962-2-300x62.jpg 300w, https:\/\/macite.tg\/wp-content\/uploads\/2023\/06\/IMG-20230514-WA00962-2-768x159.jpg 768w, https:\/\/macite.tg\/wp-content\/uploads\/2023\/06\/IMG-20230514-WA00962-2-1536x318.jpg 1536w, https:\/\/macite.tg\/wp-content\/uploads\/2023\/06\/IMG-20230514-WA00962-2.jpg 1600w\" sizes=\"auto, (max-width: 1024px) 100vw, 1024px\" \/><\/figure>\n\n\n\n<p class=\"wp-block-paragraph\">Selon le communiqu\u00e9, les pri\u00e8res de circonstances se feront, comme chaque ann\u00e9e, dans les lieux habituels, ceci \u00e0 partir de 09 heures<em>.<\/em><\/p>\n\n\n\n<p class=\"wp-block-paragraph\">La Tabaski, \u00e9galement appel\u00e9e \u00ab A\u00efd el-Adha \u00bb (f\u00eate du sacrifice), est la grande f\u00eate des fid\u00e8les de Mohammed. Elle correspond aussi \u00e0 la fin du p\u00e8lerinage \u00e0&nbsp; La Mecque, commun\u00e9ment appel\u00e9 le hadj.&nbsp; Cette f\u00eate est c\u00e9l\u00e9br\u00e9e par les musulmans du monde entier, qui ont la latitude de la comm\u00e9morer \u00e0 partir du 9 juillet.<\/p>\n\n\n<div class=\"wp-block-image\">\n<figure class=\"aligncenter size-large is-resized\"><img loading=\"lazy\" decoding=\"async\" src=\"https:\/\/macite.tg\/wp-content\/uploads\/2023\/06\/Panneau-2-12m2-1-1024x768.jpg\" alt=\"\" class=\"wp-image-6381\" width=\"548\" height=\"411\" srcset=\"https:\/\/macite.tg\/wp-content\/uploads\/2023\/06\/Panneau-2-12m2-1-1024x768.jpg 1024w, https:\/\/macite.tg\/wp-content\/uploads\/2023\/06\/Panneau-2-12m2-1-300x225.jpg 300w, https:\/\/macite.tg\/wp-content\/uploads\/2023\/06\/Panneau-2-12m2-1-768x576.jpg 768w, https:\/\/macite.tg\/wp-content\/uploads\/2023\/06\/Panneau-2-12m2-1-1536x1152.jpg 1536w, https:\/\/macite.tg\/wp-content\/uploads\/2023\/06\/Panneau-2-12m2-1-2048x1536.jpg 2048w\" sizes=\"auto, (max-width: 548px) 100vw, 548px\" \/><\/figure>\n<\/div>\n\n\n<p class=\"wp-block-paragraph\">La Tabaski est \u00e9galement l\u2019occasion de partages, de r\u00e9jouissances, et de convivialit\u00e9s entre les familles et les proches. Cette journ\u00e9e est f\u00e9ri\u00e9e&#8230;<\/p>\n\n\n<div class=\"wp-block-image\">\n<figure class=\"aligncenter size-full\"><img loading=\"lazy\" decoding=\"async\" width=\"514\" height=\"733\" src=\"https:\/\/macite.tg\/wp-content\/uploads\/2023\/06\/IMG-20230622-WA0096.jpg\" alt=\"\" class=\"wp-image-6642\" srcset=\"https:\/\/macite.tg\/wp-content\/uploads\/2023\/06\/IMG-20230622-WA0096.jpg 514w, https:\/\/macite.tg\/wp-content\/uploads\/2023\/06\/IMG-20230622-WA0096-210x300.jpg 210w\" sizes=\"auto, (max-width: 514px) 100vw, 514px\" \/><\/figure>\n<\/div>\n\n\n<p class=\"wp-block-paragraph\"><strong>La R\u00e9daction<\/strong><\/p>\n\n\n\n<p class=\"wp-block-paragraph\"><strong><em>@macite.tg&nbsp;&nbsp;&nbsp;&nbsp;&nbsp;&nbsp;&nbsp;&nbsp;<\/em><\/strong><\/p>\n\n\n\n<p class=\"wp-block-paragraph\"><strong><em>E-mail&nbsp;: <\/em><\/strong><a href=\"mailto:maciteinfo@gmail.com\"><strong><em>maciteinfo@gmail.com<\/em><\/strong><\/a><strong><em>; <\/em><\/strong><a href=\"mailto:bawela1@gmail.com\"><strong><em>bawela1@gmail.com<\/em><\/strong><\/a><\/p>\n\n\n\n<p class=\"wp-block-paragraph\"><strong><em>Pour vos annonces, (publi)reportages, etc., joignez nous au (00228)91515309\/<strong>79872224 <\/strong>www.macite.tg, L\u2019information, la bonne&nbsp;!<\/em><\/strong><\/p>\n","protected":false},"excerpt":{"rendered":"<p class=\"text-justify mb-2\" >La communaut\u00e9 musulmane va c\u00e9l\u00e9brer la f\u00eate du mouton, ou l\u2019A\u00efd El K\u00e9bir (Tabaski) le mercredi 28 juin prochain. L\u2019annonce a \u00e9t\u00e9 faite, ce 22 juin 2023, par l\u2019Union Musulmane du Togo (UMT). LOM\u00c9 La f\u00eate de Tabaski ou l\u2019A\u00efd El K\u00e9bir, sera c\u00e9l\u00e9br\u00e9e le [&hellip;]<\/p>\n","protected":false},"author":2,"featured_media":6640,"comment_status":"open","ping_status":"open","sticky":false,"template":"","format":"standard","meta":{"footnotes":""},"categories":[40,6],"tags":[],"class_list":["post-6639","post","type-post","status-publish","format-standard","has-post-thumbnail","hentry","category-religion","category-societe"],"yoast_head":"<!-- This site is optimized with the Yoast SEO plugin v28.4 - https:\/\/yoast.com\/product\/yoast-seo-wordpress\/ -->\n<title>L\u2019A\u00cfD EL K\u00c9BIR OU TABASKI 2023\u00a0: La f\u00eate du mouton au Togo, c\u2019est le 28 juin prochain (UMT) -<\/title>\n<meta name=\"robots\" content=\"index, follow, max-snippet:-1, max-image-preview:large, max-video-preview:-1\" \/>\n<link rel=\"canonical\" href=\"https:\/\/macite.tg\/?p=6639\" \/>\n<meta property=\"og:locale\" content=\"fr_FR\" \/>\n<meta property=\"og:type\" content=\"article\" \/>\n<meta property=\"og:title\" content=\"L\u2019A\u00cfD EL K\u00c9BIR OU TABASKI 2023\u00a0: La f\u00eate du mouton au Togo, c\u2019est le 28 juin prochain (UMT) -\" \/>\n<meta property=\"og:description\" content=\"La communaut\u00e9 musulmane va c\u00e9l\u00e9brer la f\u00eate du mouton, ou l\u2019A\u00efd El K\u00e9bir (Tabaski) le mercredi 28 juin prochain. L\u2019annonce a \u00e9t\u00e9 faite, ce 22 juin 2023, par l\u2019Union Musulmane du Togo (UMT). LOM\u00c9 La f\u00eate de Tabaski ou l\u2019A\u00efd El K\u00e9bir, sera c\u00e9l\u00e9br\u00e9e le [&hellip;]\" \/>\n<meta property=\"og:url\" content=\"https:\/\/macite.tg\/?p=6639\" \/>\n<meta property=\"article:published_time\" content=\"2023-06-22T19:12:17+00:00\" \/>\n<meta property=\"article:modified_time\" content=\"2023-06-26T17:31:54+00:00\" \/>\n<meta property=\"og:image\" content=\"https:\/\/macite.tg\/wp-content\/uploads\/2023\/06\/Tabaski.jpg\" \/>\n\t<meta property=\"og:image:width\" content=\"318\" \/>\n\t<meta property=\"og:image:height\" content=\"159\" \/>\n\t<meta property=\"og:image:type\" content=\"image\/jpeg\" \/>\n<meta name=\"author\" content=\"Jean Pierre BAWELA\" \/>\n<meta name=\"twitter:card\" content=\"summary_large_image\" \/>\n<meta name=\"twitter:label1\" content=\"\u00c9crit par\" \/>\n\t<meta name=\"twitter:data1\" content=\"Jean Pierre BAWELA\" \/>\n\t<meta name=\"twitter:label2\" content=\"Dur\u00e9e de lecture estim\u00e9e\" \/>\n\t<meta name=\"twitter:data2\" content=\"1 minute\" \/>\n<script type=\"application\/ld+json\" class=\"yoast-schema-graph\">{\"@context\":\"https:\\\/\\\/schema.org\",\"@graph\":[{\"@type\":\"Article\",\"@id\":\"https:\\\/\\\/macite.tg\\\/?p=6639#article\",\"isPartOf\":{\"@id\":\"https:\\\/\\\/macite.tg\\\/?p=6639\"},\"author\":{\"name\":\"Jean Pierre BAWELA\",\"@id\":\"https:\\\/\\\/macite.tg\\\/#\\\/schema\\\/person\\\/e9f2de7e5dbbe7770a9402c7ce82f5c2\"},\"headline\":\"L\u2019A\u00cfD EL K\u00c9BIR OU TABASKI 2023\u00a0: La f\u00eate du mouton au Togo, c\u2019est le 28 juin prochain (UMT)\",\"datePublished\":\"2023-06-22T19:12:17+00:00\",\"dateModified\":\"2023-06-26T17:31:54+00:00\",\"mainEntityOfPage\":{\"@id\":\"https:\\\/\\\/macite.tg\\\/?p=6639\"},\"wordCount\":254,\"commentCount\":0,\"image\":{\"@id\":\"https:\\\/\\\/macite.tg\\\/?p=6639#primaryimage\"},\"thumbnailUrl\":\"https:\\\/\\\/macite.tg\\\/wp-content\\\/uploads\\\/2023\\\/06\\\/Tabaski.jpg\",\"articleSection\":[\"RELIGION\",\"SOCIETE\"],\"inLanguage\":\"fr-FR\",\"potentialAction\":[{\"@type\":\"CommentAction\",\"name\":\"Comment\",\"target\":[\"https:\\\/\\\/macite.tg\\\/?p=6639#respond\"]}]},{\"@type\":\"WebPage\",\"@id\":\"https:\\\/\\\/macite.tg\\\/?p=6639\",\"url\":\"https:\\\/\\\/macite.tg\\\/?p=6639\",\"name\":\"L\u2019A\u00cfD EL K\u00c9BIR OU TABASKI 2023\u00a0: La f\u00eate du mouton au Togo, c\u2019est le 28 juin prochain (UMT) -\",\"isPartOf\":{\"@id\":\"https:\\\/\\\/macite.tg\\\/#website\"},\"primaryImageOfPage\":{\"@id\":\"https:\\\/\\\/macite.tg\\\/?p=6639#primaryimage\"},\"image\":{\"@id\":\"https:\\\/\\\/macite.tg\\\/?p=6639#primaryimage\"},\"thumbnailUrl\":\"https:\\\/\\\/macite.tg\\\/wp-content\\\/uploads\\\/2023\\\/06\\\/Tabaski.jpg\",\"datePublished\":\"2023-06-22T19:12:17+00:00\",\"dateModified\":\"2023-06-26T17:31:54+00:00\",\"author\":{\"@id\":\"https:\\\/\\\/macite.tg\\\/#\\\/schema\\\/person\\\/e9f2de7e5dbbe7770a9402c7ce82f5c2\"},\"breadcrumb\":{\"@id\":\"https:\\\/\\\/macite.tg\\\/?p=6639#breadcrumb\"},\"inLanguage\":\"fr-FR\",\"potentialAction\":[{\"@type\":\"ReadAction\",\"target\":[\"https:\\\/\\\/macite.tg\\\/?p=6639\"]}]},{\"@type\":\"ImageObject\",\"inLanguage\":\"fr-FR\",\"@id\":\"https:\\\/\\\/macite.tg\\\/?p=6639#primaryimage\",\"url\":\"https:\\\/\\\/macite.tg\\\/wp-content\\\/uploads\\\/2023\\\/06\\\/Tabaski.jpg\",\"contentUrl\":\"https:\\\/\\\/macite.tg\\\/wp-content\\\/uploads\\\/2023\\\/06\\\/Tabaski.jpg\",\"width\":318,\"height\":159},{\"@type\":\"BreadcrumbList\",\"@id\":\"https:\\\/\\\/macite.tg\\\/?p=6639#breadcrumb\",\"itemListElement\":[{\"@type\":\"ListItem\",\"position\":1,\"name\":\"Accueil\",\"item\":\"https:\\\/\\\/macite.tg\\\/\"},{\"@type\":\"ListItem\",\"position\":2,\"name\":\"L\u2019A\u00cfD EL K\u00c9BIR OU TABASKI 2023\u00a0: La f\u00eate du mouton au Togo, c\u2019est le 28 juin prochain (UMT)\"}]},{\"@type\":\"WebSite\",\"@id\":\"https:\\\/\\\/macite.tg\\\/#website\",\"url\":\"https:\\\/\\\/macite.tg\\\/\",\"name\":\"\",\"description\":\"L&#039;information, la bonne!!!\",\"potentialAction\":[{\"@type\":\"SearchAction\",\"target\":{\"@type\":\"EntryPoint\",\"urlTemplate\":\"https:\\\/\\\/macite.tg\\\/?s={search_term_string}\"},\"query-input\":{\"@type\":\"PropertyValueSpecification\",\"valueRequired\":true,\"valueName\":\"search_term_string\"}}],\"inLanguage\":\"fr-FR\"},{\"@type\":\"Person\",\"@id\":\"https:\\\/\\\/macite.tg\\\/#\\\/schema\\\/person\\\/e9f2de7e5dbbe7770a9402c7ce82f5c2\",\"name\":\"Jean Pierre BAWELA\",\"image\":{\"@type\":\"ImageObject\",\"inLanguage\":\"fr-FR\",\"@id\":\"https:\\\/\\\/macite.tg\\\/wp-content\\\/uploads\\\/2023\\\/09\\\/WhatsApp-Image-2023-09-19-at-14.44.41-122x122.jpeg\",\"url\":\"https:\\\/\\\/macite.tg\\\/wp-content\\\/uploads\\\/2023\\\/09\\\/WhatsApp-Image-2023-09-19-at-14.44.41-122x122.jpeg\",\"contentUrl\":\"https:\\\/\\\/macite.tg\\\/wp-content\\\/uploads\\\/2023\\\/09\\\/WhatsApp-Image-2023-09-19-at-14.44.41-122x122.jpeg\",\"caption\":\"Jean Pierre BAWELA\"},\"url\":\"https:\\\/\\\/macite.tg\\\/?author=2\"}]}<\/script>\n<!-- \/ Yoast SEO plugin. -->","yoast_head_json":{"title":"L\u2019A\u00cfD EL K\u00c9BIR OU TABASKI 2023\u00a0: La f\u00eate du mouton au Togo, c\u2019est le 28 juin prochain (UMT) -","robots":{"index":"index","follow":"follow","max-snippet":"max-snippet:-1","max-image-preview":"max-image-preview:large","max-video-preview":"max-video-preview:-1"},"canonical":"https:\/\/macite.tg\/?p=6639","og_locale":"fr_FR","og_type":"article","og_title":"L\u2019A\u00cfD EL K\u00c9BIR OU TABASKI 2023\u00a0: La f\u00eate du mouton au Togo, c\u2019est le 28 juin prochain (UMT) -","og_description":"La communaut\u00e9 musulmane va c\u00e9l\u00e9brer la f\u00eate du mouton, ou l\u2019A\u00efd El K\u00e9bir (Tabaski) le mercredi 28 juin prochain. L\u2019annonce a \u00e9t\u00e9 faite, ce 22 juin 2023, par l\u2019Union Musulmane du Togo (UMT). LOM\u00c9 La f\u00eate de Tabaski ou l\u2019A\u00efd El K\u00e9bir, sera c\u00e9l\u00e9br\u00e9e le [&hellip;]","og_url":"https:\/\/macite.tg\/?p=6639","article_published_time":"2023-06-22T19:12:17+00:00","article_modified_time":"2023-06-26T17:31:54+00:00","og_image":[{"width":318,"height":159,"url":"https:\/\/macite.tg\/wp-content\/uploads\/2023\/06\/Tabaski.jpg","type":"image\/jpeg"}],"author":"Jean Pierre BAWELA","twitter_card":"summary_large_image","twitter_misc":{"\u00c9crit par":"Jean Pierre BAWELA","Dur\u00e9e de lecture estim\u00e9e":"1 minute"},"schema":{"@context":"https:\/\/schema.org","@graph":[{"@type":"Article","@id":"https:\/\/macite.tg\/?p=6639#article","isPartOf":{"@id":"https:\/\/macite.tg\/?p=6639"},"author":{"name":"Jean Pierre BAWELA","@id":"https:\/\/macite.tg\/#\/schema\/person\/e9f2de7e5dbbe7770a9402c7ce82f5c2"},"headline":"L\u2019A\u00cfD EL K\u00c9BIR OU TABASKI 2023\u00a0: La f\u00eate du mouton au Togo, c\u2019est le 28 juin prochain (UMT)","datePublished":"2023-06-22T19:12:17+00:00","dateModified":"2023-06-26T17:31:54+00:00","mainEntityOfPage":{"@id":"https:\/\/macite.tg\/?p=6639"},"wordCount":254,"commentCount":0,"image":{"@id":"https:\/\/macite.tg\/?p=6639#primaryimage"},"thumbnailUrl":"https:\/\/macite.tg\/wp-content\/uploads\/2023\/06\/Tabaski.jpg","articleSection":["RELIGION","SOCIETE"],"inLanguage":"fr-FR","potentialAction":[{"@type":"CommentAction","name":"Comment","target":["https:\/\/macite.tg\/?p=6639#respond"]}]},{"@type":"WebPage","@id":"https:\/\/macite.tg\/?p=6639","url":"https:\/\/macite.tg\/?p=6639","name":"L\u2019A\u00cfD EL K\u00c9BIR OU TABASKI 2023\u00a0: La f\u00eate du mouton au Togo, c\u2019est le 28 juin prochain (UMT) -","isPartOf":{"@id":"https:\/\/macite.tg\/#website"},"primaryImageOfPage":{"@id":"https:\/\/macite.tg\/?p=6639#primaryimage"},"image":{"@id":"https:\/\/macite.tg\/?p=6639#primaryimage"},"thumbnailUrl":"https:\/\/macite.tg\/wp-content\/uploads\/2023\/06\/Tabaski.jpg","datePublished":"2023-06-22T19:12:17+00:00","dateModified":"2023-06-26T17:31:54+00:00","author":{"@id":"https:\/\/macite.tg\/#\/schema\/person\/e9f2de7e5dbbe7770a9402c7ce82f5c2"},"breadcrumb":{"@id":"https:\/\/macite.tg\/?p=6639#breadcrumb"},"inLanguage":"fr-FR","potentialAction":[{"@type":"ReadAction","target":["https:\/\/macite.tg\/?p=6639"]}]},{"@type":"ImageObject","inLanguage":"fr-FR","@id":"https:\/\/macite.tg\/?p=6639#primaryimage","url":"https:\/\/macite.tg\/wp-content\/uploads\/2023\/06\/Tabaski.jpg","contentUrl":"https:\/\/macite.tg\/wp-content\/uploads\/2023\/06\/Tabaski.jpg","width":318,"height":159},{"@type":"BreadcrumbList","@id":"https:\/\/macite.tg\/?p=6639#breadcrumb","itemListElement":[{"@type":"ListItem","position":1,"name":"Accueil","item":"https:\/\/macite.tg\/"},{"@type":"ListItem","position":2,"name":"L\u2019A\u00cfD EL K\u00c9BIR OU TABASKI 2023\u00a0: La f\u00eate du mouton au Togo, c\u2019est le 28 juin prochain (UMT)"}]},{"@type":"WebSite","@id":"https:\/\/macite.tg\/#website","url":"https:\/\/macite.tg\/","name":"","description":"L&#039;information, la bonne!!!","potentialAction":[{"@type":"SearchAction","target":{"@type":"EntryPoint","urlTemplate":"https:\/\/macite.tg\/?s={search_term_string}"},"query-input":{"@type":"PropertyValueSpecification","valueRequired":true,"valueName":"search_term_string"}}],"inLanguage":"fr-FR"},{"@type":"Person","@id":"https:\/\/macite.tg\/#\/schema\/person\/e9f2de7e5dbbe7770a9402c7ce82f5c2","name":"Jean Pierre BAWELA","image":{"@type":"ImageObject","inLanguage":"fr-FR","@id":"https:\/\/macite.tg\/wp-content\/uploads\/2023\/09\/WhatsApp-Image-2023-09-19-at-14.44.41-122x122.jpeg","url":"https:\/\/macite.tg\/wp-content\/uploads\/2023\/09\/WhatsApp-Image-2023-09-19-at-14.44.41-122x122.jpeg","contentUrl":"https:\/\/macite.tg\/wp-content\/uploads\/2023\/09\/WhatsApp-Image-2023-09-19-at-14.44.41-122x122.jpeg","caption":"Jean Pierre BAWELA"},"url":"https:\/\/macite.tg\/?author=2"}]}},"_links":{"self":[{"href":"https:\/\/macite.tg\/index.php?rest_route=\/wp\/v2\/posts\/6639","targetHints":{"allow":["GET"]}}],"collection":[{"href":"https:\/\/macite.tg\/index.php?rest_route=\/wp\/v2\/posts"}],"about":[{"href":"https:\/\/macite.tg\/index.php?rest_route=\/wp\/v2\/types\/post"}],"author":[{"embeddable":true,"href":"https:\/\/macite.tg\/index.php?rest_route=\/wp\/v2\/users\/2"}],"replies":[{"embeddable":true,"href":"https:\/\/macite.tg\/index.php?rest_route=%2Fwp%2Fv2%2Fcomments&post=6639"}],"version-history":[{"count":0,"href":"https:\/\/macite.tg\/index.php?rest_route=\/wp\/v2\/posts\/6639\/revisions"}],"wp:featuredmedia":[{"embeddable":true,"href":"https:\/\/macite.tg\/index.php?rest_route=\/wp\/v2\/media\/6640"}],"wp:attachment":[{"href":"https:\/\/macite.tg\/index.php?rest_route=%2Fwp%2Fv2%2Fmedia&parent=6639"}],"wp:term":[{"taxonomy":"category","embeddable":true,"href":"https:\/\/macite.tg\/index.php?rest_route=%2Fwp%2Fv2%2Fcategories&post=6639"},{"taxonomy":"post_tag","embeddable":true,"href":"https:\/\/macite.tg\/index.php?rest_route=%2Fwp%2Fv2%2Ftags&post=6639"}],"curies":[{"name":"wp","href":"https:\/\/api.w.org\/{rel}","templated":true}]}}