{"id":6628,"date":"2023-06-22T13:35:34","date_gmt":"2023-06-22T13:35:34","guid":{"rendered":"https:\/\/macite.tg\/?p=6628"},"modified":"2023-06-22T13:35:36","modified_gmt":"2023-06-22T13:35:36","slug":"polemique-sur-lhymne-national-algerien-le-parlement-francais-demande-au-gouvernement-de-sevir","status":"publish","type":"post","link":"https:\/\/macite.tg\/?p=6628","title":{"rendered":"POL\u00c9MIQUE SUR L\u2019HYMNE NATIONAL ALG\u00c9RIEN\u00a0: Le Parlement fran\u00e7ais demande au Gouvernement de s\u00e9vir"},"content":{"rendered":"\n<p class=\"wp-block-paragraph\"><strong><em>La modification, ou mieux, l\u2019insertion, par d\u00e9cret pr\u00e9sidentiel, d\u2019un passage \u2018\u2019anti-fran\u00e7ais\u2019\u2019 dans l\u2019hymne national alg\u00e9rien, vient raviver les tensions d\u00e9j\u00e0 perceptibles entre l\u2019Alg\u00e9rie et la France.<\/em><\/strong><\/p>\n\n\n\n<p class=\"wp-block-paragraph\">Un d\u00e9cret pr\u00e9sidentiel paru dans le Journal officiel alg\u00e9rien, modifie l\u2019hymne national de l\u2019Alg\u00e9rie, Kassaman (\u00ab\u00a0Nous jurons\u00a0\u00bb), \u00e9crit depuis 1955 et adopt\u00e9 en 1963. <\/p>\n\n\n<div class=\"wp-block-image\">\n<figure class=\"aligncenter size-full is-resized\"><img loading=\"lazy\" decoding=\"async\" src=\"https:\/\/macite.tg\/wp-content\/uploads\/2023\/06\/Panneau-2-12m2-1024x768-1.jpg\" alt=\"\" class=\"wp-image-6592\" width=\"544\" height=\"408\" srcset=\"https:\/\/macite.tg\/wp-content\/uploads\/2023\/06\/Panneau-2-12m2-1024x768-1.jpg 1024w, https:\/\/macite.tg\/wp-content\/uploads\/2023\/06\/Panneau-2-12m2-1024x768-1-300x225.jpg 300w, https:\/\/macite.tg\/wp-content\/uploads\/2023\/06\/Panneau-2-12m2-1024x768-1-768x576.jpg 768w\" sizes=\"auto, (max-width: 544px) 100vw, 544px\" \/><\/figure>\n<\/div>\n\n\n<p class=\"wp-block-paragraph\">En effet, deux phrases, notamment <em>\u00ab&nbsp;\u00f4<\/em><em>&nbsp;France&nbsp;! Voici venu le jour o\u00f9 il te faut rendre des comptes&nbsp;!\u00bb, <\/em>qui, selon les analystes, modifient&nbsp;les circonstances dans desquelles&nbsp;l&rsquo;hymne de l\u2019Alg\u00e9rie. Et de pr\u00e9ciser que cet hymne devrait \u00eatre jou\u00e9 en version abr\u00e9g\u00e9e ou dans sa version int\u00e9grale de cinq couplets.<\/p>\n\n\n\n<p class=\"wp-block-paragraph\">C\u2019est justement cet ajout, un passage \u2018\u2019anti-fran\u00e7ais\u2019\u2019, relance la pol\u00e9mique dans l\u2019opinion fran\u00e7aise au point de faire les choux gr\u00e2ces du Parlement fran\u00e7ais qui n\u2019en finit pas de demander des comptes au gouvernement de la France.<\/p>\n\n\n\n<p class=\"wp-block-paragraph\">Selon les parlementaires, <em>\u00ab&nbsp;ces mots sont remplies de haine (\u2026)&nbsp;\u00bb<\/em> <em>envers la France, officialis\u00e9 par d\u00e9cret par le Pr\u00e9sident Abdelmadjid Tebboune, alors qu\u2019ils \u00e9taient prononc\u00e9s que lors des congr\u00e8s du FLN<\/em> <em>(Front de lib\u00e9ration nationale, officiellement Parti Front de lib\u00e9ration nationale, un parti politique alg\u00e9rien fond\u00e9 en 1954, au pouvoir de 1962 \u00e0 1992 et depuis 1999, ndlr),&nbsp;est un d\u00e9saveu &nbsp;pour le pr\u00e9sident Macron qui pr\u00e9tendait vouloir donner un nouvel \u00e9lan \u00e0 la relation entre la France et l\u2019Alg\u00e9rie&nbsp;\u00bb<\/em>, note le Parlement fran\u00e7ais.<\/p>\n\n\n\n<p class=\"wp-block-paragraph\"><em>\u00ab&nbsp;Ce n\u2019est pas le premier camouflet, le pr\u00e9sident alg\u00e9rien \u00e9tait attendu en France, il a pr\u00e9f\u00e9r\u00e9 se rendre en Russie pour renforcer son partenariat avec ce pays qui menace la stabilit\u00e9 du monde. Combien de vexations subies avec la reculade sur les visas et l\u2019ing\u00e9rence dans nos \u00e9lections (\u2026)&nbsp;\u00bb<\/em>, a relev\u00e9 une parlementaire fran\u00e7aise, qui note <em>\u00ab&nbsp;un affaiblissement diplomatique et un m\u00e9pris de la France \u00e0 cause de ce choix de nous tourner vers l\u2019Alg\u00e9rie au d\u00e9triment de nos alli\u00e9s marocains&nbsp;\u00bb.<\/em><\/p>\n\n\n\n<figure class=\"wp-block-image size-large\"><img loading=\"lazy\" decoding=\"async\" width=\"1024\" height=\"212\" src=\"https:\/\/macite.tg\/wp-content\/uploads\/2023\/06\/IMG-20230514-WA00962-3-1024x212.jpg\" alt=\"\" class=\"wp-image-6399\" srcset=\"https:\/\/macite.tg\/wp-content\/uploads\/2023\/06\/IMG-20230514-WA00962-3-1024x212.jpg 1024w, https:\/\/macite.tg\/wp-content\/uploads\/2023\/06\/IMG-20230514-WA00962-3-300x62.jpg 300w, https:\/\/macite.tg\/wp-content\/uploads\/2023\/06\/IMG-20230514-WA00962-3-768x159.jpg 768w, https:\/\/macite.tg\/wp-content\/uploads\/2023\/06\/IMG-20230514-WA00962-3-1536x318.jpg 1536w, https:\/\/macite.tg\/wp-content\/uploads\/2023\/06\/IMG-20230514-WA00962-3.jpg 1600w\" sizes=\"auto, (max-width: 1024px) 100vw, 1024px\" \/><\/figure>\n\n\n\n<p class=\"wp-block-paragraph\"><em>\u00ab(\u2026)&nbsp;Cette d\u00e9cision du pr\u00e9sident alg\u00e9rien<\/em>,<em> n\u2019est pas anodine, mais calcul\u00e9e, qui d\u00e9signe la France comme ennemie, est inacceptable&nbsp;\u00bb,<\/em> a martel\u00e9 la parlementaire, avant d\u2019inviter la France <em>\u00ab&nbsp;\u00e0 avoir une r\u00e9action \u00e0 la hauteur de l\u2019indignation&nbsp;\u00bb. <\/em>Elle va plus loin pour proposer des <em>\u00ab&nbsp;mesures fortes telles que l\u2019abrogation (\u2026) de 1968 qui facilite l\u2019migration alg\u00e9rienne en France&nbsp;\u00bb.<\/em> Il faut <em>\u00ab&nbsp;tout simplement reprendre le contr\u00f4le et donner \u00e0 notre pays tout le respect qu\u2019il m\u00e9rite&nbsp;\u00bb<\/em>, a-t-elle conclu.<\/p>\n\n\n\n<p class=\"wp-block-paragraph\">Selon des indiscr\u00e9tions, ce couplet qui r\u00e9tablit <em>\u00ab&nbsp;l&rsquo;heure des comptes a sonn\u00e9&nbsp;\u00bb<\/em> entre, notamment l\u2019Alg\u00e9rie et la France, d\u00e9signerait le moment id\u00e9al pour couper le cordon ombilical avec la France. Ceci signifierait ne plus avoir la France comme partenaire commercial privil\u00e9gier\u2026<\/p>\n\n\n\n<p class=\"wp-block-paragraph\"><strong><em>Affaire \u00e0 suivre\u2026<\/em><\/strong><\/p>\n\n\n\n<p class=\"wp-block-paragraph\"><strong><em>@macite.tg&nbsp;&nbsp;&nbsp;&nbsp;&nbsp;&nbsp;&nbsp;&nbsp;<\/em><\/strong><\/p>\n\n\n\n<p class=\"wp-block-paragraph\"><strong><em>E-mail&nbsp;: <\/em><\/strong><a href=\"mailto:maciteinfo@gmail.com\"><strong><em>maciteinfo@gmail.com<\/em><\/strong><\/a><strong><em>; <\/em><\/strong><a href=\"mailto:bawela1@gmail.com\"><strong><em>bawela1@gmail.com<\/em><\/strong><\/a><strong><em><\/em><\/strong><\/p>\n\n\n\n<p class=\"wp-block-paragraph\"><strong><em>Pour vos annonces, (publi)reportages, etc., joignez nous au (00228)91515309\/<strong>79872224 <\/strong>www.macite.tg, L\u2019information, la bonne&nbsp;!<\/em><\/strong><\/p>\n","protected":false},"excerpt":{"rendered":"<p class=\"text-justify mb-2\" >La modification, ou mieux, l\u2019insertion, par d\u00e9cret pr\u00e9sidentiel, d\u2019un passage \u2018\u2019anti-fran\u00e7ais\u2019\u2019 dans l\u2019hymne national alg\u00e9rien, vient raviver les tensions d\u00e9j\u00e0 perceptibles entre l\u2019Alg\u00e9rie et la France. Un d\u00e9cret pr\u00e9sidentiel paru dans le Journal officiel alg\u00e9rien, modifie l\u2019hymne national de l\u2019Alg\u00e9rie, Kassaman (\u00ab\u00a0Nous jurons\u00a0\u00bb), \u00e9crit depuis [&hellip;]<\/p>\n","protected":false},"author":2,"featured_media":6631,"comment_status":"open","ping_status":"open","sticky":false,"template":"","format":"standard","meta":{"footnotes":""},"categories":[20,27],"tags":[],"class_list":["post-6628","post","type-post","status-publish","format-standard","has-post-thumbnail","hentry","category-actualite","category-opinion"],"yoast_head":"<!-- This site is optimized with the Yoast SEO plugin v28.4 - https:\/\/yoast.com\/product\/yoast-seo-wordpress\/ -->\n<title>POL\u00c9MIQUE SUR L\u2019HYMNE NATIONAL ALG\u00c9RIEN\u00a0: Le Parlement fran\u00e7ais demande au Gouvernement de s\u00e9vir -<\/title>\n<meta name=\"robots\" content=\"index, follow, max-snippet:-1, max-image-preview:large, max-video-preview:-1\" \/>\n<link rel=\"canonical\" href=\"https:\/\/macite.tg\/?p=6628\" \/>\n<meta property=\"og:locale\" content=\"fr_FR\" \/>\n<meta property=\"og:type\" content=\"article\" \/>\n<meta property=\"og:title\" content=\"POL\u00c9MIQUE SUR L\u2019HYMNE NATIONAL ALG\u00c9RIEN\u00a0: Le Parlement fran\u00e7ais demande au Gouvernement de s\u00e9vir -\" \/>\n<meta property=\"og:description\" content=\"La modification, ou mieux, l\u2019insertion, par d\u00e9cret pr\u00e9sidentiel, d\u2019un passage \u2018\u2019anti-fran\u00e7ais\u2019\u2019 dans l\u2019hymne national alg\u00e9rien, vient raviver les tensions d\u00e9j\u00e0 perceptibles entre l\u2019Alg\u00e9rie et la France. Un d\u00e9cret pr\u00e9sidentiel paru dans le Journal officiel alg\u00e9rien, modifie l\u2019hymne national de l\u2019Alg\u00e9rie, Kassaman (\u00ab\u00a0Nous jurons\u00a0\u00bb), \u00e9crit depuis [&hellip;]\" \/>\n<meta property=\"og:url\" content=\"https:\/\/macite.tg\/?p=6628\" \/>\n<meta property=\"article:published_time\" content=\"2023-06-22T13:35:34+00:00\" \/>\n<meta property=\"article:modified_time\" content=\"2023-06-22T13:35:36+00:00\" \/>\n<meta property=\"og:image\" content=\"https:\/\/macite.tg\/wp-content\/uploads\/2023\/06\/IMG-20230622-WA0061.jpg\" \/>\n\t<meta property=\"og:image:width\" content=\"1280\" \/>\n\t<meta property=\"og:image:height\" content=\"887\" \/>\n\t<meta property=\"og:image:type\" content=\"image\/jpeg\" \/>\n<meta name=\"author\" content=\"Jean Pierre BAWELA\" \/>\n<meta name=\"twitter:card\" content=\"summary_large_image\" \/>\n<meta name=\"twitter:label1\" content=\"\u00c9crit par\" \/>\n\t<meta name=\"twitter:data1\" content=\"Jean Pierre BAWELA\" \/>\n\t<meta name=\"twitter:label2\" content=\"Dur\u00e9e de lecture estim\u00e9e\" \/>\n\t<meta name=\"twitter:data2\" content=\"3 minutes\" \/>\n<script type=\"application\/ld+json\" class=\"yoast-schema-graph\">{\"@context\":\"https:\\\/\\\/schema.org\",\"@graph\":[{\"@type\":\"Article\",\"@id\":\"https:\\\/\\\/macite.tg\\\/?p=6628#article\",\"isPartOf\":{\"@id\":\"https:\\\/\\\/macite.tg\\\/?p=6628\"},\"author\":{\"name\":\"Jean Pierre BAWELA\",\"@id\":\"https:\\\/\\\/macite.tg\\\/#\\\/schema\\\/person\\\/e9f2de7e5dbbe7770a9402c7ce82f5c2\"},\"headline\":\"POL\u00c9MIQUE SUR L\u2019HYMNE NATIONAL ALG\u00c9RIEN\u00a0: Le Parlement fran\u00e7ais demande au Gouvernement de s\u00e9vir\",\"datePublished\":\"2023-06-22T13:35:34+00:00\",\"dateModified\":\"2023-06-22T13:35:36+00:00\",\"mainEntityOfPage\":{\"@id\":\"https:\\\/\\\/macite.tg\\\/?p=6628\"},\"wordCount\":561,\"commentCount\":0,\"image\":{\"@id\":\"https:\\\/\\\/macite.tg\\\/?p=6628#primaryimage\"},\"thumbnailUrl\":\"https:\\\/\\\/macite.tg\\\/wp-content\\\/uploads\\\/2023\\\/06\\\/IMG-20230622-WA0061.jpg\",\"articleSection\":[\"ACTUALITE\",\"OPINION\"],\"inLanguage\":\"fr-FR\",\"potentialAction\":[{\"@type\":\"CommentAction\",\"name\":\"Comment\",\"target\":[\"https:\\\/\\\/macite.tg\\\/?p=6628#respond\"]}]},{\"@type\":\"WebPage\",\"@id\":\"https:\\\/\\\/macite.tg\\\/?p=6628\",\"url\":\"https:\\\/\\\/macite.tg\\\/?p=6628\",\"name\":\"POL\u00c9MIQUE SUR L\u2019HYMNE NATIONAL ALG\u00c9RIEN\u00a0: Le Parlement fran\u00e7ais demande au Gouvernement de s\u00e9vir -\",\"isPartOf\":{\"@id\":\"https:\\\/\\\/macite.tg\\\/#website\"},\"primaryImageOfPage\":{\"@id\":\"https:\\\/\\\/macite.tg\\\/?p=6628#primaryimage\"},\"image\":{\"@id\":\"https:\\\/\\\/macite.tg\\\/?p=6628#primaryimage\"},\"thumbnailUrl\":\"https:\\\/\\\/macite.tg\\\/wp-content\\\/uploads\\\/2023\\\/06\\\/IMG-20230622-WA0061.jpg\",\"datePublished\":\"2023-06-22T13:35:34+00:00\",\"dateModified\":\"2023-06-22T13:35:36+00:00\",\"author\":{\"@id\":\"https:\\\/\\\/macite.tg\\\/#\\\/schema\\\/person\\\/e9f2de7e5dbbe7770a9402c7ce82f5c2\"},\"breadcrumb\":{\"@id\":\"https:\\\/\\\/macite.tg\\\/?p=6628#breadcrumb\"},\"inLanguage\":\"fr-FR\",\"potentialAction\":[{\"@type\":\"ReadAction\",\"target\":[\"https:\\\/\\\/macite.tg\\\/?p=6628\"]}]},{\"@type\":\"ImageObject\",\"inLanguage\":\"fr-FR\",\"@id\":\"https:\\\/\\\/macite.tg\\\/?p=6628#primaryimage\",\"url\":\"https:\\\/\\\/macite.tg\\\/wp-content\\\/uploads\\\/2023\\\/06\\\/IMG-20230622-WA0061.jpg\",\"contentUrl\":\"https:\\\/\\\/macite.tg\\\/wp-content\\\/uploads\\\/2023\\\/06\\\/IMG-20230622-WA0061.jpg\",\"width\":1280,\"height\":887},{\"@type\":\"BreadcrumbList\",\"@id\":\"https:\\\/\\\/macite.tg\\\/?p=6628#breadcrumb\",\"itemListElement\":[{\"@type\":\"ListItem\",\"position\":1,\"name\":\"Accueil\",\"item\":\"https:\\\/\\\/macite.tg\\\/\"},{\"@type\":\"ListItem\",\"position\":2,\"name\":\"POL\u00c9MIQUE SUR L\u2019HYMNE NATIONAL ALG\u00c9RIEN\u00a0: Le Parlement fran\u00e7ais demande au Gouvernement de s\u00e9vir\"}]},{\"@type\":\"WebSite\",\"@id\":\"https:\\\/\\\/macite.tg\\\/#website\",\"url\":\"https:\\\/\\\/macite.tg\\\/\",\"name\":\"\",\"description\":\"L&#039;information, la bonne!!!\",\"potentialAction\":[{\"@type\":\"SearchAction\",\"target\":{\"@type\":\"EntryPoint\",\"urlTemplate\":\"https:\\\/\\\/macite.tg\\\/?s={search_term_string}\"},\"query-input\":{\"@type\":\"PropertyValueSpecification\",\"valueRequired\":true,\"valueName\":\"search_term_string\"}}],\"inLanguage\":\"fr-FR\"},{\"@type\":\"Person\",\"@id\":\"https:\\\/\\\/macite.tg\\\/#\\\/schema\\\/person\\\/e9f2de7e5dbbe7770a9402c7ce82f5c2\",\"name\":\"Jean Pierre BAWELA\",\"image\":{\"@type\":\"ImageObject\",\"inLanguage\":\"fr-FR\",\"@id\":\"https:\\\/\\\/macite.tg\\\/wp-content\\\/uploads\\\/2023\\\/09\\\/WhatsApp-Image-2023-09-19-at-14.44.41-122x122.jpeg\",\"url\":\"https:\\\/\\\/macite.tg\\\/wp-content\\\/uploads\\\/2023\\\/09\\\/WhatsApp-Image-2023-09-19-at-14.44.41-122x122.jpeg\",\"contentUrl\":\"https:\\\/\\\/macite.tg\\\/wp-content\\\/uploads\\\/2023\\\/09\\\/WhatsApp-Image-2023-09-19-at-14.44.41-122x122.jpeg\",\"caption\":\"Jean Pierre BAWELA\"},\"url\":\"https:\\\/\\\/macite.tg\\\/?author=2\"}]}<\/script>\n<!-- \/ Yoast SEO plugin. -->","yoast_head_json":{"title":"POL\u00c9MIQUE SUR L\u2019HYMNE NATIONAL ALG\u00c9RIEN\u00a0: Le Parlement fran\u00e7ais demande au Gouvernement de s\u00e9vir -","robots":{"index":"index","follow":"follow","max-snippet":"max-snippet:-1","max-image-preview":"max-image-preview:large","max-video-preview":"max-video-preview:-1"},"canonical":"https:\/\/macite.tg\/?p=6628","og_locale":"fr_FR","og_type":"article","og_title":"POL\u00c9MIQUE SUR L\u2019HYMNE NATIONAL ALG\u00c9RIEN\u00a0: Le Parlement fran\u00e7ais demande au Gouvernement de s\u00e9vir -","og_description":"La modification, ou mieux, l\u2019insertion, par d\u00e9cret pr\u00e9sidentiel, d\u2019un passage \u2018\u2019anti-fran\u00e7ais\u2019\u2019 dans l\u2019hymne national alg\u00e9rien, vient raviver les tensions d\u00e9j\u00e0 perceptibles entre l\u2019Alg\u00e9rie et la France. Un d\u00e9cret pr\u00e9sidentiel paru dans le Journal officiel alg\u00e9rien, modifie l\u2019hymne national de l\u2019Alg\u00e9rie, Kassaman (\u00ab\u00a0Nous jurons\u00a0\u00bb), \u00e9crit depuis [&hellip;]","og_url":"https:\/\/macite.tg\/?p=6628","article_published_time":"2023-06-22T13:35:34+00:00","article_modified_time":"2023-06-22T13:35:36+00:00","og_image":[{"width":1280,"height":887,"url":"https:\/\/macite.tg\/wp-content\/uploads\/2023\/06\/IMG-20230622-WA0061.jpg","type":"image\/jpeg"}],"author":"Jean Pierre BAWELA","twitter_card":"summary_large_image","twitter_misc":{"\u00c9crit par":"Jean Pierre BAWELA","Dur\u00e9e de lecture estim\u00e9e":"3 minutes"},"schema":{"@context":"https:\/\/schema.org","@graph":[{"@type":"Article","@id":"https:\/\/macite.tg\/?p=6628#article","isPartOf":{"@id":"https:\/\/macite.tg\/?p=6628"},"author":{"name":"Jean Pierre BAWELA","@id":"https:\/\/macite.tg\/#\/schema\/person\/e9f2de7e5dbbe7770a9402c7ce82f5c2"},"headline":"POL\u00c9MIQUE SUR L\u2019HYMNE NATIONAL ALG\u00c9RIEN\u00a0: Le Parlement fran\u00e7ais demande au Gouvernement de s\u00e9vir","datePublished":"2023-06-22T13:35:34+00:00","dateModified":"2023-06-22T13:35:36+00:00","mainEntityOfPage":{"@id":"https:\/\/macite.tg\/?p=6628"},"wordCount":561,"commentCount":0,"image":{"@id":"https:\/\/macite.tg\/?p=6628#primaryimage"},"thumbnailUrl":"https:\/\/macite.tg\/wp-content\/uploads\/2023\/06\/IMG-20230622-WA0061.jpg","articleSection":["ACTUALITE","OPINION"],"inLanguage":"fr-FR","potentialAction":[{"@type":"CommentAction","name":"Comment","target":["https:\/\/macite.tg\/?p=6628#respond"]}]},{"@type":"WebPage","@id":"https:\/\/macite.tg\/?p=6628","url":"https:\/\/macite.tg\/?p=6628","name":"POL\u00c9MIQUE SUR L\u2019HYMNE NATIONAL ALG\u00c9RIEN\u00a0: Le Parlement fran\u00e7ais demande au Gouvernement de s\u00e9vir -","isPartOf":{"@id":"https:\/\/macite.tg\/#website"},"primaryImageOfPage":{"@id":"https:\/\/macite.tg\/?p=6628#primaryimage"},"image":{"@id":"https:\/\/macite.tg\/?p=6628#primaryimage"},"thumbnailUrl":"https:\/\/macite.tg\/wp-content\/uploads\/2023\/06\/IMG-20230622-WA0061.jpg","datePublished":"2023-06-22T13:35:34+00:00","dateModified":"2023-06-22T13:35:36+00:00","author":{"@id":"https:\/\/macite.tg\/#\/schema\/person\/e9f2de7e5dbbe7770a9402c7ce82f5c2"},"breadcrumb":{"@id":"https:\/\/macite.tg\/?p=6628#breadcrumb"},"inLanguage":"fr-FR","potentialAction":[{"@type":"ReadAction","target":["https:\/\/macite.tg\/?p=6628"]}]},{"@type":"ImageObject","inLanguage":"fr-FR","@id":"https:\/\/macite.tg\/?p=6628#primaryimage","url":"https:\/\/macite.tg\/wp-content\/uploads\/2023\/06\/IMG-20230622-WA0061.jpg","contentUrl":"https:\/\/macite.tg\/wp-content\/uploads\/2023\/06\/IMG-20230622-WA0061.jpg","width":1280,"height":887},{"@type":"BreadcrumbList","@id":"https:\/\/macite.tg\/?p=6628#breadcrumb","itemListElement":[{"@type":"ListItem","position":1,"name":"Accueil","item":"https:\/\/macite.tg\/"},{"@type":"ListItem","position":2,"name":"POL\u00c9MIQUE SUR L\u2019HYMNE NATIONAL ALG\u00c9RIEN\u00a0: Le Parlement fran\u00e7ais demande au Gouvernement de s\u00e9vir"}]},{"@type":"WebSite","@id":"https:\/\/macite.tg\/#website","url":"https:\/\/macite.tg\/","name":"","description":"L&#039;information, la bonne!!!","potentialAction":[{"@type":"SearchAction","target":{"@type":"EntryPoint","urlTemplate":"https:\/\/macite.tg\/?s={search_term_string}"},"query-input":{"@type":"PropertyValueSpecification","valueRequired":true,"valueName":"search_term_string"}}],"inLanguage":"fr-FR"},{"@type":"Person","@id":"https:\/\/macite.tg\/#\/schema\/person\/e9f2de7e5dbbe7770a9402c7ce82f5c2","name":"Jean Pierre BAWELA","image":{"@type":"ImageObject","inLanguage":"fr-FR","@id":"https:\/\/macite.tg\/wp-content\/uploads\/2023\/09\/WhatsApp-Image-2023-09-19-at-14.44.41-122x122.jpeg","url":"https:\/\/macite.tg\/wp-content\/uploads\/2023\/09\/WhatsApp-Image-2023-09-19-at-14.44.41-122x122.jpeg","contentUrl":"https:\/\/macite.tg\/wp-content\/uploads\/2023\/09\/WhatsApp-Image-2023-09-19-at-14.44.41-122x122.jpeg","caption":"Jean Pierre BAWELA"},"url":"https:\/\/macite.tg\/?author=2"}]}},"_links":{"self":[{"href":"https:\/\/macite.tg\/index.php?rest_route=\/wp\/v2\/posts\/6628","targetHints":{"allow":["GET"]}}],"collection":[{"href":"https:\/\/macite.tg\/index.php?rest_route=\/wp\/v2\/posts"}],"about":[{"href":"https:\/\/macite.tg\/index.php?rest_route=\/wp\/v2\/types\/post"}],"author":[{"embeddable":true,"href":"https:\/\/macite.tg\/index.php?rest_route=\/wp\/v2\/users\/2"}],"replies":[{"embeddable":true,"href":"https:\/\/macite.tg\/index.php?rest_route=%2Fwp%2Fv2%2Fcomments&post=6628"}],"version-history":[{"count":0,"href":"https:\/\/macite.tg\/index.php?rest_route=\/wp\/v2\/posts\/6628\/revisions"}],"wp:featuredmedia":[{"embeddable":true,"href":"https:\/\/macite.tg\/index.php?rest_route=\/wp\/v2\/media\/6631"}],"wp:attachment":[{"href":"https:\/\/macite.tg\/index.php?rest_route=%2Fwp%2Fv2%2Fmedia&parent=6628"}],"wp:term":[{"taxonomy":"category","embeddable":true,"href":"https:\/\/macite.tg\/index.php?rest_route=%2Fwp%2Fv2%2Fcategories&post=6628"},{"taxonomy":"post_tag","embeddable":true,"href":"https:\/\/macite.tg\/index.php?rest_route=%2Fwp%2Fv2%2Ftags&post=6628"}],"curies":[{"name":"wp","href":"https:\/\/api.w.org\/{rel}","templated":true}]}}