{"id":6612,"date":"2023-06-21T17:39:16","date_gmt":"2023-06-21T17:39:16","guid":{"rendered":"https:\/\/macite.tg\/?p=6612"},"modified":"2023-06-21T18:20:08","modified_gmt":"2023-06-21T18:20:08","slug":"__trashed-9","status":"publish","type":"post","link":"https:\/\/macite.tg\/?p=6612","title":{"rendered":"RENFORCEMENT DU PARTENARIAT USA-TOGO\u00a0: La DG du MCC a \u00e9chang\u00e9 avec le Pr\u00e9sident Faure Gnassingb\u00e9"},"content":{"rendered":"\n<p class=\"wp-block-paragraph\"><strong><em>Hier mercredi 20 juin, le Chef de l\u2019Etat, Faure Gnassingb\u00e9, a re\u00e7u la Directrice g\u00e9n\u00e9rale du Millenium Challenge Corporation (MCC), Mme Madame Alice Albright. Les \u00e9changes ont port\u00e9 sur le renforcement du partenariat entre le Togo et l\u2019agence am\u00e9ricaine d\u2019aide \u00e9trang\u00e8re innovante et ind\u00e9pendante, dont les discussions avaient d\u00e9marr\u00e9 depuis d\u00e9cembre dernier \u00e0 Washington, aux \u00c9tats-Unis.<\/em><\/strong><\/p>\n\n\n\n<p class=\"wp-block-paragraph\">En visite au Togo, la Directrice g\u00e9n\u00e9rale du MCC, Mme Alice Albright, a \u00e9t\u00e9 re\u00e7ue, hier mercredi, par le Pr\u00e9sident Faure Gnassingb\u00e9. L\u2019objectif \u00e9tait d\u2019approfondir les \u00e9changes entam\u00e9s depuis d\u00e9cembre dernier \u00e0 Washington, notamment sur le renforcement du partenariat entre Lom\u00e9 et Washington.<\/p>\n\n\n\n<figure class=\"wp-block-image size-large\"><img loading=\"lazy\" decoding=\"async\" width=\"1024\" height=\"212\" src=\"https:\/\/macite.tg\/wp-content\/uploads\/2023\/06\/IMG-20230514-WA00962-1-1024x212.jpg\" alt=\"\" class=\"wp-image-6344\" srcset=\"https:\/\/macite.tg\/wp-content\/uploads\/2023\/06\/IMG-20230514-WA00962-1-1024x212.jpg 1024w, https:\/\/macite.tg\/wp-content\/uploads\/2023\/06\/IMG-20230514-WA00962-1-300x62.jpg 300w, https:\/\/macite.tg\/wp-content\/uploads\/2023\/06\/IMG-20230514-WA00962-1-768x159.jpg 768w, https:\/\/macite.tg\/wp-content\/uploads\/2023\/06\/IMG-20230514-WA00962-1-1536x318.jpg 1536w, https:\/\/macite.tg\/wp-content\/uploads\/2023\/06\/IMG-20230514-WA00962-1.jpg 1600w\" sizes=\"auto, (max-width: 1024px) 100vw, 1024px\" \/><\/figure>\n\n\n\n<p class=\"wp-block-paragraph\">Tout en se f\u00e9licitant de la qualit\u00e9 des \u00e9changes avec le num\u00e9ro 1 togolais, pour la mise en \u0153uvre efficace des projets inscrits au programme Threshold, Mme Albright a salu\u00e9 l\u2019engagement des deux parties dans la d\u00e9finition des projets structurants du programme Compact. Mme Albright a, saisi l\u2019occasion, pour r\u00e9affirmer l\u2019engagement du MCC \u00e0 accompagner le Togo dans l\u2019\u00e9laboration et la mise en \u0153uvre de ces projets de d\u00e9veloppement socio-\u00e9conomique.<\/p>\n\n\n\n<p class=\"wp-block-paragraph\">\u00ab&nbsp;<em>Nous avons eu une discussion fructueuse avec le chef de l\u2019Etat, Son Excellence Faure Essozimna Gnassingb\u00e9 sur le partenariat avec le Togo. Les projets TIC et les r\u00e9formes fonci\u00e8res sur lesquels nous travaillons dans le cadre du programme Seuil \u00e9voluent bien<\/em> \u00bb, a-t-elle expliqu\u00e9 \u00e0 sa sortie d\u2019audience, avant d\u2019ajouter&nbsp;: \u00ab&nbsp;<em>Nous travaillons aussi ensemble avec les fonctionnaires togolais sur l\u2019\u00e9laboration du programme Compact principalement dans le secteur des TIC et de l\u2019\u00e9nergie. Nous sommes impressionn\u00e9s par la politique de d\u00e9veloppement du Togo et nous allons continuer le partenariat avec le pays<\/em>&nbsp;\u00bb.<\/p>\n\n\n<div class=\"wp-block-image\">\n<figure class=\"aligncenter size-full is-resized\"><img loading=\"lazy\" decoding=\"async\" src=\"https:\/\/macite.tg\/wp-content\/uploads\/2023\/06\/Panneau-2-12m2-1024x768-1.jpg\" alt=\"\" class=\"wp-image-6592\" width=\"607\" height=\"455\" srcset=\"https:\/\/macite.tg\/wp-content\/uploads\/2023\/06\/Panneau-2-12m2-1024x768-1.jpg 1024w, https:\/\/macite.tg\/wp-content\/uploads\/2023\/06\/Panneau-2-12m2-1024x768-1-300x225.jpg 300w, https:\/\/macite.tg\/wp-content\/uploads\/2023\/06\/Panneau-2-12m2-1024x768-1-768x576.jpg 768w\" sizes=\"auto, (max-width: 607px) 100vw, 607px\" \/><\/figure>\n<\/div>\n\n\n<p class=\"wp-block-paragraph\">Notons que c\u2019est lors de l\u2019US Africain Leaders Summit&nbsp; de d\u00e9cembre dernier, que le pr\u00e9sident am\u00e9ricain, Joe Biden, a annonc\u00e9 &nbsp;l\u2019\u00e9ligibilit\u00e9 du Togo au programme Compact du MCC. Le parcours du Togo dans cette aventure du MCC, faut-il le rappeler, remonte \u00e0 2013. Un parcourt couronn\u00e9 de grands progr\u00e8s r\u00e9alis\u00e9s dans divers domaines car, le pays de Faure Gnassingb\u00e9 est maintenant sommet avec le programme Compact.<\/p>\n\n\n\n<p class=\"wp-block-paragraph\"><strong>La R\u00e9daction<\/strong><\/p>\n\n\n\n<p class=\"wp-block-paragraph\"><strong><em>@macite.tg&nbsp;&nbsp;&nbsp;&nbsp;&nbsp;&nbsp;&nbsp;&nbsp;<\/em><\/strong><\/p>\n\n\n\n<p class=\"wp-block-paragraph\"><strong><em>E-mail&nbsp;: <\/em><\/strong><a href=\"mailto:maciteinfo@gmail.com\"><strong>maciteinfo@gmail.com<\/strong><\/a><strong><em>; <\/em><\/strong><a href=\"mailto:bawela1@gmail.com\"><strong>bawela1@gmail.com<\/strong><\/a><\/p>\n\n\n\n<p class=\"wp-block-paragraph\"><strong><em>Pour vos annonces, (publi)reportages, etc., joignez nous au (00228)91515309\/<strong>79872224 <\/strong>www.macite.tg, L\u2019information, la bonne&nbsp;!<\/em><\/strong><\/p>\n","protected":false},"excerpt":{"rendered":"<p class=\"text-justify mb-2\" >Hier mercredi 20 juin, le Chef de l\u2019Etat, Faure Gnassingb\u00e9, a re\u00e7u la Directrice g\u00e9n\u00e9rale du Millenium Challenge Corporation (MCC), Mme Madame Alice Albright. Les \u00e9changes ont port\u00e9 sur le renforcement du partenariat entre le Togo et l\u2019agence am\u00e9ricaine d\u2019aide \u00e9trang\u00e8re innovante et ind\u00e9pendante, dont [&hellip;]<\/p>\n","protected":false},"author":2,"featured_media":6615,"comment_status":"open","ping_status":"open","sticky":false,"template":"","format":"standard","meta":{"footnotes":""},"categories":[20,3],"tags":[],"class_list":["post-6612","post","type-post","status-publish","format-standard","has-post-thumbnail","hentry","category-actualite","category-economie"],"yoast_head":"<!-- This site is optimized with the Yoast SEO plugin v28.4 - https:\/\/yoast.com\/product\/yoast-seo-wordpress\/ -->\n<title>RENFORCEMENT DU PARTENARIAT USA-TOGO\u00a0: La DG du MCC a \u00e9chang\u00e9 avec le Pr\u00e9sident Faure Gnassingb\u00e9 -<\/title>\n<meta name=\"robots\" content=\"index, follow, max-snippet:-1, max-image-preview:large, max-video-preview:-1\" \/>\n<link rel=\"canonical\" href=\"https:\/\/macite.tg\/?p=6612\" \/>\n<meta property=\"og:locale\" content=\"fr_FR\" \/>\n<meta property=\"og:type\" content=\"article\" \/>\n<meta property=\"og:title\" content=\"RENFORCEMENT DU PARTENARIAT USA-TOGO\u00a0: La DG du MCC a \u00e9chang\u00e9 avec le Pr\u00e9sident Faure Gnassingb\u00e9 -\" \/>\n<meta property=\"og:description\" content=\"Hier mercredi 20 juin, le Chef de l\u2019Etat, Faure Gnassingb\u00e9, a re\u00e7u la Directrice g\u00e9n\u00e9rale du Millenium Challenge Corporation (MCC), Mme Madame Alice Albright. Les \u00e9changes ont port\u00e9 sur le renforcement du partenariat entre le Togo et l\u2019agence am\u00e9ricaine d\u2019aide \u00e9trang\u00e8re innovante et ind\u00e9pendante, dont [&hellip;]\" \/>\n<meta property=\"og:url\" content=\"https:\/\/macite.tg\/?p=6612\" \/>\n<meta property=\"article:published_time\" content=\"2023-06-21T17:39:16+00:00\" \/>\n<meta property=\"article:modified_time\" content=\"2023-06-21T18:20:08+00:00\" \/>\n<meta property=\"og:image\" content=\"https:\/\/macite.tg\/wp-content\/uploads\/2023\/06\/Partenariat-USA-Togo-la-Directrice-generale-de-la-MCC-impressionnee-par-la-politique-de-developpement-du-Togo.jpg\" \/>\n\t<meta property=\"og:image:width\" content=\"800\" \/>\n\t<meta property=\"og:image:height\" content=\"640\" \/>\n\t<meta property=\"og:image:type\" content=\"image\/jpeg\" \/>\n<meta name=\"author\" content=\"Jean Pierre BAWELA\" \/>\n<meta name=\"twitter:card\" content=\"summary_large_image\" \/>\n<meta name=\"twitter:label1\" content=\"\u00c9crit par\" \/>\n\t<meta name=\"twitter:data1\" content=\"Jean Pierre BAWELA\" \/>\n\t<meta name=\"twitter:label2\" content=\"Dur\u00e9e de lecture estim\u00e9e\" \/>\n\t<meta name=\"twitter:data2\" content=\"2 minutes\" \/>\n<script type=\"application\/ld+json\" class=\"yoast-schema-graph\">{\"@context\":\"https:\\\/\\\/schema.org\",\"@graph\":[{\"@type\":\"Article\",\"@id\":\"https:\\\/\\\/macite.tg\\\/?p=6612#article\",\"isPartOf\":{\"@id\":\"https:\\\/\\\/macite.tg\\\/?p=6612\"},\"author\":{\"name\":\"Jean Pierre BAWELA\",\"@id\":\"https:\\\/\\\/macite.tg\\\/#\\\/schema\\\/person\\\/e9f2de7e5dbbe7770a9402c7ce82f5c2\"},\"headline\":\"RENFORCEMENT DU PARTENARIAT USA-TOGO\u00a0: La DG du MCC a \u00e9chang\u00e9 avec le Pr\u00e9sident Faure Gnassingb\u00e9\",\"datePublished\":\"2023-06-21T17:39:16+00:00\",\"dateModified\":\"2023-06-21T18:20:08+00:00\",\"mainEntityOfPage\":{\"@id\":\"https:\\\/\\\/macite.tg\\\/?p=6612\"},\"wordCount\":424,\"commentCount\":0,\"image\":{\"@id\":\"https:\\\/\\\/macite.tg\\\/?p=6612#primaryimage\"},\"thumbnailUrl\":\"https:\\\/\\\/macite.tg\\\/wp-content\\\/uploads\\\/2023\\\/06\\\/Partenariat-USA-Togo-la-Directrice-generale-de-la-MCC-impressionnee-par-la-politique-de-developpement-du-Togo.jpg\",\"articleSection\":[\"ACTUALITE\",\"ECONOMIE\"],\"inLanguage\":\"fr-FR\",\"potentialAction\":[{\"@type\":\"CommentAction\",\"name\":\"Comment\",\"target\":[\"https:\\\/\\\/macite.tg\\\/?p=6612#respond\"]}]},{\"@type\":\"WebPage\",\"@id\":\"https:\\\/\\\/macite.tg\\\/?p=6612\",\"url\":\"https:\\\/\\\/macite.tg\\\/?p=6612\",\"name\":\"RENFORCEMENT DU PARTENARIAT USA-TOGO\u00a0: La DG du MCC a \u00e9chang\u00e9 avec le Pr\u00e9sident Faure Gnassingb\u00e9 -\",\"isPartOf\":{\"@id\":\"https:\\\/\\\/macite.tg\\\/#website\"},\"primaryImageOfPage\":{\"@id\":\"https:\\\/\\\/macite.tg\\\/?p=6612#primaryimage\"},\"image\":{\"@id\":\"https:\\\/\\\/macite.tg\\\/?p=6612#primaryimage\"},\"thumbnailUrl\":\"https:\\\/\\\/macite.tg\\\/wp-content\\\/uploads\\\/2023\\\/06\\\/Partenariat-USA-Togo-la-Directrice-generale-de-la-MCC-impressionnee-par-la-politique-de-developpement-du-Togo.jpg\",\"datePublished\":\"2023-06-21T17:39:16+00:00\",\"dateModified\":\"2023-06-21T18:20:08+00:00\",\"author\":{\"@id\":\"https:\\\/\\\/macite.tg\\\/#\\\/schema\\\/person\\\/e9f2de7e5dbbe7770a9402c7ce82f5c2\"},\"breadcrumb\":{\"@id\":\"https:\\\/\\\/macite.tg\\\/?p=6612#breadcrumb\"},\"inLanguage\":\"fr-FR\",\"potentialAction\":[{\"@type\":\"ReadAction\",\"target\":[\"https:\\\/\\\/macite.tg\\\/?p=6612\"]}]},{\"@type\":\"ImageObject\",\"inLanguage\":\"fr-FR\",\"@id\":\"https:\\\/\\\/macite.tg\\\/?p=6612#primaryimage\",\"url\":\"https:\\\/\\\/macite.tg\\\/wp-content\\\/uploads\\\/2023\\\/06\\\/Partenariat-USA-Togo-la-Directrice-generale-de-la-MCC-impressionnee-par-la-politique-de-developpement-du-Togo.jpg\",\"contentUrl\":\"https:\\\/\\\/macite.tg\\\/wp-content\\\/uploads\\\/2023\\\/06\\\/Partenariat-USA-Togo-la-Directrice-generale-de-la-MCC-impressionnee-par-la-politique-de-developpement-du-Togo.jpg\",\"width\":800,\"height\":640},{\"@type\":\"BreadcrumbList\",\"@id\":\"https:\\\/\\\/macite.tg\\\/?p=6612#breadcrumb\",\"itemListElement\":[{\"@type\":\"ListItem\",\"position\":1,\"name\":\"Accueil\",\"item\":\"https:\\\/\\\/macite.tg\\\/\"},{\"@type\":\"ListItem\",\"position\":2,\"name\":\"RENFORCEMENT DU PARTENARIAT USA-TOGO\u00a0: La DG du MCC a \u00e9chang\u00e9 avec le Pr\u00e9sident Faure Gnassingb\u00e9\"}]},{\"@type\":\"WebSite\",\"@id\":\"https:\\\/\\\/macite.tg\\\/#website\",\"url\":\"https:\\\/\\\/macite.tg\\\/\",\"name\":\"\",\"description\":\"L&#039;information, la bonne!!!\",\"potentialAction\":[{\"@type\":\"SearchAction\",\"target\":{\"@type\":\"EntryPoint\",\"urlTemplate\":\"https:\\\/\\\/macite.tg\\\/?s={search_term_string}\"},\"query-input\":{\"@type\":\"PropertyValueSpecification\",\"valueRequired\":true,\"valueName\":\"search_term_string\"}}],\"inLanguage\":\"fr-FR\"},{\"@type\":\"Person\",\"@id\":\"https:\\\/\\\/macite.tg\\\/#\\\/schema\\\/person\\\/e9f2de7e5dbbe7770a9402c7ce82f5c2\",\"name\":\"Jean Pierre BAWELA\",\"image\":{\"@type\":\"ImageObject\",\"inLanguage\":\"fr-FR\",\"@id\":\"https:\\\/\\\/macite.tg\\\/wp-content\\\/uploads\\\/2023\\\/09\\\/WhatsApp-Image-2023-09-19-at-14.44.41-122x122.jpeg\",\"url\":\"https:\\\/\\\/macite.tg\\\/wp-content\\\/uploads\\\/2023\\\/09\\\/WhatsApp-Image-2023-09-19-at-14.44.41-122x122.jpeg\",\"contentUrl\":\"https:\\\/\\\/macite.tg\\\/wp-content\\\/uploads\\\/2023\\\/09\\\/WhatsApp-Image-2023-09-19-at-14.44.41-122x122.jpeg\",\"caption\":\"Jean Pierre BAWELA\"},\"url\":\"https:\\\/\\\/macite.tg\\\/?author=2\"}]}<\/script>\n<!-- \/ Yoast SEO plugin. -->","yoast_head_json":{"title":"RENFORCEMENT DU PARTENARIAT USA-TOGO\u00a0: La DG du MCC a \u00e9chang\u00e9 avec le Pr\u00e9sident Faure Gnassingb\u00e9 -","robots":{"index":"index","follow":"follow","max-snippet":"max-snippet:-1","max-image-preview":"max-image-preview:large","max-video-preview":"max-video-preview:-1"},"canonical":"https:\/\/macite.tg\/?p=6612","og_locale":"fr_FR","og_type":"article","og_title":"RENFORCEMENT DU PARTENARIAT USA-TOGO\u00a0: La DG du MCC a \u00e9chang\u00e9 avec le Pr\u00e9sident Faure Gnassingb\u00e9 -","og_description":"Hier mercredi 20 juin, le Chef de l\u2019Etat, Faure Gnassingb\u00e9, a re\u00e7u la Directrice g\u00e9n\u00e9rale du Millenium Challenge Corporation (MCC), Mme Madame Alice Albright. Les \u00e9changes ont port\u00e9 sur le renforcement du partenariat entre le Togo et l\u2019agence am\u00e9ricaine d\u2019aide \u00e9trang\u00e8re innovante et ind\u00e9pendante, dont [&hellip;]","og_url":"https:\/\/macite.tg\/?p=6612","article_published_time":"2023-06-21T17:39:16+00:00","article_modified_time":"2023-06-21T18:20:08+00:00","og_image":[{"width":800,"height":640,"url":"https:\/\/macite.tg\/wp-content\/uploads\/2023\/06\/Partenariat-USA-Togo-la-Directrice-generale-de-la-MCC-impressionnee-par-la-politique-de-developpement-du-Togo.jpg","type":"image\/jpeg"}],"author":"Jean Pierre BAWELA","twitter_card":"summary_large_image","twitter_misc":{"\u00c9crit par":"Jean Pierre BAWELA","Dur\u00e9e de lecture estim\u00e9e":"2 minutes"},"schema":{"@context":"https:\/\/schema.org","@graph":[{"@type":"Article","@id":"https:\/\/macite.tg\/?p=6612#article","isPartOf":{"@id":"https:\/\/macite.tg\/?p=6612"},"author":{"name":"Jean Pierre BAWELA","@id":"https:\/\/macite.tg\/#\/schema\/person\/e9f2de7e5dbbe7770a9402c7ce82f5c2"},"headline":"RENFORCEMENT DU PARTENARIAT USA-TOGO\u00a0: La DG du MCC a \u00e9chang\u00e9 avec le Pr\u00e9sident Faure Gnassingb\u00e9","datePublished":"2023-06-21T17:39:16+00:00","dateModified":"2023-06-21T18:20:08+00:00","mainEntityOfPage":{"@id":"https:\/\/macite.tg\/?p=6612"},"wordCount":424,"commentCount":0,"image":{"@id":"https:\/\/macite.tg\/?p=6612#primaryimage"},"thumbnailUrl":"https:\/\/macite.tg\/wp-content\/uploads\/2023\/06\/Partenariat-USA-Togo-la-Directrice-generale-de-la-MCC-impressionnee-par-la-politique-de-developpement-du-Togo.jpg","articleSection":["ACTUALITE","ECONOMIE"],"inLanguage":"fr-FR","potentialAction":[{"@type":"CommentAction","name":"Comment","target":["https:\/\/macite.tg\/?p=6612#respond"]}]},{"@type":"WebPage","@id":"https:\/\/macite.tg\/?p=6612","url":"https:\/\/macite.tg\/?p=6612","name":"RENFORCEMENT DU PARTENARIAT USA-TOGO\u00a0: La DG du MCC a \u00e9chang\u00e9 avec le Pr\u00e9sident Faure Gnassingb\u00e9 -","isPartOf":{"@id":"https:\/\/macite.tg\/#website"},"primaryImageOfPage":{"@id":"https:\/\/macite.tg\/?p=6612#primaryimage"},"image":{"@id":"https:\/\/macite.tg\/?p=6612#primaryimage"},"thumbnailUrl":"https:\/\/macite.tg\/wp-content\/uploads\/2023\/06\/Partenariat-USA-Togo-la-Directrice-generale-de-la-MCC-impressionnee-par-la-politique-de-developpement-du-Togo.jpg","datePublished":"2023-06-21T17:39:16+00:00","dateModified":"2023-06-21T18:20:08+00:00","author":{"@id":"https:\/\/macite.tg\/#\/schema\/person\/e9f2de7e5dbbe7770a9402c7ce82f5c2"},"breadcrumb":{"@id":"https:\/\/macite.tg\/?p=6612#breadcrumb"},"inLanguage":"fr-FR","potentialAction":[{"@type":"ReadAction","target":["https:\/\/macite.tg\/?p=6612"]}]},{"@type":"ImageObject","inLanguage":"fr-FR","@id":"https:\/\/macite.tg\/?p=6612#primaryimage","url":"https:\/\/macite.tg\/wp-content\/uploads\/2023\/06\/Partenariat-USA-Togo-la-Directrice-generale-de-la-MCC-impressionnee-par-la-politique-de-developpement-du-Togo.jpg","contentUrl":"https:\/\/macite.tg\/wp-content\/uploads\/2023\/06\/Partenariat-USA-Togo-la-Directrice-generale-de-la-MCC-impressionnee-par-la-politique-de-developpement-du-Togo.jpg","width":800,"height":640},{"@type":"BreadcrumbList","@id":"https:\/\/macite.tg\/?p=6612#breadcrumb","itemListElement":[{"@type":"ListItem","position":1,"name":"Accueil","item":"https:\/\/macite.tg\/"},{"@type":"ListItem","position":2,"name":"RENFORCEMENT DU PARTENARIAT USA-TOGO\u00a0: La DG du MCC a \u00e9chang\u00e9 avec le Pr\u00e9sident Faure Gnassingb\u00e9"}]},{"@type":"WebSite","@id":"https:\/\/macite.tg\/#website","url":"https:\/\/macite.tg\/","name":"","description":"L&#039;information, la bonne!!!","potentialAction":[{"@type":"SearchAction","target":{"@type":"EntryPoint","urlTemplate":"https:\/\/macite.tg\/?s={search_term_string}"},"query-input":{"@type":"PropertyValueSpecification","valueRequired":true,"valueName":"search_term_string"}}],"inLanguage":"fr-FR"},{"@type":"Person","@id":"https:\/\/macite.tg\/#\/schema\/person\/e9f2de7e5dbbe7770a9402c7ce82f5c2","name":"Jean Pierre BAWELA","image":{"@type":"ImageObject","inLanguage":"fr-FR","@id":"https:\/\/macite.tg\/wp-content\/uploads\/2023\/09\/WhatsApp-Image-2023-09-19-at-14.44.41-122x122.jpeg","url":"https:\/\/macite.tg\/wp-content\/uploads\/2023\/09\/WhatsApp-Image-2023-09-19-at-14.44.41-122x122.jpeg","contentUrl":"https:\/\/macite.tg\/wp-content\/uploads\/2023\/09\/WhatsApp-Image-2023-09-19-at-14.44.41-122x122.jpeg","caption":"Jean Pierre BAWELA"},"url":"https:\/\/macite.tg\/?author=2"}]}},"_links":{"self":[{"href":"https:\/\/macite.tg\/index.php?rest_route=\/wp\/v2\/posts\/6612","targetHints":{"allow":["GET"]}}],"collection":[{"href":"https:\/\/macite.tg\/index.php?rest_route=\/wp\/v2\/posts"}],"about":[{"href":"https:\/\/macite.tg\/index.php?rest_route=\/wp\/v2\/types\/post"}],"author":[{"embeddable":true,"href":"https:\/\/macite.tg\/index.php?rest_route=\/wp\/v2\/users\/2"}],"replies":[{"embeddable":true,"href":"https:\/\/macite.tg\/index.php?rest_route=%2Fwp%2Fv2%2Fcomments&post=6612"}],"version-history":[{"count":0,"href":"https:\/\/macite.tg\/index.php?rest_route=\/wp\/v2\/posts\/6612\/revisions"}],"wp:featuredmedia":[{"embeddable":true,"href":"https:\/\/macite.tg\/index.php?rest_route=\/wp\/v2\/media\/6615"}],"wp:attachment":[{"href":"https:\/\/macite.tg\/index.php?rest_route=%2Fwp%2Fv2%2Fmedia&parent=6612"}],"wp:term":[{"taxonomy":"category","embeddable":true,"href":"https:\/\/macite.tg\/index.php?rest_route=%2Fwp%2Fv2%2Fcategories&post=6612"},{"taxonomy":"post_tag","embeddable":true,"href":"https:\/\/macite.tg\/index.php?rest_route=%2Fwp%2Fv2%2Ftags&post=6612"}],"curies":[{"name":"wp","href":"https:\/\/api.w.org\/{rel}","templated":true}]}}