{"id":6608,"date":"2023-06-21T16:53:08","date_gmt":"2023-06-21T16:53:08","guid":{"rendered":"https:\/\/macite.tg\/?p=6608"},"modified":"2023-06-21T16:53:20","modified_gmt":"2023-06-21T16:53:20","slug":"sonko-o-face-a-un-dilemme-linterdiction-de-la-mobilisation-de-yewwi-askan-wi-contre-la-levee-du-blocus-de-son-domicile","status":"publish","type":"post","link":"https:\/\/macite.tg\/?p=6608","title":{"rendered":"SONKO O.\u00a0FACE A UN DILEMME : L\u2019interdiction de la mobilisation de Yewwi Askan Wi contre la lev\u00e9e du blocus de son domicile"},"content":{"rendered":"\n<p class=\"wp-block-paragraph\"><strong><em>Le Pr\u00e9fet de Dakar a interdit la manifestation qui \u00e9tait pr\u00e9vue, dimanche 25 juin, par la coalition Yewwi Askan Wi (YAW) qui avait appel\u00e9 \u00e0 la mobilisation pour lever le blocus install\u00e9 autour du domicile d\u2019Ousmane Sonko.<\/em><\/strong><\/p>\n\n\n\n<p class=\"wp-block-paragraph\">Apr\u00e8s la conf\u00e9rence de presse tenue, derni\u00e8rement par des ministres, la coalition Yewwi Askan Wi (Yaw) avait d\u00e9cid\u00e9 de faire face aux m\u00e9dias pour s\u2019appesantir sur la situation qui pr\u00e9vaut actuellement au S\u00e9n\u00e9gal.<\/p>\n\n\n<div class=\"wp-block-image\">\n<figure class=\"aligncenter size-full is-resized\"><img loading=\"lazy\" decoding=\"async\" src=\"https:\/\/macite.tg\/wp-content\/uploads\/2023\/06\/Panneau-2-12m2-1024x768-1.jpg\" alt=\"\" class=\"wp-image-6592\" width=\"561\" height=\"420\" srcset=\"https:\/\/macite.tg\/wp-content\/uploads\/2023\/06\/Panneau-2-12m2-1024x768-1.jpg 1024w, https:\/\/macite.tg\/wp-content\/uploads\/2023\/06\/Panneau-2-12m2-1024x768-1-300x225.jpg 300w, https:\/\/macite.tg\/wp-content\/uploads\/2023\/06\/Panneau-2-12m2-1024x768-1-768x576.jpg 768w\" sizes=\"auto, (max-width: 561px) 100vw, 561px\" \/><\/figure>\n<\/div>\n\n\n<p class=\"wp-block-paragraph\">Face \u00e0 la presse, le leader du PRP D\u00e9thie Fall, par ailleurs membre de la conf\u00e9rence des leaders de ladite coalition, a annonc\u00e9 un rassemblement, pour, dit-il, lib\u00e9rer Ousmane Sonko. Ainsi, il avait donn\u00e9 rendez-vous aux S\u00e9n\u00e9galais le 25 juin prochain.<\/p>\n\n\n\n<p class=\"wp-block-paragraph\"><em>\u00ab Apr\u00e8s m\u00fbres r\u00e9flexions, la Coalition Yewwi Askan Wi a d\u00e9cid\u00e9, \u00e0 l\u2019unanimit\u00e9, de rendre visite au pr\u00e9sident Ousmane Sonko le dimanche 25 juin \u00e0 15 heures et de le lib\u00e9rer de ce blocus incompr\u00e9hensible et injustifi\u00e9&nbsp;\u00bb,<\/em> avait annonc\u00e9 D\u00e9thie Fall.<\/p>\n\n\n\n<figure class=\"wp-block-image size-large\"><img loading=\"lazy\" decoding=\"async\" width=\"1024\" height=\"212\" src=\"https:\/\/macite.tg\/wp-content\/uploads\/2023\/06\/IMG-20230514-WA00962-2-1024x212.jpg\" alt=\"\" class=\"wp-image-6397\" srcset=\"https:\/\/macite.tg\/wp-content\/uploads\/2023\/06\/IMG-20230514-WA00962-2-1024x212.jpg 1024w, https:\/\/macite.tg\/wp-content\/uploads\/2023\/06\/IMG-20230514-WA00962-2-300x62.jpg 300w, https:\/\/macite.tg\/wp-content\/uploads\/2023\/06\/IMG-20230514-WA00962-2-768x159.jpg 768w, https:\/\/macite.tg\/wp-content\/uploads\/2023\/06\/IMG-20230514-WA00962-2-1536x318.jpg 1536w, https:\/\/macite.tg\/wp-content\/uploads\/2023\/06\/IMG-20230514-WA00962-2.jpg 1600w\" sizes=\"auto, (max-width: 1024px) 100vw, 1024px\" \/><\/figure>\n\n\n\n<p class=\"wp-block-paragraph\"><em>\u00ab Nous lan\u00e7ons un appel \u00e0 tous ceux qui croient en cette coalition, \u00e0 se joindre \u00e0 nous le 25 juin. Nous savons que nos amis de la diaspora, qui aimeraient participer \u00e0 cette manifestation, seront ici \u00e0 cette p\u00e9riode&nbsp;\u00bb,<\/em> ajoute le leader du PRP.<\/p>\n\n\n\n<p class=\"wp-block-paragraph\">Par cons\u00e9quent, disait D\u00e9thie Fall, <em>\u00ab nous voulons un nombre impressionnant pour aller ensemble, en tant que Yewwi Askan wi, la coalition qui doit lib\u00e9rer le peuple, aller lib\u00e9rer un des leaders d\u00e9terminant, qui a jou\u00e9 un r\u00f4le exceptionnel dans cette coalition, de ce blocus \u00bb<\/em>.<\/p>\n\n\n\n<p class=\"wp-block-paragraph\">Mais aujourd\u2019hui, le Pr\u00e9fet de Dakar a tout simplement interdit cette mobilisation pour <em>\u00ab&nbsp;risques de troubles \u00e0 l\u2019ordre public et entrave \u00e0 la libre circulation des personnes et des biens.&nbsp;\u00bb.<\/em><\/p>\n\n\n<div class=\"wp-block-image\">\n<figure class=\"aligncenter size-full is-resized\"><img loading=\"lazy\" decoding=\"async\" src=\"https:\/\/macite.tg\/wp-content\/uploads\/2023\/06\/Asonko-lettre-prefet.jpg\" alt=\"\" class=\"wp-image-6610\" width=\"377\" height=\"561\"\/><\/figure>\n<\/div>\n\n\n<p class=\"wp-block-paragraph\"><strong>SeneNews<\/strong><\/p>\n\n\n\n<p class=\"wp-block-paragraph\"><strong><em>@macite.tg&nbsp;&nbsp;&nbsp;&nbsp;&nbsp;&nbsp;&nbsp;&nbsp;<\/em><\/strong><\/p>\n\n\n\n<p class=\"wp-block-paragraph\"><strong><em>E-mail&nbsp;: <\/em><\/strong><a href=\"mailto:maciteinfo@gmail.com\"><strong><em>maciteinfo@gmail.com<\/em><\/strong><\/a><strong><em>; <\/em><\/strong><a href=\"mailto:bawela1@gmail.com\"><strong><em>bawela1@gmail.com<\/em><\/strong><\/a><strong><em><\/em><\/strong><\/p>\n\n\n\n<p class=\"wp-block-paragraph\"><strong><em>Pour vos annonces, (publi)reportages, etc., joignez nous au (00228)91515309\/<strong>79872224 <\/strong>www.macite.tg, L\u2019information, la bonne&nbsp;!<\/em><\/strong><\/p>\n","protected":false},"excerpt":{"rendered":"<p class=\"text-justify mb-2\" >Le Pr\u00e9fet de Dakar a interdit la manifestation qui \u00e9tait pr\u00e9vue, dimanche 25 juin, par la coalition Yewwi Askan Wi (YAW) qui avait appel\u00e9 \u00e0 la mobilisation pour lever le blocus install\u00e9 autour du domicile d\u2019Ousmane Sonko. Apr\u00e8s la conf\u00e9rence de presse tenue, derni\u00e8rement par [&hellip;]<\/p>\n","protected":false},"author":2,"featured_media":6609,"comment_status":"open","ping_status":"open","sticky":false,"template":"","format":"standard","meta":{"footnotes":""},"categories":[20,1],"tags":[],"class_list":["post-6608","post","type-post","status-publish","format-standard","has-post-thumbnail","hentry","category-actualite","category-politique"],"yoast_head":"<!-- This site is optimized with the Yoast SEO plugin v28.4 - https:\/\/yoast.com\/product\/yoast-seo-wordpress\/ -->\n<title>SONKO O.\u00a0FACE A UN DILEMME : L\u2019interdiction de la mobilisation de Yewwi Askan Wi contre la lev\u00e9e du blocus de son domicile -<\/title>\n<meta name=\"robots\" content=\"index, follow, max-snippet:-1, max-image-preview:large, max-video-preview:-1\" \/>\n<link rel=\"canonical\" href=\"https:\/\/macite.tg\/?p=6608\" \/>\n<meta property=\"og:locale\" content=\"fr_FR\" \/>\n<meta property=\"og:type\" content=\"article\" \/>\n<meta property=\"og:title\" content=\"SONKO O.\u00a0FACE A UN DILEMME : L\u2019interdiction de la mobilisation de Yewwi Askan Wi contre la lev\u00e9e du blocus de son domicile -\" \/>\n<meta property=\"og:description\" content=\"Le Pr\u00e9fet de Dakar a interdit la manifestation qui \u00e9tait pr\u00e9vue, dimanche 25 juin, par la coalition Yewwi Askan Wi (YAW) qui avait appel\u00e9 \u00e0 la mobilisation pour lever le blocus install\u00e9 autour du domicile d\u2019Ousmane Sonko. Apr\u00e8s la conf\u00e9rence de presse tenue, derni\u00e8rement par [&hellip;]\" \/>\n<meta property=\"og:url\" content=\"https:\/\/macite.tg\/?p=6608\" \/>\n<meta property=\"article:published_time\" content=\"2023-06-21T16:53:08+00:00\" \/>\n<meta property=\"article:modified_time\" content=\"2023-06-21T16:53:20+00:00\" \/>\n<meta property=\"og:image\" content=\"https:\/\/macite.tg\/wp-content\/uploads\/2023\/06\/ASonko-Ousmane.jpg\" \/>\n\t<meta property=\"og:image:width\" content=\"310\" \/>\n\t<meta property=\"og:image:height\" content=\"162\" \/>\n\t<meta property=\"og:image:type\" content=\"image\/jpeg\" \/>\n<meta name=\"author\" content=\"Jean Pierre BAWELA\" \/>\n<meta name=\"twitter:card\" content=\"summary_large_image\" \/>\n<meta name=\"twitter:label1\" content=\"\u00c9crit par\" \/>\n\t<meta name=\"twitter:data1\" content=\"Jean Pierre BAWELA\" \/>\n\t<meta name=\"twitter:label2\" content=\"Dur\u00e9e de lecture estim\u00e9e\" \/>\n\t<meta name=\"twitter:data2\" content=\"2 minutes\" \/>\n<script type=\"application\/ld+json\" class=\"yoast-schema-graph\">{\"@context\":\"https:\\\/\\\/schema.org\",\"@graph\":[{\"@type\":\"Article\",\"@id\":\"https:\\\/\\\/macite.tg\\\/?p=6608#article\",\"isPartOf\":{\"@id\":\"https:\\\/\\\/macite.tg\\\/?p=6608\"},\"author\":{\"name\":\"Jean Pierre BAWELA\",\"@id\":\"https:\\\/\\\/macite.tg\\\/#\\\/schema\\\/person\\\/e9f2de7e5dbbe7770a9402c7ce82f5c2\"},\"headline\":\"SONKO O.\u00a0FACE A UN DILEMME : L\u2019interdiction de la mobilisation de Yewwi Askan Wi contre la lev\u00e9e du blocus de son domicile\",\"datePublished\":\"2023-06-21T16:53:08+00:00\",\"dateModified\":\"2023-06-21T16:53:20+00:00\",\"mainEntityOfPage\":{\"@id\":\"https:\\\/\\\/macite.tg\\\/?p=6608\"},\"wordCount\":354,\"commentCount\":0,\"image\":{\"@id\":\"https:\\\/\\\/macite.tg\\\/?p=6608#primaryimage\"},\"thumbnailUrl\":\"https:\\\/\\\/macite.tg\\\/wp-content\\\/uploads\\\/2023\\\/06\\\/ASonko-Ousmane.jpg\",\"articleSection\":[\"ACTUALITE\",\"POLITIQUE\"],\"inLanguage\":\"fr-FR\",\"potentialAction\":[{\"@type\":\"CommentAction\",\"name\":\"Comment\",\"target\":[\"https:\\\/\\\/macite.tg\\\/?p=6608#respond\"]}]},{\"@type\":\"WebPage\",\"@id\":\"https:\\\/\\\/macite.tg\\\/?p=6608\",\"url\":\"https:\\\/\\\/macite.tg\\\/?p=6608\",\"name\":\"SONKO O.\u00a0FACE A UN DILEMME : L\u2019interdiction de la mobilisation de Yewwi Askan Wi contre la lev\u00e9e du blocus de son domicile -\",\"isPartOf\":{\"@id\":\"https:\\\/\\\/macite.tg\\\/#website\"},\"primaryImageOfPage\":{\"@id\":\"https:\\\/\\\/macite.tg\\\/?p=6608#primaryimage\"},\"image\":{\"@id\":\"https:\\\/\\\/macite.tg\\\/?p=6608#primaryimage\"},\"thumbnailUrl\":\"https:\\\/\\\/macite.tg\\\/wp-content\\\/uploads\\\/2023\\\/06\\\/ASonko-Ousmane.jpg\",\"datePublished\":\"2023-06-21T16:53:08+00:00\",\"dateModified\":\"2023-06-21T16:53:20+00:00\",\"author\":{\"@id\":\"https:\\\/\\\/macite.tg\\\/#\\\/schema\\\/person\\\/e9f2de7e5dbbe7770a9402c7ce82f5c2\"},\"breadcrumb\":{\"@id\":\"https:\\\/\\\/macite.tg\\\/?p=6608#breadcrumb\"},\"inLanguage\":\"fr-FR\",\"potentialAction\":[{\"@type\":\"ReadAction\",\"target\":[\"https:\\\/\\\/macite.tg\\\/?p=6608\"]}]},{\"@type\":\"ImageObject\",\"inLanguage\":\"fr-FR\",\"@id\":\"https:\\\/\\\/macite.tg\\\/?p=6608#primaryimage\",\"url\":\"https:\\\/\\\/macite.tg\\\/wp-content\\\/uploads\\\/2023\\\/06\\\/ASonko-Ousmane.jpg\",\"contentUrl\":\"https:\\\/\\\/macite.tg\\\/wp-content\\\/uploads\\\/2023\\\/06\\\/ASonko-Ousmane.jpg\",\"width\":310,\"height\":162},{\"@type\":\"BreadcrumbList\",\"@id\":\"https:\\\/\\\/macite.tg\\\/?p=6608#breadcrumb\",\"itemListElement\":[{\"@type\":\"ListItem\",\"position\":1,\"name\":\"Accueil\",\"item\":\"https:\\\/\\\/macite.tg\\\/\"},{\"@type\":\"ListItem\",\"position\":2,\"name\":\"SONKO O.\u00a0FACE A UN DILEMME : L\u2019interdiction de la mobilisation de Yewwi Askan Wi contre la lev\u00e9e du blocus de son domicile\"}]},{\"@type\":\"WebSite\",\"@id\":\"https:\\\/\\\/macite.tg\\\/#website\",\"url\":\"https:\\\/\\\/macite.tg\\\/\",\"name\":\"\",\"description\":\"L&#039;information, la bonne!!!\",\"potentialAction\":[{\"@type\":\"SearchAction\",\"target\":{\"@type\":\"EntryPoint\",\"urlTemplate\":\"https:\\\/\\\/macite.tg\\\/?s={search_term_string}\"},\"query-input\":{\"@type\":\"PropertyValueSpecification\",\"valueRequired\":true,\"valueName\":\"search_term_string\"}}],\"inLanguage\":\"fr-FR\"},{\"@type\":\"Person\",\"@id\":\"https:\\\/\\\/macite.tg\\\/#\\\/schema\\\/person\\\/e9f2de7e5dbbe7770a9402c7ce82f5c2\",\"name\":\"Jean Pierre BAWELA\",\"image\":{\"@type\":\"ImageObject\",\"inLanguage\":\"fr-FR\",\"@id\":\"https:\\\/\\\/macite.tg\\\/wp-content\\\/uploads\\\/2023\\\/09\\\/WhatsApp-Image-2023-09-19-at-14.44.41-122x122.jpeg\",\"url\":\"https:\\\/\\\/macite.tg\\\/wp-content\\\/uploads\\\/2023\\\/09\\\/WhatsApp-Image-2023-09-19-at-14.44.41-122x122.jpeg\",\"contentUrl\":\"https:\\\/\\\/macite.tg\\\/wp-content\\\/uploads\\\/2023\\\/09\\\/WhatsApp-Image-2023-09-19-at-14.44.41-122x122.jpeg\",\"caption\":\"Jean Pierre BAWELA\"},\"url\":\"https:\\\/\\\/macite.tg\\\/?author=2\"}]}<\/script>\n<!-- \/ Yoast SEO plugin. -->","yoast_head_json":{"title":"SONKO O.\u00a0FACE A UN DILEMME : L\u2019interdiction de la mobilisation de Yewwi Askan Wi contre la lev\u00e9e du blocus de son domicile -","robots":{"index":"index","follow":"follow","max-snippet":"max-snippet:-1","max-image-preview":"max-image-preview:large","max-video-preview":"max-video-preview:-1"},"canonical":"https:\/\/macite.tg\/?p=6608","og_locale":"fr_FR","og_type":"article","og_title":"SONKO O.\u00a0FACE A UN DILEMME : L\u2019interdiction de la mobilisation de Yewwi Askan Wi contre la lev\u00e9e du blocus de son domicile -","og_description":"Le Pr\u00e9fet de Dakar a interdit la manifestation qui \u00e9tait pr\u00e9vue, dimanche 25 juin, par la coalition Yewwi Askan Wi (YAW) qui avait appel\u00e9 \u00e0 la mobilisation pour lever le blocus install\u00e9 autour du domicile d\u2019Ousmane Sonko. Apr\u00e8s la conf\u00e9rence de presse tenue, derni\u00e8rement par [&hellip;]","og_url":"https:\/\/macite.tg\/?p=6608","article_published_time":"2023-06-21T16:53:08+00:00","article_modified_time":"2023-06-21T16:53:20+00:00","og_image":[{"width":310,"height":162,"url":"https:\/\/macite.tg\/wp-content\/uploads\/2023\/06\/ASonko-Ousmane.jpg","type":"image\/jpeg"}],"author":"Jean Pierre BAWELA","twitter_card":"summary_large_image","twitter_misc":{"\u00c9crit par":"Jean Pierre BAWELA","Dur\u00e9e de lecture estim\u00e9e":"2 minutes"},"schema":{"@context":"https:\/\/schema.org","@graph":[{"@type":"Article","@id":"https:\/\/macite.tg\/?p=6608#article","isPartOf":{"@id":"https:\/\/macite.tg\/?p=6608"},"author":{"name":"Jean Pierre BAWELA","@id":"https:\/\/macite.tg\/#\/schema\/person\/e9f2de7e5dbbe7770a9402c7ce82f5c2"},"headline":"SONKO O.\u00a0FACE A UN DILEMME : L\u2019interdiction de la mobilisation de Yewwi Askan Wi contre la lev\u00e9e du blocus de son domicile","datePublished":"2023-06-21T16:53:08+00:00","dateModified":"2023-06-21T16:53:20+00:00","mainEntityOfPage":{"@id":"https:\/\/macite.tg\/?p=6608"},"wordCount":354,"commentCount":0,"image":{"@id":"https:\/\/macite.tg\/?p=6608#primaryimage"},"thumbnailUrl":"https:\/\/macite.tg\/wp-content\/uploads\/2023\/06\/ASonko-Ousmane.jpg","articleSection":["ACTUALITE","POLITIQUE"],"inLanguage":"fr-FR","potentialAction":[{"@type":"CommentAction","name":"Comment","target":["https:\/\/macite.tg\/?p=6608#respond"]}]},{"@type":"WebPage","@id":"https:\/\/macite.tg\/?p=6608","url":"https:\/\/macite.tg\/?p=6608","name":"SONKO O.\u00a0FACE A UN DILEMME : L\u2019interdiction de la mobilisation de Yewwi Askan Wi contre la lev\u00e9e du blocus de son domicile -","isPartOf":{"@id":"https:\/\/macite.tg\/#website"},"primaryImageOfPage":{"@id":"https:\/\/macite.tg\/?p=6608#primaryimage"},"image":{"@id":"https:\/\/macite.tg\/?p=6608#primaryimage"},"thumbnailUrl":"https:\/\/macite.tg\/wp-content\/uploads\/2023\/06\/ASonko-Ousmane.jpg","datePublished":"2023-06-21T16:53:08+00:00","dateModified":"2023-06-21T16:53:20+00:00","author":{"@id":"https:\/\/macite.tg\/#\/schema\/person\/e9f2de7e5dbbe7770a9402c7ce82f5c2"},"breadcrumb":{"@id":"https:\/\/macite.tg\/?p=6608#breadcrumb"},"inLanguage":"fr-FR","potentialAction":[{"@type":"ReadAction","target":["https:\/\/macite.tg\/?p=6608"]}]},{"@type":"ImageObject","inLanguage":"fr-FR","@id":"https:\/\/macite.tg\/?p=6608#primaryimage","url":"https:\/\/macite.tg\/wp-content\/uploads\/2023\/06\/ASonko-Ousmane.jpg","contentUrl":"https:\/\/macite.tg\/wp-content\/uploads\/2023\/06\/ASonko-Ousmane.jpg","width":310,"height":162},{"@type":"BreadcrumbList","@id":"https:\/\/macite.tg\/?p=6608#breadcrumb","itemListElement":[{"@type":"ListItem","position":1,"name":"Accueil","item":"https:\/\/macite.tg\/"},{"@type":"ListItem","position":2,"name":"SONKO O.\u00a0FACE A UN DILEMME : L\u2019interdiction de la mobilisation de Yewwi Askan Wi contre la lev\u00e9e du blocus de son domicile"}]},{"@type":"WebSite","@id":"https:\/\/macite.tg\/#website","url":"https:\/\/macite.tg\/","name":"","description":"L&#039;information, la bonne!!!","potentialAction":[{"@type":"SearchAction","target":{"@type":"EntryPoint","urlTemplate":"https:\/\/macite.tg\/?s={search_term_string}"},"query-input":{"@type":"PropertyValueSpecification","valueRequired":true,"valueName":"search_term_string"}}],"inLanguage":"fr-FR"},{"@type":"Person","@id":"https:\/\/macite.tg\/#\/schema\/person\/e9f2de7e5dbbe7770a9402c7ce82f5c2","name":"Jean Pierre BAWELA","image":{"@type":"ImageObject","inLanguage":"fr-FR","@id":"https:\/\/macite.tg\/wp-content\/uploads\/2023\/09\/WhatsApp-Image-2023-09-19-at-14.44.41-122x122.jpeg","url":"https:\/\/macite.tg\/wp-content\/uploads\/2023\/09\/WhatsApp-Image-2023-09-19-at-14.44.41-122x122.jpeg","contentUrl":"https:\/\/macite.tg\/wp-content\/uploads\/2023\/09\/WhatsApp-Image-2023-09-19-at-14.44.41-122x122.jpeg","caption":"Jean Pierre BAWELA"},"url":"https:\/\/macite.tg\/?author=2"}]}},"_links":{"self":[{"href":"https:\/\/macite.tg\/index.php?rest_route=\/wp\/v2\/posts\/6608","targetHints":{"allow":["GET"]}}],"collection":[{"href":"https:\/\/macite.tg\/index.php?rest_route=\/wp\/v2\/posts"}],"about":[{"href":"https:\/\/macite.tg\/index.php?rest_route=\/wp\/v2\/types\/post"}],"author":[{"embeddable":true,"href":"https:\/\/macite.tg\/index.php?rest_route=\/wp\/v2\/users\/2"}],"replies":[{"embeddable":true,"href":"https:\/\/macite.tg\/index.php?rest_route=%2Fwp%2Fv2%2Fcomments&post=6608"}],"version-history":[{"count":0,"href":"https:\/\/macite.tg\/index.php?rest_route=\/wp\/v2\/posts\/6608\/revisions"}],"wp:featuredmedia":[{"embeddable":true,"href":"https:\/\/macite.tg\/index.php?rest_route=\/wp\/v2\/media\/6609"}],"wp:attachment":[{"href":"https:\/\/macite.tg\/index.php?rest_route=%2Fwp%2Fv2%2Fmedia&parent=6608"}],"wp:term":[{"taxonomy":"category","embeddable":true,"href":"https:\/\/macite.tg\/index.php?rest_route=%2Fwp%2Fv2%2Fcategories&post=6608"},{"taxonomy":"post_tag","embeddable":true,"href":"https:\/\/macite.tg\/index.php?rest_route=%2Fwp%2Fv2%2Ftags&post=6608"}],"curies":[{"name":"wp","href":"https:\/\/api.w.org\/{rel}","templated":true}]}}