{"id":6603,"date":"2023-06-21T16:12:53","date_gmt":"2023-06-21T16:12:53","guid":{"rendered":"https:\/\/macite.tg\/?p=6603"},"modified":"2023-06-21T16:13:05","modified_gmt":"2023-06-21T16:13:05","slug":"confederation-paysanne-france-deboutee-par-la-justice-francaise-un-nouveau-revers-pour-le-polisario-et-ses-relais-de-lhexagone","status":"publish","type":"post","link":"https:\/\/macite.tg\/?p=6603","title":{"rendered":"CONF\u00c9D\u00c9RATION PAYSANNE (FRANCE) D\u00c9BOUT\u00c9E PAR LA JUSTICE FRAN\u00c7AISE\u00a0: Un nouveau revers pour le Polisario et ses relais de l\u2019Hexagone"},"content":{"rendered":"\n<p class=\"wp-block-paragraph\"><strong><em>La Conf\u00e9d\u00e9ration Paysanne de France vient de faire les frais de son acharnement contre l\u2019accord agricole entre le Maroc et l\u2019Union europ\u00e9enne. Elle vient d\u2019\u00eatre condamn\u00e9e par le Tribunal de Tarascon, une commune fran\u00e7aise du d\u00e9partement des Bouches-du-Rh\u00f4ne en r\u00e9gion Provence-Alpes-C\u00f4te d&rsquo;Azur.<\/em><\/strong><\/p>\n\n\n\n<p class=\"wp-block-paragraph\">C\u2019est un nouveau revers pour le Polisario et ses affid\u00e9s en France. Le Tribunal de Tarascon vient d\u2019infliger un cinglant revers \u00e0 la Conf\u00e9d\u00e9ration Paysanne, une organisation syndicale, dans sa tentative de r\u00e9cuser l\u2019accord agricole entre le Royaume du Maroc et l\u2019Union europ\u00e9enne.<\/p>\n\n\n\n<figure class=\"wp-block-image size-large\"><img loading=\"lazy\" decoding=\"async\" width=\"1024\" height=\"212\" src=\"https:\/\/macite.tg\/wp-content\/uploads\/2023\/06\/IMG-20230514-WA00962-2-1024x212.jpg\" alt=\"\" class=\"wp-image-6397\" srcset=\"https:\/\/macite.tg\/wp-content\/uploads\/2023\/06\/IMG-20230514-WA00962-2-1024x212.jpg 1024w, https:\/\/macite.tg\/wp-content\/uploads\/2023\/06\/IMG-20230514-WA00962-2-300x62.jpg 300w, https:\/\/macite.tg\/wp-content\/uploads\/2023\/06\/IMG-20230514-WA00962-2-768x159.jpg 768w, https:\/\/macite.tg\/wp-content\/uploads\/2023\/06\/IMG-20230514-WA00962-2-1536x318.jpg 1536w, https:\/\/macite.tg\/wp-content\/uploads\/2023\/06\/IMG-20230514-WA00962-2.jpg 1600w\" sizes=\"auto, (max-width: 1024px) 100vw, 1024px\" \/><\/figure>\n\n\n\n<p class=\"wp-block-paragraph\">En effet, l\u2019organisation syndicale fran\u00e7aise avait ester en justice la \u2018\u2019SAS IDYL\u2019\u2019, une entreprise fran\u00e7aise sp\u00e9cialis\u00e9e dans la commercialisation de fruits et l\u00e9gumes en provenance du Maroc et de ses Provinces du Sud, dans l\u2019optique de condamner et interdire cette entreprise de distribuer ses produits. Mais la justice fran\u00e7aise a dit le droit, en d\u00e9boutant la Conf\u00e9d\u00e9ration Paysanne, dont les intentions \u00e9taient de ramer \u00e0 contre-courant de l\u2019accord agricole Maroc-UE.<\/p>\n\n\n\n<p class=\"wp-block-paragraph\">Ce nouveau revers judiciaire qui rappelle celui de la Haute Cour de Londres, au Royaume-Uni, en mai dernier, est un d\u00e9saveu flagrant inflig\u00e9 aux alli\u00e9s du Front Polisario qui fait feu de tout bois pour peindre en noir Rabat et ses actions dans les Provinces du Sud Maroc.<\/p>\n\n\n<div class=\"wp-block-image\">\n<figure class=\"aligncenter size-large is-resized\"><img loading=\"lazy\" decoding=\"async\" src=\"https:\/\/macite.tg\/wp-content\/uploads\/2023\/06\/Panneau-1-12m2-bis-1-1024x768.jpg\" alt=\"\" class=\"wp-image-6378\" width=\"507\" height=\"380\" srcset=\"https:\/\/macite.tg\/wp-content\/uploads\/2023\/06\/Panneau-1-12m2-bis-1-1024x768.jpg 1024w, https:\/\/macite.tg\/wp-content\/uploads\/2023\/06\/Panneau-1-12m2-bis-1-300x225.jpg 300w, https:\/\/macite.tg\/wp-content\/uploads\/2023\/06\/Panneau-1-12m2-bis-1-768x576.jpg 768w, https:\/\/macite.tg\/wp-content\/uploads\/2023\/06\/Panneau-1-12m2-bis-1-1536x1152.jpg 1536w, https:\/\/macite.tg\/wp-content\/uploads\/2023\/06\/Panneau-1-12m2-bis-1-2048x1536.jpg 2048w\" sizes=\"auto, (max-width: 507px) 100vw, 507px\" \/><\/figure>\n<\/div>\n\n\n<p class=\"wp-block-paragraph\"><strong>Les dessous d\u2019un acharnement judiciaire contre SAS IDYL<\/strong><\/p>\n\n\n\n<p class=\"wp-block-paragraph\">Selon les sources proches du dossier, la Conf\u00e9d\u00e9ration Paysanne, un syndicat pro-Polisario, avait tent\u00e9 le 18 avril 2014, de d\u00e9noncer en justice les pr\u00e9sum\u00e9s <em>\u00abactes de concurrence d\u00e9loyale pour les paysans fran\u00e7ais et europ\u00e9ens, de l\u2019importation et de la commercialisation par la soci\u00e9t\u00e9 \u00ab Idyl \u00bb, de fruits et de l\u00e9gumes produits au Sahara occidental et b\u00e9n\u00e9ficiant des avantages tarifaires accord\u00e9s au Maroc, selon l\u2019accord de libre-\u00e9change devenu effectif le 1er novembre 2012 \u00bb.<\/em><\/p>\n\n\n\n<p class=\"wp-block-paragraph\">Cette Conf\u00e9d\u00e9ration \u00e9tait m\u00eame all\u00e9e, plus loin, en saisissant la&nbsp; Cour de Justice europ\u00e9enne dans l\u2019optique d\u2019interdire \u2018\u2019SAS IDYL\u2019\u2019 d\u2019exercer, donc de distribuer ses produits.<\/p>\n\n\n\n<p class=\"wp-block-paragraph\">Chose curieuse, la m\u00eame Conf\u00e9d\u00e9ration revient \u00e0 la charge, en 2019, en assignant toujours SAS IDYL devant le m\u00eame Tribunal de Tarascon, cette fois-ci, pour interdire cette soci\u00e9t\u00e9 de vendre les produits en provenance du Sud du Maroc. Une condamnation de SAS IDYL \u00e0 payer une astreinte de 10.000 euros et une somme de 500.000 euros \u00e0 titre de provision, avait m\u00eame \u00e9t\u00e9 envisag\u00e9e.<\/p>\n\n\n\n<p class=\"wp-block-paragraph\">En r\u00e9action \u00e0 ces accusations, la soci\u00e9t\u00e9 SAS IDYL avait demand\u00e9, tout simplement, de d\u00e9clarer non-recevabilit\u00e9 les demandes du syndicat pro-Polisario, et sa condamnation au paiement des d\u00e9pens. Bref, la soci\u00e9t\u00e9 avait soutenu l\u2019annulation de l\u2019action de la Conf\u00e9d\u00e9ration Paysanne car, sa demande pr\u00e9sentait plusieurs irr\u00e9gularit\u00e9s, sur le fond.<\/p>\n\n\n<div class=\"wp-block-image\">\n<figure class=\"aligncenter size-large is-resized\"><img loading=\"lazy\" decoding=\"async\" src=\"https:\/\/macite.tg\/wp-content\/uploads\/2023\/06\/IMG-20230620-WA00631-713x1024.jpg\" alt=\"\" class=\"wp-image-6591\" width=\"527\" height=\"757\" srcset=\"https:\/\/macite.tg\/wp-content\/uploads\/2023\/06\/IMG-20230620-WA00631-713x1024.jpg 713w, https:\/\/macite.tg\/wp-content\/uploads\/2023\/06\/IMG-20230620-WA00631-209x300.jpg 209w, https:\/\/macite.tg\/wp-content\/uploads\/2023\/06\/IMG-20230620-WA00631.jpg 716w\" sizes=\"auto, (max-width: 527px) 100vw, 527px\" \/><\/figure>\n<\/div>\n\n\n<p class=\"wp-block-paragraph\">Et la d\u00e9cision de la justice fran\u00e7aise, notamment le Tribunal de Tarascon, qui a, en plus, de rejeter la demande du syndicat agricole fran\u00e7ais, a d\u00e9clar\u00e9 prescrite l\u2019action judiciaire dudit syndicat contre la soci\u00e9t\u00e9 IDYL. Ceci vient ainsi donner raison \u00e0 la soci\u00e9t\u00e9 qui pourrait continuer ses activit\u00e9s sans aucun souci outre mesure.<\/p>\n\n\n\n<p class=\"wp-block-paragraph\"><strong><em>@macite.tg&nbsp;&nbsp;&nbsp;&nbsp;&nbsp;&nbsp;&nbsp;&nbsp;<\/em><\/strong><\/p>\n\n\n\n<p class=\"wp-block-paragraph\"><strong><em>E-mail&nbsp;: <\/em><\/strong><a href=\"mailto:maciteinfo@gmail.com\"><strong><em>maciteinfo@gmail.com<\/em><\/strong><\/a><strong><em>; <\/em><\/strong><a href=\"mailto:bawela1@gmail.com\"><strong><em>bawela1@gmail.com<\/em><\/strong><\/a><strong><em><\/em><\/strong><\/p>\n\n\n\n<p class=\"wp-block-paragraph\"><strong><em>Pour vos annonces, (publi)reportages, etc., joignez nous au (00228)91515309\/<strong>79872224 <\/strong>www.macite.tg, L\u2019information, la bonne&nbsp;!<\/em><\/strong><\/p>\n","protected":false},"excerpt":{"rendered":"<p class=\"text-justify mb-2\" >La Conf\u00e9d\u00e9ration Paysanne de France vient de faire les frais de son acharnement contre l\u2019accord agricole entre le Maroc et l\u2019Union europ\u00e9enne. Elle vient d\u2019\u00eatre condamn\u00e9e par le Tribunal de Tarascon, une commune fran\u00e7aise du d\u00e9partement des Bouches-du-Rh\u00f4ne en r\u00e9gion Provence-Alpes-C\u00f4te d&rsquo;Azur. C\u2019est un nouveau [&hellip;]<\/p>\n","protected":false},"author":2,"featured_media":6604,"comment_status":"open","ping_status":"open","sticky":false,"template":"","format":"standard","meta":{"footnotes":""},"categories":[20],"tags":[],"class_list":["post-6603","post","type-post","status-publish","format-standard","has-post-thumbnail","hentry","category-actualite"],"yoast_head":"<!-- This site is optimized with the Yoast SEO plugin v28.4 - https:\/\/yoast.com\/product\/yoast-seo-wordpress\/ -->\n<title>CONF\u00c9D\u00c9RATION PAYSANNE (FRANCE) D\u00c9BOUT\u00c9E PAR LA JUSTICE FRAN\u00c7AISE\u00a0: Un nouveau revers pour le Polisario et ses relais de l\u2019Hexagone -<\/title>\n<meta name=\"robots\" content=\"index, follow, max-snippet:-1, max-image-preview:large, max-video-preview:-1\" \/>\n<link rel=\"canonical\" href=\"https:\/\/macite.tg\/?p=6603\" \/>\n<meta property=\"og:locale\" content=\"fr_FR\" \/>\n<meta property=\"og:type\" content=\"article\" \/>\n<meta property=\"og:title\" content=\"CONF\u00c9D\u00c9RATION PAYSANNE (FRANCE) D\u00c9BOUT\u00c9E PAR LA JUSTICE FRAN\u00c7AISE\u00a0: Un nouveau revers pour le Polisario et ses relais de l\u2019Hexagone -\" \/>\n<meta property=\"og:description\" content=\"La Conf\u00e9d\u00e9ration Paysanne de France vient de faire les frais de son acharnement contre l\u2019accord agricole entre le Maroc et l\u2019Union europ\u00e9enne. Elle vient d\u2019\u00eatre condamn\u00e9e par le Tribunal de Tarascon, une commune fran\u00e7aise du d\u00e9partement des Bouches-du-Rh\u00f4ne en r\u00e9gion Provence-Alpes-C\u00f4te d&rsquo;Azur. C\u2019est un nouveau [&hellip;]\" \/>\n<meta property=\"og:url\" content=\"https:\/\/macite.tg\/?p=6603\" \/>\n<meta property=\"article:published_time\" content=\"2023-06-21T16:12:53+00:00\" \/>\n<meta property=\"article:modified_time\" content=\"2023-06-21T16:13:05+00:00\" \/>\n<meta property=\"og:image\" content=\"https:\/\/macite.tg\/wp-content\/uploads\/2023\/06\/IMG-20230621-WA0079.jpg\" \/>\n\t<meta property=\"og:image:width\" content=\"576\" \/>\n\t<meta property=\"og:image:height\" content=\"321\" \/>\n\t<meta property=\"og:image:type\" content=\"image\/jpeg\" \/>\n<meta name=\"author\" content=\"Jean Pierre BAWELA\" \/>\n<meta name=\"twitter:card\" content=\"summary_large_image\" \/>\n<meta name=\"twitter:label1\" content=\"\u00c9crit par\" \/>\n\t<meta name=\"twitter:data1\" content=\"Jean Pierre BAWELA\" \/>\n\t<meta name=\"twitter:label2\" content=\"Dur\u00e9e de lecture estim\u00e9e\" \/>\n\t<meta name=\"twitter:data2\" content=\"3 minutes\" \/>\n<script type=\"application\/ld+json\" class=\"yoast-schema-graph\">{\"@context\":\"https:\\\/\\\/schema.org\",\"@graph\":[{\"@type\":\"Article\",\"@id\":\"https:\\\/\\\/macite.tg\\\/?p=6603#article\",\"isPartOf\":{\"@id\":\"https:\\\/\\\/macite.tg\\\/?p=6603\"},\"author\":{\"name\":\"Jean Pierre BAWELA\",\"@id\":\"https:\\\/\\\/macite.tg\\\/#\\\/schema\\\/person\\\/e9f2de7e5dbbe7770a9402c7ce82f5c2\"},\"headline\":\"CONF\u00c9D\u00c9RATION PAYSANNE (FRANCE) D\u00c9BOUT\u00c9E PAR LA JUSTICE FRAN\u00c7AISE\u00a0: Un nouveau revers pour le Polisario et ses relais de l\u2019Hexagone\",\"datePublished\":\"2023-06-21T16:12:53+00:00\",\"dateModified\":\"2023-06-21T16:13:05+00:00\",\"mainEntityOfPage\":{\"@id\":\"https:\\\/\\\/macite.tg\\\/?p=6603\"},\"wordCount\":609,\"commentCount\":0,\"image\":{\"@id\":\"https:\\\/\\\/macite.tg\\\/?p=6603#primaryimage\"},\"thumbnailUrl\":\"https:\\\/\\\/macite.tg\\\/wp-content\\\/uploads\\\/2023\\\/06\\\/IMG-20230621-WA0079.jpg\",\"articleSection\":[\"ACTUALITE\"],\"inLanguage\":\"fr-FR\",\"potentialAction\":[{\"@type\":\"CommentAction\",\"name\":\"Comment\",\"target\":[\"https:\\\/\\\/macite.tg\\\/?p=6603#respond\"]}]},{\"@type\":\"WebPage\",\"@id\":\"https:\\\/\\\/macite.tg\\\/?p=6603\",\"url\":\"https:\\\/\\\/macite.tg\\\/?p=6603\",\"name\":\"CONF\u00c9D\u00c9RATION PAYSANNE (FRANCE) D\u00c9BOUT\u00c9E PAR LA JUSTICE FRAN\u00c7AISE\u00a0: Un nouveau revers pour le Polisario et ses relais de l\u2019Hexagone -\",\"isPartOf\":{\"@id\":\"https:\\\/\\\/macite.tg\\\/#website\"},\"primaryImageOfPage\":{\"@id\":\"https:\\\/\\\/macite.tg\\\/?p=6603#primaryimage\"},\"image\":{\"@id\":\"https:\\\/\\\/macite.tg\\\/?p=6603#primaryimage\"},\"thumbnailUrl\":\"https:\\\/\\\/macite.tg\\\/wp-content\\\/uploads\\\/2023\\\/06\\\/IMG-20230621-WA0079.jpg\",\"datePublished\":\"2023-06-21T16:12:53+00:00\",\"dateModified\":\"2023-06-21T16:13:05+00:00\",\"author\":{\"@id\":\"https:\\\/\\\/macite.tg\\\/#\\\/schema\\\/person\\\/e9f2de7e5dbbe7770a9402c7ce82f5c2\"},\"breadcrumb\":{\"@id\":\"https:\\\/\\\/macite.tg\\\/?p=6603#breadcrumb\"},\"inLanguage\":\"fr-FR\",\"potentialAction\":[{\"@type\":\"ReadAction\",\"target\":[\"https:\\\/\\\/macite.tg\\\/?p=6603\"]}]},{\"@type\":\"ImageObject\",\"inLanguage\":\"fr-FR\",\"@id\":\"https:\\\/\\\/macite.tg\\\/?p=6603#primaryimage\",\"url\":\"https:\\\/\\\/macite.tg\\\/wp-content\\\/uploads\\\/2023\\\/06\\\/IMG-20230621-WA0079.jpg\",\"contentUrl\":\"https:\\\/\\\/macite.tg\\\/wp-content\\\/uploads\\\/2023\\\/06\\\/IMG-20230621-WA0079.jpg\",\"width\":576,\"height\":321},{\"@type\":\"BreadcrumbList\",\"@id\":\"https:\\\/\\\/macite.tg\\\/?p=6603#breadcrumb\",\"itemListElement\":[{\"@type\":\"ListItem\",\"position\":1,\"name\":\"Accueil\",\"item\":\"https:\\\/\\\/macite.tg\\\/\"},{\"@type\":\"ListItem\",\"position\":2,\"name\":\"CONF\u00c9D\u00c9RATION PAYSANNE (FRANCE) D\u00c9BOUT\u00c9E PAR LA JUSTICE FRAN\u00c7AISE\u00a0: Un nouveau revers pour le Polisario et ses relais de l\u2019Hexagone\"}]},{\"@type\":\"WebSite\",\"@id\":\"https:\\\/\\\/macite.tg\\\/#website\",\"url\":\"https:\\\/\\\/macite.tg\\\/\",\"name\":\"\",\"description\":\"L&#039;information, la bonne!!!\",\"potentialAction\":[{\"@type\":\"SearchAction\",\"target\":{\"@type\":\"EntryPoint\",\"urlTemplate\":\"https:\\\/\\\/macite.tg\\\/?s={search_term_string}\"},\"query-input\":{\"@type\":\"PropertyValueSpecification\",\"valueRequired\":true,\"valueName\":\"search_term_string\"}}],\"inLanguage\":\"fr-FR\"},{\"@type\":\"Person\",\"@id\":\"https:\\\/\\\/macite.tg\\\/#\\\/schema\\\/person\\\/e9f2de7e5dbbe7770a9402c7ce82f5c2\",\"name\":\"Jean Pierre BAWELA\",\"image\":{\"@type\":\"ImageObject\",\"inLanguage\":\"fr-FR\",\"@id\":\"https:\\\/\\\/macite.tg\\\/wp-content\\\/uploads\\\/2023\\\/09\\\/WhatsApp-Image-2023-09-19-at-14.44.41-122x122.jpeg\",\"url\":\"https:\\\/\\\/macite.tg\\\/wp-content\\\/uploads\\\/2023\\\/09\\\/WhatsApp-Image-2023-09-19-at-14.44.41-122x122.jpeg\",\"contentUrl\":\"https:\\\/\\\/macite.tg\\\/wp-content\\\/uploads\\\/2023\\\/09\\\/WhatsApp-Image-2023-09-19-at-14.44.41-122x122.jpeg\",\"caption\":\"Jean Pierre BAWELA\"},\"url\":\"https:\\\/\\\/macite.tg\\\/?author=2\"}]}<\/script>\n<!-- \/ Yoast SEO plugin. -->","yoast_head_json":{"title":"CONF\u00c9D\u00c9RATION PAYSANNE (FRANCE) D\u00c9BOUT\u00c9E PAR LA JUSTICE FRAN\u00c7AISE\u00a0: Un nouveau revers pour le Polisario et ses relais de l\u2019Hexagone -","robots":{"index":"index","follow":"follow","max-snippet":"max-snippet:-1","max-image-preview":"max-image-preview:large","max-video-preview":"max-video-preview:-1"},"canonical":"https:\/\/macite.tg\/?p=6603","og_locale":"fr_FR","og_type":"article","og_title":"CONF\u00c9D\u00c9RATION PAYSANNE (FRANCE) D\u00c9BOUT\u00c9E PAR LA JUSTICE FRAN\u00c7AISE\u00a0: Un nouveau revers pour le Polisario et ses relais de l\u2019Hexagone -","og_description":"La Conf\u00e9d\u00e9ration Paysanne de France vient de faire les frais de son acharnement contre l\u2019accord agricole entre le Maroc et l\u2019Union europ\u00e9enne. Elle vient d\u2019\u00eatre condamn\u00e9e par le Tribunal de Tarascon, une commune fran\u00e7aise du d\u00e9partement des Bouches-du-Rh\u00f4ne en r\u00e9gion Provence-Alpes-C\u00f4te d&rsquo;Azur. C\u2019est un nouveau [&hellip;]","og_url":"https:\/\/macite.tg\/?p=6603","article_published_time":"2023-06-21T16:12:53+00:00","article_modified_time":"2023-06-21T16:13:05+00:00","og_image":[{"width":576,"height":321,"url":"https:\/\/macite.tg\/wp-content\/uploads\/2023\/06\/IMG-20230621-WA0079.jpg","type":"image\/jpeg"}],"author":"Jean Pierre BAWELA","twitter_card":"summary_large_image","twitter_misc":{"\u00c9crit par":"Jean Pierre BAWELA","Dur\u00e9e de lecture estim\u00e9e":"3 minutes"},"schema":{"@context":"https:\/\/schema.org","@graph":[{"@type":"Article","@id":"https:\/\/macite.tg\/?p=6603#article","isPartOf":{"@id":"https:\/\/macite.tg\/?p=6603"},"author":{"name":"Jean Pierre BAWELA","@id":"https:\/\/macite.tg\/#\/schema\/person\/e9f2de7e5dbbe7770a9402c7ce82f5c2"},"headline":"CONF\u00c9D\u00c9RATION PAYSANNE (FRANCE) D\u00c9BOUT\u00c9E PAR LA JUSTICE FRAN\u00c7AISE\u00a0: Un nouveau revers pour le Polisario et ses relais de l\u2019Hexagone","datePublished":"2023-06-21T16:12:53+00:00","dateModified":"2023-06-21T16:13:05+00:00","mainEntityOfPage":{"@id":"https:\/\/macite.tg\/?p=6603"},"wordCount":609,"commentCount":0,"image":{"@id":"https:\/\/macite.tg\/?p=6603#primaryimage"},"thumbnailUrl":"https:\/\/macite.tg\/wp-content\/uploads\/2023\/06\/IMG-20230621-WA0079.jpg","articleSection":["ACTUALITE"],"inLanguage":"fr-FR","potentialAction":[{"@type":"CommentAction","name":"Comment","target":["https:\/\/macite.tg\/?p=6603#respond"]}]},{"@type":"WebPage","@id":"https:\/\/macite.tg\/?p=6603","url":"https:\/\/macite.tg\/?p=6603","name":"CONF\u00c9D\u00c9RATION PAYSANNE (FRANCE) D\u00c9BOUT\u00c9E PAR LA JUSTICE FRAN\u00c7AISE\u00a0: Un nouveau revers pour le Polisario et ses relais de l\u2019Hexagone -","isPartOf":{"@id":"https:\/\/macite.tg\/#website"},"primaryImageOfPage":{"@id":"https:\/\/macite.tg\/?p=6603#primaryimage"},"image":{"@id":"https:\/\/macite.tg\/?p=6603#primaryimage"},"thumbnailUrl":"https:\/\/macite.tg\/wp-content\/uploads\/2023\/06\/IMG-20230621-WA0079.jpg","datePublished":"2023-06-21T16:12:53+00:00","dateModified":"2023-06-21T16:13:05+00:00","author":{"@id":"https:\/\/macite.tg\/#\/schema\/person\/e9f2de7e5dbbe7770a9402c7ce82f5c2"},"breadcrumb":{"@id":"https:\/\/macite.tg\/?p=6603#breadcrumb"},"inLanguage":"fr-FR","potentialAction":[{"@type":"ReadAction","target":["https:\/\/macite.tg\/?p=6603"]}]},{"@type":"ImageObject","inLanguage":"fr-FR","@id":"https:\/\/macite.tg\/?p=6603#primaryimage","url":"https:\/\/macite.tg\/wp-content\/uploads\/2023\/06\/IMG-20230621-WA0079.jpg","contentUrl":"https:\/\/macite.tg\/wp-content\/uploads\/2023\/06\/IMG-20230621-WA0079.jpg","width":576,"height":321},{"@type":"BreadcrumbList","@id":"https:\/\/macite.tg\/?p=6603#breadcrumb","itemListElement":[{"@type":"ListItem","position":1,"name":"Accueil","item":"https:\/\/macite.tg\/"},{"@type":"ListItem","position":2,"name":"CONF\u00c9D\u00c9RATION PAYSANNE (FRANCE) D\u00c9BOUT\u00c9E PAR LA JUSTICE FRAN\u00c7AISE\u00a0: Un nouveau revers pour le Polisario et ses relais de l\u2019Hexagone"}]},{"@type":"WebSite","@id":"https:\/\/macite.tg\/#website","url":"https:\/\/macite.tg\/","name":"","description":"L&#039;information, la bonne!!!","potentialAction":[{"@type":"SearchAction","target":{"@type":"EntryPoint","urlTemplate":"https:\/\/macite.tg\/?s={search_term_string}"},"query-input":{"@type":"PropertyValueSpecification","valueRequired":true,"valueName":"search_term_string"}}],"inLanguage":"fr-FR"},{"@type":"Person","@id":"https:\/\/macite.tg\/#\/schema\/person\/e9f2de7e5dbbe7770a9402c7ce82f5c2","name":"Jean Pierre BAWELA","image":{"@type":"ImageObject","inLanguage":"fr-FR","@id":"https:\/\/macite.tg\/wp-content\/uploads\/2023\/09\/WhatsApp-Image-2023-09-19-at-14.44.41-122x122.jpeg","url":"https:\/\/macite.tg\/wp-content\/uploads\/2023\/09\/WhatsApp-Image-2023-09-19-at-14.44.41-122x122.jpeg","contentUrl":"https:\/\/macite.tg\/wp-content\/uploads\/2023\/09\/WhatsApp-Image-2023-09-19-at-14.44.41-122x122.jpeg","caption":"Jean Pierre BAWELA"},"url":"https:\/\/macite.tg\/?author=2"}]}},"_links":{"self":[{"href":"https:\/\/macite.tg\/index.php?rest_route=\/wp\/v2\/posts\/6603","targetHints":{"allow":["GET"]}}],"collection":[{"href":"https:\/\/macite.tg\/index.php?rest_route=\/wp\/v2\/posts"}],"about":[{"href":"https:\/\/macite.tg\/index.php?rest_route=\/wp\/v2\/types\/post"}],"author":[{"embeddable":true,"href":"https:\/\/macite.tg\/index.php?rest_route=\/wp\/v2\/users\/2"}],"replies":[{"embeddable":true,"href":"https:\/\/macite.tg\/index.php?rest_route=%2Fwp%2Fv2%2Fcomments&post=6603"}],"version-history":[{"count":0,"href":"https:\/\/macite.tg\/index.php?rest_route=\/wp\/v2\/posts\/6603\/revisions"}],"wp:featuredmedia":[{"embeddable":true,"href":"https:\/\/macite.tg\/index.php?rest_route=\/wp\/v2\/media\/6604"}],"wp:attachment":[{"href":"https:\/\/macite.tg\/index.php?rest_route=%2Fwp%2Fv2%2Fmedia&parent=6603"}],"wp:term":[{"taxonomy":"category","embeddable":true,"href":"https:\/\/macite.tg\/index.php?rest_route=%2Fwp%2Fv2%2Fcategories&post=6603"},{"taxonomy":"post_tag","embeddable":true,"href":"https:\/\/macite.tg\/index.php?rest_route=%2Fwp%2Fv2%2Ftags&post=6603"}],"curies":[{"name":"wp","href":"https:\/\/api.w.org\/{rel}","templated":true}]}}