{"id":6602,"date":"2023-06-21T16:34:57","date_gmt":"2023-06-21T16:34:57","guid":{"rendered":"https:\/\/macite.tg\/?p=6602"},"modified":"2023-06-21T16:35:09","modified_gmt":"2023-06-21T16:35:09","slug":"senegal-dialogue-national-karim-wade-et-khalifa-sall-enfin-eligibles-pour-2024","status":"publish","type":"post","link":"https:\/\/macite.tg\/?p=6602","title":{"rendered":"S\u00c9N\u00c9GAL \/ DIALOGUE NATIONAL : Karim Wade et Khalifa Sall enfin \u00e9ligibles pour 2024&#8230;"},"content":{"rendered":"\n<p class=\"wp-block-paragraph\"><strong><em>Le dialogue national poursuit toujours ses travaux. En ce qui concerne les questions politiques, de nouvelles avanc\u00e9es ont \u00e9t\u00e9 remarqu\u00e9es.<\/em><\/strong><\/p>\n\n\n\n<p class=\"wp-block-paragraph\">Selon L\u2019Observateur, qui en parle dans son \u00e9dition de ce mercredi, la modification de l\u2019article L28, alin\u00e9a 3, va permettre \u00e0 Khalifa Sall et Karim Wade de participer \u00e0 l\u2019\u00e9lection pr\u00e9sidentielle de f\u00e9vrier prochain. Ce point \u00e9tait l\u2019un des enjeux principaux de ce dialogue national.<\/p>\n\n\n\n<figure class=\"wp-block-image size-large\"><img loading=\"lazy\" decoding=\"async\" width=\"1024\" height=\"212\" src=\"https:\/\/macite.tg\/wp-content\/uploads\/2023\/06\/IMG-20230514-WA00962-3-1024x212.jpg\" alt=\"\" class=\"wp-image-6399\" srcset=\"https:\/\/macite.tg\/wp-content\/uploads\/2023\/06\/IMG-20230514-WA00962-3-1024x212.jpg 1024w, https:\/\/macite.tg\/wp-content\/uploads\/2023\/06\/IMG-20230514-WA00962-3-300x62.jpg 300w, https:\/\/macite.tg\/wp-content\/uploads\/2023\/06\/IMG-20230514-WA00962-3-768x159.jpg 768w, https:\/\/macite.tg\/wp-content\/uploads\/2023\/06\/IMG-20230514-WA00962-3-1536x318.jpg 1536w, https:\/\/macite.tg\/wp-content\/uploads\/2023\/06\/IMG-20230514-WA00962-3.jpg 1600w\" sizes=\"auto, (max-width: 1024px) 100vw, 1024px\" \/><\/figure>\n\n\n\n<p class=\"wp-block-paragraph\">Ces deux personnalit\u00e9s politiques ont toujours \u00e9t\u00e9 au c\u0153ur des discussions et des planifications politiques ces derni\u00e8res ann\u00e9es, dans le but de recouvrer leurs droits civiques. En ce qui concerne Karim Wade, le journal r\u00e9v\u00e8le qu\u2019il tient \u00e0 sa r\u00e9habilitation.<\/p>\n\n\n\n<p class=\"wp-block-paragraph\">Le journal Le Temoin va m\u00eame plus loin. Khalifa Sall et Karim Wade pourront participer \u00e0 l\u2019\u00e9lection pr\u00e9sidentielle de 2024, renseigne-t-il. Le dialogue politique national a abouti \u00e0 un accord avec la d\u00e9cision de modifier la Loi L28, ce qui permettra la r\u00e9habilitation de ceux qui b\u00e9n\u00e9ficieront d\u2019une gr\u00e2ce pr\u00e9sidentielle ou qui ont d\u00e9j\u00e0 purg\u00e9 leur peine de prison. Les deux leaders politiques se trouvent dans cette situation. <\/p>\n\n\n\n<p class=\"wp-block-paragraph\">Le cas de Sonko reste en suspens, pr\u00e9cise le quotidien.<\/p>\n\n\n<div class=\"wp-block-image\">\n<figure class=\"aligncenter size-large is-resized\"><img loading=\"lazy\" decoding=\"async\" src=\"https:\/\/macite.tg\/wp-content\/uploads\/2023\/06\/IMG-20230620-WA00631-713x1024.jpg\" alt=\"\" class=\"wp-image-6591\" width=\"566\" height=\"812\" srcset=\"https:\/\/macite.tg\/wp-content\/uploads\/2023\/06\/IMG-20230620-WA00631-713x1024.jpg 713w, https:\/\/macite.tg\/wp-content\/uploads\/2023\/06\/IMG-20230620-WA00631-209x300.jpg 209w, https:\/\/macite.tg\/wp-content\/uploads\/2023\/06\/IMG-20230620-WA00631.jpg 716w\" sizes=\"auto, (max-width: 566px) 100vw, 566px\" \/><\/figure>\n<\/div>\n\n\n<p class=\"wp-block-paragraph\">La question du troisi\u00e8me mandat a \u00e9t\u00e9 laiss\u00e9e \u00e0 l\u2019appr\u00e9ciation du Conseil constitutionnel. Il y a \u00e9galement un d\u00e9saccord sur la personnalit\u00e9 ind\u00e9pendante charg\u00e9e d\u2019organiser les \u00e9lections. Les travaux du dialogue national vont donc se poursuivre. <\/p>\n\n\n\n<p class=\"wp-block-paragraph\">Il est \u00e0 noter que le rapport final de la Commission de la D\u00e9centralisation et de la territorialisation des politiques est d\u00e9j\u00e0 sur la table de Moustapha Niasse.<\/p>\n\n\n\n<p class=\"wp-block-paragraph\"><strong>SeneNews<\/strong><\/p>\n\n\n\n<p class=\"wp-block-paragraph\"><strong><em>@macite.tg&nbsp;&nbsp;&nbsp;&nbsp;&nbsp;&nbsp;&nbsp;&nbsp;<\/em><\/strong><\/p>\n\n\n\n<p class=\"wp-block-paragraph\"><strong><em>E-mail&nbsp;: <\/em><\/strong><a href=\"mailto:maciteinfo@gmail.com\"><strong><em>maciteinfo@gmail.com<\/em><\/strong><\/a><strong><em>; <\/em><\/strong><a href=\"mailto:bawela1@gmail.com\"><strong><em>bawela1@gmail.com<\/em><\/strong><\/a><strong><em><\/em><\/strong><\/p>\n\n\n\n<p class=\"wp-block-paragraph\"><strong><em>Pour vos annonces, (publi)reportages, etc., joignez nous au (00228)91515309\/<strong>79872224 <\/strong>www.macite.tg, L\u2019information, la bonne&nbsp;!<\/em><\/strong><\/p>\n","protected":false},"excerpt":{"rendered":"<p class=\"text-justify mb-2\" >Le dialogue national poursuit toujours ses travaux. En ce qui concerne les questions politiques, de nouvelles avanc\u00e9es ont \u00e9t\u00e9 remarqu\u00e9es. Selon L\u2019Observateur, qui en parle dans son \u00e9dition de ce mercredi, la modification de l\u2019article L28, alin\u00e9a 3, va permettre \u00e0 Khalifa Sall et Karim [&hellip;]<\/p>\n","protected":false},"author":2,"featured_media":6606,"comment_status":"open","ping_status":"open","sticky":false,"template":"","format":"standard","meta":{"footnotes":""},"categories":[20,1],"tags":[],"class_list":["post-6602","post","type-post","status-publish","format-standard","has-post-thumbnail","hentry","category-actualite","category-politique"],"yoast_head":"<!-- This site is optimized with the Yoast SEO plugin v28.4 - https:\/\/yoast.com\/product\/yoast-seo-wordpress\/ -->\n<title>S\u00c9N\u00c9GAL \/ DIALOGUE NATIONAL : Karim Wade et Khalifa Sall enfin \u00e9ligibles pour 2024... -<\/title>\n<meta name=\"robots\" content=\"index, follow, max-snippet:-1, max-image-preview:large, max-video-preview:-1\" \/>\n<link rel=\"canonical\" href=\"https:\/\/macite.tg\/?p=6602\" \/>\n<meta property=\"og:locale\" content=\"fr_FR\" \/>\n<meta property=\"og:type\" content=\"article\" \/>\n<meta property=\"og:title\" content=\"S\u00c9N\u00c9GAL \/ DIALOGUE NATIONAL : Karim Wade et Khalifa Sall enfin \u00e9ligibles pour 2024... -\" \/>\n<meta property=\"og:description\" content=\"Le dialogue national poursuit toujours ses travaux. En ce qui concerne les questions politiques, de nouvelles avanc\u00e9es ont \u00e9t\u00e9 remarqu\u00e9es. Selon L\u2019Observateur, qui en parle dans son \u00e9dition de ce mercredi, la modification de l\u2019article L28, alin\u00e9a 3, va permettre \u00e0 Khalifa Sall et Karim [&hellip;]\" \/>\n<meta property=\"og:url\" content=\"https:\/\/macite.tg\/?p=6602\" \/>\n<meta property=\"article:published_time\" content=\"2023-06-21T16:34:57+00:00\" \/>\n<meta property=\"article:modified_time\" content=\"2023-06-21T16:35:09+00:00\" \/>\n<meta property=\"og:image\" content=\"https:\/\/macite.tg\/wp-content\/uploads\/2023\/06\/img_4853-696x392-1.jpeg\" \/>\n\t<meta property=\"og:image:width\" content=\"696\" \/>\n\t<meta property=\"og:image:height\" content=\"392\" \/>\n\t<meta property=\"og:image:type\" content=\"image\/jpeg\" \/>\n<meta name=\"author\" content=\"Jean Pierre BAWELA\" \/>\n<meta name=\"twitter:card\" content=\"summary_large_image\" \/>\n<meta name=\"twitter:label1\" content=\"\u00c9crit par\" \/>\n\t<meta name=\"twitter:data1\" content=\"Jean Pierre BAWELA\" \/>\n\t<meta name=\"twitter:label2\" content=\"Dur\u00e9e de lecture estim\u00e9e\" \/>\n\t<meta name=\"twitter:data2\" content=\"2 minutes\" \/>\n<script type=\"application\/ld+json\" class=\"yoast-schema-graph\">{\"@context\":\"https:\\\/\\\/schema.org\",\"@graph\":[{\"@type\":\"Article\",\"@id\":\"https:\\\/\\\/macite.tg\\\/?p=6602#article\",\"isPartOf\":{\"@id\":\"https:\\\/\\\/macite.tg\\\/?p=6602\"},\"author\":{\"name\":\"Jean Pierre BAWELA\",\"@id\":\"https:\\\/\\\/macite.tg\\\/#\\\/schema\\\/person\\\/e9f2de7e5dbbe7770a9402c7ce82f5c2\"},\"headline\":\"S\u00c9N\u00c9GAL \\\/ DIALOGUE NATIONAL : Karim Wade et Khalifa Sall enfin \u00e9ligibles pour 2024&#8230;\",\"datePublished\":\"2023-06-21T16:34:57+00:00\",\"dateModified\":\"2023-06-21T16:35:09+00:00\",\"mainEntityOfPage\":{\"@id\":\"https:\\\/\\\/macite.tg\\\/?p=6602\"},\"wordCount\":326,\"commentCount\":0,\"image\":{\"@id\":\"https:\\\/\\\/macite.tg\\\/?p=6602#primaryimage\"},\"thumbnailUrl\":\"https:\\\/\\\/macite.tg\\\/wp-content\\\/uploads\\\/2023\\\/06\\\/img_4853-696x392-1.jpeg\",\"articleSection\":[\"ACTUALITE\",\"POLITIQUE\"],\"inLanguage\":\"fr-FR\",\"potentialAction\":[{\"@type\":\"CommentAction\",\"name\":\"Comment\",\"target\":[\"https:\\\/\\\/macite.tg\\\/?p=6602#respond\"]}]},{\"@type\":\"WebPage\",\"@id\":\"https:\\\/\\\/macite.tg\\\/?p=6602\",\"url\":\"https:\\\/\\\/macite.tg\\\/?p=6602\",\"name\":\"S\u00c9N\u00c9GAL \\\/ DIALOGUE NATIONAL : Karim Wade et Khalifa Sall enfin \u00e9ligibles pour 2024... -\",\"isPartOf\":{\"@id\":\"https:\\\/\\\/macite.tg\\\/#website\"},\"primaryImageOfPage\":{\"@id\":\"https:\\\/\\\/macite.tg\\\/?p=6602#primaryimage\"},\"image\":{\"@id\":\"https:\\\/\\\/macite.tg\\\/?p=6602#primaryimage\"},\"thumbnailUrl\":\"https:\\\/\\\/macite.tg\\\/wp-content\\\/uploads\\\/2023\\\/06\\\/img_4853-696x392-1.jpeg\",\"datePublished\":\"2023-06-21T16:34:57+00:00\",\"dateModified\":\"2023-06-21T16:35:09+00:00\",\"author\":{\"@id\":\"https:\\\/\\\/macite.tg\\\/#\\\/schema\\\/person\\\/e9f2de7e5dbbe7770a9402c7ce82f5c2\"},\"breadcrumb\":{\"@id\":\"https:\\\/\\\/macite.tg\\\/?p=6602#breadcrumb\"},\"inLanguage\":\"fr-FR\",\"potentialAction\":[{\"@type\":\"ReadAction\",\"target\":[\"https:\\\/\\\/macite.tg\\\/?p=6602\"]}]},{\"@type\":\"ImageObject\",\"inLanguage\":\"fr-FR\",\"@id\":\"https:\\\/\\\/macite.tg\\\/?p=6602#primaryimage\",\"url\":\"https:\\\/\\\/macite.tg\\\/wp-content\\\/uploads\\\/2023\\\/06\\\/img_4853-696x392-1.jpeg\",\"contentUrl\":\"https:\\\/\\\/macite.tg\\\/wp-content\\\/uploads\\\/2023\\\/06\\\/img_4853-696x392-1.jpeg\",\"width\":696,\"height\":392},{\"@type\":\"BreadcrumbList\",\"@id\":\"https:\\\/\\\/macite.tg\\\/?p=6602#breadcrumb\",\"itemListElement\":[{\"@type\":\"ListItem\",\"position\":1,\"name\":\"Accueil\",\"item\":\"https:\\\/\\\/macite.tg\\\/\"},{\"@type\":\"ListItem\",\"position\":2,\"name\":\"S\u00c9N\u00c9GAL \\\/ DIALOGUE NATIONAL : Karim Wade et Khalifa Sall enfin \u00e9ligibles pour 2024&#8230;\"}]},{\"@type\":\"WebSite\",\"@id\":\"https:\\\/\\\/macite.tg\\\/#website\",\"url\":\"https:\\\/\\\/macite.tg\\\/\",\"name\":\"\",\"description\":\"L&#039;information, la bonne!!!\",\"potentialAction\":[{\"@type\":\"SearchAction\",\"target\":{\"@type\":\"EntryPoint\",\"urlTemplate\":\"https:\\\/\\\/macite.tg\\\/?s={search_term_string}\"},\"query-input\":{\"@type\":\"PropertyValueSpecification\",\"valueRequired\":true,\"valueName\":\"search_term_string\"}}],\"inLanguage\":\"fr-FR\"},{\"@type\":\"Person\",\"@id\":\"https:\\\/\\\/macite.tg\\\/#\\\/schema\\\/person\\\/e9f2de7e5dbbe7770a9402c7ce82f5c2\",\"name\":\"Jean Pierre BAWELA\",\"image\":{\"@type\":\"ImageObject\",\"inLanguage\":\"fr-FR\",\"@id\":\"https:\\\/\\\/macite.tg\\\/wp-content\\\/uploads\\\/2023\\\/09\\\/WhatsApp-Image-2023-09-19-at-14.44.41-122x122.jpeg\",\"url\":\"https:\\\/\\\/macite.tg\\\/wp-content\\\/uploads\\\/2023\\\/09\\\/WhatsApp-Image-2023-09-19-at-14.44.41-122x122.jpeg\",\"contentUrl\":\"https:\\\/\\\/macite.tg\\\/wp-content\\\/uploads\\\/2023\\\/09\\\/WhatsApp-Image-2023-09-19-at-14.44.41-122x122.jpeg\",\"caption\":\"Jean Pierre BAWELA\"},\"url\":\"https:\\\/\\\/macite.tg\\\/?author=2\"}]}<\/script>\n<!-- \/ Yoast SEO plugin. -->","yoast_head_json":{"title":"S\u00c9N\u00c9GAL \/ DIALOGUE NATIONAL : Karim Wade et Khalifa Sall enfin \u00e9ligibles pour 2024... -","robots":{"index":"index","follow":"follow","max-snippet":"max-snippet:-1","max-image-preview":"max-image-preview:large","max-video-preview":"max-video-preview:-1"},"canonical":"https:\/\/macite.tg\/?p=6602","og_locale":"fr_FR","og_type":"article","og_title":"S\u00c9N\u00c9GAL \/ DIALOGUE NATIONAL : Karim Wade et Khalifa Sall enfin \u00e9ligibles pour 2024... -","og_description":"Le dialogue national poursuit toujours ses travaux. En ce qui concerne les questions politiques, de nouvelles avanc\u00e9es ont \u00e9t\u00e9 remarqu\u00e9es. Selon L\u2019Observateur, qui en parle dans son \u00e9dition de ce mercredi, la modification de l\u2019article L28, alin\u00e9a 3, va permettre \u00e0 Khalifa Sall et Karim [&hellip;]","og_url":"https:\/\/macite.tg\/?p=6602","article_published_time":"2023-06-21T16:34:57+00:00","article_modified_time":"2023-06-21T16:35:09+00:00","og_image":[{"width":696,"height":392,"url":"https:\/\/macite.tg\/wp-content\/uploads\/2023\/06\/img_4853-696x392-1.jpeg","type":"image\/jpeg"}],"author":"Jean Pierre BAWELA","twitter_card":"summary_large_image","twitter_misc":{"\u00c9crit par":"Jean Pierre BAWELA","Dur\u00e9e de lecture estim\u00e9e":"2 minutes"},"schema":{"@context":"https:\/\/schema.org","@graph":[{"@type":"Article","@id":"https:\/\/macite.tg\/?p=6602#article","isPartOf":{"@id":"https:\/\/macite.tg\/?p=6602"},"author":{"name":"Jean Pierre BAWELA","@id":"https:\/\/macite.tg\/#\/schema\/person\/e9f2de7e5dbbe7770a9402c7ce82f5c2"},"headline":"S\u00c9N\u00c9GAL \/ DIALOGUE NATIONAL : Karim Wade et Khalifa Sall enfin \u00e9ligibles pour 2024&#8230;","datePublished":"2023-06-21T16:34:57+00:00","dateModified":"2023-06-21T16:35:09+00:00","mainEntityOfPage":{"@id":"https:\/\/macite.tg\/?p=6602"},"wordCount":326,"commentCount":0,"image":{"@id":"https:\/\/macite.tg\/?p=6602#primaryimage"},"thumbnailUrl":"https:\/\/macite.tg\/wp-content\/uploads\/2023\/06\/img_4853-696x392-1.jpeg","articleSection":["ACTUALITE","POLITIQUE"],"inLanguage":"fr-FR","potentialAction":[{"@type":"CommentAction","name":"Comment","target":["https:\/\/macite.tg\/?p=6602#respond"]}]},{"@type":"WebPage","@id":"https:\/\/macite.tg\/?p=6602","url":"https:\/\/macite.tg\/?p=6602","name":"S\u00c9N\u00c9GAL \/ DIALOGUE NATIONAL : Karim Wade et Khalifa Sall enfin \u00e9ligibles pour 2024... -","isPartOf":{"@id":"https:\/\/macite.tg\/#website"},"primaryImageOfPage":{"@id":"https:\/\/macite.tg\/?p=6602#primaryimage"},"image":{"@id":"https:\/\/macite.tg\/?p=6602#primaryimage"},"thumbnailUrl":"https:\/\/macite.tg\/wp-content\/uploads\/2023\/06\/img_4853-696x392-1.jpeg","datePublished":"2023-06-21T16:34:57+00:00","dateModified":"2023-06-21T16:35:09+00:00","author":{"@id":"https:\/\/macite.tg\/#\/schema\/person\/e9f2de7e5dbbe7770a9402c7ce82f5c2"},"breadcrumb":{"@id":"https:\/\/macite.tg\/?p=6602#breadcrumb"},"inLanguage":"fr-FR","potentialAction":[{"@type":"ReadAction","target":["https:\/\/macite.tg\/?p=6602"]}]},{"@type":"ImageObject","inLanguage":"fr-FR","@id":"https:\/\/macite.tg\/?p=6602#primaryimage","url":"https:\/\/macite.tg\/wp-content\/uploads\/2023\/06\/img_4853-696x392-1.jpeg","contentUrl":"https:\/\/macite.tg\/wp-content\/uploads\/2023\/06\/img_4853-696x392-1.jpeg","width":696,"height":392},{"@type":"BreadcrumbList","@id":"https:\/\/macite.tg\/?p=6602#breadcrumb","itemListElement":[{"@type":"ListItem","position":1,"name":"Accueil","item":"https:\/\/macite.tg\/"},{"@type":"ListItem","position":2,"name":"S\u00c9N\u00c9GAL \/ DIALOGUE NATIONAL : Karim Wade et Khalifa Sall enfin \u00e9ligibles pour 2024&#8230;"}]},{"@type":"WebSite","@id":"https:\/\/macite.tg\/#website","url":"https:\/\/macite.tg\/","name":"","description":"L&#039;information, la bonne!!!","potentialAction":[{"@type":"SearchAction","target":{"@type":"EntryPoint","urlTemplate":"https:\/\/macite.tg\/?s={search_term_string}"},"query-input":{"@type":"PropertyValueSpecification","valueRequired":true,"valueName":"search_term_string"}}],"inLanguage":"fr-FR"},{"@type":"Person","@id":"https:\/\/macite.tg\/#\/schema\/person\/e9f2de7e5dbbe7770a9402c7ce82f5c2","name":"Jean Pierre BAWELA","image":{"@type":"ImageObject","inLanguage":"fr-FR","@id":"https:\/\/macite.tg\/wp-content\/uploads\/2023\/09\/WhatsApp-Image-2023-09-19-at-14.44.41-122x122.jpeg","url":"https:\/\/macite.tg\/wp-content\/uploads\/2023\/09\/WhatsApp-Image-2023-09-19-at-14.44.41-122x122.jpeg","contentUrl":"https:\/\/macite.tg\/wp-content\/uploads\/2023\/09\/WhatsApp-Image-2023-09-19-at-14.44.41-122x122.jpeg","caption":"Jean Pierre BAWELA"},"url":"https:\/\/macite.tg\/?author=2"}]}},"_links":{"self":[{"href":"https:\/\/macite.tg\/index.php?rest_route=\/wp\/v2\/posts\/6602","targetHints":{"allow":["GET"]}}],"collection":[{"href":"https:\/\/macite.tg\/index.php?rest_route=\/wp\/v2\/posts"}],"about":[{"href":"https:\/\/macite.tg\/index.php?rest_route=\/wp\/v2\/types\/post"}],"author":[{"embeddable":true,"href":"https:\/\/macite.tg\/index.php?rest_route=\/wp\/v2\/users\/2"}],"replies":[{"embeddable":true,"href":"https:\/\/macite.tg\/index.php?rest_route=%2Fwp%2Fv2%2Fcomments&post=6602"}],"version-history":[{"count":0,"href":"https:\/\/macite.tg\/index.php?rest_route=\/wp\/v2\/posts\/6602\/revisions"}],"wp:featuredmedia":[{"embeddable":true,"href":"https:\/\/macite.tg\/index.php?rest_route=\/wp\/v2\/media\/6606"}],"wp:attachment":[{"href":"https:\/\/macite.tg\/index.php?rest_route=%2Fwp%2Fv2%2Fmedia&parent=6602"}],"wp:term":[{"taxonomy":"category","embeddable":true,"href":"https:\/\/macite.tg\/index.php?rest_route=%2Fwp%2Fv2%2Fcategories&post=6602"},{"taxonomy":"post_tag","embeddable":true,"href":"https:\/\/macite.tg\/index.php?rest_route=%2Fwp%2Fv2%2Ftags&post=6602"}],"curies":[{"name":"wp","href":"https:\/\/api.w.org\/{rel}","templated":true}]}}