{"id":6594,"date":"2023-06-20T18:18:40","date_gmt":"2023-06-20T18:18:40","guid":{"rendered":"https:\/\/macite.tg\/?p=6594"},"modified":"2023-06-20T18:32:31","modified_gmt":"2023-06-20T18:32:31","slug":"site-de-kamina-bientot-un-musee-dhistoire-pour-immortaliser-ledit-site","status":"publish","type":"post","link":"https:\/\/macite.tg\/?p=6594","title":{"rendered":"SITE DE KAMINA\u00a0: Bient\u00f4t un mus\u00e9e d\u2019histoire pour immortaliser ledit site"},"content":{"rendered":"\n<p class=\"wp-block-paragraph\"><\/p>\n\n\n\n<p class=\"wp-block-paragraph\"><strong><em>Les chosent s\u2019acc\u00e9l\u00e8rent dans le dossier de restauration du site historique de Kamina annonc\u00e9 il y a deux ans. Ce site situ\u00e9 aux confins d\u2019Atakpam\u00e9, dans la r\u00e9gion des Plateaux, va abriter un mus\u00e9e.<\/em><\/strong><\/p>\n\n\n\n<p class=\"wp-block-paragraph\">Le projet de restauration du site historique de Kamina (pr\u00e9fecture d\u2019Atakpam\u00e9), lanc\u00e9 il y a deux ans, est en bonne marche. L\u2019ex\u00e9cution de ce projet par le minist\u00e8re de la Culture et du tourisme, va incessamment prendre une allure de croisi\u00e8re.<\/p>\n\n\n\n<figure class=\"wp-block-image size-large\"><img loading=\"lazy\" decoding=\"async\" width=\"1024\" height=\"212\" src=\"https:\/\/macite.tg\/wp-content\/uploads\/2023\/06\/IMG-20230514-WA00962-2-1024x212.jpg\" alt=\"\" class=\"wp-image-6397\" srcset=\"https:\/\/macite.tg\/wp-content\/uploads\/2023\/06\/IMG-20230514-WA00962-2-1024x212.jpg 1024w, https:\/\/macite.tg\/wp-content\/uploads\/2023\/06\/IMG-20230514-WA00962-2-300x62.jpg 300w, https:\/\/macite.tg\/wp-content\/uploads\/2023\/06\/IMG-20230514-WA00962-2-768x159.jpg 768w, https:\/\/macite.tg\/wp-content\/uploads\/2023\/06\/IMG-20230514-WA00962-2-1536x318.jpg 1536w, https:\/\/macite.tg\/wp-content\/uploads\/2023\/06\/IMG-20230514-WA00962-2.jpg 1600w\" sizes=\"auto, (max-width: 1024px) 100vw, 1024px\" \/><\/figure>\n\n\n\n<p class=\"wp-block-paragraph\">D\u2019ailleurs, un appel d\u2019offres a \u00e9t\u00e9 lanc\u00e9 afin du recrutement d\u2019une entreprise devant s\u2019en occuper. Selon le ministre Pierre Kossi Gb\u00e9nyo Lamadokou, une fois cette \u00e9tape pass\u00e9e, les travaux qui seront lanc\u00e9s dans la foul\u00e9e, devront durer sept.<\/p>\n\n\n\n<p class=\"wp-block-paragraph\">Notons que le site historique de Kamina est une ancienne base militaire allemande. Elle abritait, notamment une station radio transcontinentale et un centre \u00e9metteur de t\u00e9l\u00e9graphie sans fil, qui permettait de joindre directement Berlin, et d\u2019autres points strat\u00e9giques tels, la colonie namibienne et \u00e0 la flotte allemande dans l\u2019Atlantique.<\/p>\n\n\n<div class=\"wp-block-image\">\n<figure class=\"aligncenter size-large is-resized\"><img loading=\"lazy\" decoding=\"async\" src=\"https:\/\/macite.tg\/wp-content\/uploads\/2023\/06\/A4-bis-724x1024.jpg\" alt=\"\" class=\"wp-image-6597\" width=\"428\" height=\"605\" srcset=\"https:\/\/macite.tg\/wp-content\/uploads\/2023\/06\/A4-bis-724x1024.jpg 724w, https:\/\/macite.tg\/wp-content\/uploads\/2023\/06\/A4-bis-212x300.jpg 212w, https:\/\/macite.tg\/wp-content\/uploads\/2023\/06\/A4-bis-768x1086.jpg 768w, https:\/\/macite.tg\/wp-content\/uploads\/2023\/06\/A4-bis-1086x1536.jpg 1086w, https:\/\/macite.tg\/wp-content\/uploads\/2023\/06\/A4-bis-1448x2048.jpg 1448w, https:\/\/macite.tg\/wp-content\/uploads\/2023\/06\/A4-bis-scaled.jpg 1810w\" sizes=\"auto, (max-width: 428px) 100vw, 428px\" \/><\/figure>\n<\/div>\n\n\n<p class=\"wp-block-paragraph\">Dans la foul\u00e9e de la capitulation de l\u2019Allemagne, en ao\u00fbt 1914, le site a \u00e9t\u00e9 d\u00e9truit par l\u2019arm\u00e9e allemande. Depuis quelques ann\u00e9es d\u00e9j\u00e0, ce site accueille p\u00e9riodiquement une exposition d\u2019art qui ameutait des foules de visiteurs et touristes de tous horizons.<\/p>\n\n\n\n<p class=\"wp-block-paragraph\"><strong>La R\u00e9daction<\/strong><\/p>\n\n\n\n<p class=\"wp-block-paragraph\"><strong><em>@macite.tg&nbsp;&nbsp;&nbsp;&nbsp;&nbsp;&nbsp;&nbsp;&nbsp;<\/em><\/strong><\/p>\n\n\n\n<p class=\"wp-block-paragraph\"><strong><em>E-mail&nbsp;: <\/em><\/strong><a href=\"mailto:maciteinfo@gmail.com\"><strong><em>maciteinfo@gmail.com<\/em><\/strong><\/a><strong><em>; <\/em><\/strong><a href=\"mailto:bawela1@gmail.com\"><strong><em>bawela1@gmail.com<\/em><\/strong><\/a><\/p>\n\n\n\n<p class=\"wp-block-paragraph\"><strong><em>Pour vos annonces, (publi)reportages, etc., joignez nous au (00228)91515309\/<strong>79872224 <\/strong>www.macite.tg, L\u2019information, la bonne&nbsp;!<\/em><\/strong><\/p>\n","protected":false},"excerpt":{"rendered":"<p class=\"text-justify mb-2\" >Les chosent s\u2019acc\u00e9l\u00e8rent dans le dossier de restauration du site historique de Kamina annonc\u00e9 il y a deux ans. Ce site situ\u00e9 aux confins d\u2019Atakpam\u00e9, dans la r\u00e9gion des Plateaux, va abriter un mus\u00e9e. Le projet de restauration du site historique de Kamina (pr\u00e9fecture d\u2019Atakpam\u00e9), [&hellip;]<\/p>\n","protected":false},"author":2,"featured_media":6595,"comment_status":"open","ping_status":"open","sticky":false,"template":"","format":"standard","meta":{"footnotes":""},"categories":[18],"tags":[],"class_list":["post-6594","post","type-post","status-publish","format-standard","has-post-thumbnail","hentry","category-culture"],"yoast_head":"<!-- This site is optimized with the Yoast SEO plugin v28.4 - https:\/\/yoast.com\/product\/yoast-seo-wordpress\/ -->\n<title>SITE DE KAMINA\u00a0: Bient\u00f4t un mus\u00e9e d\u2019histoire pour immortaliser ledit site -<\/title>\n<meta name=\"robots\" content=\"index, follow, max-snippet:-1, max-image-preview:large, max-video-preview:-1\" \/>\n<link rel=\"canonical\" href=\"https:\/\/macite.tg\/?p=6594\" \/>\n<meta property=\"og:locale\" content=\"fr_FR\" \/>\n<meta property=\"og:type\" content=\"article\" \/>\n<meta property=\"og:title\" content=\"SITE DE KAMINA\u00a0: Bient\u00f4t un mus\u00e9e d\u2019histoire pour immortaliser ledit site -\" \/>\n<meta property=\"og:description\" content=\"Les chosent s\u2019acc\u00e9l\u00e8rent dans le dossier de restauration du site historique de Kamina annonc\u00e9 il y a deux ans. Ce site situ\u00e9 aux confins d\u2019Atakpam\u00e9, dans la r\u00e9gion des Plateaux, va abriter un mus\u00e9e. Le projet de restauration du site historique de Kamina (pr\u00e9fecture d\u2019Atakpam\u00e9), [&hellip;]\" \/>\n<meta property=\"og:url\" content=\"https:\/\/macite.tg\/?p=6594\" \/>\n<meta property=\"article:published_time\" content=\"2023-06-20T18:18:40+00:00\" \/>\n<meta property=\"article:modified_time\" content=\"2023-06-20T18:32:31+00:00\" \/>\n<meta property=\"og:image\" content=\"https:\/\/macite.tg\/wp-content\/uploads\/2023\/06\/f3d400a03ac54bc84f936fda14cfcbc9_L.jpg\" \/>\n\t<meta property=\"og:image:width\" content=\"500\" \/>\n\t<meta property=\"og:image:height\" content=\"331\" \/>\n\t<meta property=\"og:image:type\" content=\"image\/jpeg\" \/>\n<meta name=\"author\" content=\"Jean Pierre BAWELA\" \/>\n<meta name=\"twitter:card\" content=\"summary_large_image\" \/>\n<meta name=\"twitter:label1\" content=\"\u00c9crit par\" \/>\n\t<meta name=\"twitter:data1\" content=\"Jean Pierre BAWELA\" \/>\n\t<meta name=\"twitter:label2\" content=\"Dur\u00e9e de lecture estim\u00e9e\" \/>\n\t<meta name=\"twitter:data2\" content=\"1 minute\" \/>\n<script type=\"application\/ld+json\" class=\"yoast-schema-graph\">{\"@context\":\"https:\\\/\\\/schema.org\",\"@graph\":[{\"@type\":\"Article\",\"@id\":\"https:\\\/\\\/macite.tg\\\/?p=6594#article\",\"isPartOf\":{\"@id\":\"https:\\\/\\\/macite.tg\\\/?p=6594\"},\"author\":{\"name\":\"Jean Pierre BAWELA\",\"@id\":\"https:\\\/\\\/macite.tg\\\/#\\\/schema\\\/person\\\/e9f2de7e5dbbe7770a9402c7ce82f5c2\"},\"headline\":\"SITE DE KAMINA\u00a0: Bient\u00f4t un mus\u00e9e d\u2019histoire pour immortaliser ledit site\",\"datePublished\":\"2023-06-20T18:18:40+00:00\",\"dateModified\":\"2023-06-20T18:32:31+00:00\",\"mainEntityOfPage\":{\"@id\":\"https:\\\/\\\/macite.tg\\\/?p=6594\"},\"wordCount\":288,\"commentCount\":0,\"image\":{\"@id\":\"https:\\\/\\\/macite.tg\\\/?p=6594#primaryimage\"},\"thumbnailUrl\":\"https:\\\/\\\/macite.tg\\\/wp-content\\\/uploads\\\/2023\\\/06\\\/f3d400a03ac54bc84f936fda14cfcbc9_L.jpg\",\"articleSection\":[\"CULTURE\"],\"inLanguage\":\"fr-FR\",\"potentialAction\":[{\"@type\":\"CommentAction\",\"name\":\"Comment\",\"target\":[\"https:\\\/\\\/macite.tg\\\/?p=6594#respond\"]}]},{\"@type\":\"WebPage\",\"@id\":\"https:\\\/\\\/macite.tg\\\/?p=6594\",\"url\":\"https:\\\/\\\/macite.tg\\\/?p=6594\",\"name\":\"SITE DE KAMINA\u00a0: Bient\u00f4t un mus\u00e9e d\u2019histoire pour immortaliser ledit site -\",\"isPartOf\":{\"@id\":\"https:\\\/\\\/macite.tg\\\/#website\"},\"primaryImageOfPage\":{\"@id\":\"https:\\\/\\\/macite.tg\\\/?p=6594#primaryimage\"},\"image\":{\"@id\":\"https:\\\/\\\/macite.tg\\\/?p=6594#primaryimage\"},\"thumbnailUrl\":\"https:\\\/\\\/macite.tg\\\/wp-content\\\/uploads\\\/2023\\\/06\\\/f3d400a03ac54bc84f936fda14cfcbc9_L.jpg\",\"datePublished\":\"2023-06-20T18:18:40+00:00\",\"dateModified\":\"2023-06-20T18:32:31+00:00\",\"author\":{\"@id\":\"https:\\\/\\\/macite.tg\\\/#\\\/schema\\\/person\\\/e9f2de7e5dbbe7770a9402c7ce82f5c2\"},\"breadcrumb\":{\"@id\":\"https:\\\/\\\/macite.tg\\\/?p=6594#breadcrumb\"},\"inLanguage\":\"fr-FR\",\"potentialAction\":[{\"@type\":\"ReadAction\",\"target\":[\"https:\\\/\\\/macite.tg\\\/?p=6594\"]}]},{\"@type\":\"ImageObject\",\"inLanguage\":\"fr-FR\",\"@id\":\"https:\\\/\\\/macite.tg\\\/?p=6594#primaryimage\",\"url\":\"https:\\\/\\\/macite.tg\\\/wp-content\\\/uploads\\\/2023\\\/06\\\/f3d400a03ac54bc84f936fda14cfcbc9_L.jpg\",\"contentUrl\":\"https:\\\/\\\/macite.tg\\\/wp-content\\\/uploads\\\/2023\\\/06\\\/f3d400a03ac54bc84f936fda14cfcbc9_L.jpg\",\"width\":500,\"height\":331},{\"@type\":\"BreadcrumbList\",\"@id\":\"https:\\\/\\\/macite.tg\\\/?p=6594#breadcrumb\",\"itemListElement\":[{\"@type\":\"ListItem\",\"position\":1,\"name\":\"Accueil\",\"item\":\"https:\\\/\\\/macite.tg\\\/\"},{\"@type\":\"ListItem\",\"position\":2,\"name\":\"SITE DE KAMINA\u00a0: Bient\u00f4t un mus\u00e9e d\u2019histoire pour immortaliser ledit site\"}]},{\"@type\":\"WebSite\",\"@id\":\"https:\\\/\\\/macite.tg\\\/#website\",\"url\":\"https:\\\/\\\/macite.tg\\\/\",\"name\":\"\",\"description\":\"L&#039;information, la bonne!!!\",\"potentialAction\":[{\"@type\":\"SearchAction\",\"target\":{\"@type\":\"EntryPoint\",\"urlTemplate\":\"https:\\\/\\\/macite.tg\\\/?s={search_term_string}\"},\"query-input\":{\"@type\":\"PropertyValueSpecification\",\"valueRequired\":true,\"valueName\":\"search_term_string\"}}],\"inLanguage\":\"fr-FR\"},{\"@type\":\"Person\",\"@id\":\"https:\\\/\\\/macite.tg\\\/#\\\/schema\\\/person\\\/e9f2de7e5dbbe7770a9402c7ce82f5c2\",\"name\":\"Jean Pierre BAWELA\",\"image\":{\"@type\":\"ImageObject\",\"inLanguage\":\"fr-FR\",\"@id\":\"https:\\\/\\\/macite.tg\\\/wp-content\\\/uploads\\\/2023\\\/09\\\/WhatsApp-Image-2023-09-19-at-14.44.41-122x122.jpeg\",\"url\":\"https:\\\/\\\/macite.tg\\\/wp-content\\\/uploads\\\/2023\\\/09\\\/WhatsApp-Image-2023-09-19-at-14.44.41-122x122.jpeg\",\"contentUrl\":\"https:\\\/\\\/macite.tg\\\/wp-content\\\/uploads\\\/2023\\\/09\\\/WhatsApp-Image-2023-09-19-at-14.44.41-122x122.jpeg\",\"caption\":\"Jean Pierre BAWELA\"},\"url\":\"https:\\\/\\\/macite.tg\\\/?author=2\"}]}<\/script>\n<!-- \/ Yoast SEO plugin. -->","yoast_head_json":{"title":"SITE DE KAMINA\u00a0: Bient\u00f4t un mus\u00e9e d\u2019histoire pour immortaliser ledit site -","robots":{"index":"index","follow":"follow","max-snippet":"max-snippet:-1","max-image-preview":"max-image-preview:large","max-video-preview":"max-video-preview:-1"},"canonical":"https:\/\/macite.tg\/?p=6594","og_locale":"fr_FR","og_type":"article","og_title":"SITE DE KAMINA\u00a0: Bient\u00f4t un mus\u00e9e d\u2019histoire pour immortaliser ledit site -","og_description":"Les chosent s\u2019acc\u00e9l\u00e8rent dans le dossier de restauration du site historique de Kamina annonc\u00e9 il y a deux ans. Ce site situ\u00e9 aux confins d\u2019Atakpam\u00e9, dans la r\u00e9gion des Plateaux, va abriter un mus\u00e9e. Le projet de restauration du site historique de Kamina (pr\u00e9fecture d\u2019Atakpam\u00e9), [&hellip;]","og_url":"https:\/\/macite.tg\/?p=6594","article_published_time":"2023-06-20T18:18:40+00:00","article_modified_time":"2023-06-20T18:32:31+00:00","og_image":[{"width":500,"height":331,"url":"https:\/\/macite.tg\/wp-content\/uploads\/2023\/06\/f3d400a03ac54bc84f936fda14cfcbc9_L.jpg","type":"image\/jpeg"}],"author":"Jean Pierre BAWELA","twitter_card":"summary_large_image","twitter_misc":{"\u00c9crit par":"Jean Pierre BAWELA","Dur\u00e9e de lecture estim\u00e9e":"1 minute"},"schema":{"@context":"https:\/\/schema.org","@graph":[{"@type":"Article","@id":"https:\/\/macite.tg\/?p=6594#article","isPartOf":{"@id":"https:\/\/macite.tg\/?p=6594"},"author":{"name":"Jean Pierre BAWELA","@id":"https:\/\/macite.tg\/#\/schema\/person\/e9f2de7e5dbbe7770a9402c7ce82f5c2"},"headline":"SITE DE KAMINA\u00a0: Bient\u00f4t un mus\u00e9e d\u2019histoire pour immortaliser ledit site","datePublished":"2023-06-20T18:18:40+00:00","dateModified":"2023-06-20T18:32:31+00:00","mainEntityOfPage":{"@id":"https:\/\/macite.tg\/?p=6594"},"wordCount":288,"commentCount":0,"image":{"@id":"https:\/\/macite.tg\/?p=6594#primaryimage"},"thumbnailUrl":"https:\/\/macite.tg\/wp-content\/uploads\/2023\/06\/f3d400a03ac54bc84f936fda14cfcbc9_L.jpg","articleSection":["CULTURE"],"inLanguage":"fr-FR","potentialAction":[{"@type":"CommentAction","name":"Comment","target":["https:\/\/macite.tg\/?p=6594#respond"]}]},{"@type":"WebPage","@id":"https:\/\/macite.tg\/?p=6594","url":"https:\/\/macite.tg\/?p=6594","name":"SITE DE KAMINA\u00a0: Bient\u00f4t un mus\u00e9e d\u2019histoire pour immortaliser ledit site -","isPartOf":{"@id":"https:\/\/macite.tg\/#website"},"primaryImageOfPage":{"@id":"https:\/\/macite.tg\/?p=6594#primaryimage"},"image":{"@id":"https:\/\/macite.tg\/?p=6594#primaryimage"},"thumbnailUrl":"https:\/\/macite.tg\/wp-content\/uploads\/2023\/06\/f3d400a03ac54bc84f936fda14cfcbc9_L.jpg","datePublished":"2023-06-20T18:18:40+00:00","dateModified":"2023-06-20T18:32:31+00:00","author":{"@id":"https:\/\/macite.tg\/#\/schema\/person\/e9f2de7e5dbbe7770a9402c7ce82f5c2"},"breadcrumb":{"@id":"https:\/\/macite.tg\/?p=6594#breadcrumb"},"inLanguage":"fr-FR","potentialAction":[{"@type":"ReadAction","target":["https:\/\/macite.tg\/?p=6594"]}]},{"@type":"ImageObject","inLanguage":"fr-FR","@id":"https:\/\/macite.tg\/?p=6594#primaryimage","url":"https:\/\/macite.tg\/wp-content\/uploads\/2023\/06\/f3d400a03ac54bc84f936fda14cfcbc9_L.jpg","contentUrl":"https:\/\/macite.tg\/wp-content\/uploads\/2023\/06\/f3d400a03ac54bc84f936fda14cfcbc9_L.jpg","width":500,"height":331},{"@type":"BreadcrumbList","@id":"https:\/\/macite.tg\/?p=6594#breadcrumb","itemListElement":[{"@type":"ListItem","position":1,"name":"Accueil","item":"https:\/\/macite.tg\/"},{"@type":"ListItem","position":2,"name":"SITE DE KAMINA\u00a0: Bient\u00f4t un mus\u00e9e d\u2019histoire pour immortaliser ledit site"}]},{"@type":"WebSite","@id":"https:\/\/macite.tg\/#website","url":"https:\/\/macite.tg\/","name":"","description":"L&#039;information, la bonne!!!","potentialAction":[{"@type":"SearchAction","target":{"@type":"EntryPoint","urlTemplate":"https:\/\/macite.tg\/?s={search_term_string}"},"query-input":{"@type":"PropertyValueSpecification","valueRequired":true,"valueName":"search_term_string"}}],"inLanguage":"fr-FR"},{"@type":"Person","@id":"https:\/\/macite.tg\/#\/schema\/person\/e9f2de7e5dbbe7770a9402c7ce82f5c2","name":"Jean Pierre BAWELA","image":{"@type":"ImageObject","inLanguage":"fr-FR","@id":"https:\/\/macite.tg\/wp-content\/uploads\/2023\/09\/WhatsApp-Image-2023-09-19-at-14.44.41-122x122.jpeg","url":"https:\/\/macite.tg\/wp-content\/uploads\/2023\/09\/WhatsApp-Image-2023-09-19-at-14.44.41-122x122.jpeg","contentUrl":"https:\/\/macite.tg\/wp-content\/uploads\/2023\/09\/WhatsApp-Image-2023-09-19-at-14.44.41-122x122.jpeg","caption":"Jean Pierre BAWELA"},"url":"https:\/\/macite.tg\/?author=2"}]}},"_links":{"self":[{"href":"https:\/\/macite.tg\/index.php?rest_route=\/wp\/v2\/posts\/6594","targetHints":{"allow":["GET"]}}],"collection":[{"href":"https:\/\/macite.tg\/index.php?rest_route=\/wp\/v2\/posts"}],"about":[{"href":"https:\/\/macite.tg\/index.php?rest_route=\/wp\/v2\/types\/post"}],"author":[{"embeddable":true,"href":"https:\/\/macite.tg\/index.php?rest_route=\/wp\/v2\/users\/2"}],"replies":[{"embeddable":true,"href":"https:\/\/macite.tg\/index.php?rest_route=%2Fwp%2Fv2%2Fcomments&post=6594"}],"version-history":[{"count":0,"href":"https:\/\/macite.tg\/index.php?rest_route=\/wp\/v2\/posts\/6594\/revisions"}],"wp:featuredmedia":[{"embeddable":true,"href":"https:\/\/macite.tg\/index.php?rest_route=\/wp\/v2\/media\/6595"}],"wp:attachment":[{"href":"https:\/\/macite.tg\/index.php?rest_route=%2Fwp%2Fv2%2Fmedia&parent=6594"}],"wp:term":[{"taxonomy":"category","embeddable":true,"href":"https:\/\/macite.tg\/index.php?rest_route=%2Fwp%2Fv2%2Fcategories&post=6594"},{"taxonomy":"post_tag","embeddable":true,"href":"https:\/\/macite.tg\/index.php?rest_route=%2Fwp%2Fv2%2Ftags&post=6594"}],"curies":[{"name":"wp","href":"https:\/\/api.w.org\/{rel}","templated":true}]}}