{"id":6582,"date":"2023-06-20T12:20:58","date_gmt":"2023-06-20T12:20:58","guid":{"rendered":"https:\/\/macite.tg\/?p=6582"},"modified":"2023-06-20T12:21:11","modified_gmt":"2023-06-20T12:21:11","slug":"region-des-savanes-demarrage-de-la-construction-de-16-nouvelles-unites-de-soins","status":"publish","type":"post","link":"https:\/\/macite.tg\/?p=6582","title":{"rendered":"R\u00c9GION DES SAVANES\u00a0: D\u00e9marrage de la construction de 16 nouvelles Unit\u00e9s de soins"},"content":{"rendered":"\n<p class=\"wp-block-paragraph\"><strong><em>Dans le cadre de la Composante 2 : \u00a0\u00bb Rapprochement des \u00e9tablissements et services de sant\u00e9 des m\u00e9nages \u00ab\u00a0, du Projet Services de Sant\u00e9 Essentiels de Qualit\u00e9 pour une Couverture Sanitaire Universelle (SSEQCU), la construction de seize (16) nouvelles formations sanitaires dans les sept pr\u00e9fectures de la r\u00e9gion des savanes a \u00e9t\u00e9 lanc\u00e9e au mois d&rsquo;Avril dernier.<\/em><\/strong><\/p>\n\n\n\n<p class=\"wp-block-paragraph\">L&rsquo;objectif vis\u00e9 est de renforcer le maillage des infrastructures sanitaires, en rapprochant les centres de soins des populations, surtout les plus vuln\u00e9rables, pour la r\u00e9alisation de la couverture sanitaire universelle.<\/p>\n\n\n\n<figure class=\"wp-block-image size-large\"><img loading=\"lazy\" decoding=\"async\" width=\"1024\" height=\"212\" src=\"https:\/\/macite.tg\/wp-content\/uploads\/2023\/06\/IMG-20230514-WA00962-3-1024x212.jpg\" alt=\"\" class=\"wp-image-6399\" srcset=\"https:\/\/macite.tg\/wp-content\/uploads\/2023\/06\/IMG-20230514-WA00962-3-1024x212.jpg 1024w, https:\/\/macite.tg\/wp-content\/uploads\/2023\/06\/IMG-20230514-WA00962-3-300x62.jpg 300w, https:\/\/macite.tg\/wp-content\/uploads\/2023\/06\/IMG-20230514-WA00962-3-768x159.jpg 768w, https:\/\/macite.tg\/wp-content\/uploads\/2023\/06\/IMG-20230514-WA00962-3-1536x318.jpg 1536w, https:\/\/macite.tg\/wp-content\/uploads\/2023\/06\/IMG-20230514-WA00962-3.jpg 1600w\" sizes=\"auto, (max-width: 1024px) 100vw, 1024px\" \/><\/figure>\n\n\n\n<p class=\"wp-block-paragraph\">Chacune des seize localit\u00e9s cibl\u00e9es pour la construction de nouvelles formations sanitaires b\u00e9n\u00e9ficie des infrastructures suivantes : un b\u00e2timent de soins comprenant un service de m\u00e9decine et une maternit\u00e9, un logement pour le responsable de la formation sanitaire, un logement pour la sagefemme, un bloc-latrine de quatre (04) cabines, un incin\u00e9rateur, une paillote et une cl\u00f4ture de cent (100) m\u00e8tres sur la fa\u00e7ade de la formation sanitaire.<\/p>\n\n\n\n<p class=\"wp-block-paragraph\">Evalu\u00e9s \u00e0 un milliard neuf-cent-soixante-treize millions huit-cent-quarante-cinq mille six-cent quatorze (1 973 845 614) francs CFA, les travaux de construction seront ex\u00e9cut\u00e9s sur une p\u00e9riode de six (06) mois.<\/p>\n\n\n\n<p class=\"wp-block-paragraph\">Mamessil\u00e9 Aklah AGBA-ASSIH, le Ministre d\u00e9l\u00e9gu\u00e9 charg\u00e9 de l&rsquo;acc\u00e8s universel aux soins a relev\u00e9 que la construction de ces seize nouvelles formations sanitaires s&rsquo;inscrit dans la politique du Gouvernement d&rsquo;am\u00e9liorer l&rsquo;acc\u00e8s \u00e0 des soins de qualit\u00e9 aux populations les plus vuln\u00e9rables. \u00a0\u00bb Dans la politique de protection sociale du Gouvernement, l&rsquo;acc\u00e8s universel aux soins traduit la vision du Chef de l&rsquo;\u00c9tat d&rsquo;offrir \u00e0 tous les togolais des soins de qualit\u00e9 \u00e0 des co\u00fbts abordables. Et qui dit acc\u00e8s universel aux soins, dit une offre de soins de sant\u00e9 de qualit\u00e9 pour la population \u00ab\u00a0, a-t-elle indiqu\u00e9.<\/p>\n\n\n\n<p class=\"wp-block-paragraph\">Il faut souligner que le Projet Service de Sant\u00e9 Essentiels de Qualit\u00e9 pour une Couverture Sanitaire Universelle (SSEQCU) est mis en \u0153uvre par le Gouvernement Togolais, avec l&rsquo;appui de la Banque mondiale. <\/p>\n\n\n\n<p class=\"wp-block-paragraph\">Il a pour objectif de fournir des soins et des services de sant\u00e9 essentiels aux femmes, aux enfants, aux pauvres et aux personnes vuln\u00e9rables, en vue de la r\u00e9alisation de la couverture sanitaire universelle. Le projet s&rsquo;articule autour de cinq composantes : 1) Augmentation de la demande et de l&rsquo;offre de services de sant\u00e9 et de nutrition de qualit\u00e9 ; 2) Rapprochement des \u00e9tablissements et services de sant\u00e9 des m\u00e9nages ; 3) Renforcement du r\u00e9gime national d&rsquo;assurance maladie sociale ; et 4) Am\u00e9lioration de l&rsquo;intendance, de la surveillance et de la gestion ; 5) Composante d&rsquo;intervention d&rsquo;urgence (CERC).<\/p>\n\n\n\n<p class=\"wp-block-paragraph\">Le gouvernement indique que c&rsquo;est dans cette optique que le projet SSEQCU a \u00e9t\u00e9 mis en place et en coh\u00e9rence avec le Programme d&rsquo;Urgence pour la R\u00e9gion des Savanes (PURS), il a commenc\u00e9 les activit\u00e9s du projet dans cette r\u00e9gion avec des composantes d\u00e9di\u00e9es aux r\u00e9habilitations, constructions et \u00e9quipement des centres de sant\u00e9 ainsi que des ressources humaines plus importantes. \u00a0\u00bb Notre mobilisation est sur le long terme et va continuer pour ne laisser personne de c\u00f4t\u00e9 \u00a0\u00bb a laiss\u00e9 entendre la ministre.<\/p>\n\n\n\n<p class=\"wp-block-paragraph\"><strong>(In LE MEDIUM n\u00b0558 du 20 au 26 Juin 2023)<\/strong><\/p>\n\n\n\n<p class=\"wp-block-paragraph\"><strong><em>@macite.tg&nbsp;&nbsp;&nbsp;&nbsp;&nbsp;&nbsp;&nbsp;&nbsp;<\/em><\/strong><\/p>\n\n\n\n<p class=\"wp-block-paragraph\"><strong><em>E-mail&nbsp;: <\/em><\/strong><a href=\"mailto:maciteinfo@gmail.com\"><strong><em>maciteinfo@gmail.com<\/em><\/strong><\/a><strong><em>; <\/em><\/strong><a href=\"mailto:bawela1@gmail.com\"><strong><em>bawela1@gmail.com<\/em><\/strong><\/a><strong><em><\/em><\/strong><\/p>\n\n\n\n<p class=\"wp-block-paragraph\"><strong><em>Pour vos annonces, (publi)reportages, etc., joignez nous au (00228)91515309\/<strong>79872224 <\/strong>www.macite.tg, L\u2019information, la bonne&nbsp;!<\/em><\/strong><\/p>\n","protected":false},"excerpt":{"rendered":"<p class=\"text-justify mb-2\" >Dans le cadre de la Composante 2 : \u00a0\u00bb Rapprochement des \u00e9tablissements et services de sant\u00e9 des m\u00e9nages \u00ab\u00a0, du Projet Services de Sant\u00e9 Essentiels de Qualit\u00e9 pour une Couverture Sanitaire Universelle (SSEQCU), la construction de seize (16) nouvelles formations sanitaires dans les sept pr\u00e9fectures [&hellip;]<\/p>\n","protected":false},"author":2,"featured_media":6588,"comment_status":"open","ping_status":"open","sticky":false,"template":"","format":"standard","meta":{"footnotes":""},"categories":[5],"tags":[],"class_list":["post-6582","post","type-post","status-publish","format-standard","has-post-thumbnail","hentry","category-sante"],"yoast_head":"<!-- This site is optimized with the Yoast SEO plugin v28.4 - https:\/\/yoast.com\/product\/yoast-seo-wordpress\/ -->\n<title>R\u00c9GION DES SAVANES\u00a0: D\u00e9marrage de la construction de 16 nouvelles Unit\u00e9s de soins -<\/title>\n<meta name=\"robots\" content=\"index, follow, max-snippet:-1, max-image-preview:large, max-video-preview:-1\" \/>\n<link rel=\"canonical\" href=\"https:\/\/macite.tg\/?p=6582\" \/>\n<meta property=\"og:locale\" content=\"fr_FR\" \/>\n<meta property=\"og:type\" content=\"article\" \/>\n<meta property=\"og:title\" content=\"R\u00c9GION DES SAVANES\u00a0: D\u00e9marrage de la construction de 16 nouvelles Unit\u00e9s de soins -\" \/>\n<meta property=\"og:description\" content=\"Dans le cadre de la Composante 2 : \u00a0\u00bb Rapprochement des \u00e9tablissements et services de sant\u00e9 des m\u00e9nages \u00ab\u00a0, du Projet Services de Sant\u00e9 Essentiels de Qualit\u00e9 pour une Couverture Sanitaire Universelle (SSEQCU), la construction de seize (16) nouvelles formations sanitaires dans les sept pr\u00e9fectures [&hellip;]\" \/>\n<meta property=\"og:url\" content=\"https:\/\/macite.tg\/?p=6582\" \/>\n<meta property=\"article:published_time\" content=\"2023-06-20T12:20:58+00:00\" \/>\n<meta property=\"article:modified_time\" content=\"2023-06-20T12:21:11+00:00\" \/>\n<meta property=\"og:image\" content=\"https:\/\/macite.tg\/wp-content\/uploads\/2023\/06\/IMG-20230619-WA0081.jpg\" \/>\n\t<meta property=\"og:image:width\" content=\"259\" \/>\n\t<meta property=\"og:image:height\" content=\"194\" \/>\n\t<meta property=\"og:image:type\" content=\"image\/jpeg\" \/>\n<meta name=\"author\" content=\"Jean Pierre BAWELA\" \/>\n<meta name=\"twitter:card\" content=\"summary_large_image\" \/>\n<meta name=\"twitter:label1\" content=\"\u00c9crit par\" \/>\n\t<meta name=\"twitter:data1\" content=\"Jean Pierre BAWELA\" \/>\n\t<meta name=\"twitter:label2\" content=\"Dur\u00e9e de lecture estim\u00e9e\" \/>\n\t<meta name=\"twitter:data2\" content=\"3 minutes\" \/>\n<script type=\"application\/ld+json\" class=\"yoast-schema-graph\">{\"@context\":\"https:\\\/\\\/schema.org\",\"@graph\":[{\"@type\":\"Article\",\"@id\":\"https:\\\/\\\/macite.tg\\\/?p=6582#article\",\"isPartOf\":{\"@id\":\"https:\\\/\\\/macite.tg\\\/?p=6582\"},\"author\":{\"name\":\"Jean Pierre BAWELA\",\"@id\":\"https:\\\/\\\/macite.tg\\\/#\\\/schema\\\/person\\\/e9f2de7e5dbbe7770a9402c7ce82f5c2\"},\"headline\":\"R\u00c9GION DES SAVANES\u00a0: D\u00e9marrage de la construction de 16 nouvelles Unit\u00e9s de soins\",\"datePublished\":\"2023-06-20T12:20:58+00:00\",\"dateModified\":\"2023-06-20T12:21:11+00:00\",\"mainEntityOfPage\":{\"@id\":\"https:\\\/\\\/macite.tg\\\/?p=6582\"},\"wordCount\":578,\"commentCount\":0,\"image\":{\"@id\":\"https:\\\/\\\/macite.tg\\\/?p=6582#primaryimage\"},\"thumbnailUrl\":\"https:\\\/\\\/macite.tg\\\/wp-content\\\/uploads\\\/2023\\\/06\\\/IMG-20230619-WA0081.jpg\",\"articleSection\":[\"SANTE\"],\"inLanguage\":\"fr-FR\",\"potentialAction\":[{\"@type\":\"CommentAction\",\"name\":\"Comment\",\"target\":[\"https:\\\/\\\/macite.tg\\\/?p=6582#respond\"]}]},{\"@type\":\"WebPage\",\"@id\":\"https:\\\/\\\/macite.tg\\\/?p=6582\",\"url\":\"https:\\\/\\\/macite.tg\\\/?p=6582\",\"name\":\"R\u00c9GION DES SAVANES\u00a0: D\u00e9marrage de la construction de 16 nouvelles Unit\u00e9s de soins -\",\"isPartOf\":{\"@id\":\"https:\\\/\\\/macite.tg\\\/#website\"},\"primaryImageOfPage\":{\"@id\":\"https:\\\/\\\/macite.tg\\\/?p=6582#primaryimage\"},\"image\":{\"@id\":\"https:\\\/\\\/macite.tg\\\/?p=6582#primaryimage\"},\"thumbnailUrl\":\"https:\\\/\\\/macite.tg\\\/wp-content\\\/uploads\\\/2023\\\/06\\\/IMG-20230619-WA0081.jpg\",\"datePublished\":\"2023-06-20T12:20:58+00:00\",\"dateModified\":\"2023-06-20T12:21:11+00:00\",\"author\":{\"@id\":\"https:\\\/\\\/macite.tg\\\/#\\\/schema\\\/person\\\/e9f2de7e5dbbe7770a9402c7ce82f5c2\"},\"breadcrumb\":{\"@id\":\"https:\\\/\\\/macite.tg\\\/?p=6582#breadcrumb\"},\"inLanguage\":\"fr-FR\",\"potentialAction\":[{\"@type\":\"ReadAction\",\"target\":[\"https:\\\/\\\/macite.tg\\\/?p=6582\"]}]},{\"@type\":\"ImageObject\",\"inLanguage\":\"fr-FR\",\"@id\":\"https:\\\/\\\/macite.tg\\\/?p=6582#primaryimage\",\"url\":\"https:\\\/\\\/macite.tg\\\/wp-content\\\/uploads\\\/2023\\\/06\\\/IMG-20230619-WA0081.jpg\",\"contentUrl\":\"https:\\\/\\\/macite.tg\\\/wp-content\\\/uploads\\\/2023\\\/06\\\/IMG-20230619-WA0081.jpg\",\"width\":259,\"height\":194},{\"@type\":\"BreadcrumbList\",\"@id\":\"https:\\\/\\\/macite.tg\\\/?p=6582#breadcrumb\",\"itemListElement\":[{\"@type\":\"ListItem\",\"position\":1,\"name\":\"Accueil\",\"item\":\"https:\\\/\\\/macite.tg\\\/\"},{\"@type\":\"ListItem\",\"position\":2,\"name\":\"R\u00c9GION DES SAVANES\u00a0: D\u00e9marrage de la construction de 16 nouvelles Unit\u00e9s de soins\"}]},{\"@type\":\"WebSite\",\"@id\":\"https:\\\/\\\/macite.tg\\\/#website\",\"url\":\"https:\\\/\\\/macite.tg\\\/\",\"name\":\"\",\"description\":\"L&#039;information, la bonne!!!\",\"potentialAction\":[{\"@type\":\"SearchAction\",\"target\":{\"@type\":\"EntryPoint\",\"urlTemplate\":\"https:\\\/\\\/macite.tg\\\/?s={search_term_string}\"},\"query-input\":{\"@type\":\"PropertyValueSpecification\",\"valueRequired\":true,\"valueName\":\"search_term_string\"}}],\"inLanguage\":\"fr-FR\"},{\"@type\":\"Person\",\"@id\":\"https:\\\/\\\/macite.tg\\\/#\\\/schema\\\/person\\\/e9f2de7e5dbbe7770a9402c7ce82f5c2\",\"name\":\"Jean Pierre BAWELA\",\"image\":{\"@type\":\"ImageObject\",\"inLanguage\":\"fr-FR\",\"@id\":\"https:\\\/\\\/macite.tg\\\/wp-content\\\/uploads\\\/2023\\\/09\\\/WhatsApp-Image-2023-09-19-at-14.44.41-122x122.jpeg\",\"url\":\"https:\\\/\\\/macite.tg\\\/wp-content\\\/uploads\\\/2023\\\/09\\\/WhatsApp-Image-2023-09-19-at-14.44.41-122x122.jpeg\",\"contentUrl\":\"https:\\\/\\\/macite.tg\\\/wp-content\\\/uploads\\\/2023\\\/09\\\/WhatsApp-Image-2023-09-19-at-14.44.41-122x122.jpeg\",\"caption\":\"Jean Pierre BAWELA\"},\"url\":\"https:\\\/\\\/macite.tg\\\/?author=2\"}]}<\/script>\n<!-- \/ Yoast SEO plugin. -->","yoast_head_json":{"title":"R\u00c9GION DES SAVANES\u00a0: D\u00e9marrage de la construction de 16 nouvelles Unit\u00e9s de soins -","robots":{"index":"index","follow":"follow","max-snippet":"max-snippet:-1","max-image-preview":"max-image-preview:large","max-video-preview":"max-video-preview:-1"},"canonical":"https:\/\/macite.tg\/?p=6582","og_locale":"fr_FR","og_type":"article","og_title":"R\u00c9GION DES SAVANES\u00a0: D\u00e9marrage de la construction de 16 nouvelles Unit\u00e9s de soins -","og_description":"Dans le cadre de la Composante 2 : \u00a0\u00bb Rapprochement des \u00e9tablissements et services de sant\u00e9 des m\u00e9nages \u00ab\u00a0, du Projet Services de Sant\u00e9 Essentiels de Qualit\u00e9 pour une Couverture Sanitaire Universelle (SSEQCU), la construction de seize (16) nouvelles formations sanitaires dans les sept pr\u00e9fectures [&hellip;]","og_url":"https:\/\/macite.tg\/?p=6582","article_published_time":"2023-06-20T12:20:58+00:00","article_modified_time":"2023-06-20T12:21:11+00:00","og_image":[{"width":259,"height":194,"url":"https:\/\/macite.tg\/wp-content\/uploads\/2023\/06\/IMG-20230619-WA0081.jpg","type":"image\/jpeg"}],"author":"Jean Pierre BAWELA","twitter_card":"summary_large_image","twitter_misc":{"\u00c9crit par":"Jean Pierre BAWELA","Dur\u00e9e de lecture estim\u00e9e":"3 minutes"},"schema":{"@context":"https:\/\/schema.org","@graph":[{"@type":"Article","@id":"https:\/\/macite.tg\/?p=6582#article","isPartOf":{"@id":"https:\/\/macite.tg\/?p=6582"},"author":{"name":"Jean Pierre BAWELA","@id":"https:\/\/macite.tg\/#\/schema\/person\/e9f2de7e5dbbe7770a9402c7ce82f5c2"},"headline":"R\u00c9GION DES SAVANES\u00a0: D\u00e9marrage de la construction de 16 nouvelles Unit\u00e9s de soins","datePublished":"2023-06-20T12:20:58+00:00","dateModified":"2023-06-20T12:21:11+00:00","mainEntityOfPage":{"@id":"https:\/\/macite.tg\/?p=6582"},"wordCount":578,"commentCount":0,"image":{"@id":"https:\/\/macite.tg\/?p=6582#primaryimage"},"thumbnailUrl":"https:\/\/macite.tg\/wp-content\/uploads\/2023\/06\/IMG-20230619-WA0081.jpg","articleSection":["SANTE"],"inLanguage":"fr-FR","potentialAction":[{"@type":"CommentAction","name":"Comment","target":["https:\/\/macite.tg\/?p=6582#respond"]}]},{"@type":"WebPage","@id":"https:\/\/macite.tg\/?p=6582","url":"https:\/\/macite.tg\/?p=6582","name":"R\u00c9GION DES SAVANES\u00a0: D\u00e9marrage de la construction de 16 nouvelles Unit\u00e9s de soins -","isPartOf":{"@id":"https:\/\/macite.tg\/#website"},"primaryImageOfPage":{"@id":"https:\/\/macite.tg\/?p=6582#primaryimage"},"image":{"@id":"https:\/\/macite.tg\/?p=6582#primaryimage"},"thumbnailUrl":"https:\/\/macite.tg\/wp-content\/uploads\/2023\/06\/IMG-20230619-WA0081.jpg","datePublished":"2023-06-20T12:20:58+00:00","dateModified":"2023-06-20T12:21:11+00:00","author":{"@id":"https:\/\/macite.tg\/#\/schema\/person\/e9f2de7e5dbbe7770a9402c7ce82f5c2"},"breadcrumb":{"@id":"https:\/\/macite.tg\/?p=6582#breadcrumb"},"inLanguage":"fr-FR","potentialAction":[{"@type":"ReadAction","target":["https:\/\/macite.tg\/?p=6582"]}]},{"@type":"ImageObject","inLanguage":"fr-FR","@id":"https:\/\/macite.tg\/?p=6582#primaryimage","url":"https:\/\/macite.tg\/wp-content\/uploads\/2023\/06\/IMG-20230619-WA0081.jpg","contentUrl":"https:\/\/macite.tg\/wp-content\/uploads\/2023\/06\/IMG-20230619-WA0081.jpg","width":259,"height":194},{"@type":"BreadcrumbList","@id":"https:\/\/macite.tg\/?p=6582#breadcrumb","itemListElement":[{"@type":"ListItem","position":1,"name":"Accueil","item":"https:\/\/macite.tg\/"},{"@type":"ListItem","position":2,"name":"R\u00c9GION DES SAVANES\u00a0: D\u00e9marrage de la construction de 16 nouvelles Unit\u00e9s de soins"}]},{"@type":"WebSite","@id":"https:\/\/macite.tg\/#website","url":"https:\/\/macite.tg\/","name":"","description":"L&#039;information, la bonne!!!","potentialAction":[{"@type":"SearchAction","target":{"@type":"EntryPoint","urlTemplate":"https:\/\/macite.tg\/?s={search_term_string}"},"query-input":{"@type":"PropertyValueSpecification","valueRequired":true,"valueName":"search_term_string"}}],"inLanguage":"fr-FR"},{"@type":"Person","@id":"https:\/\/macite.tg\/#\/schema\/person\/e9f2de7e5dbbe7770a9402c7ce82f5c2","name":"Jean Pierre BAWELA","image":{"@type":"ImageObject","inLanguage":"fr-FR","@id":"https:\/\/macite.tg\/wp-content\/uploads\/2023\/09\/WhatsApp-Image-2023-09-19-at-14.44.41-122x122.jpeg","url":"https:\/\/macite.tg\/wp-content\/uploads\/2023\/09\/WhatsApp-Image-2023-09-19-at-14.44.41-122x122.jpeg","contentUrl":"https:\/\/macite.tg\/wp-content\/uploads\/2023\/09\/WhatsApp-Image-2023-09-19-at-14.44.41-122x122.jpeg","caption":"Jean Pierre BAWELA"},"url":"https:\/\/macite.tg\/?author=2"}]}},"_links":{"self":[{"href":"https:\/\/macite.tg\/index.php?rest_route=\/wp\/v2\/posts\/6582","targetHints":{"allow":["GET"]}}],"collection":[{"href":"https:\/\/macite.tg\/index.php?rest_route=\/wp\/v2\/posts"}],"about":[{"href":"https:\/\/macite.tg\/index.php?rest_route=\/wp\/v2\/types\/post"}],"author":[{"embeddable":true,"href":"https:\/\/macite.tg\/index.php?rest_route=\/wp\/v2\/users\/2"}],"replies":[{"embeddable":true,"href":"https:\/\/macite.tg\/index.php?rest_route=%2Fwp%2Fv2%2Fcomments&post=6582"}],"version-history":[{"count":0,"href":"https:\/\/macite.tg\/index.php?rest_route=\/wp\/v2\/posts\/6582\/revisions"}],"wp:featuredmedia":[{"embeddable":true,"href":"https:\/\/macite.tg\/index.php?rest_route=\/wp\/v2\/media\/6588"}],"wp:attachment":[{"href":"https:\/\/macite.tg\/index.php?rest_route=%2Fwp%2Fv2%2Fmedia&parent=6582"}],"wp:term":[{"taxonomy":"category","embeddable":true,"href":"https:\/\/macite.tg\/index.php?rest_route=%2Fwp%2Fv2%2Fcategories&post=6582"},{"taxonomy":"post_tag","embeddable":true,"href":"https:\/\/macite.tg\/index.php?rest_route=%2Fwp%2Fv2%2Ftags&post=6582"}],"curies":[{"name":"wp","href":"https:\/\/api.w.org\/{rel}","templated":true}]}}