{"id":6577,"date":"2023-06-20T12:01:17","date_gmt":"2023-06-20T12:01:17","guid":{"rendered":"https:\/\/macite.tg\/?p=6577"},"modified":"2023-06-20T18:13:45","modified_gmt":"2023-06-20T18:13:45","slug":"environnement-la-sensibiliser-le-public-comme-arme-pour-une-place-de-choix-des-oceans","status":"publish","type":"post","link":"https:\/\/macite.tg\/?p=6577","title":{"rendered":"ENVIRONNEMENT : La sensibilisation du public comme arme pour r\u00e9server une place de choix aux Oc\u00e9ans"},"content":{"rendered":"\n<p class=\"wp-block-paragraph\"><strong><em>L&rsquo;oc\u00e9an produit plus de 50 % de l&rsquo;oxyg\u00e8ne, abrite une grande partie de la biodiversit\u00e9 et fourni des prot\u00e9ines pour plus d&rsquo;un milliard de personnes dans le monde. Les statistiques sur plan \u00e9conomique, r\u00e9v\u00e8lent que les activit\u00e9s oc\u00e9aniques vont employer environ 40 millions de personnes employ\u00e9es par les industries oc\u00e9aniques d&rsquo;ici \u00e0 2030.<\/em><\/strong><\/p>\n\n\n\n<p class=\"wp-block-paragraph\">Au minist\u00e8re de l&rsquo;Economie maritime, on informe qu&rsquo;au Togo la p\u00eache emploie 22 mille de nos compatriotes et plus de 85% de nos \u00e9changes commerciaux passent par la mer. <em>\u00ab&nbsp;Une r\u00e9cente \u00e9tude conduite par mon d\u00e9partement a r\u00e9v\u00e9l\u00e9 une corr\u00e9lation directe entre la croissance des volumes au port de Lom\u00e9 et le PIB de notre pays. Chaque fois que le volume portuaire croit de 01%, le produit int\u00e9rieur brut de notre pays croit de 0,05 point de pourcentage&nbsp;\u00bb<\/em>, fait savoir le ministre Kokou Tengu\u00e9.<\/p>\n\n\n\n<figure class=\"wp-block-image size-large\"><img loading=\"lazy\" decoding=\"async\" width=\"1024\" height=\"212\" src=\"https:\/\/macite.tg\/wp-content\/uploads\/2023\/06\/IMG-20230514-WA00962-2-1024x212.jpg\" alt=\"\" class=\"wp-image-6397\" srcset=\"https:\/\/macite.tg\/wp-content\/uploads\/2023\/06\/IMG-20230514-WA00962-2-1024x212.jpg 1024w, https:\/\/macite.tg\/wp-content\/uploads\/2023\/06\/IMG-20230514-WA00962-2-300x62.jpg 300w, https:\/\/macite.tg\/wp-content\/uploads\/2023\/06\/IMG-20230514-WA00962-2-768x159.jpg 768w, https:\/\/macite.tg\/wp-content\/uploads\/2023\/06\/IMG-20230514-WA00962-2-1536x318.jpg 1536w, https:\/\/macite.tg\/wp-content\/uploads\/2023\/06\/IMG-20230514-WA00962-2.jpg 1600w\" sizes=\"auto, (max-width: 1024px) 100vw, 1024px\" \/><\/figure>\n\n\n\n<p class=\"wp-block-paragraph\">Pour le ministre, malgr\u00e9 les immenses services qu&rsquo;elle rend \u00e0 l&rsquo;humanit\u00e9, l&rsquo;oc\u00e9an ne re\u00e7oit que tr\u00e8s peu d&rsquo;attention de cette derni\u00e8re. Pire, il est mutil\u00e9, surexploit\u00e9, empoisonn\u00e9 par les diff\u00e9rents d\u00e9chets, notamment plastiques que nous y jetons. Pour prot\u00e9ger et pr\u00e9server l&rsquo;oc\u00e9an et tout ce qu&rsquo;il soutient, nous devons donc cr\u00e9er un nouvel \u00e9quilibre, ancr\u00e9 dans une v\u00e9ritable compr\u00e9hension de l&rsquo;oc\u00e9an et de la fa\u00e7on dont l&rsquo;humanit\u00e9 y est li\u00e9e. Nous devons \u00e9tablir une relation avec l&rsquo;oc\u00e9an qui soit r\u00e9ellement originale, innovante et \u00e9clair\u00e9e par les le\u00e7ons de notre histoire.<\/p>\n\n\n\n<p class=\"wp-block-paragraph\">Il faut dire que sous le th\u00e8me 2023 \u00a0\u00bb Plan\u00e8te Oc\u00e9an : les courants changent \u00ab\u00a0, les Nations Unies unissent leurs forces \u00e0 celles des d\u00e9cideurs, des leaders autochtones, des scientifiques, des cadres du secteur priv\u00e9, de la soci\u00e9t\u00e9 civile, des c\u00e9l\u00e9brit\u00e9s et des jeunes activistes pour donner la priorit\u00e9 \u00e0 l&rsquo;oc\u00e9an. <em>\u00ab La Journ\u00e9e mondiale des oc\u00e9ans rappelle \u00e0 chacun que les oc\u00e9ans jouent un r\u00f4le primordial dans notre subsistance. V\u00e9ritables poumons de notre plan\u00e8te, ils fournissent, comme dit, la plupart de l&rsquo;oxyg\u00e8ne que nous respirons. Ils constituent aussi une source importante de nourriture et de m\u00e9dicaments, et sont un \u00e9l\u00e9ment essentiel de la biosph\u00e8re. Il est donc important de sensibiliser le public sur la place cruciale qu&rsquo;ils occupent dans notre \u00e9cosyst\u00e8me et sur les menaces auxquelles ils font face \u00e0 cause des activit\u00e9s humaines&nbsp;\u00bb<\/em>, rel\u00e8ve le ministre de l&rsquo;\u00e9conomie maritime.<\/p>\n\n\n<div class=\"wp-block-image\">\n<figure class=\"aligncenter size-large is-resized\"><img loading=\"lazy\" decoding=\"async\" src=\"https:\/\/macite.tg\/wp-content\/uploads\/2023\/06\/Panneau-1-12m2-bis-1-1024x768.jpg\" alt=\"\" class=\"wp-image-6378\" width=\"555\" height=\"416\" srcset=\"https:\/\/macite.tg\/wp-content\/uploads\/2023\/06\/Panneau-1-12m2-bis-1-1024x768.jpg 1024w, https:\/\/macite.tg\/wp-content\/uploads\/2023\/06\/Panneau-1-12m2-bis-1-300x225.jpg 300w, https:\/\/macite.tg\/wp-content\/uploads\/2023\/06\/Panneau-1-12m2-bis-1-768x576.jpg 768w, https:\/\/macite.tg\/wp-content\/uploads\/2023\/06\/Panneau-1-12m2-bis-1-1536x1152.jpg 1536w, https:\/\/macite.tg\/wp-content\/uploads\/2023\/06\/Panneau-1-12m2-bis-1-2048x1536.jpg 2048w\" sizes=\"auto, (max-width: 555px) 100vw, 555px\" \/><\/figure>\n<\/div>\n\n\n<p class=\"wp-block-paragraph\">Au Togo, le gouvernement, sous le leadership \u00e9clair\u00e9 de son Excellence Monsieur le Pr\u00e9sident Faure GNASSINGBE, a pris l&rsquo;exacte mesure des d\u00e9fis et les travaux de protection c\u00f4ti\u00e8re ont effectivement d\u00e9marr\u00e9e et se poursuivent. Le pays a \u00e9galement int\u00e9gr\u00e9 dans son ordonnancement juridique plusieurs textes pour lutter contre la pollution des oc\u00e9ans et leur surexploitation.&nbsp;<\/p>\n\n\n\n<p class=\"wp-block-paragraph\">A l&rsquo;occasion de la journ\u00e9e des oc\u00e9ans, le gouvernement a lanc\u00e9 un cri de c\u0153ur en mobilisant les populations autour d&rsquo;une gestion plus durable des oc\u00e9ans. Des s\u00e9ances de sensibilisation \u00e0 l&rsquo;endroit des populations riveraines mais aussi d&rsquo;autres activit\u00e9s, comme le rel\u00e2che de tortues marines, ont \u00e9t\u00e9 effectu\u00e9es.<\/p>\n\n\n\n<p class=\"wp-block-paragraph\"><strong>(In LE MEDIUM n\u00b0558 du 20 au 26 Juin 2023)<\/strong><\/p>\n\n\n\n<p class=\"wp-block-paragraph\"><strong><em>@macite.tg&nbsp;&nbsp;&nbsp;&nbsp;&nbsp;&nbsp;&nbsp;&nbsp;<\/em><\/strong><\/p>\n\n\n\n<p class=\"wp-block-paragraph\"><strong><em>E-mail&nbsp;: <\/em><\/strong><a href=\"mailto:maciteinfo@gmail.com\"><strong><em>maciteinfo@gmail.com<\/em><\/strong><\/a><strong><em>; <\/em><\/strong><a href=\"mailto:bawela1@gmail.com\"><strong><em>bawela1@gmail.com<\/em><\/strong><\/a><strong><em><\/em><\/strong><\/p>\n\n\n\n<p class=\"wp-block-paragraph\"><strong><em>Pour vos annonces, (publi)reportages, etc., joignez nous au (00228)91515309\/<strong>79872224 <\/strong>www.macite.tg, L\u2019information, la bonne&nbsp;!<\/em><\/strong><\/p>\n","protected":false},"excerpt":{"rendered":"<p class=\"text-justify mb-2\" >L&rsquo;oc\u00e9an produit plus de 50 % de l&rsquo;oxyg\u00e8ne, abrite une grande partie de la biodiversit\u00e9 et fourni des prot\u00e9ines pour plus d&rsquo;un milliard de personnes dans le monde. Les statistiques sur plan \u00e9conomique, r\u00e9v\u00e8lent que les activit\u00e9s oc\u00e9aniques vont employer environ 40 millions de personnes [&hellip;]<\/p>\n","protected":false},"author":2,"featured_media":6584,"comment_status":"open","ping_status":"open","sticky":false,"template":"","format":"standard","meta":{"footnotes":""},"categories":[19],"tags":[],"class_list":["post-6577","post","type-post","status-publish","format-standard","has-post-thumbnail","hentry","category-environnement"],"yoast_head":"<!-- This site is optimized with the Yoast SEO plugin v28.4 - https:\/\/yoast.com\/product\/yoast-seo-wordpress\/ -->\n<title>ENVIRONNEMENT : La sensibilisation du public comme arme pour r\u00e9server une place de choix aux Oc\u00e9ans -<\/title>\n<meta name=\"robots\" content=\"index, follow, max-snippet:-1, max-image-preview:large, max-video-preview:-1\" \/>\n<link rel=\"canonical\" href=\"https:\/\/macite.tg\/?p=6577\" \/>\n<meta property=\"og:locale\" content=\"fr_FR\" \/>\n<meta property=\"og:type\" content=\"article\" \/>\n<meta property=\"og:title\" content=\"ENVIRONNEMENT : La sensibilisation du public comme arme pour r\u00e9server une place de choix aux Oc\u00e9ans -\" \/>\n<meta property=\"og:description\" content=\"L&rsquo;oc\u00e9an produit plus de 50 % de l&rsquo;oxyg\u00e8ne, abrite une grande partie de la biodiversit\u00e9 et fourni des prot\u00e9ines pour plus d&rsquo;un milliard de personnes dans le monde. Les statistiques sur plan \u00e9conomique, r\u00e9v\u00e8lent que les activit\u00e9s oc\u00e9aniques vont employer environ 40 millions de personnes [&hellip;]\" \/>\n<meta property=\"og:url\" content=\"https:\/\/macite.tg\/?p=6577\" \/>\n<meta property=\"article:published_time\" content=\"2023-06-20T12:01:17+00:00\" \/>\n<meta property=\"article:modified_time\" content=\"2023-06-20T18:13:45+00:00\" \/>\n<meta property=\"og:image\" content=\"https:\/\/macite.tg\/wp-content\/uploads\/2023\/06\/Aocean.jpg\" \/>\n\t<meta property=\"og:image:width\" content=\"275\" \/>\n\t<meta property=\"og:image:height\" content=\"183\" \/>\n\t<meta property=\"og:image:type\" content=\"image\/jpeg\" \/>\n<meta name=\"author\" content=\"Jean Pierre BAWELA\" \/>\n<meta name=\"twitter:card\" content=\"summary_large_image\" \/>\n<meta name=\"twitter:label1\" content=\"\u00c9crit par\" \/>\n\t<meta name=\"twitter:data1\" content=\"Jean Pierre BAWELA\" \/>\n\t<meta name=\"twitter:label2\" content=\"Dur\u00e9e de lecture estim\u00e9e\" \/>\n\t<meta name=\"twitter:data2\" content=\"3 minutes\" \/>\n<script type=\"application\/ld+json\" class=\"yoast-schema-graph\">{\"@context\":\"https:\\\/\\\/schema.org\",\"@graph\":[{\"@type\":\"Article\",\"@id\":\"https:\\\/\\\/macite.tg\\\/?p=6577#article\",\"isPartOf\":{\"@id\":\"https:\\\/\\\/macite.tg\\\/?p=6577\"},\"author\":{\"name\":\"Jean Pierre BAWELA\",\"@id\":\"https:\\\/\\\/macite.tg\\\/#\\\/schema\\\/person\\\/e9f2de7e5dbbe7770a9402c7ce82f5c2\"},\"headline\":\"ENVIRONNEMENT : La sensibilisation du public comme arme pour r\u00e9server une place de choix aux Oc\u00e9ans\",\"datePublished\":\"2023-06-20T12:01:17+00:00\",\"dateModified\":\"2023-06-20T18:13:45+00:00\",\"mainEntityOfPage\":{\"@id\":\"https:\\\/\\\/macite.tg\\\/?p=6577\"},\"wordCount\":613,\"commentCount\":0,\"image\":{\"@id\":\"https:\\\/\\\/macite.tg\\\/?p=6577#primaryimage\"},\"thumbnailUrl\":\"https:\\\/\\\/macite.tg\\\/wp-content\\\/uploads\\\/2023\\\/06\\\/Aocean.jpg\",\"articleSection\":[\"ENVIRONNEMENT\"],\"inLanguage\":\"fr-FR\",\"potentialAction\":[{\"@type\":\"CommentAction\",\"name\":\"Comment\",\"target\":[\"https:\\\/\\\/macite.tg\\\/?p=6577#respond\"]}]},{\"@type\":\"WebPage\",\"@id\":\"https:\\\/\\\/macite.tg\\\/?p=6577\",\"url\":\"https:\\\/\\\/macite.tg\\\/?p=6577\",\"name\":\"ENVIRONNEMENT : La sensibilisation du public comme arme pour r\u00e9server une place de choix aux Oc\u00e9ans -\",\"isPartOf\":{\"@id\":\"https:\\\/\\\/macite.tg\\\/#website\"},\"primaryImageOfPage\":{\"@id\":\"https:\\\/\\\/macite.tg\\\/?p=6577#primaryimage\"},\"image\":{\"@id\":\"https:\\\/\\\/macite.tg\\\/?p=6577#primaryimage\"},\"thumbnailUrl\":\"https:\\\/\\\/macite.tg\\\/wp-content\\\/uploads\\\/2023\\\/06\\\/Aocean.jpg\",\"datePublished\":\"2023-06-20T12:01:17+00:00\",\"dateModified\":\"2023-06-20T18:13:45+00:00\",\"author\":{\"@id\":\"https:\\\/\\\/macite.tg\\\/#\\\/schema\\\/person\\\/e9f2de7e5dbbe7770a9402c7ce82f5c2\"},\"breadcrumb\":{\"@id\":\"https:\\\/\\\/macite.tg\\\/?p=6577#breadcrumb\"},\"inLanguage\":\"fr-FR\",\"potentialAction\":[{\"@type\":\"ReadAction\",\"target\":[\"https:\\\/\\\/macite.tg\\\/?p=6577\"]}]},{\"@type\":\"ImageObject\",\"inLanguage\":\"fr-FR\",\"@id\":\"https:\\\/\\\/macite.tg\\\/?p=6577#primaryimage\",\"url\":\"https:\\\/\\\/macite.tg\\\/wp-content\\\/uploads\\\/2023\\\/06\\\/Aocean.jpg\",\"contentUrl\":\"https:\\\/\\\/macite.tg\\\/wp-content\\\/uploads\\\/2023\\\/06\\\/Aocean.jpg\",\"width\":275,\"height\":183},{\"@type\":\"BreadcrumbList\",\"@id\":\"https:\\\/\\\/macite.tg\\\/?p=6577#breadcrumb\",\"itemListElement\":[{\"@type\":\"ListItem\",\"position\":1,\"name\":\"Accueil\",\"item\":\"https:\\\/\\\/macite.tg\\\/\"},{\"@type\":\"ListItem\",\"position\":2,\"name\":\"ENVIRONNEMENT : La sensibilisation du public comme arme pour r\u00e9server une place de choix aux Oc\u00e9ans\"}]},{\"@type\":\"WebSite\",\"@id\":\"https:\\\/\\\/macite.tg\\\/#website\",\"url\":\"https:\\\/\\\/macite.tg\\\/\",\"name\":\"\",\"description\":\"L&#039;information, la bonne!!!\",\"potentialAction\":[{\"@type\":\"SearchAction\",\"target\":{\"@type\":\"EntryPoint\",\"urlTemplate\":\"https:\\\/\\\/macite.tg\\\/?s={search_term_string}\"},\"query-input\":{\"@type\":\"PropertyValueSpecification\",\"valueRequired\":true,\"valueName\":\"search_term_string\"}}],\"inLanguage\":\"fr-FR\"},{\"@type\":\"Person\",\"@id\":\"https:\\\/\\\/macite.tg\\\/#\\\/schema\\\/person\\\/e9f2de7e5dbbe7770a9402c7ce82f5c2\",\"name\":\"Jean Pierre BAWELA\",\"image\":{\"@type\":\"ImageObject\",\"inLanguage\":\"fr-FR\",\"@id\":\"https:\\\/\\\/macite.tg\\\/wp-content\\\/uploads\\\/2023\\\/09\\\/WhatsApp-Image-2023-09-19-at-14.44.41-122x122.jpeg\",\"url\":\"https:\\\/\\\/macite.tg\\\/wp-content\\\/uploads\\\/2023\\\/09\\\/WhatsApp-Image-2023-09-19-at-14.44.41-122x122.jpeg\",\"contentUrl\":\"https:\\\/\\\/macite.tg\\\/wp-content\\\/uploads\\\/2023\\\/09\\\/WhatsApp-Image-2023-09-19-at-14.44.41-122x122.jpeg\",\"caption\":\"Jean Pierre BAWELA\"},\"url\":\"https:\\\/\\\/macite.tg\\\/?author=2\"}]}<\/script>\n<!-- \/ Yoast SEO plugin. -->","yoast_head_json":{"title":"ENVIRONNEMENT : La sensibilisation du public comme arme pour r\u00e9server une place de choix aux Oc\u00e9ans -","robots":{"index":"index","follow":"follow","max-snippet":"max-snippet:-1","max-image-preview":"max-image-preview:large","max-video-preview":"max-video-preview:-1"},"canonical":"https:\/\/macite.tg\/?p=6577","og_locale":"fr_FR","og_type":"article","og_title":"ENVIRONNEMENT : La sensibilisation du public comme arme pour r\u00e9server une place de choix aux Oc\u00e9ans -","og_description":"L&rsquo;oc\u00e9an produit plus de 50 % de l&rsquo;oxyg\u00e8ne, abrite une grande partie de la biodiversit\u00e9 et fourni des prot\u00e9ines pour plus d&rsquo;un milliard de personnes dans le monde. Les statistiques sur plan \u00e9conomique, r\u00e9v\u00e8lent que les activit\u00e9s oc\u00e9aniques vont employer environ 40 millions de personnes [&hellip;]","og_url":"https:\/\/macite.tg\/?p=6577","article_published_time":"2023-06-20T12:01:17+00:00","article_modified_time":"2023-06-20T18:13:45+00:00","og_image":[{"width":275,"height":183,"url":"https:\/\/macite.tg\/wp-content\/uploads\/2023\/06\/Aocean.jpg","type":"image\/jpeg"}],"author":"Jean Pierre BAWELA","twitter_card":"summary_large_image","twitter_misc":{"\u00c9crit par":"Jean Pierre BAWELA","Dur\u00e9e de lecture estim\u00e9e":"3 minutes"},"schema":{"@context":"https:\/\/schema.org","@graph":[{"@type":"Article","@id":"https:\/\/macite.tg\/?p=6577#article","isPartOf":{"@id":"https:\/\/macite.tg\/?p=6577"},"author":{"name":"Jean Pierre BAWELA","@id":"https:\/\/macite.tg\/#\/schema\/person\/e9f2de7e5dbbe7770a9402c7ce82f5c2"},"headline":"ENVIRONNEMENT : La sensibilisation du public comme arme pour r\u00e9server une place de choix aux Oc\u00e9ans","datePublished":"2023-06-20T12:01:17+00:00","dateModified":"2023-06-20T18:13:45+00:00","mainEntityOfPage":{"@id":"https:\/\/macite.tg\/?p=6577"},"wordCount":613,"commentCount":0,"image":{"@id":"https:\/\/macite.tg\/?p=6577#primaryimage"},"thumbnailUrl":"https:\/\/macite.tg\/wp-content\/uploads\/2023\/06\/Aocean.jpg","articleSection":["ENVIRONNEMENT"],"inLanguage":"fr-FR","potentialAction":[{"@type":"CommentAction","name":"Comment","target":["https:\/\/macite.tg\/?p=6577#respond"]}]},{"@type":"WebPage","@id":"https:\/\/macite.tg\/?p=6577","url":"https:\/\/macite.tg\/?p=6577","name":"ENVIRONNEMENT : La sensibilisation du public comme arme pour r\u00e9server une place de choix aux Oc\u00e9ans -","isPartOf":{"@id":"https:\/\/macite.tg\/#website"},"primaryImageOfPage":{"@id":"https:\/\/macite.tg\/?p=6577#primaryimage"},"image":{"@id":"https:\/\/macite.tg\/?p=6577#primaryimage"},"thumbnailUrl":"https:\/\/macite.tg\/wp-content\/uploads\/2023\/06\/Aocean.jpg","datePublished":"2023-06-20T12:01:17+00:00","dateModified":"2023-06-20T18:13:45+00:00","author":{"@id":"https:\/\/macite.tg\/#\/schema\/person\/e9f2de7e5dbbe7770a9402c7ce82f5c2"},"breadcrumb":{"@id":"https:\/\/macite.tg\/?p=6577#breadcrumb"},"inLanguage":"fr-FR","potentialAction":[{"@type":"ReadAction","target":["https:\/\/macite.tg\/?p=6577"]}]},{"@type":"ImageObject","inLanguage":"fr-FR","@id":"https:\/\/macite.tg\/?p=6577#primaryimage","url":"https:\/\/macite.tg\/wp-content\/uploads\/2023\/06\/Aocean.jpg","contentUrl":"https:\/\/macite.tg\/wp-content\/uploads\/2023\/06\/Aocean.jpg","width":275,"height":183},{"@type":"BreadcrumbList","@id":"https:\/\/macite.tg\/?p=6577#breadcrumb","itemListElement":[{"@type":"ListItem","position":1,"name":"Accueil","item":"https:\/\/macite.tg\/"},{"@type":"ListItem","position":2,"name":"ENVIRONNEMENT : La sensibilisation du public comme arme pour r\u00e9server une place de choix aux Oc\u00e9ans"}]},{"@type":"WebSite","@id":"https:\/\/macite.tg\/#website","url":"https:\/\/macite.tg\/","name":"","description":"L&#039;information, la bonne!!!","potentialAction":[{"@type":"SearchAction","target":{"@type":"EntryPoint","urlTemplate":"https:\/\/macite.tg\/?s={search_term_string}"},"query-input":{"@type":"PropertyValueSpecification","valueRequired":true,"valueName":"search_term_string"}}],"inLanguage":"fr-FR"},{"@type":"Person","@id":"https:\/\/macite.tg\/#\/schema\/person\/e9f2de7e5dbbe7770a9402c7ce82f5c2","name":"Jean Pierre BAWELA","image":{"@type":"ImageObject","inLanguage":"fr-FR","@id":"https:\/\/macite.tg\/wp-content\/uploads\/2023\/09\/WhatsApp-Image-2023-09-19-at-14.44.41-122x122.jpeg","url":"https:\/\/macite.tg\/wp-content\/uploads\/2023\/09\/WhatsApp-Image-2023-09-19-at-14.44.41-122x122.jpeg","contentUrl":"https:\/\/macite.tg\/wp-content\/uploads\/2023\/09\/WhatsApp-Image-2023-09-19-at-14.44.41-122x122.jpeg","caption":"Jean Pierre BAWELA"},"url":"https:\/\/macite.tg\/?author=2"}]}},"_links":{"self":[{"href":"https:\/\/macite.tg\/index.php?rest_route=\/wp\/v2\/posts\/6577","targetHints":{"allow":["GET"]}}],"collection":[{"href":"https:\/\/macite.tg\/index.php?rest_route=\/wp\/v2\/posts"}],"about":[{"href":"https:\/\/macite.tg\/index.php?rest_route=\/wp\/v2\/types\/post"}],"author":[{"embeddable":true,"href":"https:\/\/macite.tg\/index.php?rest_route=\/wp\/v2\/users\/2"}],"replies":[{"embeddable":true,"href":"https:\/\/macite.tg\/index.php?rest_route=%2Fwp%2Fv2%2Fcomments&post=6577"}],"version-history":[{"count":0,"href":"https:\/\/macite.tg\/index.php?rest_route=\/wp\/v2\/posts\/6577\/revisions"}],"wp:featuredmedia":[{"embeddable":true,"href":"https:\/\/macite.tg\/index.php?rest_route=\/wp\/v2\/media\/6584"}],"wp:attachment":[{"href":"https:\/\/macite.tg\/index.php?rest_route=%2Fwp%2Fv2%2Fmedia&parent=6577"}],"wp:term":[{"taxonomy":"category","embeddable":true,"href":"https:\/\/macite.tg\/index.php?rest_route=%2Fwp%2Fv2%2Fcategories&post=6577"},{"taxonomy":"post_tag","embeddable":true,"href":"https:\/\/macite.tg\/index.php?rest_route=%2Fwp%2Fv2%2Ftags&post=6577"}],"curies":[{"name":"wp","href":"https:\/\/api.w.org\/{rel}","templated":true}]}}