{"id":6220,"date":"2023-06-07T15:36:57","date_gmt":"2023-06-07T15:36:57","guid":{"rendered":"https:\/\/macite.tg\/?p=6220"},"modified":"2023-06-07T15:37:08","modified_gmt":"2023-06-07T15:37:08","slug":"projet-de-3e-mandat-macky-sall-pret-a-y-renoncer-au-3e-mandat-a-cette-seule-condition","status":"publish","type":"post","link":"https:\/\/macite.tg\/?p=6220","title":{"rendered":"PROJET DE 3E MANDAT: Macky Sall pr\u00eat \u00e0 y renoncer au 3e mandat, \u00e0 cette seule condition\u2026"},"content":{"rendered":"\n<p class=\"wp-block-paragraph\"><strong><em>On en sait un peu plus sur les discussions entre le pr\u00e9sident s\u00e9n\u00e9galais et le Khalif g\u00e9n\u00e9ral des Mourides, Serine Mountakha. Alors que rien n\u2019avait filtr\u00e9 jusque-l\u00e0, des sources concordantes expliquent que Macky Sall \u00e9tait all\u00e9 soumettre au guide religieux \u00e0 Touba, un plan de sortie de crise.<\/em><\/strong><\/p>\n\n\n\n<p class=\"wp-block-paragraph\">Au soir du lundi 05 juin dernier, le pr\u00e9sident de la R\u00e9publique Macky Sall s\u2019est rendu \u00e0 Touba pour rencontrer le Khalif g\u00e9n\u00e9ral des Mourides, Serigne Mountakha Mback\u00e9. Selon des sources de SeneNews, le chef de l\u2019Etat en se rendant \u00e0 Touba, avait un plan \u00e0 soumettre au guide religieux.<\/p>\n\n\n\n<figure class=\"wp-block-image size-large\"><img loading=\"lazy\" decoding=\"async\" width=\"1024\" height=\"212\" src=\"https:\/\/macite.tg\/wp-content\/uploads\/2023\/06\/IMG-20230514-WA00962-1024x212.jpg\" alt=\"\" class=\"wp-image-5991\" srcset=\"https:\/\/macite.tg\/wp-content\/uploads\/2023\/06\/IMG-20230514-WA00962-1024x212.jpg 1024w, https:\/\/macite.tg\/wp-content\/uploads\/2023\/06\/IMG-20230514-WA00962-300x62.jpg 300w, https:\/\/macite.tg\/wp-content\/uploads\/2023\/06\/IMG-20230514-WA00962-768x159.jpg 768w, https:\/\/macite.tg\/wp-content\/uploads\/2023\/06\/IMG-20230514-WA00962-1536x318.jpg 1536w, https:\/\/macite.tg\/wp-content\/uploads\/2023\/06\/IMG-20230514-WA00962.jpg 1600w\" sizes=\"auto, (max-width: 1024px) 100vw, 1024px\" \/><\/figure>\n\n\n\n<p class=\"wp-block-paragraph\">Selon le journal Le T\u00e9moin, qui lui \u00e9voque, ce mercredi, cette suppos\u00e9e rencontre entre Macky Sall et Serigne Mountakha, r\u00e9v\u00e8le que le chef de l\u2019Etat est pr\u00eat \u00e0 renoncer au 3e mandat. Cependant, ce ne sera pas sans conditions.<\/p>\n\n\n\n<p class=\"wp-block-paragraph\">En effet, Macky Sall souhaiterait mettre sur la balance cette d\u00e9cision de renoncer au 3e mandat lors du dialogue national, et demander en contrepartie la prolongation de son pr\u00e9sent mandat pr\u00e9sidentiel de deux ans, jusqu\u2019\u00e0 2026 donc. Ceci afin de lui permettre de remettre de l\u2019ordre dans le pays et d\u2019organiser des \u00e9lections inclusives, paisibles et transparentes, informe le journal. Ce qui entra\u00eenerait de facto le report de l\u2019\u00e9lection pr\u00e9sidentielle fix\u00e9e au 25 f\u00e9vrier 2024.<\/p>\n\n\n<div class=\"wp-block-image\">\n<figure class=\"aligncenter size-large is-resized\"><img loading=\"lazy\" decoding=\"async\" src=\"https:\/\/macite.tg\/wp-content\/uploads\/2023\/06\/Panneau-2-12m2-1024x768.jpg\" alt=\"\" class=\"wp-image-6024\" width=\"581\" height=\"436\" srcset=\"https:\/\/macite.tg\/wp-content\/uploads\/2023\/06\/Panneau-2-12m2-1024x768.jpg 1024w, https:\/\/macite.tg\/wp-content\/uploads\/2023\/06\/Panneau-2-12m2-300x225.jpg 300w, https:\/\/macite.tg\/wp-content\/uploads\/2023\/06\/Panneau-2-12m2-768x576.jpg 768w, https:\/\/macite.tg\/wp-content\/uploads\/2023\/06\/Panneau-2-12m2-1536x1152.jpg 1536w, https:\/\/macite.tg\/wp-content\/uploads\/2023\/06\/Panneau-2-12m2-2048x1536.jpg 2048w\" sizes=\"auto, (max-width: 581px) 100vw, 581px\" \/><\/figure>\n<\/div>\n\n\n<p class=\"wp-block-paragraph\">Si les membres du Dialogue national approuvent ce report, ceci pourrait permettre de valider les candidatures de leaders de l\u2019opposition tels que Khalifa Ababacar Sall, Karim Wade et Ousmane Sonko, tous frapp\u00e9s d\u2019in\u00e9ligibilit\u00e9.<\/p>\n\n\n\n<p class=\"wp-block-paragraph\">Selon lui, ces conditions sont indispensables pour \u00e9viter que le pays ne sombre dans des violences inutiles alors que nous sommes en plein essor de l\u2019exploitation de nos ressources p\u00e9troli\u00e8res et gazi\u00e8res.<\/p>\n\n\n\n<p class=\"wp-block-paragraph\"><strong>Avec SeneNews<\/strong><\/p>\n\n\n\n<p class=\"wp-block-paragraph\"><strong><em>@macite.tg<\/em><\/strong><\/p>\n\n\n\n<p class=\"wp-block-paragraph\"><strong><em>E-mail&nbsp;: <\/em><\/strong><a href=\"mailto:maciteinfo@gmail.com\"><strong><em>maciteinfo@gmail.com<\/em><\/strong><\/a><strong><em>; <\/em><\/strong><a href=\"mailto:bawela1@gmail.com\"><strong><em>bawela1@gmail.com<\/em><\/strong><\/a><\/p>\n\n\n\n<p class=\"wp-block-paragraph\"><strong><em>Pour vos annonces, (publi)reportages, etc., joignez nous au (00228)91515309\/<strong>79872224 <\/strong>www.macite.tg, L\u2019information, la bonne&nbsp;!<\/em><\/strong><\/p>\n","protected":false},"excerpt":{"rendered":"<p class=\"text-justify mb-2\" >On en sait un peu plus sur les discussions entre le pr\u00e9sident s\u00e9n\u00e9galais et le Khalif g\u00e9n\u00e9ral des Mourides, Serine Mountakha. Alors que rien n\u2019avait filtr\u00e9 jusque-l\u00e0, des sources concordantes expliquent que Macky Sall \u00e9tait all\u00e9 soumettre au guide religieux \u00e0 Touba, un plan de [&hellip;]<\/p>\n","protected":false},"author":2,"featured_media":6221,"comment_status":"open","ping_status":"open","sticky":false,"template":"","format":"standard","meta":{"footnotes":""},"categories":[20,1],"tags":[],"class_list":["post-6220","post","type-post","status-publish","format-standard","has-post-thumbnail","hentry","category-actualite","category-politique"],"yoast_head":"<!-- This site is optimized with the Yoast SEO plugin v28.4 - https:\/\/yoast.com\/product\/yoast-seo-wordpress\/ -->\n<title>PROJET DE 3E MANDAT: Macky Sall pr\u00eat \u00e0 y renoncer au 3e mandat, \u00e0 cette seule condition\u2026 -<\/title>\n<meta name=\"robots\" content=\"index, follow, max-snippet:-1, max-image-preview:large, max-video-preview:-1\" \/>\n<link rel=\"canonical\" href=\"https:\/\/macite.tg\/?p=6220\" \/>\n<meta property=\"og:locale\" content=\"fr_FR\" \/>\n<meta property=\"og:type\" content=\"article\" \/>\n<meta property=\"og:title\" content=\"PROJET DE 3E MANDAT: Macky Sall pr\u00eat \u00e0 y renoncer au 3e mandat, \u00e0 cette seule condition\u2026 -\" \/>\n<meta property=\"og:description\" content=\"On en sait un peu plus sur les discussions entre le pr\u00e9sident s\u00e9n\u00e9galais et le Khalif g\u00e9n\u00e9ral des Mourides, Serine Mountakha. Alors que rien n\u2019avait filtr\u00e9 jusque-l\u00e0, des sources concordantes expliquent que Macky Sall \u00e9tait all\u00e9 soumettre au guide religieux \u00e0 Touba, un plan de [&hellip;]\" \/>\n<meta property=\"og:url\" content=\"https:\/\/macite.tg\/?p=6220\" \/>\n<meta property=\"article:published_time\" content=\"2023-06-07T15:36:57+00:00\" \/>\n<meta property=\"article:modified_time\" content=\"2023-06-07T15:37:08+00:00\" \/>\n<meta property=\"og:image\" content=\"https:\/\/macite.tg\/wp-content\/uploads\/2023\/06\/ASALL-Macky.jpg\" \/>\n\t<meta property=\"og:image:width\" content=\"300\" \/>\n\t<meta property=\"og:image:height\" content=\"168\" \/>\n\t<meta property=\"og:image:type\" content=\"image\/jpeg\" \/>\n<meta name=\"author\" content=\"Jean Pierre BAWELA\" \/>\n<meta name=\"twitter:card\" content=\"summary_large_image\" \/>\n<meta name=\"twitter:label1\" content=\"\u00c9crit par\" \/>\n\t<meta name=\"twitter:data1\" content=\"Jean Pierre BAWELA\" \/>\n\t<meta name=\"twitter:label2\" content=\"Dur\u00e9e de lecture estim\u00e9e\" \/>\n\t<meta name=\"twitter:data2\" content=\"2 minutes\" \/>\n<script type=\"application\/ld+json\" class=\"yoast-schema-graph\">{\"@context\":\"https:\\\/\\\/schema.org\",\"@graph\":[{\"@type\":\"Article\",\"@id\":\"https:\\\/\\\/macite.tg\\\/?p=6220#article\",\"isPartOf\":{\"@id\":\"https:\\\/\\\/macite.tg\\\/?p=6220\"},\"author\":{\"name\":\"Jean Pierre BAWELA\",\"@id\":\"https:\\\/\\\/macite.tg\\\/#\\\/schema\\\/person\\\/e9f2de7e5dbbe7770a9402c7ce82f5c2\"},\"headline\":\"PROJET DE 3E MANDAT: Macky Sall pr\u00eat \u00e0 y renoncer au 3e mandat, \u00e0 cette seule condition\u2026\",\"datePublished\":\"2023-06-07T15:36:57+00:00\",\"dateModified\":\"2023-06-07T15:37:08+00:00\",\"mainEntityOfPage\":{\"@id\":\"https:\\\/\\\/macite.tg\\\/?p=6220\"},\"wordCount\":349,\"commentCount\":0,\"image\":{\"@id\":\"https:\\\/\\\/macite.tg\\\/?p=6220#primaryimage\"},\"thumbnailUrl\":\"https:\\\/\\\/macite.tg\\\/wp-content\\\/uploads\\\/2023\\\/06\\\/ASALL-Macky.jpg\",\"articleSection\":[\"ACTUALITE\",\"POLITIQUE\"],\"inLanguage\":\"fr-FR\",\"potentialAction\":[{\"@type\":\"CommentAction\",\"name\":\"Comment\",\"target\":[\"https:\\\/\\\/macite.tg\\\/?p=6220#respond\"]}]},{\"@type\":\"WebPage\",\"@id\":\"https:\\\/\\\/macite.tg\\\/?p=6220\",\"url\":\"https:\\\/\\\/macite.tg\\\/?p=6220\",\"name\":\"PROJET DE 3E MANDAT: Macky Sall pr\u00eat \u00e0 y renoncer au 3e mandat, \u00e0 cette seule condition\u2026 -\",\"isPartOf\":{\"@id\":\"https:\\\/\\\/macite.tg\\\/#website\"},\"primaryImageOfPage\":{\"@id\":\"https:\\\/\\\/macite.tg\\\/?p=6220#primaryimage\"},\"image\":{\"@id\":\"https:\\\/\\\/macite.tg\\\/?p=6220#primaryimage\"},\"thumbnailUrl\":\"https:\\\/\\\/macite.tg\\\/wp-content\\\/uploads\\\/2023\\\/06\\\/ASALL-Macky.jpg\",\"datePublished\":\"2023-06-07T15:36:57+00:00\",\"dateModified\":\"2023-06-07T15:37:08+00:00\",\"author\":{\"@id\":\"https:\\\/\\\/macite.tg\\\/#\\\/schema\\\/person\\\/e9f2de7e5dbbe7770a9402c7ce82f5c2\"},\"breadcrumb\":{\"@id\":\"https:\\\/\\\/macite.tg\\\/?p=6220#breadcrumb\"},\"inLanguage\":\"fr-FR\",\"potentialAction\":[{\"@type\":\"ReadAction\",\"target\":[\"https:\\\/\\\/macite.tg\\\/?p=6220\"]}]},{\"@type\":\"ImageObject\",\"inLanguage\":\"fr-FR\",\"@id\":\"https:\\\/\\\/macite.tg\\\/?p=6220#primaryimage\",\"url\":\"https:\\\/\\\/macite.tg\\\/wp-content\\\/uploads\\\/2023\\\/06\\\/ASALL-Macky.jpg\",\"contentUrl\":\"https:\\\/\\\/macite.tg\\\/wp-content\\\/uploads\\\/2023\\\/06\\\/ASALL-Macky.jpg\",\"width\":300,\"height\":168},{\"@type\":\"BreadcrumbList\",\"@id\":\"https:\\\/\\\/macite.tg\\\/?p=6220#breadcrumb\",\"itemListElement\":[{\"@type\":\"ListItem\",\"position\":1,\"name\":\"Accueil\",\"item\":\"https:\\\/\\\/macite.tg\\\/\"},{\"@type\":\"ListItem\",\"position\":2,\"name\":\"PROJET DE 3E MANDAT: Macky Sall pr\u00eat \u00e0 y renoncer au 3e mandat, \u00e0 cette seule condition\u2026\"}]},{\"@type\":\"WebSite\",\"@id\":\"https:\\\/\\\/macite.tg\\\/#website\",\"url\":\"https:\\\/\\\/macite.tg\\\/\",\"name\":\"\",\"description\":\"L&#039;information, la bonne!!!\",\"potentialAction\":[{\"@type\":\"SearchAction\",\"target\":{\"@type\":\"EntryPoint\",\"urlTemplate\":\"https:\\\/\\\/macite.tg\\\/?s={search_term_string}\"},\"query-input\":{\"@type\":\"PropertyValueSpecification\",\"valueRequired\":true,\"valueName\":\"search_term_string\"}}],\"inLanguage\":\"fr-FR\"},{\"@type\":\"Person\",\"@id\":\"https:\\\/\\\/macite.tg\\\/#\\\/schema\\\/person\\\/e9f2de7e5dbbe7770a9402c7ce82f5c2\",\"name\":\"Jean Pierre BAWELA\",\"image\":{\"@type\":\"ImageObject\",\"inLanguage\":\"fr-FR\",\"@id\":\"https:\\\/\\\/macite.tg\\\/wp-content\\\/uploads\\\/2023\\\/09\\\/WhatsApp-Image-2023-09-19-at-14.44.41-122x122.jpeg\",\"url\":\"https:\\\/\\\/macite.tg\\\/wp-content\\\/uploads\\\/2023\\\/09\\\/WhatsApp-Image-2023-09-19-at-14.44.41-122x122.jpeg\",\"contentUrl\":\"https:\\\/\\\/macite.tg\\\/wp-content\\\/uploads\\\/2023\\\/09\\\/WhatsApp-Image-2023-09-19-at-14.44.41-122x122.jpeg\",\"caption\":\"Jean Pierre BAWELA\"},\"url\":\"https:\\\/\\\/macite.tg\\\/?author=2\"}]}<\/script>\n<!-- \/ Yoast SEO plugin. -->","yoast_head_json":{"title":"PROJET DE 3E MANDAT: Macky Sall pr\u00eat \u00e0 y renoncer au 3e mandat, \u00e0 cette seule condition\u2026 -","robots":{"index":"index","follow":"follow","max-snippet":"max-snippet:-1","max-image-preview":"max-image-preview:large","max-video-preview":"max-video-preview:-1"},"canonical":"https:\/\/macite.tg\/?p=6220","og_locale":"fr_FR","og_type":"article","og_title":"PROJET DE 3E MANDAT: Macky Sall pr\u00eat \u00e0 y renoncer au 3e mandat, \u00e0 cette seule condition\u2026 -","og_description":"On en sait un peu plus sur les discussions entre le pr\u00e9sident s\u00e9n\u00e9galais et le Khalif g\u00e9n\u00e9ral des Mourides, Serine Mountakha. Alors que rien n\u2019avait filtr\u00e9 jusque-l\u00e0, des sources concordantes expliquent que Macky Sall \u00e9tait all\u00e9 soumettre au guide religieux \u00e0 Touba, un plan de [&hellip;]","og_url":"https:\/\/macite.tg\/?p=6220","article_published_time":"2023-06-07T15:36:57+00:00","article_modified_time":"2023-06-07T15:37:08+00:00","og_image":[{"width":300,"height":168,"url":"https:\/\/macite.tg\/wp-content\/uploads\/2023\/06\/ASALL-Macky.jpg","type":"image\/jpeg"}],"author":"Jean Pierre BAWELA","twitter_card":"summary_large_image","twitter_misc":{"\u00c9crit par":"Jean Pierre BAWELA","Dur\u00e9e de lecture estim\u00e9e":"2 minutes"},"schema":{"@context":"https:\/\/schema.org","@graph":[{"@type":"Article","@id":"https:\/\/macite.tg\/?p=6220#article","isPartOf":{"@id":"https:\/\/macite.tg\/?p=6220"},"author":{"name":"Jean Pierre BAWELA","@id":"https:\/\/macite.tg\/#\/schema\/person\/e9f2de7e5dbbe7770a9402c7ce82f5c2"},"headline":"PROJET DE 3E MANDAT: Macky Sall pr\u00eat \u00e0 y renoncer au 3e mandat, \u00e0 cette seule condition\u2026","datePublished":"2023-06-07T15:36:57+00:00","dateModified":"2023-06-07T15:37:08+00:00","mainEntityOfPage":{"@id":"https:\/\/macite.tg\/?p=6220"},"wordCount":349,"commentCount":0,"image":{"@id":"https:\/\/macite.tg\/?p=6220#primaryimage"},"thumbnailUrl":"https:\/\/macite.tg\/wp-content\/uploads\/2023\/06\/ASALL-Macky.jpg","articleSection":["ACTUALITE","POLITIQUE"],"inLanguage":"fr-FR","potentialAction":[{"@type":"CommentAction","name":"Comment","target":["https:\/\/macite.tg\/?p=6220#respond"]}]},{"@type":"WebPage","@id":"https:\/\/macite.tg\/?p=6220","url":"https:\/\/macite.tg\/?p=6220","name":"PROJET DE 3E MANDAT: Macky Sall pr\u00eat \u00e0 y renoncer au 3e mandat, \u00e0 cette seule condition\u2026 -","isPartOf":{"@id":"https:\/\/macite.tg\/#website"},"primaryImageOfPage":{"@id":"https:\/\/macite.tg\/?p=6220#primaryimage"},"image":{"@id":"https:\/\/macite.tg\/?p=6220#primaryimage"},"thumbnailUrl":"https:\/\/macite.tg\/wp-content\/uploads\/2023\/06\/ASALL-Macky.jpg","datePublished":"2023-06-07T15:36:57+00:00","dateModified":"2023-06-07T15:37:08+00:00","author":{"@id":"https:\/\/macite.tg\/#\/schema\/person\/e9f2de7e5dbbe7770a9402c7ce82f5c2"},"breadcrumb":{"@id":"https:\/\/macite.tg\/?p=6220#breadcrumb"},"inLanguage":"fr-FR","potentialAction":[{"@type":"ReadAction","target":["https:\/\/macite.tg\/?p=6220"]}]},{"@type":"ImageObject","inLanguage":"fr-FR","@id":"https:\/\/macite.tg\/?p=6220#primaryimage","url":"https:\/\/macite.tg\/wp-content\/uploads\/2023\/06\/ASALL-Macky.jpg","contentUrl":"https:\/\/macite.tg\/wp-content\/uploads\/2023\/06\/ASALL-Macky.jpg","width":300,"height":168},{"@type":"BreadcrumbList","@id":"https:\/\/macite.tg\/?p=6220#breadcrumb","itemListElement":[{"@type":"ListItem","position":1,"name":"Accueil","item":"https:\/\/macite.tg\/"},{"@type":"ListItem","position":2,"name":"PROJET DE 3E MANDAT: Macky Sall pr\u00eat \u00e0 y renoncer au 3e mandat, \u00e0 cette seule condition\u2026"}]},{"@type":"WebSite","@id":"https:\/\/macite.tg\/#website","url":"https:\/\/macite.tg\/","name":"","description":"L&#039;information, la bonne!!!","potentialAction":[{"@type":"SearchAction","target":{"@type":"EntryPoint","urlTemplate":"https:\/\/macite.tg\/?s={search_term_string}"},"query-input":{"@type":"PropertyValueSpecification","valueRequired":true,"valueName":"search_term_string"}}],"inLanguage":"fr-FR"},{"@type":"Person","@id":"https:\/\/macite.tg\/#\/schema\/person\/e9f2de7e5dbbe7770a9402c7ce82f5c2","name":"Jean Pierre BAWELA","image":{"@type":"ImageObject","inLanguage":"fr-FR","@id":"https:\/\/macite.tg\/wp-content\/uploads\/2023\/09\/WhatsApp-Image-2023-09-19-at-14.44.41-122x122.jpeg","url":"https:\/\/macite.tg\/wp-content\/uploads\/2023\/09\/WhatsApp-Image-2023-09-19-at-14.44.41-122x122.jpeg","contentUrl":"https:\/\/macite.tg\/wp-content\/uploads\/2023\/09\/WhatsApp-Image-2023-09-19-at-14.44.41-122x122.jpeg","caption":"Jean Pierre BAWELA"},"url":"https:\/\/macite.tg\/?author=2"}]}},"_links":{"self":[{"href":"https:\/\/macite.tg\/index.php?rest_route=\/wp\/v2\/posts\/6220","targetHints":{"allow":["GET"]}}],"collection":[{"href":"https:\/\/macite.tg\/index.php?rest_route=\/wp\/v2\/posts"}],"about":[{"href":"https:\/\/macite.tg\/index.php?rest_route=\/wp\/v2\/types\/post"}],"author":[{"embeddable":true,"href":"https:\/\/macite.tg\/index.php?rest_route=\/wp\/v2\/users\/2"}],"replies":[{"embeddable":true,"href":"https:\/\/macite.tg\/index.php?rest_route=%2Fwp%2Fv2%2Fcomments&post=6220"}],"version-history":[{"count":0,"href":"https:\/\/macite.tg\/index.php?rest_route=\/wp\/v2\/posts\/6220\/revisions"}],"wp:featuredmedia":[{"embeddable":true,"href":"https:\/\/macite.tg\/index.php?rest_route=\/wp\/v2\/media\/6221"}],"wp:attachment":[{"href":"https:\/\/macite.tg\/index.php?rest_route=%2Fwp%2Fv2%2Fmedia&parent=6220"}],"wp:term":[{"taxonomy":"category","embeddable":true,"href":"https:\/\/macite.tg\/index.php?rest_route=%2Fwp%2Fv2%2Fcategories&post=6220"},{"taxonomy":"post_tag","embeddable":true,"href":"https:\/\/macite.tg\/index.php?rest_route=%2Fwp%2Fv2%2Ftags&post=6220"}],"curies":[{"name":"wp","href":"https:\/\/api.w.org\/{rel}","templated":true}]}}