{"id":6216,"date":"2023-06-07T15:22:21","date_gmt":"2023-06-07T15:22:21","guid":{"rendered":"https:\/\/macite.tg\/?p=6216"},"modified":"2023-06-07T15:22:33","modified_gmt":"2023-06-07T15:22:33","slug":"3e-mandat-de-macky-sall-les-confidences-daurelien-tache-depute-francais","status":"publish","type":"post","link":"https:\/\/macite.tg\/?p=6216","title":{"rendered":"3E MANDAT DE MACKY SALL : Les confidences d\u2019Aur\u00e9lien Tach\u00e9, d\u00e9put\u00e9 fran\u00e7ais"},"content":{"rendered":"\n<p class=\"wp-block-paragraph\"><strong><em>Depuis le d\u00e9but des protestations contre la condamnation de l\u2019opposant Ousmane Sonko et la possible candidature du pr\u00e9sident Macky Sall pour un troisi\u00e8me mandat, au moins 16 personnes ont perdu la vie. Les deux parties se rejettent mutuellement la responsabilit\u00e9 des violences et des d\u00e9c\u00e8s.<\/em><\/strong><\/p>\n\n\n\n<figure class=\"wp-block-image size-large\"><img loading=\"lazy\" decoding=\"async\" width=\"1024\" height=\"212\" src=\"https:\/\/macite.tg\/wp-content\/uploads\/2023\/06\/IMG-20230514-WA00962-1024x212.jpg\" alt=\"\" class=\"wp-image-5991\" srcset=\"https:\/\/macite.tg\/wp-content\/uploads\/2023\/06\/IMG-20230514-WA00962-1024x212.jpg 1024w, https:\/\/macite.tg\/wp-content\/uploads\/2023\/06\/IMG-20230514-WA00962-300x62.jpg 300w, https:\/\/macite.tg\/wp-content\/uploads\/2023\/06\/IMG-20230514-WA00962-768x159.jpg 768w, https:\/\/macite.tg\/wp-content\/uploads\/2023\/06\/IMG-20230514-WA00962-1536x318.jpg 1536w, https:\/\/macite.tg\/wp-content\/uploads\/2023\/06\/IMG-20230514-WA00962.jpg 1600w\" sizes=\"auto, (max-width: 1024px) 100vw, 1024px\" \/><\/figure>\n\n\n\n<p class=\"wp-block-paragraph\">Intervenant au parlement fran\u00e7ais, le d\u00e9put\u00e9 Aur\u00e9lien Tach\u00e9 a \u00e9voqu\u00e9 cette situation.<em> \u00ab&nbsp;La r\u00e9ponse de la France n\u2019est pas \u00e0 la hauteur. Pas \u00e0 la hauteur parce que les affrontements entre la police et les manifestants ont fait au moins 16 morts. On ne compte plus les arrestations arbitraires, les coupures des r\u00e9seaux sociaux par intermittence et m\u00eame de l\u2019ensemble d\u2019internet depuis dimanche&nbsp;\u00bb,<\/em> avance-t-il.<\/p>\n\n\n\n<p class=\"wp-block-paragraph\"><em>&nbsp;\u00ab&nbsp;J\u2019ai \u00e9t\u00e9 au S\u00e9n\u00e9gal et ils disent tous, nous ne laisserons pas le pr\u00e9sident Macky Sall nous voler l\u2019\u00e9lection pr\u00e9sidentielle, l\u2019ann\u00e9e prochaine. La France n\u2019est pas \u00e0 la hauteur donc parce que la d\u00e9rive autoritaire en cours dans ce pays a d\u00e9sormais franchi un nouveau cap, faisant na\u00eetre une forte inqui\u00e9tude quant au respect de la d\u00e9mocratie au S\u00e9n\u00e9gal&nbsp;\u00bb,<\/em> confie Aur\u00e9lien Tach\u00e9.<\/p>\n\n\n<div class=\"wp-block-image\">\n<figure class=\"aligncenter size-large is-resized\"><img loading=\"lazy\" decoding=\"async\" src=\"https:\/\/macite.tg\/wp-content\/uploads\/2023\/06\/Panneau-1-12m2-bis-1024x768.jpg\" alt=\"\" class=\"wp-image-6022\" width=\"590\" height=\"443\" srcset=\"https:\/\/macite.tg\/wp-content\/uploads\/2023\/06\/Panneau-1-12m2-bis-1024x768.jpg 1024w, https:\/\/macite.tg\/wp-content\/uploads\/2023\/06\/Panneau-1-12m2-bis-300x225.jpg 300w, https:\/\/macite.tg\/wp-content\/uploads\/2023\/06\/Panneau-1-12m2-bis-768x576.jpg 768w, https:\/\/macite.tg\/wp-content\/uploads\/2023\/06\/Panneau-1-12m2-bis-1536x1152.jpg 1536w, https:\/\/macite.tg\/wp-content\/uploads\/2023\/06\/Panneau-1-12m2-bis-2048x1536.jpg 2048w\" sizes=\"auto, (max-width: 590px) 100vw, 590px\" \/><\/figure>\n<\/div>\n\n\n<p class=\"wp-block-paragraph\">Pour la question du 3\u00e8 mandat, il r\u00e9v\u00e8le avoir \u00e9crit \u00e0 Emmanuel Macron. <em>\u00ab&nbsp;Ma question est simple : la France va-t-elle se murer dans un silence coupable sur ce qui se passe \u00e0 Dakar ? Et se pr\u00e9pare-t-elle \u00e0 reconna\u00eetre un 3e mandat du pr\u00e9sident Macky Sall, pourtant interdit par la Constitution s\u00e9n\u00e9galaise ?&nbsp;\u00bb<\/em>, se demande-t-il.<\/p>\n\n\n\n<p class=\"wp-block-paragraph\"><strong>SeneNews<\/strong><\/p>\n\n\n\n<p class=\"wp-block-paragraph\"><strong><em>@macite.tg<\/em><\/strong><\/p>\n\n\n\n<p class=\"wp-block-paragraph\"><strong><em>E-mail&nbsp;: <\/em><\/strong><a href=\"mailto:maciteinfo@gmail.com\"><strong><em>maciteinfo@gmail.com<\/em><\/strong><\/a><strong><em>; <\/em><\/strong><a href=\"mailto:bawela1@gmail.com\"><strong><em>bawela1@gmail.com<\/em><\/strong><\/a><\/p>\n\n\n\n<p class=\"wp-block-paragraph\"><strong><em>Pour vos annonces, (publi)reportages, etc., joignez nous au (00228)91515309\/<strong>79872224 <\/strong>www.macite.tg, L\u2019information, la bonne&nbsp;!<\/em><\/strong><\/p>\n","protected":false},"excerpt":{"rendered":"<p class=\"text-justify mb-2\" >Depuis le d\u00e9but des protestations contre la condamnation de l\u2019opposant Ousmane Sonko et la possible candidature du pr\u00e9sident Macky Sall pour un troisi\u00e8me mandat, au moins 16 personnes ont perdu la vie. Les deux parties se rejettent mutuellement la responsabilit\u00e9 des violences et des d\u00e9c\u00e8s. [&hellip;]<\/p>\n","protected":false},"author":2,"featured_media":6217,"comment_status":"open","ping_status":"open","sticky":false,"template":"","format":"standard","meta":{"footnotes":""},"categories":[1],"tags":[],"class_list":["post-6216","post","type-post","status-publish","format-standard","has-post-thumbnail","hentry","category-politique"],"yoast_head":"<!-- This site is optimized with the Yoast SEO plugin v28.4 - https:\/\/yoast.com\/product\/yoast-seo-wordpress\/ -->\n<title>3E MANDAT DE MACKY SALL : Les confidences d\u2019Aur\u00e9lien Tach\u00e9, d\u00e9put\u00e9 fran\u00e7ais -<\/title>\n<meta name=\"robots\" content=\"index, follow, max-snippet:-1, max-image-preview:large, max-video-preview:-1\" \/>\n<link rel=\"canonical\" href=\"https:\/\/macite.tg\/?p=6216\" \/>\n<meta property=\"og:locale\" content=\"fr_FR\" \/>\n<meta property=\"og:type\" content=\"article\" \/>\n<meta property=\"og:title\" content=\"3E MANDAT DE MACKY SALL : Les confidences d\u2019Aur\u00e9lien Tach\u00e9, d\u00e9put\u00e9 fran\u00e7ais -\" \/>\n<meta property=\"og:description\" content=\"Depuis le d\u00e9but des protestations contre la condamnation de l\u2019opposant Ousmane Sonko et la possible candidature du pr\u00e9sident Macky Sall pour un troisi\u00e8me mandat, au moins 16 personnes ont perdu la vie. Les deux parties se rejettent mutuellement la responsabilit\u00e9 des violences et des d\u00e9c\u00e8s. [&hellip;]\" \/>\n<meta property=\"og:url\" content=\"https:\/\/macite.tg\/?p=6216\" \/>\n<meta property=\"article:published_time\" content=\"2023-06-07T15:22:21+00:00\" \/>\n<meta property=\"article:modified_time\" content=\"2023-06-07T15:22:33+00:00\" \/>\n<meta property=\"og:image\" content=\"https:\/\/macite.tg\/wp-content\/uploads\/2023\/06\/gfvtrr-696x383-1.jpg\" \/>\n\t<meta property=\"og:image:width\" content=\"696\" \/>\n\t<meta property=\"og:image:height\" content=\"383\" \/>\n\t<meta property=\"og:image:type\" content=\"image\/jpeg\" \/>\n<meta name=\"author\" content=\"Jean Pierre BAWELA\" \/>\n<meta name=\"twitter:card\" content=\"summary_large_image\" \/>\n<meta name=\"twitter:label1\" content=\"\u00c9crit par\" \/>\n\t<meta name=\"twitter:data1\" content=\"Jean Pierre BAWELA\" \/>\n\t<meta name=\"twitter:label2\" content=\"Dur\u00e9e de lecture estim\u00e9e\" \/>\n\t<meta name=\"twitter:data2\" content=\"1 minute\" \/>\n<script type=\"application\/ld+json\" class=\"yoast-schema-graph\">{\"@context\":\"https:\\\/\\\/schema.org\",\"@graph\":[{\"@type\":\"Article\",\"@id\":\"https:\\\/\\\/macite.tg\\\/?p=6216#article\",\"isPartOf\":{\"@id\":\"https:\\\/\\\/macite.tg\\\/?p=6216\"},\"author\":{\"name\":\"Jean Pierre BAWELA\",\"@id\":\"https:\\\/\\\/macite.tg\\\/#\\\/schema\\\/person\\\/e9f2de7e5dbbe7770a9402c7ce82f5c2\"},\"headline\":\"3E MANDAT DE MACKY SALL : Les confidences d\u2019Aur\u00e9lien Tach\u00e9, d\u00e9put\u00e9 fran\u00e7ais\",\"datePublished\":\"2023-06-07T15:22:21+00:00\",\"dateModified\":\"2023-06-07T15:22:33+00:00\",\"mainEntityOfPage\":{\"@id\":\"https:\\\/\\\/macite.tg\\\/?p=6216\"},\"wordCount\":304,\"commentCount\":0,\"image\":{\"@id\":\"https:\\\/\\\/macite.tg\\\/?p=6216#primaryimage\"},\"thumbnailUrl\":\"https:\\\/\\\/macite.tg\\\/wp-content\\\/uploads\\\/2023\\\/06\\\/gfvtrr-696x383-1.jpg\",\"articleSection\":[\"POLITIQUE\"],\"inLanguage\":\"fr-FR\",\"potentialAction\":[{\"@type\":\"CommentAction\",\"name\":\"Comment\",\"target\":[\"https:\\\/\\\/macite.tg\\\/?p=6216#respond\"]}]},{\"@type\":\"WebPage\",\"@id\":\"https:\\\/\\\/macite.tg\\\/?p=6216\",\"url\":\"https:\\\/\\\/macite.tg\\\/?p=6216\",\"name\":\"3E MANDAT DE MACKY SALL : Les confidences d\u2019Aur\u00e9lien Tach\u00e9, d\u00e9put\u00e9 fran\u00e7ais -\",\"isPartOf\":{\"@id\":\"https:\\\/\\\/macite.tg\\\/#website\"},\"primaryImageOfPage\":{\"@id\":\"https:\\\/\\\/macite.tg\\\/?p=6216#primaryimage\"},\"image\":{\"@id\":\"https:\\\/\\\/macite.tg\\\/?p=6216#primaryimage\"},\"thumbnailUrl\":\"https:\\\/\\\/macite.tg\\\/wp-content\\\/uploads\\\/2023\\\/06\\\/gfvtrr-696x383-1.jpg\",\"datePublished\":\"2023-06-07T15:22:21+00:00\",\"dateModified\":\"2023-06-07T15:22:33+00:00\",\"author\":{\"@id\":\"https:\\\/\\\/macite.tg\\\/#\\\/schema\\\/person\\\/e9f2de7e5dbbe7770a9402c7ce82f5c2\"},\"breadcrumb\":{\"@id\":\"https:\\\/\\\/macite.tg\\\/?p=6216#breadcrumb\"},\"inLanguage\":\"fr-FR\",\"potentialAction\":[{\"@type\":\"ReadAction\",\"target\":[\"https:\\\/\\\/macite.tg\\\/?p=6216\"]}]},{\"@type\":\"ImageObject\",\"inLanguage\":\"fr-FR\",\"@id\":\"https:\\\/\\\/macite.tg\\\/?p=6216#primaryimage\",\"url\":\"https:\\\/\\\/macite.tg\\\/wp-content\\\/uploads\\\/2023\\\/06\\\/gfvtrr-696x383-1.jpg\",\"contentUrl\":\"https:\\\/\\\/macite.tg\\\/wp-content\\\/uploads\\\/2023\\\/06\\\/gfvtrr-696x383-1.jpg\",\"width\":696,\"height\":383},{\"@type\":\"BreadcrumbList\",\"@id\":\"https:\\\/\\\/macite.tg\\\/?p=6216#breadcrumb\",\"itemListElement\":[{\"@type\":\"ListItem\",\"position\":1,\"name\":\"Accueil\",\"item\":\"https:\\\/\\\/macite.tg\\\/\"},{\"@type\":\"ListItem\",\"position\":2,\"name\":\"3E MANDAT DE MACKY SALL : Les confidences d\u2019Aur\u00e9lien Tach\u00e9, d\u00e9put\u00e9 fran\u00e7ais\"}]},{\"@type\":\"WebSite\",\"@id\":\"https:\\\/\\\/macite.tg\\\/#website\",\"url\":\"https:\\\/\\\/macite.tg\\\/\",\"name\":\"\",\"description\":\"L&#039;information, la bonne!!!\",\"potentialAction\":[{\"@type\":\"SearchAction\",\"target\":{\"@type\":\"EntryPoint\",\"urlTemplate\":\"https:\\\/\\\/macite.tg\\\/?s={search_term_string}\"},\"query-input\":{\"@type\":\"PropertyValueSpecification\",\"valueRequired\":true,\"valueName\":\"search_term_string\"}}],\"inLanguage\":\"fr-FR\"},{\"@type\":\"Person\",\"@id\":\"https:\\\/\\\/macite.tg\\\/#\\\/schema\\\/person\\\/e9f2de7e5dbbe7770a9402c7ce82f5c2\",\"name\":\"Jean Pierre BAWELA\",\"image\":{\"@type\":\"ImageObject\",\"inLanguage\":\"fr-FR\",\"@id\":\"https:\\\/\\\/macite.tg\\\/wp-content\\\/uploads\\\/2023\\\/09\\\/WhatsApp-Image-2023-09-19-at-14.44.41-122x122.jpeg\",\"url\":\"https:\\\/\\\/macite.tg\\\/wp-content\\\/uploads\\\/2023\\\/09\\\/WhatsApp-Image-2023-09-19-at-14.44.41-122x122.jpeg\",\"contentUrl\":\"https:\\\/\\\/macite.tg\\\/wp-content\\\/uploads\\\/2023\\\/09\\\/WhatsApp-Image-2023-09-19-at-14.44.41-122x122.jpeg\",\"caption\":\"Jean Pierre BAWELA\"},\"url\":\"https:\\\/\\\/macite.tg\\\/?author=2\"}]}<\/script>\n<!-- \/ Yoast SEO plugin. -->","yoast_head_json":{"title":"3E MANDAT DE MACKY SALL : Les confidences d\u2019Aur\u00e9lien Tach\u00e9, d\u00e9put\u00e9 fran\u00e7ais -","robots":{"index":"index","follow":"follow","max-snippet":"max-snippet:-1","max-image-preview":"max-image-preview:large","max-video-preview":"max-video-preview:-1"},"canonical":"https:\/\/macite.tg\/?p=6216","og_locale":"fr_FR","og_type":"article","og_title":"3E MANDAT DE MACKY SALL : Les confidences d\u2019Aur\u00e9lien Tach\u00e9, d\u00e9put\u00e9 fran\u00e7ais -","og_description":"Depuis le d\u00e9but des protestations contre la condamnation de l\u2019opposant Ousmane Sonko et la possible candidature du pr\u00e9sident Macky Sall pour un troisi\u00e8me mandat, au moins 16 personnes ont perdu la vie. Les deux parties se rejettent mutuellement la responsabilit\u00e9 des violences et des d\u00e9c\u00e8s. [&hellip;]","og_url":"https:\/\/macite.tg\/?p=6216","article_published_time":"2023-06-07T15:22:21+00:00","article_modified_time":"2023-06-07T15:22:33+00:00","og_image":[{"width":696,"height":383,"url":"https:\/\/macite.tg\/wp-content\/uploads\/2023\/06\/gfvtrr-696x383-1.jpg","type":"image\/jpeg"}],"author":"Jean Pierre BAWELA","twitter_card":"summary_large_image","twitter_misc":{"\u00c9crit par":"Jean Pierre BAWELA","Dur\u00e9e de lecture estim\u00e9e":"1 minute"},"schema":{"@context":"https:\/\/schema.org","@graph":[{"@type":"Article","@id":"https:\/\/macite.tg\/?p=6216#article","isPartOf":{"@id":"https:\/\/macite.tg\/?p=6216"},"author":{"name":"Jean Pierre BAWELA","@id":"https:\/\/macite.tg\/#\/schema\/person\/e9f2de7e5dbbe7770a9402c7ce82f5c2"},"headline":"3E MANDAT DE MACKY SALL : Les confidences d\u2019Aur\u00e9lien Tach\u00e9, d\u00e9put\u00e9 fran\u00e7ais","datePublished":"2023-06-07T15:22:21+00:00","dateModified":"2023-06-07T15:22:33+00:00","mainEntityOfPage":{"@id":"https:\/\/macite.tg\/?p=6216"},"wordCount":304,"commentCount":0,"image":{"@id":"https:\/\/macite.tg\/?p=6216#primaryimage"},"thumbnailUrl":"https:\/\/macite.tg\/wp-content\/uploads\/2023\/06\/gfvtrr-696x383-1.jpg","articleSection":["POLITIQUE"],"inLanguage":"fr-FR","potentialAction":[{"@type":"CommentAction","name":"Comment","target":["https:\/\/macite.tg\/?p=6216#respond"]}]},{"@type":"WebPage","@id":"https:\/\/macite.tg\/?p=6216","url":"https:\/\/macite.tg\/?p=6216","name":"3E MANDAT DE MACKY SALL : Les confidences d\u2019Aur\u00e9lien Tach\u00e9, d\u00e9put\u00e9 fran\u00e7ais -","isPartOf":{"@id":"https:\/\/macite.tg\/#website"},"primaryImageOfPage":{"@id":"https:\/\/macite.tg\/?p=6216#primaryimage"},"image":{"@id":"https:\/\/macite.tg\/?p=6216#primaryimage"},"thumbnailUrl":"https:\/\/macite.tg\/wp-content\/uploads\/2023\/06\/gfvtrr-696x383-1.jpg","datePublished":"2023-06-07T15:22:21+00:00","dateModified":"2023-06-07T15:22:33+00:00","author":{"@id":"https:\/\/macite.tg\/#\/schema\/person\/e9f2de7e5dbbe7770a9402c7ce82f5c2"},"breadcrumb":{"@id":"https:\/\/macite.tg\/?p=6216#breadcrumb"},"inLanguage":"fr-FR","potentialAction":[{"@type":"ReadAction","target":["https:\/\/macite.tg\/?p=6216"]}]},{"@type":"ImageObject","inLanguage":"fr-FR","@id":"https:\/\/macite.tg\/?p=6216#primaryimage","url":"https:\/\/macite.tg\/wp-content\/uploads\/2023\/06\/gfvtrr-696x383-1.jpg","contentUrl":"https:\/\/macite.tg\/wp-content\/uploads\/2023\/06\/gfvtrr-696x383-1.jpg","width":696,"height":383},{"@type":"BreadcrumbList","@id":"https:\/\/macite.tg\/?p=6216#breadcrumb","itemListElement":[{"@type":"ListItem","position":1,"name":"Accueil","item":"https:\/\/macite.tg\/"},{"@type":"ListItem","position":2,"name":"3E MANDAT DE MACKY SALL : Les confidences d\u2019Aur\u00e9lien Tach\u00e9, d\u00e9put\u00e9 fran\u00e7ais"}]},{"@type":"WebSite","@id":"https:\/\/macite.tg\/#website","url":"https:\/\/macite.tg\/","name":"","description":"L&#039;information, la bonne!!!","potentialAction":[{"@type":"SearchAction","target":{"@type":"EntryPoint","urlTemplate":"https:\/\/macite.tg\/?s={search_term_string}"},"query-input":{"@type":"PropertyValueSpecification","valueRequired":true,"valueName":"search_term_string"}}],"inLanguage":"fr-FR"},{"@type":"Person","@id":"https:\/\/macite.tg\/#\/schema\/person\/e9f2de7e5dbbe7770a9402c7ce82f5c2","name":"Jean Pierre BAWELA","image":{"@type":"ImageObject","inLanguage":"fr-FR","@id":"https:\/\/macite.tg\/wp-content\/uploads\/2023\/09\/WhatsApp-Image-2023-09-19-at-14.44.41-122x122.jpeg","url":"https:\/\/macite.tg\/wp-content\/uploads\/2023\/09\/WhatsApp-Image-2023-09-19-at-14.44.41-122x122.jpeg","contentUrl":"https:\/\/macite.tg\/wp-content\/uploads\/2023\/09\/WhatsApp-Image-2023-09-19-at-14.44.41-122x122.jpeg","caption":"Jean Pierre BAWELA"},"url":"https:\/\/macite.tg\/?author=2"}]}},"_links":{"self":[{"href":"https:\/\/macite.tg\/index.php?rest_route=\/wp\/v2\/posts\/6216","targetHints":{"allow":["GET"]}}],"collection":[{"href":"https:\/\/macite.tg\/index.php?rest_route=\/wp\/v2\/posts"}],"about":[{"href":"https:\/\/macite.tg\/index.php?rest_route=\/wp\/v2\/types\/post"}],"author":[{"embeddable":true,"href":"https:\/\/macite.tg\/index.php?rest_route=\/wp\/v2\/users\/2"}],"replies":[{"embeddable":true,"href":"https:\/\/macite.tg\/index.php?rest_route=%2Fwp%2Fv2%2Fcomments&post=6216"}],"version-history":[{"count":0,"href":"https:\/\/macite.tg\/index.php?rest_route=\/wp\/v2\/posts\/6216\/revisions"}],"wp:featuredmedia":[{"embeddable":true,"href":"https:\/\/macite.tg\/index.php?rest_route=\/wp\/v2\/media\/6217"}],"wp:attachment":[{"href":"https:\/\/macite.tg\/index.php?rest_route=%2Fwp%2Fv2%2Fmedia&parent=6216"}],"wp:term":[{"taxonomy":"category","embeddable":true,"href":"https:\/\/macite.tg\/index.php?rest_route=%2Fwp%2Fv2%2Fcategories&post=6216"},{"taxonomy":"post_tag","embeddable":true,"href":"https:\/\/macite.tg\/index.php?rest_route=%2Fwp%2Fv2%2Ftags&post=6216"}],"curies":[{"name":"wp","href":"https:\/\/api.w.org\/{rel}","templated":true}]}}