{"id":6193,"date":"2023-06-07T10:57:05","date_gmt":"2023-06-07T10:57:05","guid":{"rendered":"https:\/\/macite.tg\/?p=6193"},"modified":"2023-06-07T10:57:17","modified_gmt":"2023-06-07T10:57:17","slug":"ousman-sonko-enfin-une-bonne-nouvelle-le-temoin","status":"publish","type":"post","link":"https:\/\/macite.tg\/?p=6193","title":{"rendered":"OUSMAN SONKO\u00a0: Enfin une bonne nouvelle (Le T\u00e9moin)"},"content":{"rendered":"\n<p class=\"wp-block-paragraph\"><strong><em>Selon le quotidien s\u00e9n\u00e9galais Le T\u00e9moin, le blocus du domicile du leader du Pastef, Ousmane Sonko, vient d\u2019\u00eatre lev\u00e9. D\u00e9sormais, souligne le confr\u00e8re, les barricades autour du quartier de l\u2019opposant ont \u00e9t\u00e9 lev\u00e9es.<\/em><\/strong><\/p>\n\n\n\n<p class=\"wp-block-paragraph\">En effet, ces derniers jours, Ousmane Sonko n\u2019avait plus point\u00e9 son nez dehors, ni dans les rues de la Cit\u00e9 Keur Gorgui, son quartier. Les all\u00e9es menant \u00e0 sa maison ont \u00e9t\u00e9 sans issues depuis bient\u00f4t dix jours.<\/p>\n\n\n<div class=\"wp-block-image\">\n<figure class=\"aligncenter size-large is-resized\"><img loading=\"lazy\" decoding=\"async\" src=\"https:\/\/macite.tg\/wp-content\/uploads\/2023\/06\/22890204241_status_406302f51b4346888bbe280261f61997-1024x1024.jpg\" alt=\"\" class=\"wp-image-6122\" width=\"523\" height=\"523\" srcset=\"https:\/\/macite.tg\/wp-content\/uploads\/2023\/06\/22890204241_status_406302f51b4346888bbe280261f61997-1024x1024.jpg 1024w, https:\/\/macite.tg\/wp-content\/uploads\/2023\/06\/22890204241_status_406302f51b4346888bbe280261f61997-300x300.jpg 300w, https:\/\/macite.tg\/wp-content\/uploads\/2023\/06\/22890204241_status_406302f51b4346888bbe280261f61997-150x150.jpg 150w, https:\/\/macite.tg\/wp-content\/uploads\/2023\/06\/22890204241_status_406302f51b4346888bbe280261f61997-768x768.jpg 768w, https:\/\/macite.tg\/wp-content\/uploads\/2023\/06\/22890204241_status_406302f51b4346888bbe280261f61997-122x122.jpg 122w, https:\/\/macite.tg\/wp-content\/uploads\/2023\/06\/22890204241_status_406302f51b4346888bbe280261f61997.jpg 1080w\" sizes=\"auto, (max-width: 523px) 100vw, 523px\" \/><\/figure>\n<\/div>\n\n\n<p class=\"wp-block-paragraph\">Ces derni\u00e8res semaines, l\u2019affaire Sweet Beauty, la caravane de la Paix, et bien d\u2019autres d\u00e9clarations impliquant l\u2019opposant et maire de Ziguinchor ont contribu\u00e9 \u00e0 durcir l\u2019atmosph\u00e8re politique au S\u00e9n\u00e9gal, avec \u00e0 la cl\u00e9 des morts, des centaines d\u2019arrestations, et des d\u00e9g\u00e2ts mat\u00e9riel importants.<\/p>\n\n\n\n<p class=\"wp-block-paragraph\">La suite, depuis le dimanche 28 mai, jour o\u00f9 il a \u00e9t\u00e9 \u00ab&nbsp;d\u00e9pos\u00e9&nbsp;\u00bb par les forces de l\u2019ordre \u00e0 son domicile, Ousmane Sonko a \u00e9t\u00e9 contraint de rester clo\u00eetr\u00e9 chez lui pendant 10 jours, ne recevant aucune visite.<\/p>\n\n\n\n<p class=\"wp-block-paragraph\">Depuis donc ce matin, le quotidien Le T\u00e9moin r\u00e9v\u00e8le que les blocus devant chez Sonko a \u00e9t\u00e9 lev\u00e9 et les barri\u00e8res d\u00e9gag\u00e9es.<\/p>\n\n\n\n<figure class=\"wp-block-image size-large\"><img loading=\"lazy\" decoding=\"async\" width=\"1024\" height=\"212\" src=\"https:\/\/macite.tg\/wp-content\/uploads\/2023\/06\/IMG-20230514-WA00962-1024x212.jpg\" alt=\"\" class=\"wp-image-5991\" srcset=\"https:\/\/macite.tg\/wp-content\/uploads\/2023\/06\/IMG-20230514-WA00962-1024x212.jpg 1024w, https:\/\/macite.tg\/wp-content\/uploads\/2023\/06\/IMG-20230514-WA00962-300x62.jpg 300w, https:\/\/macite.tg\/wp-content\/uploads\/2023\/06\/IMG-20230514-WA00962-768x159.jpg 768w, https:\/\/macite.tg\/wp-content\/uploads\/2023\/06\/IMG-20230514-WA00962-1536x318.jpg 1536w, https:\/\/macite.tg\/wp-content\/uploads\/2023\/06\/IMG-20230514-WA00962.jpg 1600w\" sizes=\"auto, (max-width: 1024px) 100vw, 1024px\" \/><\/figure>\n\n\n\n<p class=\"wp-block-paragraph\">D\u00e9sormais des visites lui sont autoris\u00e9es, nonobstant qu\u2019il doit faire face, depuis jeudi dernier, \u00e0 sa condamnation \u00e0 deux ans fermes dans l\u2019affaire Sweet Beauty.<\/p>\n\n\n\n<p class=\"wp-block-paragraph\">Affaire \u00e0 suivre\u2026<\/p>\n\n\n\n<p class=\"wp-block-paragraph\"><strong>La R\u00e9daction<\/strong><\/p>\n\n\n\n<p class=\"wp-block-paragraph\"><strong><em>@macite.tg<\/em><\/strong><\/p>\n\n\n\n<p class=\"wp-block-paragraph\"><strong><em>E-mail&nbsp;: <\/em><\/strong><a href=\"mailto:maciteinfo@gmail.com\"><strong><em>maciteinfo@gmail.com<\/em><\/strong><\/a><strong><em>; <\/em><\/strong><a href=\"mailto:bawela1@gmail.com\"><strong><em>bawela1@gmail.com<\/em><\/strong><\/a><strong><em><\/em><\/strong><\/p>\n\n\n\n<p class=\"wp-block-paragraph\"><strong><em>Pour vos annonces, (publi)reportages, etc., joignez nous au (00228)91515309\/<strong>79872224 <\/strong>www.macite.tg, L\u2019information, la bonne&nbsp;!<\/em><\/strong><\/p>\n","protected":false},"excerpt":{"rendered":"<p class=\"text-justify mb-2\" >Selon le quotidien s\u00e9n\u00e9galais Le T\u00e9moin, le blocus du domicile du leader du Pastef, Ousmane Sonko, vient d\u2019\u00eatre lev\u00e9. D\u00e9sormais, souligne le confr\u00e8re, les barricades autour du quartier de l\u2019opposant ont \u00e9t\u00e9 lev\u00e9es. En effet, ces derniers jours, Ousmane Sonko n\u2019avait plus point\u00e9 son nez [&hellip;]<\/p>\n","protected":false},"author":2,"featured_media":6194,"comment_status":"open","ping_status":"open","sticky":false,"template":"","format":"standard","meta":{"footnotes":""},"categories":[20],"tags":[],"class_list":["post-6193","post","type-post","status-publish","format-standard","has-post-thumbnail","hentry","category-actualite"],"yoast_head":"<!-- This site is optimized with the Yoast SEO plugin v28.4 - https:\/\/yoast.com\/product\/yoast-seo-wordpress\/ -->\n<title>OUSMAN SONKO\u00a0: Enfin une bonne nouvelle (Le T\u00e9moin) -<\/title>\n<meta name=\"robots\" content=\"index, follow, max-snippet:-1, max-image-preview:large, max-video-preview:-1\" \/>\n<link rel=\"canonical\" href=\"https:\/\/macite.tg\/?p=6193\" \/>\n<meta property=\"og:locale\" content=\"fr_FR\" \/>\n<meta property=\"og:type\" content=\"article\" \/>\n<meta property=\"og:title\" content=\"OUSMAN SONKO\u00a0: Enfin une bonne nouvelle (Le T\u00e9moin) -\" \/>\n<meta property=\"og:description\" content=\"Selon le quotidien s\u00e9n\u00e9galais Le T\u00e9moin, le blocus du domicile du leader du Pastef, Ousmane Sonko, vient d\u2019\u00eatre lev\u00e9. D\u00e9sormais, souligne le confr\u00e8re, les barricades autour du quartier de l\u2019opposant ont \u00e9t\u00e9 lev\u00e9es. En effet, ces derniers jours, Ousmane Sonko n\u2019avait plus point\u00e9 son nez [&hellip;]\" \/>\n<meta property=\"og:url\" content=\"https:\/\/macite.tg\/?p=6193\" \/>\n<meta property=\"article:published_time\" content=\"2023-06-07T10:57:05+00:00\" \/>\n<meta property=\"article:modified_time\" content=\"2023-06-07T10:57:17+00:00\" \/>\n<meta property=\"og:image\" content=\"https:\/\/macite.tg\/wp-content\/uploads\/2023\/06\/sonko-1.jpg\" \/>\n\t<meta property=\"og:image:width\" content=\"664\" \/>\n\t<meta property=\"og:image:height\" content=\"443\" \/>\n\t<meta property=\"og:image:type\" content=\"image\/jpeg\" \/>\n<meta name=\"author\" content=\"Jean Pierre BAWELA\" \/>\n<meta name=\"twitter:card\" content=\"summary_large_image\" \/>\n<meta name=\"twitter:label1\" content=\"\u00c9crit par\" \/>\n\t<meta name=\"twitter:data1\" content=\"Jean Pierre BAWELA\" \/>\n\t<meta name=\"twitter:label2\" content=\"Dur\u00e9e de lecture estim\u00e9e\" \/>\n\t<meta name=\"twitter:data2\" content=\"1 minute\" \/>\n<script type=\"application\/ld+json\" class=\"yoast-schema-graph\">{\"@context\":\"https:\\\/\\\/schema.org\",\"@graph\":[{\"@type\":\"Article\",\"@id\":\"https:\\\/\\\/macite.tg\\\/?p=6193#article\",\"isPartOf\":{\"@id\":\"https:\\\/\\\/macite.tg\\\/?p=6193\"},\"author\":{\"name\":\"Jean Pierre BAWELA\",\"@id\":\"https:\\\/\\\/macite.tg\\\/#\\\/schema\\\/person\\\/e9f2de7e5dbbe7770a9402c7ce82f5c2\"},\"headline\":\"OUSMAN SONKO\u00a0: Enfin une bonne nouvelle (Le T\u00e9moin)\",\"datePublished\":\"2023-06-07T10:57:05+00:00\",\"dateModified\":\"2023-06-07T10:57:17+00:00\",\"mainEntityOfPage\":{\"@id\":\"https:\\\/\\\/macite.tg\\\/?p=6193\"},\"wordCount\":271,\"commentCount\":0,\"image\":{\"@id\":\"https:\\\/\\\/macite.tg\\\/?p=6193#primaryimage\"},\"thumbnailUrl\":\"https:\\\/\\\/macite.tg\\\/wp-content\\\/uploads\\\/2023\\\/06\\\/sonko-1.jpg\",\"articleSection\":[\"ACTUALITE\"],\"inLanguage\":\"fr-FR\",\"potentialAction\":[{\"@type\":\"CommentAction\",\"name\":\"Comment\",\"target\":[\"https:\\\/\\\/macite.tg\\\/?p=6193#respond\"]}]},{\"@type\":\"WebPage\",\"@id\":\"https:\\\/\\\/macite.tg\\\/?p=6193\",\"url\":\"https:\\\/\\\/macite.tg\\\/?p=6193\",\"name\":\"OUSMAN SONKO\u00a0: Enfin une bonne nouvelle (Le T\u00e9moin) -\",\"isPartOf\":{\"@id\":\"https:\\\/\\\/macite.tg\\\/#website\"},\"primaryImageOfPage\":{\"@id\":\"https:\\\/\\\/macite.tg\\\/?p=6193#primaryimage\"},\"image\":{\"@id\":\"https:\\\/\\\/macite.tg\\\/?p=6193#primaryimage\"},\"thumbnailUrl\":\"https:\\\/\\\/macite.tg\\\/wp-content\\\/uploads\\\/2023\\\/06\\\/sonko-1.jpg\",\"datePublished\":\"2023-06-07T10:57:05+00:00\",\"dateModified\":\"2023-06-07T10:57:17+00:00\",\"author\":{\"@id\":\"https:\\\/\\\/macite.tg\\\/#\\\/schema\\\/person\\\/e9f2de7e5dbbe7770a9402c7ce82f5c2\"},\"breadcrumb\":{\"@id\":\"https:\\\/\\\/macite.tg\\\/?p=6193#breadcrumb\"},\"inLanguage\":\"fr-FR\",\"potentialAction\":[{\"@type\":\"ReadAction\",\"target\":[\"https:\\\/\\\/macite.tg\\\/?p=6193\"]}]},{\"@type\":\"ImageObject\",\"inLanguage\":\"fr-FR\",\"@id\":\"https:\\\/\\\/macite.tg\\\/?p=6193#primaryimage\",\"url\":\"https:\\\/\\\/macite.tg\\\/wp-content\\\/uploads\\\/2023\\\/06\\\/sonko-1.jpg\",\"contentUrl\":\"https:\\\/\\\/macite.tg\\\/wp-content\\\/uploads\\\/2023\\\/06\\\/sonko-1.jpg\",\"width\":664,\"height\":443},{\"@type\":\"BreadcrumbList\",\"@id\":\"https:\\\/\\\/macite.tg\\\/?p=6193#breadcrumb\",\"itemListElement\":[{\"@type\":\"ListItem\",\"position\":1,\"name\":\"Accueil\",\"item\":\"https:\\\/\\\/macite.tg\\\/\"},{\"@type\":\"ListItem\",\"position\":2,\"name\":\"OUSMAN SONKO\u00a0: Enfin une bonne nouvelle (Le T\u00e9moin)\"}]},{\"@type\":\"WebSite\",\"@id\":\"https:\\\/\\\/macite.tg\\\/#website\",\"url\":\"https:\\\/\\\/macite.tg\\\/\",\"name\":\"\",\"description\":\"L&#039;information, la bonne!!!\",\"potentialAction\":[{\"@type\":\"SearchAction\",\"target\":{\"@type\":\"EntryPoint\",\"urlTemplate\":\"https:\\\/\\\/macite.tg\\\/?s={search_term_string}\"},\"query-input\":{\"@type\":\"PropertyValueSpecification\",\"valueRequired\":true,\"valueName\":\"search_term_string\"}}],\"inLanguage\":\"fr-FR\"},{\"@type\":\"Person\",\"@id\":\"https:\\\/\\\/macite.tg\\\/#\\\/schema\\\/person\\\/e9f2de7e5dbbe7770a9402c7ce82f5c2\",\"name\":\"Jean Pierre BAWELA\",\"image\":{\"@type\":\"ImageObject\",\"inLanguage\":\"fr-FR\",\"@id\":\"https:\\\/\\\/macite.tg\\\/wp-content\\\/uploads\\\/2023\\\/09\\\/WhatsApp-Image-2023-09-19-at-14.44.41-122x122.jpeg\",\"url\":\"https:\\\/\\\/macite.tg\\\/wp-content\\\/uploads\\\/2023\\\/09\\\/WhatsApp-Image-2023-09-19-at-14.44.41-122x122.jpeg\",\"contentUrl\":\"https:\\\/\\\/macite.tg\\\/wp-content\\\/uploads\\\/2023\\\/09\\\/WhatsApp-Image-2023-09-19-at-14.44.41-122x122.jpeg\",\"caption\":\"Jean Pierre BAWELA\"},\"url\":\"https:\\\/\\\/macite.tg\\\/?author=2\"}]}<\/script>\n<!-- \/ Yoast SEO plugin. -->","yoast_head_json":{"title":"OUSMAN SONKO\u00a0: Enfin une bonne nouvelle (Le T\u00e9moin) -","robots":{"index":"index","follow":"follow","max-snippet":"max-snippet:-1","max-image-preview":"max-image-preview:large","max-video-preview":"max-video-preview:-1"},"canonical":"https:\/\/macite.tg\/?p=6193","og_locale":"fr_FR","og_type":"article","og_title":"OUSMAN SONKO\u00a0: Enfin une bonne nouvelle (Le T\u00e9moin) -","og_description":"Selon le quotidien s\u00e9n\u00e9galais Le T\u00e9moin, le blocus du domicile du leader du Pastef, Ousmane Sonko, vient d\u2019\u00eatre lev\u00e9. D\u00e9sormais, souligne le confr\u00e8re, les barricades autour du quartier de l\u2019opposant ont \u00e9t\u00e9 lev\u00e9es. En effet, ces derniers jours, Ousmane Sonko n\u2019avait plus point\u00e9 son nez [&hellip;]","og_url":"https:\/\/macite.tg\/?p=6193","article_published_time":"2023-06-07T10:57:05+00:00","article_modified_time":"2023-06-07T10:57:17+00:00","og_image":[{"width":664,"height":443,"url":"https:\/\/macite.tg\/wp-content\/uploads\/2023\/06\/sonko-1.jpg","type":"image\/jpeg"}],"author":"Jean Pierre BAWELA","twitter_card":"summary_large_image","twitter_misc":{"\u00c9crit par":"Jean Pierre BAWELA","Dur\u00e9e de lecture estim\u00e9e":"1 minute"},"schema":{"@context":"https:\/\/schema.org","@graph":[{"@type":"Article","@id":"https:\/\/macite.tg\/?p=6193#article","isPartOf":{"@id":"https:\/\/macite.tg\/?p=6193"},"author":{"name":"Jean Pierre BAWELA","@id":"https:\/\/macite.tg\/#\/schema\/person\/e9f2de7e5dbbe7770a9402c7ce82f5c2"},"headline":"OUSMAN SONKO\u00a0: Enfin une bonne nouvelle (Le T\u00e9moin)","datePublished":"2023-06-07T10:57:05+00:00","dateModified":"2023-06-07T10:57:17+00:00","mainEntityOfPage":{"@id":"https:\/\/macite.tg\/?p=6193"},"wordCount":271,"commentCount":0,"image":{"@id":"https:\/\/macite.tg\/?p=6193#primaryimage"},"thumbnailUrl":"https:\/\/macite.tg\/wp-content\/uploads\/2023\/06\/sonko-1.jpg","articleSection":["ACTUALITE"],"inLanguage":"fr-FR","potentialAction":[{"@type":"CommentAction","name":"Comment","target":["https:\/\/macite.tg\/?p=6193#respond"]}]},{"@type":"WebPage","@id":"https:\/\/macite.tg\/?p=6193","url":"https:\/\/macite.tg\/?p=6193","name":"OUSMAN SONKO\u00a0: Enfin une bonne nouvelle (Le T\u00e9moin) -","isPartOf":{"@id":"https:\/\/macite.tg\/#website"},"primaryImageOfPage":{"@id":"https:\/\/macite.tg\/?p=6193#primaryimage"},"image":{"@id":"https:\/\/macite.tg\/?p=6193#primaryimage"},"thumbnailUrl":"https:\/\/macite.tg\/wp-content\/uploads\/2023\/06\/sonko-1.jpg","datePublished":"2023-06-07T10:57:05+00:00","dateModified":"2023-06-07T10:57:17+00:00","author":{"@id":"https:\/\/macite.tg\/#\/schema\/person\/e9f2de7e5dbbe7770a9402c7ce82f5c2"},"breadcrumb":{"@id":"https:\/\/macite.tg\/?p=6193#breadcrumb"},"inLanguage":"fr-FR","potentialAction":[{"@type":"ReadAction","target":["https:\/\/macite.tg\/?p=6193"]}]},{"@type":"ImageObject","inLanguage":"fr-FR","@id":"https:\/\/macite.tg\/?p=6193#primaryimage","url":"https:\/\/macite.tg\/wp-content\/uploads\/2023\/06\/sonko-1.jpg","contentUrl":"https:\/\/macite.tg\/wp-content\/uploads\/2023\/06\/sonko-1.jpg","width":664,"height":443},{"@type":"BreadcrumbList","@id":"https:\/\/macite.tg\/?p=6193#breadcrumb","itemListElement":[{"@type":"ListItem","position":1,"name":"Accueil","item":"https:\/\/macite.tg\/"},{"@type":"ListItem","position":2,"name":"OUSMAN SONKO\u00a0: Enfin une bonne nouvelle (Le T\u00e9moin)"}]},{"@type":"WebSite","@id":"https:\/\/macite.tg\/#website","url":"https:\/\/macite.tg\/","name":"","description":"L&#039;information, la bonne!!!","potentialAction":[{"@type":"SearchAction","target":{"@type":"EntryPoint","urlTemplate":"https:\/\/macite.tg\/?s={search_term_string}"},"query-input":{"@type":"PropertyValueSpecification","valueRequired":true,"valueName":"search_term_string"}}],"inLanguage":"fr-FR"},{"@type":"Person","@id":"https:\/\/macite.tg\/#\/schema\/person\/e9f2de7e5dbbe7770a9402c7ce82f5c2","name":"Jean Pierre BAWELA","image":{"@type":"ImageObject","inLanguage":"fr-FR","@id":"https:\/\/macite.tg\/wp-content\/uploads\/2023\/09\/WhatsApp-Image-2023-09-19-at-14.44.41-122x122.jpeg","url":"https:\/\/macite.tg\/wp-content\/uploads\/2023\/09\/WhatsApp-Image-2023-09-19-at-14.44.41-122x122.jpeg","contentUrl":"https:\/\/macite.tg\/wp-content\/uploads\/2023\/09\/WhatsApp-Image-2023-09-19-at-14.44.41-122x122.jpeg","caption":"Jean Pierre BAWELA"},"url":"https:\/\/macite.tg\/?author=2"}]}},"_links":{"self":[{"href":"https:\/\/macite.tg\/index.php?rest_route=\/wp\/v2\/posts\/6193","targetHints":{"allow":["GET"]}}],"collection":[{"href":"https:\/\/macite.tg\/index.php?rest_route=\/wp\/v2\/posts"}],"about":[{"href":"https:\/\/macite.tg\/index.php?rest_route=\/wp\/v2\/types\/post"}],"author":[{"embeddable":true,"href":"https:\/\/macite.tg\/index.php?rest_route=\/wp\/v2\/users\/2"}],"replies":[{"embeddable":true,"href":"https:\/\/macite.tg\/index.php?rest_route=%2Fwp%2Fv2%2Fcomments&post=6193"}],"version-history":[{"count":0,"href":"https:\/\/macite.tg\/index.php?rest_route=\/wp\/v2\/posts\/6193\/revisions"}],"wp:featuredmedia":[{"embeddable":true,"href":"https:\/\/macite.tg\/index.php?rest_route=\/wp\/v2\/media\/6194"}],"wp:attachment":[{"href":"https:\/\/macite.tg\/index.php?rest_route=%2Fwp%2Fv2%2Fmedia&parent=6193"}],"wp:term":[{"taxonomy":"category","embeddable":true,"href":"https:\/\/macite.tg\/index.php?rest_route=%2Fwp%2Fv2%2Fcategories&post=6193"},{"taxonomy":"post_tag","embeddable":true,"href":"https:\/\/macite.tg\/index.php?rest_route=%2Fwp%2Fv2%2Ftags&post=6193"}],"curies":[{"name":"wp","href":"https:\/\/api.w.org\/{rel}","templated":true}]}}