{"id":6181,"date":"2023-06-06T17:31:47","date_gmt":"2023-06-06T17:31:47","guid":{"rendered":"https:\/\/macite.tg\/?p=6181"},"modified":"2023-06-06T17:32:37","modified_gmt":"2023-06-06T17:32:37","slug":"hommage-les-adieux-a-feu-aboudou-assouma-president-de-la-cour-constitutionnelle","status":"publish","type":"post","link":"https:\/\/macite.tg\/?p=6181","title":{"rendered":"HOMMAGE: Les adieux \u00e0 Feu Aboudou Assouma, pr\u00e9sident de la Cour Constitutionnelle\u00a0"},"content":{"rendered":"\n<p class=\"wp-block-paragraph\"><strong><em>Un ultime hommage a \u00e9t\u00e9 rendu, hier lundi 05 juin, au pr\u00e9sident de la Cour constitutionnelle, Me Aboudou Assouma, d\u00e9c\u00e9d\u00e9 le 26 mai dernier \u00e0 l\u2019\u00e2ge de 78 ans. C\u2019\u00e9tait au cours d\u2019une c\u00e9r\u00e9monie empreinte de solennit\u00e9, pr\u00e9sid\u00e9e par le Chef de l\u2019Etat, Faure Gnassingb\u00e9, en pr\u00e9sence des membres de l\u2019ex\u00e9cutif, mais aussi du corps judiciaire et des personnalit\u00e9s de divers ordres.<\/em><\/strong><\/p>\n\n\n\n<p class=\"wp-block-paragraph\">D\u00e9c\u00e9d\u00e9 le 26 mai dernier, El Hadj Aboudou Assouma, a \u00e9t\u00e9 port\u00e9 en terre hier lundi 05 juin 2025, \u00e0 l\u2019issue d\u2019un ultime hommage \u00e0 l\u2019illustre disparu qui, aurait sa vie durant, servi un pays, le Togo, mais aussi le continent africain.<\/p>\n\n\n<div class=\"wp-block-image\">\n<figure class=\"aligncenter size-large is-resized\"><img loading=\"lazy\" decoding=\"async\" src=\"https:\/\/macite.tg\/wp-content\/uploads\/2023\/06\/Panneau-1-12m2-bis-1024x768.jpg\" alt=\"\" class=\"wp-image-6022\" width=\"546\" height=\"410\" srcset=\"https:\/\/macite.tg\/wp-content\/uploads\/2023\/06\/Panneau-1-12m2-bis-1024x768.jpg 1024w, https:\/\/macite.tg\/wp-content\/uploads\/2023\/06\/Panneau-1-12m2-bis-300x225.jpg 300w, https:\/\/macite.tg\/wp-content\/uploads\/2023\/06\/Panneau-1-12m2-bis-768x576.jpg 768w, https:\/\/macite.tg\/wp-content\/uploads\/2023\/06\/Panneau-1-12m2-bis-1536x1152.jpg 1536w, https:\/\/macite.tg\/wp-content\/uploads\/2023\/06\/Panneau-1-12m2-bis-2048x1536.jpg 2048w\" sizes=\"auto, (max-width: 546px) 100vw, 546px\" \/><\/figure>\n<\/div>\n\n\n<p class=\"wp-block-paragraph\">R\u00e9unis autour du Chef de l\u2019Etat, la Nation, comme un seul homme, s\u2019est dress\u00e9e pour faire ses adieux au pr\u00e9sident de la Cour constitutionnelle. Ambiance lourde, regards serr\u00e9s, et visage tourn\u00e9 vers le ciel, familles et amis, leaders politiques et camarades de route (\u2026) se sont retrouv\u00e9s une derni\u00e8re fois au chevet de ce grand homme qu\u2019on ne reverra plus jamais.<\/p>\n\n\n\n<p class=\"wp-block-paragraph\">Pour le &nbsp;ministre charg\u00e9 des Relations avec les institutions de la R\u00e9publique, et porte-parole du Gouvernement, Christian Trimua, \u00ab&nbsp;<em>El Hadj Aboudou Assouma \u00e9tait un grand magistrat, un monument du paysage constitutionnel de notre pays. Sa sagesse, sa loyaut\u00e9 et son d\u00e9vouement \u00e0 la constitution ont marqu\u00e9 notre pays. Il a su contribuer \u00e0 la consolidation de la justice constitutionnelle et au positionnement de la Cour constitutionnelle au sein des institutions de la R\u00e9publique comme garante des droits fondamentaux, de la stabilit\u00e9 et levier de d\u00e9mocratie et de la paix sociale&nbsp;\u00bb.<\/em><\/p>\n\n\n\n<figure class=\"wp-block-image size-large\"><img loading=\"lazy\" decoding=\"async\" width=\"1024\" height=\"212\" src=\"https:\/\/macite.tg\/wp-content\/uploads\/2023\/06\/IMG-20230514-WA00962-1024x212.jpg\" alt=\"\" class=\"wp-image-5991\" srcset=\"https:\/\/macite.tg\/wp-content\/uploads\/2023\/06\/IMG-20230514-WA00962-1024x212.jpg 1024w, https:\/\/macite.tg\/wp-content\/uploads\/2023\/06\/IMG-20230514-WA00962-300x62.jpg 300w, https:\/\/macite.tg\/wp-content\/uploads\/2023\/06\/IMG-20230514-WA00962-768x159.jpg 768w, https:\/\/macite.tg\/wp-content\/uploads\/2023\/06\/IMG-20230514-WA00962-1536x318.jpg 1536w, https:\/\/macite.tg\/wp-content\/uploads\/2023\/06\/IMG-20230514-WA00962.jpg 1600w\" sizes=\"auto, (max-width: 1024px) 100vw, 1024px\" \/><\/figure>\n\n\n\n<p class=\"wp-block-paragraph\">Celui que la Nation Togolaise pleure depuis plus de dix jours, \u00e9tait, selon le pr\u00e9sident de la Cour supr\u00eame du B\u00e9nin, Victor Dossou, simplement \u00ab&nbsp;<em>un monument africain du droit&nbsp;\u00bb.<\/em> Il a souhait\u00e9 que \u00ab&nbsp;<em>sa vie puisse inspirer les g\u00e9n\u00e9rations pr\u00e9sentes et futures&nbsp;\u00bb.<\/em><\/p>\n\n\n\n<p class=\"wp-block-paragraph\">N\u00e9 en 1945 \u00e0 Kara, Feu Aboudou Assouma a, tour \u00e0 tour, \u00e9t\u00e9 Juge d\u2019instruction, Procureur de la R\u00e9publique, Ministre d\u00e9l\u00e9gu\u00e9, avant d\u2019\u00eatre propuls\u00e9 \u00e0 la t\u00eate de la Cour constitutionnelle, la plus haute juridiction nationale.&nbsp;<\/p>\n\n\n\n<p class=\"wp-block-paragraph\"><em>Puisse son \u00e2me reposer en paix\u00a0!!!<\/em><\/p>\n\n\n\n<p class=\"wp-block-paragraph\"><strong>La R\u00e9daction<\/strong><\/p>\n\n\n\n<p class=\"wp-block-paragraph\"><strong><em>@macite.tg<\/em><\/strong><\/p>\n\n\n\n<p class=\"wp-block-paragraph\"><strong><em>E-mail&nbsp;: <\/em><\/strong><a href=\"mailto:maciteinfo@gmail.com\"><em>maciteinfo@gmail.com<\/em><\/a><strong><em>; <\/em><\/strong><a href=\"mailto:bawela1@gmail.com\"><em>bawela1@gmail.com<\/em><\/a><em><\/em><\/p>\n\n\n\n<p class=\"wp-block-paragraph\"><strong><em>Pour vos annonces, (publi)reportages, etc., joignez nous au (00228)91515309\/<strong>79872224 <\/strong>www.macite.tg, L\u2019information, la bonne&nbsp;!<\/em><\/strong><\/p>\n","protected":false},"excerpt":{"rendered":"<p class=\"text-justify mb-2\" >Un ultime hommage a \u00e9t\u00e9 rendu, hier lundi 05 juin, au pr\u00e9sident de la Cour constitutionnelle, Me Aboudou Assouma, d\u00e9c\u00e9d\u00e9 le 26 mai dernier \u00e0 l\u2019\u00e2ge de 78 ans. C\u2019\u00e9tait au cours d\u2019une c\u00e9r\u00e9monie empreinte de solennit\u00e9, pr\u00e9sid\u00e9e par le Chef de l\u2019Etat, Faure Gnassingb\u00e9, [&hellip;]<\/p>\n","protected":false},"author":2,"featured_media":6189,"comment_status":"open","ping_status":"open","sticky":false,"template":"","format":"standard","meta":{"footnotes":""},"categories":[20],"tags":[],"class_list":["post-6181","post","type-post","status-publish","format-standard","has-post-thumbnail","hentry","category-actualite"],"yoast_head":"<!-- This site is optimized with the Yoast SEO plugin v28.4 - https:\/\/yoast.com\/product\/yoast-seo-wordpress\/ -->\n<title>HOMMAGE: Les adieux \u00e0 Feu Aboudou Assouma, pr\u00e9sident de la Cour Constitutionnelle\u00a0 -<\/title>\n<meta name=\"robots\" content=\"index, follow, max-snippet:-1, max-image-preview:large, max-video-preview:-1\" \/>\n<link rel=\"canonical\" href=\"https:\/\/macite.tg\/?p=6181\" \/>\n<meta property=\"og:locale\" content=\"fr_FR\" \/>\n<meta property=\"og:type\" content=\"article\" \/>\n<meta property=\"og:title\" content=\"HOMMAGE: Les adieux \u00e0 Feu Aboudou Assouma, pr\u00e9sident de la Cour Constitutionnelle\u00a0 -\" \/>\n<meta property=\"og:description\" content=\"Un ultime hommage a \u00e9t\u00e9 rendu, hier lundi 05 juin, au pr\u00e9sident de la Cour constitutionnelle, Me Aboudou Assouma, d\u00e9c\u00e9d\u00e9 le 26 mai dernier \u00e0 l\u2019\u00e2ge de 78 ans. C\u2019\u00e9tait au cours d\u2019une c\u00e9r\u00e9monie empreinte de solennit\u00e9, pr\u00e9sid\u00e9e par le Chef de l\u2019Etat, Faure Gnassingb\u00e9, [&hellip;]\" \/>\n<meta property=\"og:url\" content=\"https:\/\/macite.tg\/?p=6181\" \/>\n<meta property=\"article:published_time\" content=\"2023-06-06T17:31:47+00:00\" \/>\n<meta property=\"article:modified_time\" content=\"2023-06-06T17:32:37+00:00\" \/>\n<meta property=\"og:image\" content=\"https:\/\/macite.tg\/wp-content\/uploads\/2023\/06\/Aboudou.jpg\" \/>\n\t<meta property=\"og:image:width\" content=\"500\" \/>\n\t<meta property=\"og:image:height\" content=\"156\" \/>\n\t<meta property=\"og:image:type\" content=\"image\/jpeg\" \/>\n<meta name=\"author\" content=\"Jean Pierre BAWELA\" \/>\n<meta name=\"twitter:card\" content=\"summary_large_image\" \/>\n<meta name=\"twitter:label1\" content=\"\u00c9crit par\" \/>\n\t<meta name=\"twitter:data1\" content=\"Jean Pierre BAWELA\" \/>\n\t<meta name=\"twitter:label2\" content=\"Dur\u00e9e de lecture estim\u00e9e\" \/>\n\t<meta name=\"twitter:data2\" content=\"2 minutes\" \/>\n<script type=\"application\/ld+json\" class=\"yoast-schema-graph\">{\"@context\":\"https:\\\/\\\/schema.org\",\"@graph\":[{\"@type\":\"Article\",\"@id\":\"https:\\\/\\\/macite.tg\\\/?p=6181#article\",\"isPartOf\":{\"@id\":\"https:\\\/\\\/macite.tg\\\/?p=6181\"},\"author\":{\"name\":\"Jean Pierre BAWELA\",\"@id\":\"https:\\\/\\\/macite.tg\\\/#\\\/schema\\\/person\\\/e9f2de7e5dbbe7770a9402c7ce82f5c2\"},\"headline\":\"HOMMAGE: Les adieux \u00e0 Feu Aboudou Assouma, pr\u00e9sident de la Cour Constitutionnelle\u00a0\",\"datePublished\":\"2023-06-06T17:31:47+00:00\",\"dateModified\":\"2023-06-06T17:32:37+00:00\",\"mainEntityOfPage\":{\"@id\":\"https:\\\/\\\/macite.tg\\\/?p=6181\"},\"wordCount\":418,\"commentCount\":0,\"image\":{\"@id\":\"https:\\\/\\\/macite.tg\\\/?p=6181#primaryimage\"},\"thumbnailUrl\":\"https:\\\/\\\/macite.tg\\\/wp-content\\\/uploads\\\/2023\\\/06\\\/Aboudou.jpg\",\"articleSection\":[\"ACTUALITE\"],\"inLanguage\":\"fr-FR\",\"potentialAction\":[{\"@type\":\"CommentAction\",\"name\":\"Comment\",\"target\":[\"https:\\\/\\\/macite.tg\\\/?p=6181#respond\"]}]},{\"@type\":\"WebPage\",\"@id\":\"https:\\\/\\\/macite.tg\\\/?p=6181\",\"url\":\"https:\\\/\\\/macite.tg\\\/?p=6181\",\"name\":\"HOMMAGE: Les adieux \u00e0 Feu Aboudou Assouma, pr\u00e9sident de la Cour Constitutionnelle\u00a0 -\",\"isPartOf\":{\"@id\":\"https:\\\/\\\/macite.tg\\\/#website\"},\"primaryImageOfPage\":{\"@id\":\"https:\\\/\\\/macite.tg\\\/?p=6181#primaryimage\"},\"image\":{\"@id\":\"https:\\\/\\\/macite.tg\\\/?p=6181#primaryimage\"},\"thumbnailUrl\":\"https:\\\/\\\/macite.tg\\\/wp-content\\\/uploads\\\/2023\\\/06\\\/Aboudou.jpg\",\"datePublished\":\"2023-06-06T17:31:47+00:00\",\"dateModified\":\"2023-06-06T17:32:37+00:00\",\"author\":{\"@id\":\"https:\\\/\\\/macite.tg\\\/#\\\/schema\\\/person\\\/e9f2de7e5dbbe7770a9402c7ce82f5c2\"},\"breadcrumb\":{\"@id\":\"https:\\\/\\\/macite.tg\\\/?p=6181#breadcrumb\"},\"inLanguage\":\"fr-FR\",\"potentialAction\":[{\"@type\":\"ReadAction\",\"target\":[\"https:\\\/\\\/macite.tg\\\/?p=6181\"]}]},{\"@type\":\"ImageObject\",\"inLanguage\":\"fr-FR\",\"@id\":\"https:\\\/\\\/macite.tg\\\/?p=6181#primaryimage\",\"url\":\"https:\\\/\\\/macite.tg\\\/wp-content\\\/uploads\\\/2023\\\/06\\\/Aboudou.jpg\",\"contentUrl\":\"https:\\\/\\\/macite.tg\\\/wp-content\\\/uploads\\\/2023\\\/06\\\/Aboudou.jpg\",\"width\":500,\"height\":156},{\"@type\":\"BreadcrumbList\",\"@id\":\"https:\\\/\\\/macite.tg\\\/?p=6181#breadcrumb\",\"itemListElement\":[{\"@type\":\"ListItem\",\"position\":1,\"name\":\"Accueil\",\"item\":\"https:\\\/\\\/macite.tg\\\/\"},{\"@type\":\"ListItem\",\"position\":2,\"name\":\"HOMMAGE: Les adieux \u00e0 Feu Aboudou Assouma, pr\u00e9sident de la Cour Constitutionnelle\u00a0\"}]},{\"@type\":\"WebSite\",\"@id\":\"https:\\\/\\\/macite.tg\\\/#website\",\"url\":\"https:\\\/\\\/macite.tg\\\/\",\"name\":\"\",\"description\":\"L&#039;information, la bonne!!!\",\"potentialAction\":[{\"@type\":\"SearchAction\",\"target\":{\"@type\":\"EntryPoint\",\"urlTemplate\":\"https:\\\/\\\/macite.tg\\\/?s={search_term_string}\"},\"query-input\":{\"@type\":\"PropertyValueSpecification\",\"valueRequired\":true,\"valueName\":\"search_term_string\"}}],\"inLanguage\":\"fr-FR\"},{\"@type\":\"Person\",\"@id\":\"https:\\\/\\\/macite.tg\\\/#\\\/schema\\\/person\\\/e9f2de7e5dbbe7770a9402c7ce82f5c2\",\"name\":\"Jean Pierre BAWELA\",\"image\":{\"@type\":\"ImageObject\",\"inLanguage\":\"fr-FR\",\"@id\":\"https:\\\/\\\/macite.tg\\\/wp-content\\\/uploads\\\/2023\\\/09\\\/WhatsApp-Image-2023-09-19-at-14.44.41-122x122.jpeg\",\"url\":\"https:\\\/\\\/macite.tg\\\/wp-content\\\/uploads\\\/2023\\\/09\\\/WhatsApp-Image-2023-09-19-at-14.44.41-122x122.jpeg\",\"contentUrl\":\"https:\\\/\\\/macite.tg\\\/wp-content\\\/uploads\\\/2023\\\/09\\\/WhatsApp-Image-2023-09-19-at-14.44.41-122x122.jpeg\",\"caption\":\"Jean Pierre BAWELA\"},\"url\":\"https:\\\/\\\/macite.tg\\\/?author=2\"}]}<\/script>\n<!-- \/ Yoast SEO plugin. -->","yoast_head_json":{"title":"HOMMAGE: Les adieux \u00e0 Feu Aboudou Assouma, pr\u00e9sident de la Cour Constitutionnelle\u00a0 -","robots":{"index":"index","follow":"follow","max-snippet":"max-snippet:-1","max-image-preview":"max-image-preview:large","max-video-preview":"max-video-preview:-1"},"canonical":"https:\/\/macite.tg\/?p=6181","og_locale":"fr_FR","og_type":"article","og_title":"HOMMAGE: Les adieux \u00e0 Feu Aboudou Assouma, pr\u00e9sident de la Cour Constitutionnelle\u00a0 -","og_description":"Un ultime hommage a \u00e9t\u00e9 rendu, hier lundi 05 juin, au pr\u00e9sident de la Cour constitutionnelle, Me Aboudou Assouma, d\u00e9c\u00e9d\u00e9 le 26 mai dernier \u00e0 l\u2019\u00e2ge de 78 ans. C\u2019\u00e9tait au cours d\u2019une c\u00e9r\u00e9monie empreinte de solennit\u00e9, pr\u00e9sid\u00e9e par le Chef de l\u2019Etat, Faure Gnassingb\u00e9, [&hellip;]","og_url":"https:\/\/macite.tg\/?p=6181","article_published_time":"2023-06-06T17:31:47+00:00","article_modified_time":"2023-06-06T17:32:37+00:00","og_image":[{"width":500,"height":156,"url":"https:\/\/macite.tg\/wp-content\/uploads\/2023\/06\/Aboudou.jpg","type":"image\/jpeg"}],"author":"Jean Pierre BAWELA","twitter_card":"summary_large_image","twitter_misc":{"\u00c9crit par":"Jean Pierre BAWELA","Dur\u00e9e de lecture estim\u00e9e":"2 minutes"},"schema":{"@context":"https:\/\/schema.org","@graph":[{"@type":"Article","@id":"https:\/\/macite.tg\/?p=6181#article","isPartOf":{"@id":"https:\/\/macite.tg\/?p=6181"},"author":{"name":"Jean Pierre BAWELA","@id":"https:\/\/macite.tg\/#\/schema\/person\/e9f2de7e5dbbe7770a9402c7ce82f5c2"},"headline":"HOMMAGE: Les adieux \u00e0 Feu Aboudou Assouma, pr\u00e9sident de la Cour Constitutionnelle\u00a0","datePublished":"2023-06-06T17:31:47+00:00","dateModified":"2023-06-06T17:32:37+00:00","mainEntityOfPage":{"@id":"https:\/\/macite.tg\/?p=6181"},"wordCount":418,"commentCount":0,"image":{"@id":"https:\/\/macite.tg\/?p=6181#primaryimage"},"thumbnailUrl":"https:\/\/macite.tg\/wp-content\/uploads\/2023\/06\/Aboudou.jpg","articleSection":["ACTUALITE"],"inLanguage":"fr-FR","potentialAction":[{"@type":"CommentAction","name":"Comment","target":["https:\/\/macite.tg\/?p=6181#respond"]}]},{"@type":"WebPage","@id":"https:\/\/macite.tg\/?p=6181","url":"https:\/\/macite.tg\/?p=6181","name":"HOMMAGE: Les adieux \u00e0 Feu Aboudou Assouma, pr\u00e9sident de la Cour Constitutionnelle\u00a0 -","isPartOf":{"@id":"https:\/\/macite.tg\/#website"},"primaryImageOfPage":{"@id":"https:\/\/macite.tg\/?p=6181#primaryimage"},"image":{"@id":"https:\/\/macite.tg\/?p=6181#primaryimage"},"thumbnailUrl":"https:\/\/macite.tg\/wp-content\/uploads\/2023\/06\/Aboudou.jpg","datePublished":"2023-06-06T17:31:47+00:00","dateModified":"2023-06-06T17:32:37+00:00","author":{"@id":"https:\/\/macite.tg\/#\/schema\/person\/e9f2de7e5dbbe7770a9402c7ce82f5c2"},"breadcrumb":{"@id":"https:\/\/macite.tg\/?p=6181#breadcrumb"},"inLanguage":"fr-FR","potentialAction":[{"@type":"ReadAction","target":["https:\/\/macite.tg\/?p=6181"]}]},{"@type":"ImageObject","inLanguage":"fr-FR","@id":"https:\/\/macite.tg\/?p=6181#primaryimage","url":"https:\/\/macite.tg\/wp-content\/uploads\/2023\/06\/Aboudou.jpg","contentUrl":"https:\/\/macite.tg\/wp-content\/uploads\/2023\/06\/Aboudou.jpg","width":500,"height":156},{"@type":"BreadcrumbList","@id":"https:\/\/macite.tg\/?p=6181#breadcrumb","itemListElement":[{"@type":"ListItem","position":1,"name":"Accueil","item":"https:\/\/macite.tg\/"},{"@type":"ListItem","position":2,"name":"HOMMAGE: Les adieux \u00e0 Feu Aboudou Assouma, pr\u00e9sident de la Cour Constitutionnelle\u00a0"}]},{"@type":"WebSite","@id":"https:\/\/macite.tg\/#website","url":"https:\/\/macite.tg\/","name":"","description":"L&#039;information, la bonne!!!","potentialAction":[{"@type":"SearchAction","target":{"@type":"EntryPoint","urlTemplate":"https:\/\/macite.tg\/?s={search_term_string}"},"query-input":{"@type":"PropertyValueSpecification","valueRequired":true,"valueName":"search_term_string"}}],"inLanguage":"fr-FR"},{"@type":"Person","@id":"https:\/\/macite.tg\/#\/schema\/person\/e9f2de7e5dbbe7770a9402c7ce82f5c2","name":"Jean Pierre BAWELA","image":{"@type":"ImageObject","inLanguage":"fr-FR","@id":"https:\/\/macite.tg\/wp-content\/uploads\/2023\/09\/WhatsApp-Image-2023-09-19-at-14.44.41-122x122.jpeg","url":"https:\/\/macite.tg\/wp-content\/uploads\/2023\/09\/WhatsApp-Image-2023-09-19-at-14.44.41-122x122.jpeg","contentUrl":"https:\/\/macite.tg\/wp-content\/uploads\/2023\/09\/WhatsApp-Image-2023-09-19-at-14.44.41-122x122.jpeg","caption":"Jean Pierre BAWELA"},"url":"https:\/\/macite.tg\/?author=2"}]}},"_links":{"self":[{"href":"https:\/\/macite.tg\/index.php?rest_route=\/wp\/v2\/posts\/6181","targetHints":{"allow":["GET"]}}],"collection":[{"href":"https:\/\/macite.tg\/index.php?rest_route=\/wp\/v2\/posts"}],"about":[{"href":"https:\/\/macite.tg\/index.php?rest_route=\/wp\/v2\/types\/post"}],"author":[{"embeddable":true,"href":"https:\/\/macite.tg\/index.php?rest_route=\/wp\/v2\/users\/2"}],"replies":[{"embeddable":true,"href":"https:\/\/macite.tg\/index.php?rest_route=%2Fwp%2Fv2%2Fcomments&post=6181"}],"version-history":[{"count":0,"href":"https:\/\/macite.tg\/index.php?rest_route=\/wp\/v2\/posts\/6181\/revisions"}],"wp:featuredmedia":[{"embeddable":true,"href":"https:\/\/macite.tg\/index.php?rest_route=\/wp\/v2\/media\/6189"}],"wp:attachment":[{"href":"https:\/\/macite.tg\/index.php?rest_route=%2Fwp%2Fv2%2Fmedia&parent=6181"}],"wp:term":[{"taxonomy":"category","embeddable":true,"href":"https:\/\/macite.tg\/index.php?rest_route=%2Fwp%2Fv2%2Fcategories&post=6181"},{"taxonomy":"post_tag","embeddable":true,"href":"https:\/\/macite.tg\/index.php?rest_route=%2Fwp%2Fv2%2Ftags&post=6181"}],"curies":[{"name":"wp","href":"https:\/\/api.w.org\/{rel}","templated":true}]}}