{"id":6180,"date":"2023-06-06T17:30:48","date_gmt":"2023-06-06T17:30:48","guid":{"rendered":"https:\/\/macite.tg\/?p=6180"},"modified":"2023-06-06T17:30:49","modified_gmt":"2023-06-06T17:30:49","slug":"cafe-cacao-voici-les-prix-indicatifs-pour-la-premiere-quinzaine-de-juin-2023","status":"publish","type":"post","link":"https:\/\/macite.tg\/?p=6180","title":{"rendered":"CAF\u00c9 &amp; CACAO\u00a0: Voici les prix indicatifs pour la premi\u00e8re quinzaine de juin 2023"},"content":{"rendered":"\n<p class=\"wp-block-paragraph\"><strong><em>Les prix indicatifs pour les fili\u00e8res caf\u00e9 et cacao pour la premi\u00e8re quinzaine du mois de juin 2023, sont disponibles.<\/em><\/strong><\/p>\n\n\n\n<p class=\"wp-block-paragraph\">Selon le Comit\u00e9 de coordination pour la fili\u00e8re caf\u00e9 et cacao, les prix indicatifs aux producteurs, pour la p\u00e9riode du 1<sup>er<\/sup> au 15 juin 2023, sur la base des cours mondiaux, sont les suivant&nbsp;:<\/p>\n\n\n\n<figure class=\"wp-block-image size-large\"><img loading=\"lazy\" decoding=\"async\" width=\"1024\" height=\"212\" src=\"https:\/\/macite.tg\/wp-content\/uploads\/2023\/06\/IMG-20230514-WA00962-1024x212.jpg\" alt=\"\" class=\"wp-image-5991\" srcset=\"https:\/\/macite.tg\/wp-content\/uploads\/2023\/06\/IMG-20230514-WA00962-1024x212.jpg 1024w, https:\/\/macite.tg\/wp-content\/uploads\/2023\/06\/IMG-20230514-WA00962-300x62.jpg 300w, https:\/\/macite.tg\/wp-content\/uploads\/2023\/06\/IMG-20230514-WA00962-768x159.jpg 768w, https:\/\/macite.tg\/wp-content\/uploads\/2023\/06\/IMG-20230514-WA00962-1536x318.jpg 1536w, https:\/\/macite.tg\/wp-content\/uploads\/2023\/06\/IMG-20230514-WA00962.jpg 1600w\" sizes=\"auto, (max-width: 1024px) 100vw, 1024px\" \/><\/figure>\n\n\n\n<p class=\"wp-block-paragraph\">&#8211; caf\u00e9 sain Robusta&nbsp;: 14.065 francs le kilo<\/p>\n\n\n\n<p class=\"wp-block-paragraph\">&#8211; cacao qualit\u00e9 sup\u00e9rieure&nbsp;: 1.200francs le kilo.<\/p>\n\n\n\n<p class=\"wp-block-paragraph\">Notons que ces prix sont calcul\u00e9s par rapport \u00e0 l\u2019\u00e9ch\u00e9ance du mois de juillet 2023.<\/p>\n\n\n<div class=\"wp-block-image\">\n<figure class=\"aligncenter size-large is-resized\"><img loading=\"lazy\" decoding=\"async\" src=\"https:\/\/macite.tg\/wp-content\/uploads\/2023\/06\/IMG-20230606-WA0072-767x1024.jpg\" alt=\"\" class=\"wp-image-6183\" width=\"526\" height=\"702\" srcset=\"https:\/\/macite.tg\/wp-content\/uploads\/2023\/06\/IMG-20230606-WA0072-767x1024.jpg 767w, https:\/\/macite.tg\/wp-content\/uploads\/2023\/06\/IMG-20230606-WA0072-225x300.jpg 225w, https:\/\/macite.tg\/wp-content\/uploads\/2023\/06\/IMG-20230606-WA0072-768x1025.jpg 768w, https:\/\/macite.tg\/wp-content\/uploads\/2023\/06\/IMG-20230606-WA0072.jpg 1080w\" sizes=\"auto, (max-width: 526px) 100vw, 526px\" \/><\/figure>\n<\/div>\n\n\n<p class=\"wp-block-paragraph\"><strong><em>@macite.tg<\/em><\/strong><\/p>\n\n\n\n<p class=\"wp-block-paragraph\"><strong><em>E-mail&nbsp;: <\/em><\/strong><a href=\"mailto:maciteinfo@gmail.com\"><strong><em>maciteinfo@gmail.com<\/em><\/strong><\/a><strong><em>; <\/em><\/strong><a href=\"mailto:bawela1@gmail.com\"><strong><em>bawela1@gmail.com<\/em><\/strong><\/a><strong><em><\/em><\/strong><\/p>\n\n\n\n<p class=\"wp-block-paragraph\"><strong><em>Pour vos annonces, (publi)reportages, etc., joignez nous au (00228)91515309\/<strong>79872224 <\/strong>www.macite.tg, L\u2019information, la bonne&nbsp;!<\/em><\/strong><\/p>\n","protected":false},"excerpt":{"rendered":"<p class=\"text-justify mb-2\" >Les prix indicatifs pour les fili\u00e8res caf\u00e9 et cacao pour la premi\u00e8re quinzaine du mois de juin 2023, sont disponibles. Selon le Comit\u00e9 de coordination pour la fili\u00e8re caf\u00e9 et cacao, les prix indicatifs aux producteurs, pour la p\u00e9riode du 1er au 15 juin 2023, [&hellip;]<\/p>\n","protected":false},"author":2,"featured_media":6184,"comment_status":"open","ping_status":"open","sticky":false,"template":"","format":"standard","meta":{"footnotes":""},"categories":[20,22],"tags":[],"class_list":["post-6180","post","type-post","status-publish","format-standard","has-post-thumbnail","hentry","category-actualite","category-agriculture"],"yoast_head":"<!-- This site is optimized with the Yoast SEO plugin v28.4 - https:\/\/yoast.com\/product\/yoast-seo-wordpress\/ -->\n<title>CAF\u00c9 &amp; CACAO\u00a0: Voici les prix indicatifs pour la premi\u00e8re quinzaine de juin 2023 -<\/title>\n<meta name=\"robots\" content=\"index, follow, max-snippet:-1, max-image-preview:large, max-video-preview:-1\" \/>\n<link rel=\"canonical\" href=\"https:\/\/macite.tg\/?p=6180\" \/>\n<meta property=\"og:locale\" content=\"fr_FR\" \/>\n<meta property=\"og:type\" content=\"article\" \/>\n<meta property=\"og:title\" content=\"CAF\u00c9 &amp; CACAO\u00a0: Voici les prix indicatifs pour la premi\u00e8re quinzaine de juin 2023 -\" \/>\n<meta property=\"og:description\" content=\"Les prix indicatifs pour les fili\u00e8res caf\u00e9 et cacao pour la premi\u00e8re quinzaine du mois de juin 2023, sont disponibles. Selon le Comit\u00e9 de coordination pour la fili\u00e8re caf\u00e9 et cacao, les prix indicatifs aux producteurs, pour la p\u00e9riode du 1er au 15 juin 2023, [&hellip;]\" \/>\n<meta property=\"og:url\" content=\"https:\/\/macite.tg\/?p=6180\" \/>\n<meta property=\"article:published_time\" content=\"2023-06-06T17:30:48+00:00\" \/>\n<meta property=\"article:modified_time\" content=\"2023-06-06T17:30:49+00:00\" \/>\n<meta property=\"og:image\" content=\"https:\/\/macite.tg\/wp-content\/uploads\/2023\/06\/Cafe.jpg\" \/>\n\t<meta property=\"og:image:width\" content=\"284\" \/>\n\t<meta property=\"og:image:height\" content=\"177\" \/>\n\t<meta property=\"og:image:type\" content=\"image\/jpeg\" \/>\n<meta name=\"author\" content=\"Jean Pierre BAWELA\" \/>\n<meta name=\"twitter:card\" content=\"summary_large_image\" \/>\n<meta name=\"twitter:label1\" content=\"\u00c9crit par\" \/>\n\t<meta name=\"twitter:data1\" content=\"Jean Pierre BAWELA\" \/>\n\t<meta name=\"twitter:label2\" content=\"Dur\u00e9e de lecture estim\u00e9e\" \/>\n\t<meta name=\"twitter:data2\" content=\"1 minute\" \/>\n<script type=\"application\/ld+json\" class=\"yoast-schema-graph\">{\"@context\":\"https:\\\/\\\/schema.org\",\"@graph\":[{\"@type\":\"Article\",\"@id\":\"https:\\\/\\\/macite.tg\\\/?p=6180#article\",\"isPartOf\":{\"@id\":\"https:\\\/\\\/macite.tg\\\/?p=6180\"},\"author\":{\"name\":\"Jean Pierre BAWELA\",\"@id\":\"https:\\\/\\\/macite.tg\\\/#\\\/schema\\\/person\\\/e9f2de7e5dbbe7770a9402c7ce82f5c2\"},\"headline\":\"CAF\u00c9 &amp; CACAO\u00a0: Voici les prix indicatifs pour la premi\u00e8re quinzaine de juin 2023\",\"datePublished\":\"2023-06-06T17:30:48+00:00\",\"dateModified\":\"2023-06-06T17:30:49+00:00\",\"mainEntityOfPage\":{\"@id\":\"https:\\\/\\\/macite.tg\\\/?p=6180\"},\"wordCount\":130,\"commentCount\":0,\"image\":{\"@id\":\"https:\\\/\\\/macite.tg\\\/?p=6180#primaryimage\"},\"thumbnailUrl\":\"https:\\\/\\\/macite.tg\\\/wp-content\\\/uploads\\\/2023\\\/06\\\/Cafe.jpg\",\"articleSection\":[\"ACTUALITE\",\"AGRICULTURE\"],\"inLanguage\":\"fr-FR\",\"potentialAction\":[{\"@type\":\"CommentAction\",\"name\":\"Comment\",\"target\":[\"https:\\\/\\\/macite.tg\\\/?p=6180#respond\"]}]},{\"@type\":\"WebPage\",\"@id\":\"https:\\\/\\\/macite.tg\\\/?p=6180\",\"url\":\"https:\\\/\\\/macite.tg\\\/?p=6180\",\"name\":\"CAF\u00c9 &amp; CACAO\u00a0: Voici les prix indicatifs pour la premi\u00e8re quinzaine de juin 2023 -\",\"isPartOf\":{\"@id\":\"https:\\\/\\\/macite.tg\\\/#website\"},\"primaryImageOfPage\":{\"@id\":\"https:\\\/\\\/macite.tg\\\/?p=6180#primaryimage\"},\"image\":{\"@id\":\"https:\\\/\\\/macite.tg\\\/?p=6180#primaryimage\"},\"thumbnailUrl\":\"https:\\\/\\\/macite.tg\\\/wp-content\\\/uploads\\\/2023\\\/06\\\/Cafe.jpg\",\"datePublished\":\"2023-06-06T17:30:48+00:00\",\"dateModified\":\"2023-06-06T17:30:49+00:00\",\"author\":{\"@id\":\"https:\\\/\\\/macite.tg\\\/#\\\/schema\\\/person\\\/e9f2de7e5dbbe7770a9402c7ce82f5c2\"},\"breadcrumb\":{\"@id\":\"https:\\\/\\\/macite.tg\\\/?p=6180#breadcrumb\"},\"inLanguage\":\"fr-FR\",\"potentialAction\":[{\"@type\":\"ReadAction\",\"target\":[\"https:\\\/\\\/macite.tg\\\/?p=6180\"]}]},{\"@type\":\"ImageObject\",\"inLanguage\":\"fr-FR\",\"@id\":\"https:\\\/\\\/macite.tg\\\/?p=6180#primaryimage\",\"url\":\"https:\\\/\\\/macite.tg\\\/wp-content\\\/uploads\\\/2023\\\/06\\\/Cafe.jpg\",\"contentUrl\":\"https:\\\/\\\/macite.tg\\\/wp-content\\\/uploads\\\/2023\\\/06\\\/Cafe.jpg\",\"width\":284,\"height\":177},{\"@type\":\"BreadcrumbList\",\"@id\":\"https:\\\/\\\/macite.tg\\\/?p=6180#breadcrumb\",\"itemListElement\":[{\"@type\":\"ListItem\",\"position\":1,\"name\":\"Accueil\",\"item\":\"https:\\\/\\\/macite.tg\\\/\"},{\"@type\":\"ListItem\",\"position\":2,\"name\":\"CAF\u00c9 &amp; CACAO\u00a0: Voici les prix indicatifs pour la premi\u00e8re quinzaine de juin 2023\"}]},{\"@type\":\"WebSite\",\"@id\":\"https:\\\/\\\/macite.tg\\\/#website\",\"url\":\"https:\\\/\\\/macite.tg\\\/\",\"name\":\"\",\"description\":\"L&#039;information, la bonne!!!\",\"potentialAction\":[{\"@type\":\"SearchAction\",\"target\":{\"@type\":\"EntryPoint\",\"urlTemplate\":\"https:\\\/\\\/macite.tg\\\/?s={search_term_string}\"},\"query-input\":{\"@type\":\"PropertyValueSpecification\",\"valueRequired\":true,\"valueName\":\"search_term_string\"}}],\"inLanguage\":\"fr-FR\"},{\"@type\":\"Person\",\"@id\":\"https:\\\/\\\/macite.tg\\\/#\\\/schema\\\/person\\\/e9f2de7e5dbbe7770a9402c7ce82f5c2\",\"name\":\"Jean Pierre BAWELA\",\"image\":{\"@type\":\"ImageObject\",\"inLanguage\":\"fr-FR\",\"@id\":\"https:\\\/\\\/macite.tg\\\/wp-content\\\/uploads\\\/2023\\\/09\\\/WhatsApp-Image-2023-09-19-at-14.44.41-122x122.jpeg\",\"url\":\"https:\\\/\\\/macite.tg\\\/wp-content\\\/uploads\\\/2023\\\/09\\\/WhatsApp-Image-2023-09-19-at-14.44.41-122x122.jpeg\",\"contentUrl\":\"https:\\\/\\\/macite.tg\\\/wp-content\\\/uploads\\\/2023\\\/09\\\/WhatsApp-Image-2023-09-19-at-14.44.41-122x122.jpeg\",\"caption\":\"Jean Pierre BAWELA\"},\"url\":\"https:\\\/\\\/macite.tg\\\/?author=2\"}]}<\/script>\n<!-- \/ Yoast SEO plugin. -->","yoast_head_json":{"title":"CAF\u00c9 &amp; CACAO\u00a0: Voici les prix indicatifs pour la premi\u00e8re quinzaine de juin 2023 -","robots":{"index":"index","follow":"follow","max-snippet":"max-snippet:-1","max-image-preview":"max-image-preview:large","max-video-preview":"max-video-preview:-1"},"canonical":"https:\/\/macite.tg\/?p=6180","og_locale":"fr_FR","og_type":"article","og_title":"CAF\u00c9 &amp; CACAO\u00a0: Voici les prix indicatifs pour la premi\u00e8re quinzaine de juin 2023 -","og_description":"Les prix indicatifs pour les fili\u00e8res caf\u00e9 et cacao pour la premi\u00e8re quinzaine du mois de juin 2023, sont disponibles. Selon le Comit\u00e9 de coordination pour la fili\u00e8re caf\u00e9 et cacao, les prix indicatifs aux producteurs, pour la p\u00e9riode du 1er au 15 juin 2023, [&hellip;]","og_url":"https:\/\/macite.tg\/?p=6180","article_published_time":"2023-06-06T17:30:48+00:00","article_modified_time":"2023-06-06T17:30:49+00:00","og_image":[{"width":284,"height":177,"url":"https:\/\/macite.tg\/wp-content\/uploads\/2023\/06\/Cafe.jpg","type":"image\/jpeg"}],"author":"Jean Pierre BAWELA","twitter_card":"summary_large_image","twitter_misc":{"\u00c9crit par":"Jean Pierre BAWELA","Dur\u00e9e de lecture estim\u00e9e":"1 minute"},"schema":{"@context":"https:\/\/schema.org","@graph":[{"@type":"Article","@id":"https:\/\/macite.tg\/?p=6180#article","isPartOf":{"@id":"https:\/\/macite.tg\/?p=6180"},"author":{"name":"Jean Pierre BAWELA","@id":"https:\/\/macite.tg\/#\/schema\/person\/e9f2de7e5dbbe7770a9402c7ce82f5c2"},"headline":"CAF\u00c9 &amp; CACAO\u00a0: Voici les prix indicatifs pour la premi\u00e8re quinzaine de juin 2023","datePublished":"2023-06-06T17:30:48+00:00","dateModified":"2023-06-06T17:30:49+00:00","mainEntityOfPage":{"@id":"https:\/\/macite.tg\/?p=6180"},"wordCount":130,"commentCount":0,"image":{"@id":"https:\/\/macite.tg\/?p=6180#primaryimage"},"thumbnailUrl":"https:\/\/macite.tg\/wp-content\/uploads\/2023\/06\/Cafe.jpg","articleSection":["ACTUALITE","AGRICULTURE"],"inLanguage":"fr-FR","potentialAction":[{"@type":"CommentAction","name":"Comment","target":["https:\/\/macite.tg\/?p=6180#respond"]}]},{"@type":"WebPage","@id":"https:\/\/macite.tg\/?p=6180","url":"https:\/\/macite.tg\/?p=6180","name":"CAF\u00c9 &amp; CACAO\u00a0: Voici les prix indicatifs pour la premi\u00e8re quinzaine de juin 2023 -","isPartOf":{"@id":"https:\/\/macite.tg\/#website"},"primaryImageOfPage":{"@id":"https:\/\/macite.tg\/?p=6180#primaryimage"},"image":{"@id":"https:\/\/macite.tg\/?p=6180#primaryimage"},"thumbnailUrl":"https:\/\/macite.tg\/wp-content\/uploads\/2023\/06\/Cafe.jpg","datePublished":"2023-06-06T17:30:48+00:00","dateModified":"2023-06-06T17:30:49+00:00","author":{"@id":"https:\/\/macite.tg\/#\/schema\/person\/e9f2de7e5dbbe7770a9402c7ce82f5c2"},"breadcrumb":{"@id":"https:\/\/macite.tg\/?p=6180#breadcrumb"},"inLanguage":"fr-FR","potentialAction":[{"@type":"ReadAction","target":["https:\/\/macite.tg\/?p=6180"]}]},{"@type":"ImageObject","inLanguage":"fr-FR","@id":"https:\/\/macite.tg\/?p=6180#primaryimage","url":"https:\/\/macite.tg\/wp-content\/uploads\/2023\/06\/Cafe.jpg","contentUrl":"https:\/\/macite.tg\/wp-content\/uploads\/2023\/06\/Cafe.jpg","width":284,"height":177},{"@type":"BreadcrumbList","@id":"https:\/\/macite.tg\/?p=6180#breadcrumb","itemListElement":[{"@type":"ListItem","position":1,"name":"Accueil","item":"https:\/\/macite.tg\/"},{"@type":"ListItem","position":2,"name":"CAF\u00c9 &amp; CACAO\u00a0: Voici les prix indicatifs pour la premi\u00e8re quinzaine de juin 2023"}]},{"@type":"WebSite","@id":"https:\/\/macite.tg\/#website","url":"https:\/\/macite.tg\/","name":"","description":"L&#039;information, la bonne!!!","potentialAction":[{"@type":"SearchAction","target":{"@type":"EntryPoint","urlTemplate":"https:\/\/macite.tg\/?s={search_term_string}"},"query-input":{"@type":"PropertyValueSpecification","valueRequired":true,"valueName":"search_term_string"}}],"inLanguage":"fr-FR"},{"@type":"Person","@id":"https:\/\/macite.tg\/#\/schema\/person\/e9f2de7e5dbbe7770a9402c7ce82f5c2","name":"Jean Pierre BAWELA","image":{"@type":"ImageObject","inLanguage":"fr-FR","@id":"https:\/\/macite.tg\/wp-content\/uploads\/2023\/09\/WhatsApp-Image-2023-09-19-at-14.44.41-122x122.jpeg","url":"https:\/\/macite.tg\/wp-content\/uploads\/2023\/09\/WhatsApp-Image-2023-09-19-at-14.44.41-122x122.jpeg","contentUrl":"https:\/\/macite.tg\/wp-content\/uploads\/2023\/09\/WhatsApp-Image-2023-09-19-at-14.44.41-122x122.jpeg","caption":"Jean Pierre BAWELA"},"url":"https:\/\/macite.tg\/?author=2"}]}},"_links":{"self":[{"href":"https:\/\/macite.tg\/index.php?rest_route=\/wp\/v2\/posts\/6180","targetHints":{"allow":["GET"]}}],"collection":[{"href":"https:\/\/macite.tg\/index.php?rest_route=\/wp\/v2\/posts"}],"about":[{"href":"https:\/\/macite.tg\/index.php?rest_route=\/wp\/v2\/types\/post"}],"author":[{"embeddable":true,"href":"https:\/\/macite.tg\/index.php?rest_route=\/wp\/v2\/users\/2"}],"replies":[{"embeddable":true,"href":"https:\/\/macite.tg\/index.php?rest_route=%2Fwp%2Fv2%2Fcomments&post=6180"}],"version-history":[{"count":0,"href":"https:\/\/macite.tg\/index.php?rest_route=\/wp\/v2\/posts\/6180\/revisions"}],"wp:featuredmedia":[{"embeddable":true,"href":"https:\/\/macite.tg\/index.php?rest_route=\/wp\/v2\/media\/6184"}],"wp:attachment":[{"href":"https:\/\/macite.tg\/index.php?rest_route=%2Fwp%2Fv2%2Fmedia&parent=6180"}],"wp:term":[{"taxonomy":"category","embeddable":true,"href":"https:\/\/macite.tg\/index.php?rest_route=%2Fwp%2Fv2%2Fcategories&post=6180"},{"taxonomy":"post_tag","embeddable":true,"href":"https:\/\/macite.tg\/index.php?rest_route=%2Fwp%2Fv2%2Ftags&post=6180"}],"curies":[{"name":"wp","href":"https:\/\/api.w.org\/{rel}","templated":true}]}}